{"id":44614,"date":"2025-05-28T00:08:06","date_gmt":"2025-05-27T22:08:06","guid":{"rendered":"https:\/\/www.emballagedigest.fr\/?p=44614"},"modified":"2025-05-30T09:07:41","modified_gmt":"2025-05-30T07:07:41","slug":"recyclage-des-capsules-de-cafe-les-bons-gestes-de-tri-progressent","status":"publish","type":"post","link":"https:\/\/www.emballagedigest.fr\/en\/recyclage-des-capsules-de-cafe-les-bons-gestes-de-tri-progressent\/","title":{"rendered":"Recyclage des capsules de caf\u00e9 : les bons gestes de tri progressent"},"content":{"rendered":"<p><strong>La modernisation des centres de tri et la sensibilisation des consommateurs portent leurs fruits : le bon geste de tri des capsules de caf\u00e9 et leur recyclage progressent significativement. C\u2019est ce que r\u00e9v\u00e8le la 3\u1d49 \u00e9dition du barom\u00e8tre IFOP pour l\u2019ARCA, r\u00e9alis\u00e9e en janvier 2025 aupr\u00e8s de 1 981 consommateurs. L\u2019enqu\u00eate \u00e9value la perception de la recyclabilit\u00e9 des capsules, les gestes de tri adopt\u00e9s et les sources d\u2019information privil\u00e9gi\u00e9es. R\u00e9sultat : 60% d\u2019entre eux d\u00e9clarent les trier syst\u00e9matiquement, soit une progression de 6 points par rapport \u00e0 2023.<\/strong><\/p>\n\n\n\n<p>Parmi ceux ayant connaissance de la recyclabilit\u00e9 des capsules, 65% trient d\u00e9sormais leurs capsules syst\u00e9matiquement, une hausse de sept points par rapport \u00e0 fin 2023. Les 65 ans et plus sont toujours les leaders du tri, avec 76% de tri syst\u00e9matique, soit une progression de trois points par rapport \u00e0 fin 2023. L\u2019\u00e9tude maintient que 92% des Fran\u00e7ais sont conscients que les capsules en aluminium sont recyclables.\u00a0<\/p>\n\n\n\n<p>Aujourd\u2019hui, la poubelle jaune est la solution la plus utilis\u00e9e pour trier les capsules de caf\u00e9 en aluminium pour 68% des trieurs. En hausse de sept points en deux ans et de 13 points en trois ans, ce chiffre refl\u00e8te une nette progression des bons r\u00e9flexes.<\/p>\n\n\n\n<figure class=\"wp-block-image size-full is-resized\"><img loading=\"lazy\" decoding=\"async\" width=\"800\" height=\"257\" src=\"https:\/\/www.emballagedigest.fr\/wp-content\/uploads\/2025\/05\/TRI2.jpg\" alt=\"\" class=\"wp-image-44616\" style=\"width:840px;height:auto\" srcset=\"https:\/\/www.emballagedigest.fr\/wp-content\/uploads\/2025\/05\/TRI2.jpg 800w, https:\/\/www.emballagedigest.fr\/wp-content\/uploads\/2025\/05\/TRI2-300x96.jpg 300w, https:\/\/www.emballagedigest.fr\/wp-content\/uploads\/2025\/05\/TRI2-768x247.jpg 768w, https:\/\/www.emballagedigest.fr\/wp-content\/uploads\/2025\/05\/TRI2-18x6.jpg 18w\" sizes=\"auto, (max-width: 800px) 100vw, 800px\" \/><\/figure>\n\n\n\n<p>Si 60% des Fran\u00e7ais d\u00e9posent leurs capsules en vrac dans le bac de tri, 40% commettent encore l\u2019erreur de les jeter dans un sac ferm\u00e9, emp\u00eachant ainsi leur recyclage. Cette mauvaise habitude ne permet pas aux syst\u00e8mes de tri de les d\u00e9tecter pour les extraire du flux de d\u00e9chets, les envoyant ainsi vers des circuits non recyclables. \u00ab\u00a0Pour garantir leur recyclage, il est essentiel de d\u00e9poser les capsules en aluminium directement en vrac dans le bac de tri, sans sac ni emballage, afin d\u2019\u00eatre correctement capt\u00e9es et trait\u00e9es\u00a0: un geste simple, mais crucial pour optimiser le tri\u00a0\u00bb, rappelle l\u2019ARCA.<\/p>\n\n\n\n<p>C\u2019est la Bourgogne-Franche-Comt\u00e9 qui se d\u00e9marque en d\u00e9passant la moyenne nationale avec 98% de citoyens trieurs (parmi ceux ayant connaissance de la recyclabilit\u00e9 des capsules) ! Elle est suivie de pr\u00e8s par la Nouvelle-Aquitaine (91%) et la Bretagne qui perd sa premi\u00e8re place de 2023 avec 88%. En revanche, la r\u00e9gion PACA (78%) et Le Centre-Val de Loire (76%) sont les deux territoires o\u00f9 il y la plus grande marge de progression en mati\u00e8re de tri des capsules de caf\u00e9 en aluminium en France.<\/p>\n\n\n\n<p>Comme l\u2019ann\u00e9e pr\u00e9c\u00e9dente, les s\u00e9niors 65 ans et + sont les bons \u00e9l\u00e8ves avec pr\u00e8s de 76% des 65 ans et +, ayant connaissances des consignes de tri, recyclent toujours leurs capsules de caf\u00e9 contre 49% chez les &#8211; de 35 ans. Concernant ces derniers, l\u2019ARCA mettra en place des contenus digitaux pour vulgariser et expliquer via les r\u00e9seaux sociaux la simplicit\u00e9 du geste de tri.\u00a0<\/p>","protected":false},"excerpt":{"rendered":"<p>La modernisation des centres de tri et la sensibilisation des consommateurs portent leurs fruits : le bon geste de tri des capsules de caf\u00e9 et leur recyclage progressent significativement. C\u2019est ce que r\u00e9v\u00e8le la 3\u1d49 \u00e9dition du barom\u00e8tre IFOP pour l\u2019ARCA, r\u00e9alis\u00e9e en janvier 2025 aupr\u00e8s de 1 981 consommateurs. L\u2019enqu\u00eate \u00e9value la perception de [&hellip;]<\/p>","protected":false},"author":2,"featured_media":44615,"comment_status":"closed","ping_status":"closed","sticky":false,"template":"","format":"standard","meta":{"_acf_changed":false,"inline_featured_image":false,"iawp_total_views":2,"footnotes":""},"categories":[5,28,81],"tags":[],"class_list":["post-44614","post","type-post","status-publish","format-standard","has-post-thumbnail","hentry","category-alimentaire","category-article-entier","category-packaging"],"acf":[],"yoast_head":"<!-- This site is optimized with the Yoast SEO plugin v24.4 - https:\/\/yoast.com\/wordpress\/plugins\/seo\/ -->\n<title>Recyclage des capsules de caf\u00e9 : les bons gestes de tri progressent - Emballage Digest<\/title>\n<meta name=\"robots\" content=\"index, follow, max-snippet:-1, max-image-preview:large, max-video-preview:-1\" \/>\n<link rel=\"canonical\" href=\"https:\/\/www.emballagedigest.fr\/en\/recyclage-des-capsules-de-cafe-les-bons-gestes-de-tri-progressent\/\" \/>\n<meta property=\"og:locale\" content=\"en_GB\" \/>\n<meta property=\"og:type\" content=\"article\" \/>\n<meta property=\"og:title\" content=\"Recyclage des capsules de caf\u00e9 : les bons gestes de tri progressent - Emballage Digest\" \/>\n<meta property=\"og:description\" content=\"La modernisation des centres de tri et la sensibilisation des consommateurs portent leurs fruits : le bon geste de tri des capsules de caf\u00e9 et leur recyclage progressent significativement. C\u2019est ce que r\u00e9v\u00e8le la 3\u1d49 \u00e9dition du barom\u00e8tre IFOP pour l\u2019ARCA, r\u00e9alis\u00e9e en janvier 2025 aupr\u00e8s de 1 981 consommateurs. L\u2019enqu\u00eate \u00e9value la perception de [&hellip;]\" \/>\n<meta property=\"og:url\" content=\"https:\/\/www.emballagedigest.fr\/en\/recyclage-des-capsules-de-cafe-les-bons-gestes-de-tri-progressent\/\" \/>\n<meta property=\"og:site_name\" content=\"Emballage Digest\" \/>\n<meta property=\"article:published_time\" content=\"2025-05-27T22:08:06+00:00\" \/>\n<meta property=\"article:modified_time\" content=\"2025-05-30T07:07:41+00:00\" \/>\n<meta property=\"og:image\" content=\"https:\/\/www.emballagedigest.fr\/wp-content\/uploads\/2025\/05\/TRI1.jpg\" \/>\n\t<meta property=\"og:image:width\" content=\"800\" \/>\n\t<meta property=\"og:image:height\" content=\"600\" \/>\n\t<meta property=\"og:image:type\" content=\"image\/jpeg\" \/>\n<meta name=\"author\" content=\"Karine Duval\" \/>\n<meta name=\"twitter:card\" content=\"summary_large_image\" \/>\n<meta name=\"twitter:label1\" content=\"Written by\" \/>\n\t<meta name=\"twitter:data1\" content=\"Karine Duval\" \/>\n\t<meta name=\"twitter:label2\" content=\"Estimated reading time\" \/>\n\t<meta name=\"twitter:data2\" content=\"3 minutes\" \/>\n<script type=\"application\/ld+json\" class=\"yoast-schema-graph\">{\"@context\":\"https:\/\/schema.org\",\"@graph\":[{\"@type\":\"Article\",\"@id\":\"https:\/\/www.emballagedigest.fr\/recyclage-des-capsules-de-cafe-les-bons-gestes-de-tri-progressent\/#article\",\"isPartOf\":{\"@id\":\"https:\/\/www.emballagedigest.fr\/recyclage-des-capsules-de-cafe-les-bons-gestes-de-tri-progressent\/\"},\"author\":{\"name\":\"Karine Duval\",\"@id\":\"https:\/\/www.emballagedigest.fr\/#\/schema\/person\/76abe9f2b2ee4d3d520594c7a35da59f\"},\"headline\":\"Recyclage des capsules de caf\u00e9 : les bons gestes de tri progressent\",\"datePublished\":\"2025-05-27T22:08:06+00:00\",\"dateModified\":\"2025-05-30T07:07:41+00:00\",\"mainEntityOfPage\":{\"@id\":\"https:\/\/www.emballagedigest.fr\/recyclage-des-capsules-de-cafe-les-bons-gestes-de-tri-progressent\/\"},\"wordCount\":480,\"publisher\":{\"@id\":\"https:\/\/www.emballagedigest.fr\/#organization\"},\"image\":{\"@id\":\"https:\/\/www.emballagedigest.fr\/recyclage-des-capsules-de-cafe-les-bons-gestes-de-tri-progressent\/#primaryimage\"},\"thumbnailUrl\":\"https:\/\/www.emballagedigest.fr\/wp-content\/uploads\/2025\/05\/TRI1.jpg\",\"articleSection\":[\"Alimentaire\",\"Article entier\",\"Packaging\"],\"inLanguage\":\"en-GB\"},{\"@type\":\"WebPage\",\"@id\":\"https:\/\/www.emballagedigest.fr\/recyclage-des-capsules-de-cafe-les-bons-gestes-de-tri-progressent\/\",\"url\":\"https:\/\/www.emballagedigest.fr\/recyclage-des-capsules-de-cafe-les-bons-gestes-de-tri-progressent\/\",\"name\":\"Recyclage des capsules de caf\u00e9 : les bons gestes de tri progressent - Emballage Digest\",\"isPartOf\":{\"@id\":\"https:\/\/www.emballagedigest.fr\/#website\"},\"primaryImageOfPage\":{\"@id\":\"https:\/\/www.emballagedigest.fr\/recyclage-des-capsules-de-cafe-les-bons-gestes-de-tri-progressent\/#primaryimage\"},\"image\":{\"@id\":\"https:\/\/www.emballagedigest.fr\/recyclage-des-capsules-de-cafe-les-bons-gestes-de-tri-progressent\/#primaryimage\"},\"thumbnailUrl\":\"https:\/\/www.emballagedigest.fr\/wp-content\/uploads\/2025\/05\/TRI1.jpg\",\"datePublished\":\"2025-05-27T22:08:06+00:00\",\"dateModified\":\"2025-05-30T07:07:41+00:00\",\"breadcrumb\":{\"@id\":\"https:\/\/www.emballagedigest.fr\/recyclage-des-capsules-de-cafe-les-bons-gestes-de-tri-progressent\/#breadcrumb\"},\"inLanguage\":\"en-GB\",\"potentialAction\":[{\"@type\":\"ReadAction\",\"target\":[\"https:\/\/www.emballagedigest.fr\/recyclage-des-capsules-de-cafe-les-bons-gestes-de-tri-progressent\/\"]}]},{\"@type\":\"ImageObject\",\"inLanguage\":\"en-GB\",\"@id\":\"https:\/\/www.emballagedigest.fr\/recyclage-des-capsules-de-cafe-les-bons-gestes-de-tri-progressent\/#primaryimage\",\"url\":\"https:\/\/www.emballagedigest.fr\/wp-content\/uploads\/2025\/05\/TRI1.jpg\",\"contentUrl\":\"https:\/\/www.emballagedigest.fr\/wp-content\/uploads\/2025\/05\/TRI1.jpg\",\"width\":800,\"height\":600},{\"@type\":\"BreadcrumbList\",\"@id\":\"https:\/\/www.emballagedigest.fr\/recyclage-des-capsules-de-cafe-les-bons-gestes-de-tri-progressent\/#breadcrumb\",\"itemListElement\":[{\"@type\":\"ListItem\",\"position\":1,\"name\":\"Accueil\",\"item\":\"https:\/\/www.emballagedigest.fr\/\"},{\"@type\":\"ListItem\",\"position\":2,\"name\":\"Recyclage des capsules de caf\u00e9 : les bons gestes de tri progressent\"}]},{\"@type\":\"WebSite\",\"@id\":\"https:\/\/www.emballagedigest.fr\/#website\",\"url\":\"https:\/\/www.emballagedigest.fr\/\",\"name\":\"Emballage Digest\",\"description\":\"Revue professionnelle sur les emballages\",\"publisher\":{\"@id\":\"https:\/\/www.emballagedigest.fr\/#organization\"},\"potentialAction\":[{\"@type\":\"SearchAction\",\"target\":{\"@type\":\"EntryPoint\",\"urlTemplate\":\"https:\/\/www.emballagedigest.fr\/?s={search_term_string}\"},\"query-input\":{\"@type\":\"PropertyValueSpecification\",\"valueRequired\":true,\"valueName\":\"search_term_string\"}}],\"inLanguage\":\"en-GB\"},{\"@type\":\"Organization\",\"@id\":\"https:\/\/www.emballagedigest.fr\/#organization\",\"name\":\"Emballage Digest\",\"url\":\"https:\/\/www.emballagedigest.fr\/\",\"logo\":{\"@type\":\"ImageObject\",\"inLanguage\":\"en-GB\",\"@id\":\"https:\/\/www.emballagedigest.fr\/#\/schema\/logo\/image\/\",\"url\":\"https:\/\/www.emballagedigest.fr\/wp-content\/uploads\/2022\/07\/logo-ed.png\",\"contentUrl\":\"https:\/\/www.emballagedigest.fr\/wp-content\/uploads\/2022\/07\/logo-ed.png\",\"width\":379,\"height\":75,\"caption\":\"Emballage Digest\"},\"image\":{\"@id\":\"https:\/\/www.emballagedigest.fr\/#\/schema\/logo\/image\/\"}},{\"@type\":\"Person\",\"@id\":\"https:\/\/www.emballagedigest.fr\/#\/schema\/person\/76abe9f2b2ee4d3d520594c7a35da59f\",\"name\":\"Karine Duval\",\"image\":{\"@type\":\"ImageObject\",\"inLanguage\":\"en-GB\",\"@id\":\"https:\/\/www.emballagedigest.fr\/#\/schema\/person\/image\/\",\"url\":\"https:\/\/secure.gravatar.com\/avatar\/f552799261cdd2e076e6677d780ef07bdb13aa4c196ab75b39abcbcdcae2d4e5?s=96&d=mm&r=g\",\"contentUrl\":\"https:\/\/secure.gravatar.com\/avatar\/f552799261cdd2e076e6677d780ef07bdb13aa4c196ab75b39abcbcdcae2d4e5?s=96&d=mm&r=g\",\"caption\":\"Karine Duval\"},\"url\":\"https:\/\/www.emballagedigest.fr\/en\/author\/admin_karduv\/\"}]}<\/script>\n<!-- \/ Yoast SEO plugin. -->","yoast_head_json":{"title":"Recyclage des capsules de caf\u00e9 : les bons gestes de tri progressent - Emballage Digest","robots":{"index":"index","follow":"follow","max-snippet":"max-snippet:-1","max-image-preview":"max-image-preview:large","max-video-preview":"max-video-preview:-1"},"canonical":"https:\/\/www.emballagedigest.fr\/en\/recyclage-des-capsules-de-cafe-les-bons-gestes-de-tri-progressent\/","og_locale":"en_GB","og_type":"article","og_title":"Recyclage des capsules de caf\u00e9 : les bons gestes de tri progressent - Emballage Digest","og_description":"La modernisation des centres de tri et la sensibilisation des consommateurs portent leurs fruits : le bon geste de tri des capsules de caf\u00e9 et leur recyclage progressent significativement. C\u2019est ce que r\u00e9v\u00e8le la 3\u1d49 \u00e9dition du barom\u00e8tre IFOP pour l\u2019ARCA, r\u00e9alis\u00e9e en janvier 2025 aupr\u00e8s de 1 981 consommateurs. L\u2019enqu\u00eate \u00e9value la perception de [&hellip;]","og_url":"https:\/\/www.emballagedigest.fr\/en\/recyclage-des-capsules-de-cafe-les-bons-gestes-de-tri-progressent\/","og_site_name":"Emballage Digest","article_published_time":"2025-05-27T22:08:06+00:00","article_modified_time":"2025-05-30T07:07:41+00:00","og_image":[{"width":800,"height":600,"url":"https:\/\/www.emballagedigest.fr\/wp-content\/uploads\/2025\/05\/TRI1.jpg","type":"image\/jpeg"}],"author":"Karine Duval","twitter_card":"summary_large_image","twitter_misc":{"Written by":"Karine Duval","Estimated reading time":"3 minutes"},"schema":{"@context":"https:\/\/schema.org","@graph":[{"@type":"Article","@id":"https:\/\/www.emballagedigest.fr\/recyclage-des-capsules-de-cafe-les-bons-gestes-de-tri-progressent\/#article","isPartOf":{"@id":"https:\/\/www.emballagedigest.fr\/recyclage-des-capsules-de-cafe-les-bons-gestes-de-tri-progressent\/"},"author":{"name":"Karine Duval","@id":"https:\/\/www.emballagedigest.fr\/#\/schema\/person\/76abe9f2b2ee4d3d520594c7a35da59f"},"headline":"Recyclage des capsules de caf\u00e9 : les bons gestes de tri progressent","datePublished":"2025-05-27T22:08:06+00:00","dateModified":"2025-05-30T07:07:41+00:00","mainEntityOfPage":{"@id":"https:\/\/www.emballagedigest.fr\/recyclage-des-capsules-de-cafe-les-bons-gestes-de-tri-progressent\/"},"wordCount":480,"publisher":{"@id":"https:\/\/www.emballagedigest.fr\/#organization"},"image":{"@id":"https:\/\/www.emballagedigest.fr\/recyclage-des-capsules-de-cafe-les-bons-gestes-de-tri-progressent\/#primaryimage"},"thumbnailUrl":"https:\/\/www.emballagedigest.fr\/wp-content\/uploads\/2025\/05\/TRI1.jpg","articleSection":["Alimentaire","Article entier","Packaging"],"inLanguage":"en-GB"},{"@type":"WebPage","@id":"https:\/\/www.emballagedigest.fr\/recyclage-des-capsules-de-cafe-les-bons-gestes-de-tri-progressent\/","url":"https:\/\/www.emballagedigest.fr\/recyclage-des-capsules-de-cafe-les-bons-gestes-de-tri-progressent\/","name":"Recyclage des capsules de caf\u00e9 : les bons gestes de tri progressent - Emballage Digest","isPartOf":{"@id":"https:\/\/www.emballagedigest.fr\/#website"},"primaryImageOfPage":{"@id":"https:\/\/www.emballagedigest.fr\/recyclage-des-capsules-de-cafe-les-bons-gestes-de-tri-progressent\/#primaryimage"},"image":{"@id":"https:\/\/www.emballagedigest.fr\/recyclage-des-capsules-de-cafe-les-bons-gestes-de-tri-progressent\/#primaryimage"},"thumbnailUrl":"https:\/\/www.emballagedigest.fr\/wp-content\/uploads\/2025\/05\/TRI1.jpg","datePublished":"2025-05-27T22:08:06+00:00","dateModified":"2025-05-30T07:07:41+00:00","breadcrumb":{"@id":"https:\/\/www.emballagedigest.fr\/recyclage-des-capsules-de-cafe-les-bons-gestes-de-tri-progressent\/#breadcrumb"},"inLanguage":"en-GB","potentialAction":[{"@type":"ReadAction","target":["https:\/\/www.emballagedigest.fr\/recyclage-des-capsules-de-cafe-les-bons-gestes-de-tri-progressent\/"]}]},{"@type":"ImageObject","inLanguage":"en-GB","@id":"https:\/\/www.emballagedigest.fr\/recyclage-des-capsules-de-cafe-les-bons-gestes-de-tri-progressent\/#primaryimage","url":"https:\/\/www.emballagedigest.fr\/wp-content\/uploads\/2025\/05\/TRI1.jpg","contentUrl":"https:\/\/www.emballagedigest.fr\/wp-content\/uploads\/2025\/05\/TRI1.jpg","width":800,"height":600},{"@type":"BreadcrumbList","@id":"https:\/\/www.emballagedigest.fr\/recyclage-des-capsules-de-cafe-les-bons-gestes-de-tri-progressent\/#breadcrumb","itemListElement":[{"@type":"ListItem","position":1,"name":"Accueil","item":"https:\/\/www.emballagedigest.fr\/"},{"@type":"ListItem","position":2,"name":"Recyclage des capsules de caf\u00e9 : les bons gestes de tri progressent"}]},{"@type":"WebSite","@id":"https:\/\/www.emballagedigest.fr\/#website","url":"https:\/\/www.emballagedigest.fr\/","name":"Emballage Digest","description":"Revue professionnelle sur les emballages","publisher":{"@id":"https:\/\/www.emballagedigest.fr\/#organization"},"potentialAction":[{"@type":"SearchAction","target":{"@type":"EntryPoint","urlTemplate":"https:\/\/www.emballagedigest.fr\/?s={search_term_string}"},"query-input":{"@type":"PropertyValueSpecification","valueRequired":true,"valueName":"search_term_string"}}],"inLanguage":"en-GB"},{"@type":"Organization","@id":"https:\/\/www.emballagedigest.fr\/#organization","name":"Emballage Digest","url":"https:\/\/www.emballagedigest.fr\/","logo":{"@type":"ImageObject","inLanguage":"en-GB","@id":"https:\/\/www.emballagedigest.fr\/#\/schema\/logo\/image\/","url":"https:\/\/www.emballagedigest.fr\/wp-content\/uploads\/2022\/07\/logo-ed.png","contentUrl":"https:\/\/www.emballagedigest.fr\/wp-content\/uploads\/2022\/07\/logo-ed.png","width":379,"height":75,"caption":"Emballage Digest"},"image":{"@id":"https:\/\/www.emballagedigest.fr\/#\/schema\/logo\/image\/"}},{"@type":"Person","@id":"https:\/\/www.emballagedigest.fr\/#\/schema\/person\/76abe9f2b2ee4d3d520594c7a35da59f","name":"Karine Duval","image":{"@type":"ImageObject","inLanguage":"en-GB","@id":"https:\/\/www.emballagedigest.fr\/#\/schema\/person\/image\/","url":"https:\/\/secure.gravatar.com\/avatar\/f552799261cdd2e076e6677d780ef07bdb13aa4c196ab75b39abcbcdcae2d4e5?s=96&d=mm&r=g","contentUrl":"https:\/\/secure.gravatar.com\/avatar\/f552799261cdd2e076e6677d780ef07bdb13aa4c196ab75b39abcbcdcae2d4e5?s=96&d=mm&r=g","caption":"Karine Duval"},"url":"https:\/\/www.emballagedigest.fr\/en\/author\/admin_karduv\/"}]}},"_links":{"self":[{"href":"https:\/\/www.emballagedigest.fr\/en\/wp-json\/wp\/v2\/posts\/44614","targetHints":{"allow":["GET"]}}],"collection":[{"href":"https:\/\/www.emballagedigest.fr\/en\/wp-json\/wp\/v2\/posts"}],"about":[{"href":"https:\/\/www.emballagedigest.fr\/en\/wp-json\/wp\/v2\/types\/post"}],"author":[{"embeddable":true,"href":"https:\/\/www.emballagedigest.fr\/en\/wp-json\/wp\/v2\/users\/2"}],"replies":[{"embeddable":true,"href":"https:\/\/www.emballagedigest.fr\/en\/wp-json\/wp\/v2\/comments?post=44614"}],"version-history":[{"count":2,"href":"https:\/\/www.emballagedigest.fr\/en\/wp-json\/wp\/v2\/posts\/44614\/revisions"}],"predecessor-version":[{"id":44622,"href":"https:\/\/www.emballagedigest.fr\/en\/wp-json\/wp\/v2\/posts\/44614\/revisions\/44622"}],"wp:featuredmedia":[{"embeddable":true,"href":"https:\/\/www.emballagedigest.fr\/en\/wp-json\/wp\/v2\/media\/44615"}],"wp:attachment":[{"href":"https:\/\/www.emballagedigest.fr\/en\/wp-json\/wp\/v2\/media?parent=44614"}],"wp:term":[{"taxonomy":"category","embeddable":true,"href":"https:\/\/www.emballagedigest.fr\/en\/wp-json\/wp\/v2\/categories?post=44614"},{"taxonomy":"post_tag","embeddable":true,"href":"https:\/\/www.emballagedigest.fr\/en\/wp-json\/wp\/v2\/tags?post=44614"}],"curies":[{"name":"wp","href":"https:\/\/api.w.org\/{rel}","templated":true}]}}