{"id":44663,"date":"2025-06-02T00:09:38","date_gmt":"2025-06-01T22:09:38","guid":{"rendered":"https:\/\/www.emballagedigest.fr\/?p=44663"},"modified":"2025-06-03T00:01:33","modified_gmt":"2025-06-02T22:01:33","slug":"eco-flexibles-double-ses-capacites-de-production","status":"publish","type":"post","link":"https:\/\/www.emballagedigest.fr\/en\/eco-flexibles-double-ses-capacites-de-production\/","title":{"rendered":"Eco Flexibles double ses capacit\u00e9s de production"},"content":{"rendered":"<p><strong>Eco&nbsp;Flexibles, fabricant britannique sp\u00e9cialis\u00e9 dans la fabrication d\u2019emballages souples, a doubl\u00e9 son chiffre d\u2019affaires en seulement 18&nbsp;mois, apr\u00e8s avoir investi dans deux presses Jet&nbsp;Press&nbsp;FP790 de Fujifilm, afin de r\u00e9pondre \u00e0 la forte augmentation des demandes en mati\u00e8re d\u2019emballages souples et durables.<\/strong><\/p>\n\n\n\n<p>Eco&nbsp;Flexibles s\u2019est d\u00e9marqu\u00e9 en&nbsp;2023 en devenant le premier client en dehors du Japon \u00e0 s\u2019\u00e9quiper d\u2019une Jet&nbsp;Press&nbsp;FP790 du constructeur Fujifilm. Suite \u00e0 ce succ\u00e8s, l\u2019entreprise a install\u00e9 une deuxi\u00e8me presse la m\u00eame ann\u00e9e afin de pouvoir suivre la demande.<\/p>\n\n\n\n<p>\u00ab&nbsp;Nous avons toujours \u00e9t\u00e9 tr\u00e8s attach\u00e9s au d\u00e9veloppement durable, que ce soit \u00e0 travers l\u2019utilisation de mono-mat\u00e9riaux, de pochettes recyclables, de solutions compostables ou de plaques sans solvant et lavables \u00e0 l\u2019eau. Avant d\u2019investir dans la Jet&nbsp;Press&nbsp;FP790, nous travaillions d\u00e9j\u00e0 \u00e9troitement avec Fujifilm en utilisant ses plaques flexo lavables \u00e0 l\u2019eau Flenex FW. Cette transition vers le num\u00e9rique \u00e9tait la suite logique de notre strat\u00e9gie de d\u00e9veloppement durable&nbsp;\u00bb, explique Simon&nbsp;Buswell, directeur d\u2019Eco&nbsp;Flexibles.<\/p>\n\n\n\n<p>Et d\u2019ajouter&nbsp;: \u00ab&nbsp;La FP790 \u00e9tait parfaitement adapt\u00e9e \u00e0 notre mod\u00e8le commercial&nbsp;: aucun solvant, g\u00e9n\u00e9rant peu de d\u00e9chets, avec une faible consommation d\u2019\u00e9nergie et une qualit\u00e9 d\u2019impression sup\u00e9rieure. Au d\u00e9part, nous pensions concurrencer d\u2019autres plateformes num\u00e9riques, mais nous avons en r\u00e9alit\u00e9 r\u00e9cup\u00e9r\u00e9 des parts du march\u00e9 de la flexo. La vitesse, la qualit\u00e9 et la viabilit\u00e9 commerciale de cette presse nous permettent d\u00e9sormais de g\u00e9rer un volume de travail plus \u00e9lev\u00e9 et d\u2019accepter davantage de petites commandes&nbsp;\u00bb.<\/p>\n\n\n\n<p>Si d\u00e9sormais, les activit\u00e9s de l\u2019entreprise se r\u00e9partissent \u00e0 parts \u00e9gales entre le num\u00e9rique et la flexo, Simon&nbsp;Buswell pr\u00e9voit cependant que le num\u00e9rique continuera de gagner du terrain \u00e0 mesure que les travaux traditionnels seront transf\u00e9r\u00e9s vers les nouveaux syst\u00e8mes. D\u2019ailleurs, Eco&nbsp;Flexibles rencontre \u00e9galement de plus en plus de succ\u00e8s en dehors de ses march\u00e9s traditionnels de l\u2019emballage alimentaire, notamment dans le secteur florissant du bien-\u00eatre et des compl\u00e9ments alimentaires. \u00ab&nbsp;Nous avons d\u00e9croch\u00e9 de nouveaux contrats sur de nouveaux march\u00e9s, comme celui des emballages destin\u00e9s aux produits li\u00e9s \u00e0 la sant\u00e9 et au bien-\u00eatre. Je pense notamment aux produits \u00e0 base de collag\u00e8ne en poudre et de m\u00e9langes de champignons. C\u2019est un march\u00e9 en pleine croissance qui, tout comme celui de l\u2019alimentation, est soumis \u00e0 des contraintes r\u00e9glementaires et des exigences strictes en mati\u00e8re de qualit\u00e9. La Jet&nbsp;Press&nbsp;FP790 nous permet d\u2019y r\u00e9pondre ais\u00e9ment. Nous \u00e9tudions \u00e9galement la possibilit\u00e9 d\u2019\u00e9tendre notre gamme de supports et d\u2019applications \u00bb.<\/p>","protected":false},"excerpt":{"rendered":"<p>Eco&nbsp;Flexibles, fabricant britannique sp\u00e9cialis\u00e9 dans la fabrication d\u2019emballages souples, a doubl\u00e9 son chiffre d\u2019affaires en seulement 18&nbsp;mois, apr\u00e8s avoir investi dans deux presses Jet&nbsp;Press&nbsp;FP790 de Fujifilm, afin de r\u00e9pondre \u00e0 la forte augmentation des demandes en mati\u00e8re d\u2019emballages souples et durables. Eco&nbsp;Flexibles s\u2019est d\u00e9marqu\u00e9 en&nbsp;2023 en devenant le premier client en dehors du Japon \u00e0 [&hellip;]<\/p>","protected":false},"author":2,"featured_media":44664,"comment_status":"closed","ping_status":"closed","sticky":false,"template":"","format":"standard","meta":{"_acf_changed":false,"inline_featured_image":false,"iawp_total_views":1,"footnotes":""},"categories":[28,9],"tags":[],"class_list":["post-44663","post","type-post","status-publish","format-standard","has-post-thumbnail","hentry","category-article-entier","category-materiel"],"acf":[],"yoast_head":"<!-- This site is optimized with the Yoast SEO plugin v24.4 - https:\/\/yoast.com\/wordpress\/plugins\/seo\/ -->\n<title>Eco Flexibles double ses capacit\u00e9s de production - Emballage Digest<\/title>\n<meta name=\"robots\" content=\"index, follow, max-snippet:-1, max-image-preview:large, max-video-preview:-1\" \/>\n<link rel=\"canonical\" href=\"https:\/\/www.emballagedigest.fr\/en\/eco-flexibles-double-ses-capacites-de-production\/\" \/>\n<meta property=\"og:locale\" content=\"en_GB\" \/>\n<meta property=\"og:type\" content=\"article\" \/>\n<meta property=\"og:title\" content=\"Eco Flexibles double ses capacit\u00e9s de production - Emballage Digest\" \/>\n<meta property=\"og:description\" content=\"Eco&nbsp;Flexibles, fabricant britannique sp\u00e9cialis\u00e9 dans la fabrication d\u2019emballages souples, a doubl\u00e9 son chiffre d\u2019affaires en seulement 18&nbsp;mois, apr\u00e8s avoir investi dans deux presses Jet&nbsp;Press&nbsp;FP790 de Fujifilm, afin de r\u00e9pondre \u00e0 la forte augmentation des demandes en mati\u00e8re d\u2019emballages souples et durables. Eco&nbsp;Flexibles s\u2019est d\u00e9marqu\u00e9 en&nbsp;2023 en devenant le premier client en dehors du Japon \u00e0 [&hellip;]\" \/>\n<meta property=\"og:url\" content=\"https:\/\/www.emballagedigest.fr\/en\/eco-flexibles-double-ses-capacites-de-production\/\" \/>\n<meta property=\"og:site_name\" content=\"Emballage Digest\" \/>\n<meta property=\"article:published_time\" content=\"2025-06-01T22:09:38+00:00\" \/>\n<meta property=\"article:modified_time\" content=\"2025-06-02T22:01:33+00:00\" \/>\n<meta property=\"og:image\" content=\"https:\/\/www.emballagedigest.fr\/wp-content\/uploads\/2025\/06\/Ecoflexibles.jpg\" \/>\n\t<meta property=\"og:image:width\" content=\"800\" \/>\n\t<meta property=\"og:image:height\" content=\"597\" \/>\n\t<meta property=\"og:image:type\" content=\"image\/jpeg\" \/>\n<meta name=\"author\" content=\"Karine Duval\" \/>\n<meta name=\"twitter:card\" content=\"summary_large_image\" \/>\n<meta name=\"twitter:label1\" content=\"Written by\" \/>\n\t<meta name=\"twitter:data1\" content=\"Karine Duval\" \/>\n\t<meta name=\"twitter:label2\" content=\"Estimated reading time\" \/>\n\t<meta name=\"twitter:data2\" content=\"3 minutes\" \/>\n<script type=\"application\/ld+json\" class=\"yoast-schema-graph\">{\"@context\":\"https:\/\/schema.org\",\"@graph\":[{\"@type\":\"Article\",\"@id\":\"https:\/\/www.emballagedigest.fr\/eco-flexibles-double-ses-capacites-de-production\/#article\",\"isPartOf\":{\"@id\":\"https:\/\/www.emballagedigest.fr\/eco-flexibles-double-ses-capacites-de-production\/\"},\"author\":{\"name\":\"Karine Duval\",\"@id\":\"https:\/\/www.emballagedigest.fr\/#\/schema\/person\/76abe9f2b2ee4d3d520594c7a35da59f\"},\"headline\":\"Eco Flexibles double ses capacit\u00e9s de production\",\"datePublished\":\"2025-06-01T22:09:38+00:00\",\"dateModified\":\"2025-06-02T22:01:33+00:00\",\"mainEntityOfPage\":{\"@id\":\"https:\/\/www.emballagedigest.fr\/eco-flexibles-double-ses-capacites-de-production\/\"},\"wordCount\":495,\"publisher\":{\"@id\":\"https:\/\/www.emballagedigest.fr\/#organization\"},\"image\":{\"@id\":\"https:\/\/www.emballagedigest.fr\/eco-flexibles-double-ses-capacites-de-production\/#primaryimage\"},\"thumbnailUrl\":\"https:\/\/www.emballagedigest.fr\/wp-content\/uploads\/2025\/06\/Ecoflexibles.jpg\",\"articleSection\":[\"Article entier\",\"Mat\u00e9riel\"],\"inLanguage\":\"en-GB\"},{\"@type\":\"WebPage\",\"@id\":\"https:\/\/www.emballagedigest.fr\/eco-flexibles-double-ses-capacites-de-production\/\",\"url\":\"https:\/\/www.emballagedigest.fr\/eco-flexibles-double-ses-capacites-de-production\/\",\"name\":\"Eco Flexibles double ses capacit\u00e9s de production - Emballage Digest\",\"isPartOf\":{\"@id\":\"https:\/\/www.emballagedigest.fr\/#website\"},\"primaryImageOfPage\":{\"@id\":\"https:\/\/www.emballagedigest.fr\/eco-flexibles-double-ses-capacites-de-production\/#primaryimage\"},\"image\":{\"@id\":\"https:\/\/www.emballagedigest.fr\/eco-flexibles-double-ses-capacites-de-production\/#primaryimage\"},\"thumbnailUrl\":\"https:\/\/www.emballagedigest.fr\/wp-content\/uploads\/2025\/06\/Ecoflexibles.jpg\",\"datePublished\":\"2025-06-01T22:09:38+00:00\",\"dateModified\":\"2025-06-02T22:01:33+00:00\",\"breadcrumb\":{\"@id\":\"https:\/\/www.emballagedigest.fr\/eco-flexibles-double-ses-capacites-de-production\/#breadcrumb\"},\"inLanguage\":\"en-GB\",\"potentialAction\":[{\"@type\":\"ReadAction\",\"target\":[\"https:\/\/www.emballagedigest.fr\/eco-flexibles-double-ses-capacites-de-production\/\"]}]},{\"@type\":\"ImageObject\",\"inLanguage\":\"en-GB\",\"@id\":\"https:\/\/www.emballagedigest.fr\/eco-flexibles-double-ses-capacites-de-production\/#primaryimage\",\"url\":\"https:\/\/www.emballagedigest.fr\/wp-content\/uploads\/2025\/06\/Ecoflexibles.jpg\",\"contentUrl\":\"https:\/\/www.emballagedigest.fr\/wp-content\/uploads\/2025\/06\/Ecoflexibles.jpg\",\"width\":800,\"height\":597},{\"@type\":\"BreadcrumbList\",\"@id\":\"https:\/\/www.emballagedigest.fr\/eco-flexibles-double-ses-capacites-de-production\/#breadcrumb\",\"itemListElement\":[{\"@type\":\"ListItem\",\"position\":1,\"name\":\"Accueil\",\"item\":\"https:\/\/www.emballagedigest.fr\/\"},{\"@type\":\"ListItem\",\"position\":2,\"name\":\"Eco Flexibles double ses capacit\u00e9s de production\"}]},{\"@type\":\"WebSite\",\"@id\":\"https:\/\/www.emballagedigest.fr\/#website\",\"url\":\"https:\/\/www.emballagedigest.fr\/\",\"name\":\"Emballage Digest\",\"description\":\"Revue professionnelle sur les emballages\",\"publisher\":{\"@id\":\"https:\/\/www.emballagedigest.fr\/#organization\"},\"potentialAction\":[{\"@type\":\"SearchAction\",\"target\":{\"@type\":\"EntryPoint\",\"urlTemplate\":\"https:\/\/www.emballagedigest.fr\/?s={search_term_string}\"},\"query-input\":{\"@type\":\"PropertyValueSpecification\",\"valueRequired\":true,\"valueName\":\"search_term_string\"}}],\"inLanguage\":\"en-GB\"},{\"@type\":\"Organization\",\"@id\":\"https:\/\/www.emballagedigest.fr\/#organization\",\"name\":\"Emballage Digest\",\"url\":\"https:\/\/www.emballagedigest.fr\/\",\"logo\":{\"@type\":\"ImageObject\",\"inLanguage\":\"en-GB\",\"@id\":\"https:\/\/www.emballagedigest.fr\/#\/schema\/logo\/image\/\",\"url\":\"https:\/\/www.emballagedigest.fr\/wp-content\/uploads\/2022\/07\/logo-ed.png\",\"contentUrl\":\"https:\/\/www.emballagedigest.fr\/wp-content\/uploads\/2022\/07\/logo-ed.png\",\"width\":379,\"height\":75,\"caption\":\"Emballage Digest\"},\"image\":{\"@id\":\"https:\/\/www.emballagedigest.fr\/#\/schema\/logo\/image\/\"}},{\"@type\":\"Person\",\"@id\":\"https:\/\/www.emballagedigest.fr\/#\/schema\/person\/76abe9f2b2ee4d3d520594c7a35da59f\",\"name\":\"Karine Duval\",\"image\":{\"@type\":\"ImageObject\",\"inLanguage\":\"en-GB\",\"@id\":\"https:\/\/www.emballagedigest.fr\/#\/schema\/person\/image\/\",\"url\":\"https:\/\/secure.gravatar.com\/avatar\/f552799261cdd2e076e6677d780ef07bdb13aa4c196ab75b39abcbcdcae2d4e5?s=96&d=mm&r=g\",\"contentUrl\":\"https:\/\/secure.gravatar.com\/avatar\/f552799261cdd2e076e6677d780ef07bdb13aa4c196ab75b39abcbcdcae2d4e5?s=96&d=mm&r=g\",\"caption\":\"Karine Duval\"},\"url\":\"https:\/\/www.emballagedigest.fr\/en\/author\/admin_karduv\/\"}]}<\/script>\n<!-- \/ Yoast SEO plugin. -->","yoast_head_json":{"title":"Eco Flexibles double ses capacit\u00e9s de production - Emballage Digest","robots":{"index":"index","follow":"follow","max-snippet":"max-snippet:-1","max-image-preview":"max-image-preview:large","max-video-preview":"max-video-preview:-1"},"canonical":"https:\/\/www.emballagedigest.fr\/en\/eco-flexibles-double-ses-capacites-de-production\/","og_locale":"en_GB","og_type":"article","og_title":"Eco Flexibles double ses capacit\u00e9s de production - Emballage Digest","og_description":"Eco&nbsp;Flexibles, fabricant britannique sp\u00e9cialis\u00e9 dans la fabrication d\u2019emballages souples, a doubl\u00e9 son chiffre d\u2019affaires en seulement 18&nbsp;mois, apr\u00e8s avoir investi dans deux presses Jet&nbsp;Press&nbsp;FP790 de Fujifilm, afin de r\u00e9pondre \u00e0 la forte augmentation des demandes en mati\u00e8re d\u2019emballages souples et durables. Eco&nbsp;Flexibles s\u2019est d\u00e9marqu\u00e9 en&nbsp;2023 en devenant le premier client en dehors du Japon \u00e0 [&hellip;]","og_url":"https:\/\/www.emballagedigest.fr\/en\/eco-flexibles-double-ses-capacites-de-production\/","og_site_name":"Emballage Digest","article_published_time":"2025-06-01T22:09:38+00:00","article_modified_time":"2025-06-02T22:01:33+00:00","og_image":[{"width":800,"height":597,"url":"https:\/\/www.emballagedigest.fr\/wp-content\/uploads\/2025\/06\/Ecoflexibles.jpg","type":"image\/jpeg"}],"author":"Karine Duval","twitter_card":"summary_large_image","twitter_misc":{"Written by":"Karine Duval","Estimated reading time":"3 minutes"},"schema":{"@context":"https:\/\/schema.org","@graph":[{"@type":"Article","@id":"https:\/\/www.emballagedigest.fr\/eco-flexibles-double-ses-capacites-de-production\/#article","isPartOf":{"@id":"https:\/\/www.emballagedigest.fr\/eco-flexibles-double-ses-capacites-de-production\/"},"author":{"name":"Karine Duval","@id":"https:\/\/www.emballagedigest.fr\/#\/schema\/person\/76abe9f2b2ee4d3d520594c7a35da59f"},"headline":"Eco Flexibles double ses capacit\u00e9s de production","datePublished":"2025-06-01T22:09:38+00:00","dateModified":"2025-06-02T22:01:33+00:00","mainEntityOfPage":{"@id":"https:\/\/www.emballagedigest.fr\/eco-flexibles-double-ses-capacites-de-production\/"},"wordCount":495,"publisher":{"@id":"https:\/\/www.emballagedigest.fr\/#organization"},"image":{"@id":"https:\/\/www.emballagedigest.fr\/eco-flexibles-double-ses-capacites-de-production\/#primaryimage"},"thumbnailUrl":"https:\/\/www.emballagedigest.fr\/wp-content\/uploads\/2025\/06\/Ecoflexibles.jpg","articleSection":["Article entier","Mat\u00e9riel"],"inLanguage":"en-GB"},{"@type":"WebPage","@id":"https:\/\/www.emballagedigest.fr\/eco-flexibles-double-ses-capacites-de-production\/","url":"https:\/\/www.emballagedigest.fr\/eco-flexibles-double-ses-capacites-de-production\/","name":"Eco Flexibles double ses capacit\u00e9s de production - Emballage Digest","isPartOf":{"@id":"https:\/\/www.emballagedigest.fr\/#website"},"primaryImageOfPage":{"@id":"https:\/\/www.emballagedigest.fr\/eco-flexibles-double-ses-capacites-de-production\/#primaryimage"},"image":{"@id":"https:\/\/www.emballagedigest.fr\/eco-flexibles-double-ses-capacites-de-production\/#primaryimage"},"thumbnailUrl":"https:\/\/www.emballagedigest.fr\/wp-content\/uploads\/2025\/06\/Ecoflexibles.jpg","datePublished":"2025-06-01T22:09:38+00:00","dateModified":"2025-06-02T22:01:33+00:00","breadcrumb":{"@id":"https:\/\/www.emballagedigest.fr\/eco-flexibles-double-ses-capacites-de-production\/#breadcrumb"},"inLanguage":"en-GB","potentialAction":[{"@type":"ReadAction","target":["https:\/\/www.emballagedigest.fr\/eco-flexibles-double-ses-capacites-de-production\/"]}]},{"@type":"ImageObject","inLanguage":"en-GB","@id":"https:\/\/www.emballagedigest.fr\/eco-flexibles-double-ses-capacites-de-production\/#primaryimage","url":"https:\/\/www.emballagedigest.fr\/wp-content\/uploads\/2025\/06\/Ecoflexibles.jpg","contentUrl":"https:\/\/www.emballagedigest.fr\/wp-content\/uploads\/2025\/06\/Ecoflexibles.jpg","width":800,"height":597},{"@type":"BreadcrumbList","@id":"https:\/\/www.emballagedigest.fr\/eco-flexibles-double-ses-capacites-de-production\/#breadcrumb","itemListElement":[{"@type":"ListItem","position":1,"name":"Accueil","item":"https:\/\/www.emballagedigest.fr\/"},{"@type":"ListItem","position":2,"name":"Eco Flexibles double ses capacit\u00e9s de production"}]},{"@type":"WebSite","@id":"https:\/\/www.emballagedigest.fr\/#website","url":"https:\/\/www.emballagedigest.fr\/","name":"Emballage Digest","description":"Revue professionnelle sur les emballages","publisher":{"@id":"https:\/\/www.emballagedigest.fr\/#organization"},"potentialAction":[{"@type":"SearchAction","target":{"@type":"EntryPoint","urlTemplate":"https:\/\/www.emballagedigest.fr\/?s={search_term_string}"},"query-input":{"@type":"PropertyValueSpecification","valueRequired":true,"valueName":"search_term_string"}}],"inLanguage":"en-GB"},{"@type":"Organization","@id":"https:\/\/www.emballagedigest.fr\/#organization","name":"Emballage Digest","url":"https:\/\/www.emballagedigest.fr\/","logo":{"@type":"ImageObject","inLanguage":"en-GB","@id":"https:\/\/www.emballagedigest.fr\/#\/schema\/logo\/image\/","url":"https:\/\/www.emballagedigest.fr\/wp-content\/uploads\/2022\/07\/logo-ed.png","contentUrl":"https:\/\/www.emballagedigest.fr\/wp-content\/uploads\/2022\/07\/logo-ed.png","width":379,"height":75,"caption":"Emballage Digest"},"image":{"@id":"https:\/\/www.emballagedigest.fr\/#\/schema\/logo\/image\/"}},{"@type":"Person","@id":"https:\/\/www.emballagedigest.fr\/#\/schema\/person\/76abe9f2b2ee4d3d520594c7a35da59f","name":"Karine Duval","image":{"@type":"ImageObject","inLanguage":"en-GB","@id":"https:\/\/www.emballagedigest.fr\/#\/schema\/person\/image\/","url":"https:\/\/secure.gravatar.com\/avatar\/f552799261cdd2e076e6677d780ef07bdb13aa4c196ab75b39abcbcdcae2d4e5?s=96&d=mm&r=g","contentUrl":"https:\/\/secure.gravatar.com\/avatar\/f552799261cdd2e076e6677d780ef07bdb13aa4c196ab75b39abcbcdcae2d4e5?s=96&d=mm&r=g","caption":"Karine Duval"},"url":"https:\/\/www.emballagedigest.fr\/en\/author\/admin_karduv\/"}]}},"_links":{"self":[{"href":"https:\/\/www.emballagedigest.fr\/en\/wp-json\/wp\/v2\/posts\/44663","targetHints":{"allow":["GET"]}}],"collection":[{"href":"https:\/\/www.emballagedigest.fr\/en\/wp-json\/wp\/v2\/posts"}],"about":[{"href":"https:\/\/www.emballagedigest.fr\/en\/wp-json\/wp\/v2\/types\/post"}],"author":[{"embeddable":true,"href":"https:\/\/www.emballagedigest.fr\/en\/wp-json\/wp\/v2\/users\/2"}],"replies":[{"embeddable":true,"href":"https:\/\/www.emballagedigest.fr\/en\/wp-json\/wp\/v2\/comments?post=44663"}],"version-history":[{"count":1,"href":"https:\/\/www.emballagedigest.fr\/en\/wp-json\/wp\/v2\/posts\/44663\/revisions"}],"predecessor-version":[{"id":44665,"href":"https:\/\/www.emballagedigest.fr\/en\/wp-json\/wp\/v2\/posts\/44663\/revisions\/44665"}],"wp:featuredmedia":[{"embeddable":true,"href":"https:\/\/www.emballagedigest.fr\/en\/wp-json\/wp\/v2\/media\/44664"}],"wp:attachment":[{"href":"https:\/\/www.emballagedigest.fr\/en\/wp-json\/wp\/v2\/media?parent=44663"}],"wp:term":[{"taxonomy":"category","embeddable":true,"href":"https:\/\/www.emballagedigest.fr\/en\/wp-json\/wp\/v2\/categories?post=44663"},{"taxonomy":"post_tag","embeddable":true,"href":"https:\/\/www.emballagedigest.fr\/en\/wp-json\/wp\/v2\/tags?post=44663"}],"curies":[{"name":"wp","href":"https:\/\/api.w.org\/{rel}","templated":true}]}}