{"id":44679,"date":"2025-06-03T13:51:45","date_gmt":"2025-06-03T11:51:45","guid":{"rendered":"https:\/\/www.emballagedigest.fr\/?p=44679"},"modified":"2025-10-03T10:16:06","modified_gmt":"2025-10-03T08:16:06","slug":"sealpac-revolutionne-le-thermoformage-avec-sa-nouvelle-serie-f","status":"publish","type":"post","link":"https:\/\/www.emballagedigest.fr\/en\/sealpac-revolutionne-le-thermoformage-avec-sa-nouvelle-serie-f\/","title":{"rendered":"Sealpac r\u00e9volutionne le thermoformage avec sa nouvelle s\u00e9rie F"},"content":{"rendered":"<p><strong>D\u00e9voil\u00e9e en avant-premi\u00e8re mondiale, d\u00e9but mai, \u00e0 l\u2019occasion du salon IFFA 2025 (Salon international leader des technologies de transformation, de conditionnement et de commercialisation de la viande et des prot\u00e9ines alternatives), \u00e0 Francfort-sur-le-Main en Allemagne, la nouvelle s\u00e9rie F du constructeur SEALPAC pose les bases de nouveaux standards dans l\u2019univers du thermoformage. Une conception technologique bluffante qui a fait l\u2019unanimit\u00e9 aupr\u00e8s des visiteurs.<\/strong><\/p>\n\n\n\n<p><strong>La s\u00e9rie F ouvre la voie d\u2019un thermoformage intelligent<\/strong><br>Fruit d\u2019un savoir-faire \u00e9prouv\u00e9 et de nombreuses ann\u00e9es de R&amp;D, cette nouvelle gamme de machines marque une v\u00e9ritable avanc\u00e9e technologique, introduisant un concept intelligent qui surpasse largement les standards actuels du march\u00e9.<br>Parfaitement autonomes, les thermoformeuse de la gamme F analysent en continu leurs propres processus, auto-r\u00e9gulent leur consommation d\u2019\u00e9nergie et identifient leurs besoins en maintenance. Gr\u00e2ce au syst\u00e8me iMode, elles optimisent leurs performances de mani\u00e8re algorithmique. Des fonctionnalit\u00e9s avanc\u00e9es comme l\u2019alignement automatique du film et la correction automatique de la tension de la cha\u00eene garantissent en outre une fiabilit\u00e9 maximale du processus, r\u00e9duisant consid\u00e9rablement la n\u00e9cessit\u00e9 d\u2019interventions humaines.<\/p>\n\n\n\n<figure class=\"wp-block-image size-full is-resized\"><img loading=\"lazy\" decoding=\"async\" width=\"800\" height=\"209\" src=\"https:\/\/www.emballagedigest.fr\/wp-content\/uploads\/2025\/06\/Sealpac2.jpg\" alt=\"\" class=\"wp-image-44681\" style=\"width:840px;height:auto\" srcset=\"https:\/\/www.emballagedigest.fr\/wp-content\/uploads\/2025\/06\/Sealpac2.jpg 800w, https:\/\/www.emballagedigest.fr\/wp-content\/uploads\/2025\/06\/Sealpac2-300x78.jpg 300w, https:\/\/www.emballagedigest.fr\/wp-content\/uploads\/2025\/06\/Sealpac2-768x201.jpg 768w, https:\/\/www.emballagedigest.fr\/wp-content\/uploads\/2025\/06\/Sealpac2-18x5.jpg 18w\" sizes=\"auto, (max-width: 800px) 100vw, 800px\" \/><\/figure>\n\n\n\n<p><strong>Fiabilit\u00e9 absolue et changements de formats simplifi\u00e9s<\/strong><br>Les stations de formage, de scellage et de d\u00e9coupe de la s\u00e9rie F int\u00e8grent des fonctionnalit\u00e9s intelligentes qui garantissent non seulement une fiabilit\u00e9 de processus irr\u00e9prochable, mais permettent \u00e9galement des changements de formats extr\u00eamement rapides. Quant aux syst\u00e8mes de transport du film servo-command\u00e9s, ils assurent des r\u00e9sultats d\u2019emballage d\u2019une qualit\u00e9 sup\u00e9rieure et constante.<br>Des syst\u00e8mes innovants de changement d\u2019outil viennent par ailleurs r\u00e9duire les temps d\u2019arr\u00eat, simplifiant consid\u00e9rablement la transition vers de nouveaux formats ou l\u2019utilisation de nouveaux mat\u00e9riaux. C\u00f4t\u00e9 hygi\u00e8ne et accessibilit\u00e9 pour la maintenance, la conception de la s\u00e9rie F r\u00e9pond aux normes les plus \u00e9lev\u00e9es d\u00e9finies par SEALPAC.<br>La nouvelle s\u00e9rie F impressionne \u00e9galement par sa durabilit\u00e9 exceptionnelle et une conception n\u00e9cessitant un entretien minimal.<br>Efficacit\u00e9 \u00e9nerg\u00e9tique et Industrie 4.0<br>La performance \u00e9nerg\u00e9tique a \u00e9t\u00e9 une priorit\u00e9 absolue lors de la conception de la s\u00e9rie F. Gr\u00e2ce \u00e0 des processus de chauffage et de refroidissement optimis\u00e9s, la consommation d\u2019\u00e9nergie est consid\u00e9rablement r\u00e9duite, sans aucun compromis sur la qualit\u00e9 ou le rendement.<br>La surveillance pr\u00e9cise des processus assure une maintenance pr\u00e9dictive efficace, minimisant ainsi les temps d\u2019arr\u00eat impr\u00e9vus.<br>L\u2019exp\u00e9rience utilisateur a \u00e9galement \u00e9t\u00e9 repens\u00e9e avec une interface moderne \u00e0 \u00e9cran tactile combin\u00e9e \u00e0 un logiciel de contr\u00f4le compatible Industrie 4.0 pour une utilisation simple et pr\u00e9cise de la machine.<br>Les thermoformeuses de la s\u00e9rie F s\u2019int\u00e8grent par ailleurs ais\u00e9ment dans des environnements de production num\u00e9ris\u00e9s gr\u00e2ce \u00e0 des interfaces standardis\u00e9es, maximisant ainsi le contr\u00f4le et la tra\u00e7abilit\u00e9 de l\u2019ensemble du processus.<\/p>\n\n\n\n<figure class=\"wp-block-image size-full is-resized\"><img loading=\"lazy\" decoding=\"async\" width=\"800\" height=\"531\" src=\"https:\/\/www.emballagedigest.fr\/wp-content\/uploads\/2025\/06\/Sealpac3.jpg\" alt=\"\" class=\"wp-image-44682\" style=\"width:840px;height:auto\" srcset=\"https:\/\/www.emballagedigest.fr\/wp-content\/uploads\/2025\/06\/Sealpac3.jpg 800w, https:\/\/www.emballagedigest.fr\/wp-content\/uploads\/2025\/06\/Sealpac3-300x199.jpg 300w, https:\/\/www.emballagedigest.fr\/wp-content\/uploads\/2025\/06\/Sealpac3-768x510.jpg 768w, https:\/\/www.emballagedigest.fr\/wp-content\/uploads\/2025\/06\/Sealpac3-18x12.jpg 18w\" sizes=\"auto, (max-width: 800px) 100vw, 800px\" \/><\/figure>\n\n\n\n<p><strong>L\u2019innovation technologique au service d\u2019un emballage durable<\/strong><br>Avec la s\u00e9rie F, l\u2019utilisation des derni\u00e8res g\u00e9n\u00e9rations de mono-mat\u00e9riaux recyclables devient un jeu d\u2019enfant. Des innovations telles que le syst\u00e8me EasyPeelPoint ont par ailleurs \u00e9t\u00e9 int\u00e9gr\u00e9es pour une ouverture repens\u00e9e. Ce syst\u00e8me ing\u00e9nieux lib\u00e8re le film sup\u00e9rieur en le pressant dans une cavit\u00e9 ronde, permettant une ouverture parfaite et une prise en main naturelle. Oubliez la difficult\u00e9 : le film se retire sans effort.<\/p>\n\n\n\n<p>Technologie intelligente, utilisation flexible et intuitive, et efficience \u00e9nerg\u00e9tique, la nouvelle s\u00e9rie F s\u2019impose en v\u00e9ritable pionni\u00e8re dans son domaine, pour des emballages de qualit\u00e9, durables et dans le respect des normes les plus strictes.<\/p>\n\n\n\n<p><strong><em>Avec SEALPAC l\u2019innovation et la performance n\u2019ont plus de limites\u00a0!<\/em><\/strong><\/p>\n\n\n\n<figure class=\"wp-block-image size-full\"><img loading=\"lazy\" decoding=\"async\" width=\"800\" height=\"79\" src=\"https:\/\/www.emballagedigest.fr\/wp-content\/uploads\/2025\/06\/Sealpac4.jpg\" alt=\"\" class=\"wp-image-44683\" srcset=\"https:\/\/www.emballagedigest.fr\/wp-content\/uploads\/2025\/06\/Sealpac4.jpg 800w, https:\/\/www.emballagedigest.fr\/wp-content\/uploads\/2025\/06\/Sealpac4-300x30.jpg 300w, https:\/\/www.emballagedigest.fr\/wp-content\/uploads\/2025\/06\/Sealpac4-768x76.jpg 768w, https:\/\/www.emballagedigest.fr\/wp-content\/uploads\/2025\/06\/Sealpac4-18x2.jpg 18w\" sizes=\"auto, (max-width: 800px) 100vw, 800px\" \/><figcaption class=\"wp-element-caption\"><strong><a href=\"https:\/\/www.sealpacinternational.com\/\">www.sealpacinternational.com<\/a><\/strong><\/figcaption><\/figure>","protected":false},"excerpt":{"rendered":"<p>D\u00e9voil\u00e9e en avant-premi\u00e8re mondiale, d\u00e9but mai, \u00e0 l\u2019occasion du salon IFFA 2025 (Salon international leader des technologies de transformation, de conditionnement et de commercialisation de la viande et des prot\u00e9ines alternatives), \u00e0 Francfort-sur-le-Main en Allemagne, la nouvelle s\u00e9rie F du constructeur SEALPAC pose les bases de nouveaux standards dans l\u2019univers du thermoformage. Une conception technologique [&hellip;]<\/p>","protected":false},"author":2,"featured_media":44680,"comment_status":"closed","ping_status":"closed","sticky":false,"template":"","format":"standard","meta":{"_acf_changed":false,"inline_featured_image":false,"iawp_total_views":8,"footnotes":""},"categories":[5,28,35],"tags":[],"class_list":["post-44679","post","type-post","status-publish","format-standard","has-post-thumbnail","hentry","category-alimentaire","category-article-entier","category-machines-fr"],"acf":[],"yoast_head":"<!-- This site is optimized with the Yoast SEO plugin v24.4 - https:\/\/yoast.com\/wordpress\/plugins\/seo\/ -->\n<title>Sealpac r\u00e9volutionne le thermoformage avec sa nouvelle s\u00e9rie F - Emballage Digest<\/title>\n<meta name=\"robots\" content=\"index, follow, max-snippet:-1, max-image-preview:large, max-video-preview:-1\" \/>\n<link rel=\"canonical\" href=\"https:\/\/www.emballagedigest.fr\/en\/sealpac-revolutionne-le-thermoformage-avec-sa-nouvelle-serie-f\/\" \/>\n<meta property=\"og:locale\" content=\"en_GB\" \/>\n<meta property=\"og:type\" content=\"article\" \/>\n<meta property=\"og:title\" content=\"Sealpac r\u00e9volutionne le thermoformage avec sa nouvelle s\u00e9rie F - Emballage Digest\" \/>\n<meta property=\"og:description\" content=\"D\u00e9voil\u00e9e en avant-premi\u00e8re mondiale, d\u00e9but mai, \u00e0 l\u2019occasion du salon IFFA 2025 (Salon international leader des technologies de transformation, de conditionnement et de commercialisation de la viande et des prot\u00e9ines alternatives), \u00e0 Francfort-sur-le-Main en Allemagne, la nouvelle s\u00e9rie F du constructeur SEALPAC pose les bases de nouveaux standards dans l\u2019univers du thermoformage. Une conception technologique [&hellip;]\" \/>\n<meta property=\"og:url\" content=\"https:\/\/www.emballagedigest.fr\/en\/sealpac-revolutionne-le-thermoformage-avec-sa-nouvelle-serie-f\/\" \/>\n<meta property=\"og:site_name\" content=\"Emballage Digest\" \/>\n<meta property=\"article:published_time\" content=\"2025-06-03T11:51:45+00:00\" \/>\n<meta property=\"article:modified_time\" content=\"2025-10-03T08:16:06+00:00\" \/>\n<meta property=\"og:image\" content=\"https:\/\/www.emballagedigest.fr\/wp-content\/uploads\/2025\/06\/Sealpac1.jpg\" \/>\n\t<meta property=\"og:image:width\" content=\"800\" \/>\n\t<meta property=\"og:image:height\" content=\"575\" \/>\n\t<meta property=\"og:image:type\" content=\"image\/jpeg\" \/>\n<meta name=\"author\" content=\"Karine Duval\" \/>\n<meta name=\"twitter:card\" content=\"summary_large_image\" \/>\n<meta name=\"twitter:label1\" content=\"Written by\" \/>\n\t<meta name=\"twitter:data1\" content=\"Karine Duval\" \/>\n\t<meta name=\"twitter:label2\" content=\"Estimated reading time\" \/>\n\t<meta name=\"twitter:data2\" content=\"4 minutes\" \/>\n<script type=\"application\/ld+json\" class=\"yoast-schema-graph\">{\"@context\":\"https:\/\/schema.org\",\"@graph\":[{\"@type\":\"Article\",\"@id\":\"https:\/\/www.emballagedigest.fr\/sealpac-revolutionne-le-thermoformage-avec-sa-nouvelle-serie-f\/#article\",\"isPartOf\":{\"@id\":\"https:\/\/www.emballagedigest.fr\/sealpac-revolutionne-le-thermoformage-avec-sa-nouvelle-serie-f\/\"},\"author\":{\"name\":\"Karine Duval\",\"@id\":\"https:\/\/www.emballagedigest.fr\/#\/schema\/person\/76abe9f2b2ee4d3d520594c7a35da59f\"},\"headline\":\"Sealpac r\u00e9volutionne le thermoformage avec sa nouvelle s\u00e9rie F\",\"datePublished\":\"2025-06-03T11:51:45+00:00\",\"dateModified\":\"2025-10-03T08:16:06+00:00\",\"mainEntityOfPage\":{\"@id\":\"https:\/\/www.emballagedigest.fr\/sealpac-revolutionne-le-thermoformage-avec-sa-nouvelle-serie-f\/\"},\"wordCount\":656,\"publisher\":{\"@id\":\"https:\/\/www.emballagedigest.fr\/#organization\"},\"image\":{\"@id\":\"https:\/\/www.emballagedigest.fr\/sealpac-revolutionne-le-thermoformage-avec-sa-nouvelle-serie-f\/#primaryimage\"},\"thumbnailUrl\":\"https:\/\/www.emballagedigest.fr\/wp-content\/uploads\/2025\/06\/Sealpac1.jpg\",\"articleSection\":[\"Alimentaire\",\"Article entier\",\"Machines\"],\"inLanguage\":\"en-GB\"},{\"@type\":\"WebPage\",\"@id\":\"https:\/\/www.emballagedigest.fr\/sealpac-revolutionne-le-thermoformage-avec-sa-nouvelle-serie-f\/\",\"url\":\"https:\/\/www.emballagedigest.fr\/sealpac-revolutionne-le-thermoformage-avec-sa-nouvelle-serie-f\/\",\"name\":\"Sealpac r\u00e9volutionne le thermoformage avec sa nouvelle s\u00e9rie F - Emballage Digest\",\"isPartOf\":{\"@id\":\"https:\/\/www.emballagedigest.fr\/#website\"},\"primaryImageOfPage\":{\"@id\":\"https:\/\/www.emballagedigest.fr\/sealpac-revolutionne-le-thermoformage-avec-sa-nouvelle-serie-f\/#primaryimage\"},\"image\":{\"@id\":\"https:\/\/www.emballagedigest.fr\/sealpac-revolutionne-le-thermoformage-avec-sa-nouvelle-serie-f\/#primaryimage\"},\"thumbnailUrl\":\"https:\/\/www.emballagedigest.fr\/wp-content\/uploads\/2025\/06\/Sealpac1.jpg\",\"datePublished\":\"2025-06-03T11:51:45+00:00\",\"dateModified\":\"2025-10-03T08:16:06+00:00\",\"breadcrumb\":{\"@id\":\"https:\/\/www.emballagedigest.fr\/sealpac-revolutionne-le-thermoformage-avec-sa-nouvelle-serie-f\/#breadcrumb\"},\"inLanguage\":\"en-GB\",\"potentialAction\":[{\"@type\":\"ReadAction\",\"target\":[\"https:\/\/www.emballagedigest.fr\/sealpac-revolutionne-le-thermoformage-avec-sa-nouvelle-serie-f\/\"]}]},{\"@type\":\"ImageObject\",\"inLanguage\":\"en-GB\",\"@id\":\"https:\/\/www.emballagedigest.fr\/sealpac-revolutionne-le-thermoformage-avec-sa-nouvelle-serie-f\/#primaryimage\",\"url\":\"https:\/\/www.emballagedigest.fr\/wp-content\/uploads\/2025\/06\/Sealpac1.jpg\",\"contentUrl\":\"https:\/\/www.emballagedigest.fr\/wp-content\/uploads\/2025\/06\/Sealpac1.jpg\",\"width\":800,\"height\":575},{\"@type\":\"BreadcrumbList\",\"@id\":\"https:\/\/www.emballagedigest.fr\/sealpac-revolutionne-le-thermoformage-avec-sa-nouvelle-serie-f\/#breadcrumb\",\"itemListElement\":[{\"@type\":\"ListItem\",\"position\":1,\"name\":\"Accueil\",\"item\":\"https:\/\/www.emballagedigest.fr\/\"},{\"@type\":\"ListItem\",\"position\":2,\"name\":\"Sealpac r\u00e9volutionne le thermoformage avec sa nouvelle s\u00e9rie F\"}]},{\"@type\":\"WebSite\",\"@id\":\"https:\/\/www.emballagedigest.fr\/#website\",\"url\":\"https:\/\/www.emballagedigest.fr\/\",\"name\":\"Emballage Digest\",\"description\":\"Revue professionnelle sur les emballages\",\"publisher\":{\"@id\":\"https:\/\/www.emballagedigest.fr\/#organization\"},\"potentialAction\":[{\"@type\":\"SearchAction\",\"target\":{\"@type\":\"EntryPoint\",\"urlTemplate\":\"https:\/\/www.emballagedigest.fr\/?s={search_term_string}\"},\"query-input\":{\"@type\":\"PropertyValueSpecification\",\"valueRequired\":true,\"valueName\":\"search_term_string\"}}],\"inLanguage\":\"en-GB\"},{\"@type\":\"Organization\",\"@id\":\"https:\/\/www.emballagedigest.fr\/#organization\",\"name\":\"Emballage Digest\",\"url\":\"https:\/\/www.emballagedigest.fr\/\",\"logo\":{\"@type\":\"ImageObject\",\"inLanguage\":\"en-GB\",\"@id\":\"https:\/\/www.emballagedigest.fr\/#\/schema\/logo\/image\/\",\"url\":\"https:\/\/www.emballagedigest.fr\/wp-content\/uploads\/2022\/07\/logo-ed.png\",\"contentUrl\":\"https:\/\/www.emballagedigest.fr\/wp-content\/uploads\/2022\/07\/logo-ed.png\",\"width\":379,\"height\":75,\"caption\":\"Emballage Digest\"},\"image\":{\"@id\":\"https:\/\/www.emballagedigest.fr\/#\/schema\/logo\/image\/\"}},{\"@type\":\"Person\",\"@id\":\"https:\/\/www.emballagedigest.fr\/#\/schema\/person\/76abe9f2b2ee4d3d520594c7a35da59f\",\"name\":\"Karine Duval\",\"image\":{\"@type\":\"ImageObject\",\"inLanguage\":\"en-GB\",\"@id\":\"https:\/\/www.emballagedigest.fr\/#\/schema\/person\/image\/\",\"url\":\"https:\/\/secure.gravatar.com\/avatar\/f552799261cdd2e076e6677d780ef07bdb13aa4c196ab75b39abcbcdcae2d4e5?s=96&d=mm&r=g\",\"contentUrl\":\"https:\/\/secure.gravatar.com\/avatar\/f552799261cdd2e076e6677d780ef07bdb13aa4c196ab75b39abcbcdcae2d4e5?s=96&d=mm&r=g\",\"caption\":\"Karine Duval\"},\"url\":\"https:\/\/www.emballagedigest.fr\/en\/author\/admin_karduv\/\"}]}<\/script>\n<!-- \/ Yoast SEO plugin. -->","yoast_head_json":{"title":"Sealpac r\u00e9volutionne le thermoformage avec sa nouvelle s\u00e9rie F - Emballage Digest","robots":{"index":"index","follow":"follow","max-snippet":"max-snippet:-1","max-image-preview":"max-image-preview:large","max-video-preview":"max-video-preview:-1"},"canonical":"https:\/\/www.emballagedigest.fr\/en\/sealpac-revolutionne-le-thermoformage-avec-sa-nouvelle-serie-f\/","og_locale":"en_GB","og_type":"article","og_title":"Sealpac r\u00e9volutionne le thermoformage avec sa nouvelle s\u00e9rie F - Emballage Digest","og_description":"D\u00e9voil\u00e9e en avant-premi\u00e8re mondiale, d\u00e9but mai, \u00e0 l\u2019occasion du salon IFFA 2025 (Salon international leader des technologies de transformation, de conditionnement et de commercialisation de la viande et des prot\u00e9ines alternatives), \u00e0 Francfort-sur-le-Main en Allemagne, la nouvelle s\u00e9rie F du constructeur SEALPAC pose les bases de nouveaux standards dans l\u2019univers du thermoformage. Une conception technologique [&hellip;]","og_url":"https:\/\/www.emballagedigest.fr\/en\/sealpac-revolutionne-le-thermoformage-avec-sa-nouvelle-serie-f\/","og_site_name":"Emballage Digest","article_published_time":"2025-06-03T11:51:45+00:00","article_modified_time":"2025-10-03T08:16:06+00:00","og_image":[{"width":800,"height":575,"url":"https:\/\/www.emballagedigest.fr\/wp-content\/uploads\/2025\/06\/Sealpac1.jpg","type":"image\/jpeg"}],"author":"Karine Duval","twitter_card":"summary_large_image","twitter_misc":{"Written by":"Karine Duval","Estimated reading time":"4 minutes"},"schema":{"@context":"https:\/\/schema.org","@graph":[{"@type":"Article","@id":"https:\/\/www.emballagedigest.fr\/sealpac-revolutionne-le-thermoformage-avec-sa-nouvelle-serie-f\/#article","isPartOf":{"@id":"https:\/\/www.emballagedigest.fr\/sealpac-revolutionne-le-thermoformage-avec-sa-nouvelle-serie-f\/"},"author":{"name":"Karine Duval","@id":"https:\/\/www.emballagedigest.fr\/#\/schema\/person\/76abe9f2b2ee4d3d520594c7a35da59f"},"headline":"Sealpac r\u00e9volutionne le thermoformage avec sa nouvelle s\u00e9rie F","datePublished":"2025-06-03T11:51:45+00:00","dateModified":"2025-10-03T08:16:06+00:00","mainEntityOfPage":{"@id":"https:\/\/www.emballagedigest.fr\/sealpac-revolutionne-le-thermoformage-avec-sa-nouvelle-serie-f\/"},"wordCount":656,"publisher":{"@id":"https:\/\/www.emballagedigest.fr\/#organization"},"image":{"@id":"https:\/\/www.emballagedigest.fr\/sealpac-revolutionne-le-thermoformage-avec-sa-nouvelle-serie-f\/#primaryimage"},"thumbnailUrl":"https:\/\/www.emballagedigest.fr\/wp-content\/uploads\/2025\/06\/Sealpac1.jpg","articleSection":["Alimentaire","Article entier","Machines"],"inLanguage":"en-GB"},{"@type":"WebPage","@id":"https:\/\/www.emballagedigest.fr\/sealpac-revolutionne-le-thermoformage-avec-sa-nouvelle-serie-f\/","url":"https:\/\/www.emballagedigest.fr\/sealpac-revolutionne-le-thermoformage-avec-sa-nouvelle-serie-f\/","name":"Sealpac r\u00e9volutionne le thermoformage avec sa nouvelle s\u00e9rie F - Emballage Digest","isPartOf":{"@id":"https:\/\/www.emballagedigest.fr\/#website"},"primaryImageOfPage":{"@id":"https:\/\/www.emballagedigest.fr\/sealpac-revolutionne-le-thermoformage-avec-sa-nouvelle-serie-f\/#primaryimage"},"image":{"@id":"https:\/\/www.emballagedigest.fr\/sealpac-revolutionne-le-thermoformage-avec-sa-nouvelle-serie-f\/#primaryimage"},"thumbnailUrl":"https:\/\/www.emballagedigest.fr\/wp-content\/uploads\/2025\/06\/Sealpac1.jpg","datePublished":"2025-06-03T11:51:45+00:00","dateModified":"2025-10-03T08:16:06+00:00","breadcrumb":{"@id":"https:\/\/www.emballagedigest.fr\/sealpac-revolutionne-le-thermoformage-avec-sa-nouvelle-serie-f\/#breadcrumb"},"inLanguage":"en-GB","potentialAction":[{"@type":"ReadAction","target":["https:\/\/www.emballagedigest.fr\/sealpac-revolutionne-le-thermoformage-avec-sa-nouvelle-serie-f\/"]}]},{"@type":"ImageObject","inLanguage":"en-GB","@id":"https:\/\/www.emballagedigest.fr\/sealpac-revolutionne-le-thermoformage-avec-sa-nouvelle-serie-f\/#primaryimage","url":"https:\/\/www.emballagedigest.fr\/wp-content\/uploads\/2025\/06\/Sealpac1.jpg","contentUrl":"https:\/\/www.emballagedigest.fr\/wp-content\/uploads\/2025\/06\/Sealpac1.jpg","width":800,"height":575},{"@type":"BreadcrumbList","@id":"https:\/\/www.emballagedigest.fr\/sealpac-revolutionne-le-thermoformage-avec-sa-nouvelle-serie-f\/#breadcrumb","itemListElement":[{"@type":"ListItem","position":1,"name":"Accueil","item":"https:\/\/www.emballagedigest.fr\/"},{"@type":"ListItem","position":2,"name":"Sealpac r\u00e9volutionne le thermoformage avec sa nouvelle s\u00e9rie F"}]},{"@type":"WebSite","@id":"https:\/\/www.emballagedigest.fr\/#website","url":"https:\/\/www.emballagedigest.fr\/","name":"Emballage Digest","description":"Revue professionnelle sur les emballages","publisher":{"@id":"https:\/\/www.emballagedigest.fr\/#organization"},"potentialAction":[{"@type":"SearchAction","target":{"@type":"EntryPoint","urlTemplate":"https:\/\/www.emballagedigest.fr\/?s={search_term_string}"},"query-input":{"@type":"PropertyValueSpecification","valueRequired":true,"valueName":"search_term_string"}}],"inLanguage":"en-GB"},{"@type":"Organization","@id":"https:\/\/www.emballagedigest.fr\/#organization","name":"Emballage Digest","url":"https:\/\/www.emballagedigest.fr\/","logo":{"@type":"ImageObject","inLanguage":"en-GB","@id":"https:\/\/www.emballagedigest.fr\/#\/schema\/logo\/image\/","url":"https:\/\/www.emballagedigest.fr\/wp-content\/uploads\/2022\/07\/logo-ed.png","contentUrl":"https:\/\/www.emballagedigest.fr\/wp-content\/uploads\/2022\/07\/logo-ed.png","width":379,"height":75,"caption":"Emballage Digest"},"image":{"@id":"https:\/\/www.emballagedigest.fr\/#\/schema\/logo\/image\/"}},{"@type":"Person","@id":"https:\/\/www.emballagedigest.fr\/#\/schema\/person\/76abe9f2b2ee4d3d520594c7a35da59f","name":"Karine Duval","image":{"@type":"ImageObject","inLanguage":"en-GB","@id":"https:\/\/www.emballagedigest.fr\/#\/schema\/person\/image\/","url":"https:\/\/secure.gravatar.com\/avatar\/f552799261cdd2e076e6677d780ef07bdb13aa4c196ab75b39abcbcdcae2d4e5?s=96&d=mm&r=g","contentUrl":"https:\/\/secure.gravatar.com\/avatar\/f552799261cdd2e076e6677d780ef07bdb13aa4c196ab75b39abcbcdcae2d4e5?s=96&d=mm&r=g","caption":"Karine Duval"},"url":"https:\/\/www.emballagedigest.fr\/en\/author\/admin_karduv\/"}]}},"_links":{"self":[{"href":"https:\/\/www.emballagedigest.fr\/en\/wp-json\/wp\/v2\/posts\/44679","targetHints":{"allow":["GET"]}}],"collection":[{"href":"https:\/\/www.emballagedigest.fr\/en\/wp-json\/wp\/v2\/posts"}],"about":[{"href":"https:\/\/www.emballagedigest.fr\/en\/wp-json\/wp\/v2\/types\/post"}],"author":[{"embeddable":true,"href":"https:\/\/www.emballagedigest.fr\/en\/wp-json\/wp\/v2\/users\/2"}],"replies":[{"embeddable":true,"href":"https:\/\/www.emballagedigest.fr\/en\/wp-json\/wp\/v2\/comments?post=44679"}],"version-history":[{"count":3,"href":"https:\/\/www.emballagedigest.fr\/en\/wp-json\/wp\/v2\/posts\/44679\/revisions"}],"predecessor-version":[{"id":44686,"href":"https:\/\/www.emballagedigest.fr\/en\/wp-json\/wp\/v2\/posts\/44679\/revisions\/44686"}],"wp:featuredmedia":[{"embeddable":true,"href":"https:\/\/www.emballagedigest.fr\/en\/wp-json\/wp\/v2\/media\/44680"}],"wp:attachment":[{"href":"https:\/\/www.emballagedigest.fr\/en\/wp-json\/wp\/v2\/media?parent=44679"}],"wp:term":[{"taxonomy":"category","embeddable":true,"href":"https:\/\/www.emballagedigest.fr\/en\/wp-json\/wp\/v2\/categories?post=44679"},{"taxonomy":"post_tag","embeddable":true,"href":"https:\/\/www.emballagedigest.fr\/en\/wp-json\/wp\/v2\/tags?post=44679"}],"curies":[{"name":"wp","href":"https:\/\/api.w.org\/{rel}","templated":true}]}}