{"id":44687,"date":"2025-05-31T16:21:22","date_gmt":"2025-05-31T14:21:22","guid":{"rendered":"https:\/\/www.emballagedigest.fr\/?p=44687"},"modified":"2025-06-03T16:25:41","modified_gmt":"2025-06-03T14:25:41","slug":"sidel-equipe-loreal-de-fins-de-lignes","status":"publish","type":"post","link":"https:\/\/www.emballagedigest.fr\/en\/sidel-equipe-loreal-de-fins-de-lignes\/","title":{"rendered":"Sidel \u00e9quipe L\u2019Or\u00e9al de fins de lignes"},"content":{"rendered":"<p><strong>Fort de ses plus de 35\u00a0ans de partenariat avec le site L\u2019Or\u00e9al de Saint-Quentin au travers de la marque Cermex, sp\u00e9cialis\u00e9e dans les \u00e9quipements de fin de ligne comme les encaisseuses et les palettiseurs, Sidel a install\u00e9 plus de 400\u00a0machines dans le monde pour diverses applications au sein du groupe cosm\u00e9tique. Pour r\u00e9pondre \u00e0 la demande croissante des consommateurs concernant les produits CeraVe, <\/strong><\/p>\n\n\n\n<p>L\u2019Or\u00e9al s\u2019est appuy\u00e9 sur Sidel pour accro\u00eetre la capacit\u00e9 de production de son usine de Saint-Quentin, en France. Le fabricant cosm\u00e9tique avait besoin d\u2019une nouvelle solution de fin de ligne pouvant \u00eatre install\u00e9e rapidement au sein de son site de production. Par ailleurs, l\u2019entreprise recherchait un partenaire qui pourrait ensuite dupliquer dans les plus brefs d\u00e9lais cette solution \u00e9prouv\u00e9e gr\u00e2ce \u00e0 une gestion de projet maitris\u00e9e, une capacit\u00e9 de fabrication solide, une installation et une mise en service rapides, sur le site de Saint-Quentin, mais aussi potentiellement, \u00e0 l\u2019avenir, sur d\u2019autres sites de L\u2019Or\u00e9al. La soci\u00e9t\u00e9 a choisi Sidel, capable de fournir une solution de fin de ligne qui soit facilement et rapidement duplicable, pour ainsi livrer cinq ensembles \u00e0 fin 2025. \u00abLa solution devait \u00eatre simple, abordable et facile \u00e0 utiliser par les op\u00e9rateurs, tout en r\u00e9pondant \u00e0 nos attentes \u00e9lev\u00e9es en mati\u00e8re de s\u00e9curit\u00e9, de qualit\u00e9 et de performance de L\u2019Or\u00e9al, commente Imane\u00a0Boutzaabount, ing\u00e9nieure de projet de l\u2019unit\u00e9 de production\u00a01 de L\u2019Or\u00e9al. Nous avions aussi besoin d\u2019une conception pour les \u00e9quipements conforme \u00e0 notre cahier des charges stricte, notamment une efficience de ligne de 99%, une masse des outillages de 10\u00a0kg maximum et une hauteur limite de magasin carton \u00e0 850\u00a0mm afin de faciliter le chargement pour les op\u00e9rateurs\u00bb.<\/p>\n\n\n\n<figure class=\"wp-block-image size-full is-resized\"><img loading=\"lazy\" decoding=\"async\" width=\"800\" height=\"534\" src=\"https:\/\/www.emballagedigest.fr\/wp-content\/uploads\/2025\/06\/SIDEL2.jpg\" alt=\"\" class=\"wp-image-44689\" style=\"width:840px;height:auto\" srcset=\"https:\/\/www.emballagedigest.fr\/wp-content\/uploads\/2025\/06\/SIDEL2.jpg 800w, https:\/\/www.emballagedigest.fr\/wp-content\/uploads\/2025\/06\/SIDEL2-300x200.jpg 300w, https:\/\/www.emballagedigest.fr\/wp-content\/uploads\/2025\/06\/SIDEL2-768x513.jpg 768w, https:\/\/www.emballagedigest.fr\/wp-content\/uploads\/2025\/06\/SIDEL2-18x12.jpg 18w\" sizes=\"auto, (max-width: 800px) 100vw, 800px\" \/><\/figure>\n\n\n\n<p>La configuration pour chaque ligne comprend une encaisseuse verticale\u00a0Cermex SD69 de Sidel, monobloc multifonction qui combine le regroupement des flacons, le formage, l\u2019encaissage vertical et la fermeture des caisses avec une conception en porte-\u00e0-faux qui permet \u00e0 l\u2019op\u00e9rateur d\u2019acc\u00e9der de plain-pied au c\u0153ur de la machine. La solution d\u2019encaissage int\u00e8gre le syst\u00e8me d\u2019alimentation Cermex\u00a0ProSelex, con\u00e7u pour des changements de format rapides et faciles, avec des outillages l\u00e9gers pesant moins de 1\u00a0kg. L\u2019encaisseuse est \u00e9quip\u00e9e d\u2019un outillage de pr\u00e9hension adapt\u00e9 qui utilise des plaques lat\u00e9rales pour saisir les flacons par le corps, assurant une manipulation d\u00e9licate et \u00e9vitant tout dommage \u00e0 la pompe, quelle que soit son orientation.\u00a0De plus, la solution Sidel comprend \u00e9galement le palettiseur compact quatre\u00a0axes Cermex\u00a0P9 qui est \u00e9quip\u00e9 d\u2019une alimentation et d\u2019une \u00e9vacuation automatiques des palettes, ce qui optimise la fonction globale de palettisation. Cette derni\u00e8re est \u00e9galement int\u00e9gr\u00e9e au syst\u00e8me global de chariots automatiques (LGV) de l\u2019usine, ce qui garantit la gestion compl\u00e8te des palettes avec une connectivit\u00e9 transparente, afin d\u2019am\u00e9liorer l\u2019efficacit\u00e9 op\u00e9rationnelle.<\/p>\n\n\n\n<p>Cette solution combin\u00e9e peut atteindre des cadences de 120\u00a0bouteilles par minute ou 15\u00a0cycles par minute au niveau de l\u2019encaisseuse, avec une flexibilit\u00e9 permettant de g\u00e9rer quatre formats de bouteilles (8, 16, 19 et 33\u00a0oz) et trois\u00a0formats de caisses am\u00e9ricaines (6, 12 et 24). La ligne int\u00e8gre \u00e9galement des outils de tra\u00e7abilit\u00e9 perfectionn\u00e9s, comme des syst\u00e8mes d\u2019\u00e9tiquetage et de pes\u00e9e des caisses, pour garantir que la caisse contient le bon nombre de produits et maintenir la fiabilit\u00e9 op\u00e9rationnelle. De plus, un outil d\u2019analyse du fonctionnement a \u00e9galement \u00e9t\u00e9 install\u00e9\u00a0: il s\u2019appuie sur un syst\u00e8me de vision avec deux cam\u00e9ras pr\u00e9sentes dans l\u2019encaisseuse pour enregistrer les arr\u00eats et les incidents potentiels, ce qui permet, en examinant les vid\u00e9os, de trouver rapidement la cause originelle de l\u2019incident. Ce syst\u00e8me r\u00e9sout les probl\u00e8mes efficacement et pr\u00e9vient toute r\u00e9cidive, au lieu de proc\u00e9der \u00e0 une recherche par t\u00e2tonnements.<\/p>\n\n\n\n<p>\u00c0 ce jour, Sidel a install\u00e9 deux lignes sur le site de Saint-Quentin et trois autres sont pr\u00e9vues en 2025.<\/p>","protected":false},"excerpt":{"rendered":"<p>Fort de ses plus de 35\u00a0ans de partenariat avec le site L\u2019Or\u00e9al de Saint-Quentin au travers de la marque Cermex, sp\u00e9cialis\u00e9e dans les \u00e9quipements de fin de ligne comme les encaisseuses et les palettiseurs, Sidel a install\u00e9 plus de 400\u00a0machines dans le monde pour diverses applications au sein du groupe cosm\u00e9tique. Pour r\u00e9pondre \u00e0 la [&hellip;]<\/p>","protected":false},"author":2,"featured_media":44688,"comment_status":"closed","ping_status":"closed","sticky":false,"template":"","format":"standard","meta":{"_acf_changed":false,"inline_featured_image":false,"iawp_total_views":11,"footnotes":""},"categories":[28,26,35,6,65],"tags":[],"class_list":["post-44687","post","type-post","status-publish","format-standard","has-post-thumbnail","hentry","category-article-entier","category-laterale","category-machines-fr","category-parfumerie-cosmetique","category-vu-dans-le-mag"],"acf":[],"yoast_head":"<!-- This site is optimized with the Yoast SEO plugin v24.4 - https:\/\/yoast.com\/wordpress\/plugins\/seo\/ -->\n<title>Sidel \u00e9quipe L\u2019Or\u00e9al de fins de lignes - Emballage Digest<\/title>\n<meta name=\"robots\" content=\"index, follow, max-snippet:-1, max-image-preview:large, max-video-preview:-1\" \/>\n<link rel=\"canonical\" href=\"https:\/\/www.emballagedigest.fr\/en\/sidel-equipe-loreal-de-fins-de-lignes\/\" \/>\n<meta property=\"og:locale\" content=\"en_GB\" \/>\n<meta property=\"og:type\" content=\"article\" \/>\n<meta property=\"og:title\" content=\"Sidel \u00e9quipe L\u2019Or\u00e9al de fins de lignes - Emballage Digest\" \/>\n<meta property=\"og:description\" content=\"Fort de ses plus de 35\u00a0ans de partenariat avec le site L\u2019Or\u00e9al de Saint-Quentin au travers de la marque Cermex, sp\u00e9cialis\u00e9e dans les \u00e9quipements de fin de ligne comme les encaisseuses et les palettiseurs, Sidel a install\u00e9 plus de 400\u00a0machines dans le monde pour diverses applications au sein du groupe cosm\u00e9tique. Pour r\u00e9pondre \u00e0 la [&hellip;]\" \/>\n<meta property=\"og:url\" content=\"https:\/\/www.emballagedigest.fr\/en\/sidel-equipe-loreal-de-fins-de-lignes\/\" \/>\n<meta property=\"og:site_name\" content=\"Emballage Digest\" \/>\n<meta property=\"article:published_time\" content=\"2025-05-31T14:21:22+00:00\" \/>\n<meta property=\"article:modified_time\" content=\"2025-06-03T14:25:41+00:00\" \/>\n<meta property=\"og:image\" content=\"https:\/\/www.emballagedigest.fr\/wp-content\/uploads\/2025\/06\/SIDEL1.jpg\" \/>\n\t<meta property=\"og:image:width\" content=\"800\" \/>\n\t<meta property=\"og:image:height\" content=\"582\" \/>\n\t<meta property=\"og:image:type\" content=\"image\/jpeg\" \/>\n<meta name=\"author\" content=\"Karine Duval\" \/>\n<meta name=\"twitter:card\" content=\"summary_large_image\" \/>\n<meta name=\"twitter:label1\" content=\"Written by\" \/>\n\t<meta name=\"twitter:data1\" content=\"Karine Duval\" \/>\n\t<meta name=\"twitter:label2\" content=\"Estimated reading time\" \/>\n\t<meta name=\"twitter:data2\" content=\"4 minutes\" \/>\n<script type=\"application\/ld+json\" class=\"yoast-schema-graph\">{\"@context\":\"https:\/\/schema.org\",\"@graph\":[{\"@type\":\"Article\",\"@id\":\"https:\/\/www.emballagedigest.fr\/sidel-equipe-loreal-de-fins-de-lignes\/#article\",\"isPartOf\":{\"@id\":\"https:\/\/www.emballagedigest.fr\/sidel-equipe-loreal-de-fins-de-lignes\/\"},\"author\":{\"name\":\"Karine Duval\",\"@id\":\"https:\/\/www.emballagedigest.fr\/#\/schema\/person\/76abe9f2b2ee4d3d520594c7a35da59f\"},\"headline\":\"Sidel \u00e9quipe L\u2019Or\u00e9al de fins de lignes\",\"datePublished\":\"2025-05-31T14:21:22+00:00\",\"dateModified\":\"2025-06-03T14:25:41+00:00\",\"mainEntityOfPage\":{\"@id\":\"https:\/\/www.emballagedigest.fr\/sidel-equipe-loreal-de-fins-de-lignes\/\"},\"wordCount\":694,\"publisher\":{\"@id\":\"https:\/\/www.emballagedigest.fr\/#organization\"},\"image\":{\"@id\":\"https:\/\/www.emballagedigest.fr\/sidel-equipe-loreal-de-fins-de-lignes\/#primaryimage\"},\"thumbnailUrl\":\"https:\/\/www.emballagedigest.fr\/wp-content\/uploads\/2025\/06\/SIDEL1.jpg\",\"articleSection\":[\"Article entier\",\"Barre lat\u00e9rale\",\"Machines\",\"Parfumerie &amp; Cosm\u00e9tique\",\"Vu dans le mag\"],\"inLanguage\":\"en-GB\"},{\"@type\":\"WebPage\",\"@id\":\"https:\/\/www.emballagedigest.fr\/sidel-equipe-loreal-de-fins-de-lignes\/\",\"url\":\"https:\/\/www.emballagedigest.fr\/sidel-equipe-loreal-de-fins-de-lignes\/\",\"name\":\"Sidel \u00e9quipe L\u2019Or\u00e9al de fins de lignes - Emballage Digest\",\"isPartOf\":{\"@id\":\"https:\/\/www.emballagedigest.fr\/#website\"},\"primaryImageOfPage\":{\"@id\":\"https:\/\/www.emballagedigest.fr\/sidel-equipe-loreal-de-fins-de-lignes\/#primaryimage\"},\"image\":{\"@id\":\"https:\/\/www.emballagedigest.fr\/sidel-equipe-loreal-de-fins-de-lignes\/#primaryimage\"},\"thumbnailUrl\":\"https:\/\/www.emballagedigest.fr\/wp-content\/uploads\/2025\/06\/SIDEL1.jpg\",\"datePublished\":\"2025-05-31T14:21:22+00:00\",\"dateModified\":\"2025-06-03T14:25:41+00:00\",\"breadcrumb\":{\"@id\":\"https:\/\/www.emballagedigest.fr\/sidel-equipe-loreal-de-fins-de-lignes\/#breadcrumb\"},\"inLanguage\":\"en-GB\",\"potentialAction\":[{\"@type\":\"ReadAction\",\"target\":[\"https:\/\/www.emballagedigest.fr\/sidel-equipe-loreal-de-fins-de-lignes\/\"]}]},{\"@type\":\"ImageObject\",\"inLanguage\":\"en-GB\",\"@id\":\"https:\/\/www.emballagedigest.fr\/sidel-equipe-loreal-de-fins-de-lignes\/#primaryimage\",\"url\":\"https:\/\/www.emballagedigest.fr\/wp-content\/uploads\/2025\/06\/SIDEL1.jpg\",\"contentUrl\":\"https:\/\/www.emballagedigest.fr\/wp-content\/uploads\/2025\/06\/SIDEL1.jpg\",\"width\":800,\"height\":582},{\"@type\":\"BreadcrumbList\",\"@id\":\"https:\/\/www.emballagedigest.fr\/sidel-equipe-loreal-de-fins-de-lignes\/#breadcrumb\",\"itemListElement\":[{\"@type\":\"ListItem\",\"position\":1,\"name\":\"Accueil\",\"item\":\"https:\/\/www.emballagedigest.fr\/\"},{\"@type\":\"ListItem\",\"position\":2,\"name\":\"Sidel \u00e9quipe L\u2019Or\u00e9al de fins de lignes\"}]},{\"@type\":\"WebSite\",\"@id\":\"https:\/\/www.emballagedigest.fr\/#website\",\"url\":\"https:\/\/www.emballagedigest.fr\/\",\"name\":\"Emballage Digest\",\"description\":\"Revue professionnelle sur les emballages\",\"publisher\":{\"@id\":\"https:\/\/www.emballagedigest.fr\/#organization\"},\"potentialAction\":[{\"@type\":\"SearchAction\",\"target\":{\"@type\":\"EntryPoint\",\"urlTemplate\":\"https:\/\/www.emballagedigest.fr\/?s={search_term_string}\"},\"query-input\":{\"@type\":\"PropertyValueSpecification\",\"valueRequired\":true,\"valueName\":\"search_term_string\"}}],\"inLanguage\":\"en-GB\"},{\"@type\":\"Organization\",\"@id\":\"https:\/\/www.emballagedigest.fr\/#organization\",\"name\":\"Emballage Digest\",\"url\":\"https:\/\/www.emballagedigest.fr\/\",\"logo\":{\"@type\":\"ImageObject\",\"inLanguage\":\"en-GB\",\"@id\":\"https:\/\/www.emballagedigest.fr\/#\/schema\/logo\/image\/\",\"url\":\"https:\/\/www.emballagedigest.fr\/wp-content\/uploads\/2022\/07\/logo-ed.png\",\"contentUrl\":\"https:\/\/www.emballagedigest.fr\/wp-content\/uploads\/2022\/07\/logo-ed.png\",\"width\":379,\"height\":75,\"caption\":\"Emballage Digest\"},\"image\":{\"@id\":\"https:\/\/www.emballagedigest.fr\/#\/schema\/logo\/image\/\"}},{\"@type\":\"Person\",\"@id\":\"https:\/\/www.emballagedigest.fr\/#\/schema\/person\/76abe9f2b2ee4d3d520594c7a35da59f\",\"name\":\"Karine Duval\",\"image\":{\"@type\":\"ImageObject\",\"inLanguage\":\"en-GB\",\"@id\":\"https:\/\/www.emballagedigest.fr\/#\/schema\/person\/image\/\",\"url\":\"https:\/\/secure.gravatar.com\/avatar\/f552799261cdd2e076e6677d780ef07bdb13aa4c196ab75b39abcbcdcae2d4e5?s=96&d=mm&r=g\",\"contentUrl\":\"https:\/\/secure.gravatar.com\/avatar\/f552799261cdd2e076e6677d780ef07bdb13aa4c196ab75b39abcbcdcae2d4e5?s=96&d=mm&r=g\",\"caption\":\"Karine Duval\"},\"url\":\"https:\/\/www.emballagedigest.fr\/en\/author\/admin_karduv\/\"}]}<\/script>\n<!-- \/ Yoast SEO plugin. -->","yoast_head_json":{"title":"Sidel \u00e9quipe L\u2019Or\u00e9al de fins de lignes - Emballage Digest","robots":{"index":"index","follow":"follow","max-snippet":"max-snippet:-1","max-image-preview":"max-image-preview:large","max-video-preview":"max-video-preview:-1"},"canonical":"https:\/\/www.emballagedigest.fr\/en\/sidel-equipe-loreal-de-fins-de-lignes\/","og_locale":"en_GB","og_type":"article","og_title":"Sidel \u00e9quipe L\u2019Or\u00e9al de fins de lignes - Emballage Digest","og_description":"Fort de ses plus de 35\u00a0ans de partenariat avec le site L\u2019Or\u00e9al de Saint-Quentin au travers de la marque Cermex, sp\u00e9cialis\u00e9e dans les \u00e9quipements de fin de ligne comme les encaisseuses et les palettiseurs, Sidel a install\u00e9 plus de 400\u00a0machines dans le monde pour diverses applications au sein du groupe cosm\u00e9tique. Pour r\u00e9pondre \u00e0 la [&hellip;]","og_url":"https:\/\/www.emballagedigest.fr\/en\/sidel-equipe-loreal-de-fins-de-lignes\/","og_site_name":"Emballage Digest","article_published_time":"2025-05-31T14:21:22+00:00","article_modified_time":"2025-06-03T14:25:41+00:00","og_image":[{"width":800,"height":582,"url":"https:\/\/www.emballagedigest.fr\/wp-content\/uploads\/2025\/06\/SIDEL1.jpg","type":"image\/jpeg"}],"author":"Karine Duval","twitter_card":"summary_large_image","twitter_misc":{"Written by":"Karine Duval","Estimated reading time":"4 minutes"},"schema":{"@context":"https:\/\/schema.org","@graph":[{"@type":"Article","@id":"https:\/\/www.emballagedigest.fr\/sidel-equipe-loreal-de-fins-de-lignes\/#article","isPartOf":{"@id":"https:\/\/www.emballagedigest.fr\/sidel-equipe-loreal-de-fins-de-lignes\/"},"author":{"name":"Karine Duval","@id":"https:\/\/www.emballagedigest.fr\/#\/schema\/person\/76abe9f2b2ee4d3d520594c7a35da59f"},"headline":"Sidel \u00e9quipe L\u2019Or\u00e9al de fins de lignes","datePublished":"2025-05-31T14:21:22+00:00","dateModified":"2025-06-03T14:25:41+00:00","mainEntityOfPage":{"@id":"https:\/\/www.emballagedigest.fr\/sidel-equipe-loreal-de-fins-de-lignes\/"},"wordCount":694,"publisher":{"@id":"https:\/\/www.emballagedigest.fr\/#organization"},"image":{"@id":"https:\/\/www.emballagedigest.fr\/sidel-equipe-loreal-de-fins-de-lignes\/#primaryimage"},"thumbnailUrl":"https:\/\/www.emballagedigest.fr\/wp-content\/uploads\/2025\/06\/SIDEL1.jpg","articleSection":["Article entier","Barre lat\u00e9rale","Machines","Parfumerie &amp; Cosm\u00e9tique","Vu dans le mag"],"inLanguage":"en-GB"},{"@type":"WebPage","@id":"https:\/\/www.emballagedigest.fr\/sidel-equipe-loreal-de-fins-de-lignes\/","url":"https:\/\/www.emballagedigest.fr\/sidel-equipe-loreal-de-fins-de-lignes\/","name":"Sidel \u00e9quipe L\u2019Or\u00e9al de fins de lignes - Emballage Digest","isPartOf":{"@id":"https:\/\/www.emballagedigest.fr\/#website"},"primaryImageOfPage":{"@id":"https:\/\/www.emballagedigest.fr\/sidel-equipe-loreal-de-fins-de-lignes\/#primaryimage"},"image":{"@id":"https:\/\/www.emballagedigest.fr\/sidel-equipe-loreal-de-fins-de-lignes\/#primaryimage"},"thumbnailUrl":"https:\/\/www.emballagedigest.fr\/wp-content\/uploads\/2025\/06\/SIDEL1.jpg","datePublished":"2025-05-31T14:21:22+00:00","dateModified":"2025-06-03T14:25:41+00:00","breadcrumb":{"@id":"https:\/\/www.emballagedigest.fr\/sidel-equipe-loreal-de-fins-de-lignes\/#breadcrumb"},"inLanguage":"en-GB","potentialAction":[{"@type":"ReadAction","target":["https:\/\/www.emballagedigest.fr\/sidel-equipe-loreal-de-fins-de-lignes\/"]}]},{"@type":"ImageObject","inLanguage":"en-GB","@id":"https:\/\/www.emballagedigest.fr\/sidel-equipe-loreal-de-fins-de-lignes\/#primaryimage","url":"https:\/\/www.emballagedigest.fr\/wp-content\/uploads\/2025\/06\/SIDEL1.jpg","contentUrl":"https:\/\/www.emballagedigest.fr\/wp-content\/uploads\/2025\/06\/SIDEL1.jpg","width":800,"height":582},{"@type":"BreadcrumbList","@id":"https:\/\/www.emballagedigest.fr\/sidel-equipe-loreal-de-fins-de-lignes\/#breadcrumb","itemListElement":[{"@type":"ListItem","position":1,"name":"Accueil","item":"https:\/\/www.emballagedigest.fr\/"},{"@type":"ListItem","position":2,"name":"Sidel \u00e9quipe L\u2019Or\u00e9al de fins de lignes"}]},{"@type":"WebSite","@id":"https:\/\/www.emballagedigest.fr\/#website","url":"https:\/\/www.emballagedigest.fr\/","name":"Emballage Digest","description":"Revue professionnelle sur les emballages","publisher":{"@id":"https:\/\/www.emballagedigest.fr\/#organization"},"potentialAction":[{"@type":"SearchAction","target":{"@type":"EntryPoint","urlTemplate":"https:\/\/www.emballagedigest.fr\/?s={search_term_string}"},"query-input":{"@type":"PropertyValueSpecification","valueRequired":true,"valueName":"search_term_string"}}],"inLanguage":"en-GB"},{"@type":"Organization","@id":"https:\/\/www.emballagedigest.fr\/#organization","name":"Emballage Digest","url":"https:\/\/www.emballagedigest.fr\/","logo":{"@type":"ImageObject","inLanguage":"en-GB","@id":"https:\/\/www.emballagedigest.fr\/#\/schema\/logo\/image\/","url":"https:\/\/www.emballagedigest.fr\/wp-content\/uploads\/2022\/07\/logo-ed.png","contentUrl":"https:\/\/www.emballagedigest.fr\/wp-content\/uploads\/2022\/07\/logo-ed.png","width":379,"height":75,"caption":"Emballage Digest"},"image":{"@id":"https:\/\/www.emballagedigest.fr\/#\/schema\/logo\/image\/"}},{"@type":"Person","@id":"https:\/\/www.emballagedigest.fr\/#\/schema\/person\/76abe9f2b2ee4d3d520594c7a35da59f","name":"Karine Duval","image":{"@type":"ImageObject","inLanguage":"en-GB","@id":"https:\/\/www.emballagedigest.fr\/#\/schema\/person\/image\/","url":"https:\/\/secure.gravatar.com\/avatar\/f552799261cdd2e076e6677d780ef07bdb13aa4c196ab75b39abcbcdcae2d4e5?s=96&d=mm&r=g","contentUrl":"https:\/\/secure.gravatar.com\/avatar\/f552799261cdd2e076e6677d780ef07bdb13aa4c196ab75b39abcbcdcae2d4e5?s=96&d=mm&r=g","caption":"Karine Duval"},"url":"https:\/\/www.emballagedigest.fr\/en\/author\/admin_karduv\/"}]}},"_links":{"self":[{"href":"https:\/\/www.emballagedigest.fr\/en\/wp-json\/wp\/v2\/posts\/44687","targetHints":{"allow":["GET"]}}],"collection":[{"href":"https:\/\/www.emballagedigest.fr\/en\/wp-json\/wp\/v2\/posts"}],"about":[{"href":"https:\/\/www.emballagedigest.fr\/en\/wp-json\/wp\/v2\/types\/post"}],"author":[{"embeddable":true,"href":"https:\/\/www.emballagedigest.fr\/en\/wp-json\/wp\/v2\/users\/2"}],"replies":[{"embeddable":true,"href":"https:\/\/www.emballagedigest.fr\/en\/wp-json\/wp\/v2\/comments?post=44687"}],"version-history":[{"count":1,"href":"https:\/\/www.emballagedigest.fr\/en\/wp-json\/wp\/v2\/posts\/44687\/revisions"}],"predecessor-version":[{"id":44690,"href":"https:\/\/www.emballagedigest.fr\/en\/wp-json\/wp\/v2\/posts\/44687\/revisions\/44690"}],"wp:featuredmedia":[{"embeddable":true,"href":"https:\/\/www.emballagedigest.fr\/en\/wp-json\/wp\/v2\/media\/44688"}],"wp:attachment":[{"href":"https:\/\/www.emballagedigest.fr\/en\/wp-json\/wp\/v2\/media?parent=44687"}],"wp:term":[{"taxonomy":"category","embeddable":true,"href":"https:\/\/www.emballagedigest.fr\/en\/wp-json\/wp\/v2\/categories?post=44687"},{"taxonomy":"post_tag","embeddable":true,"href":"https:\/\/www.emballagedigest.fr\/en\/wp-json\/wp\/v2\/tags?post=44687"}],"curies":[{"name":"wp","href":"https:\/\/api.w.org\/{rel}","templated":true}]}}