{"id":44691,"date":"2025-05-31T16:25:53","date_gmt":"2025-05-31T14:25:53","guid":{"rendered":"https:\/\/www.emballagedigest.fr\/?p=44691"},"modified":"2025-06-03T16:27:43","modified_gmt":"2025-06-03T14:27:43","slug":"recyclage-des-plastiques-en-france-un-bilan-2024-contraste","status":"publish","type":"post","link":"https:\/\/www.emballagedigest.fr\/en\/recyclage-des-plastiques-en-france-un-bilan-2024-contraste\/","title":{"rendered":"Recyclage des plastiques en France\u00a0: un bilan 2024 contrast\u00e9"},"content":{"rendered":"<p>Selon le rapport 2024 du Syndicat national des R\u00e9g\u00e9n\u00e9rateurs de mati\u00e8res Plastiques (SRP) \u2013 repr\u00e9sentant environ 85% de la capacit\u00e9 de r\u00e9g\u00e9n\u00e9ration en France \u2013 les membres du SRP ont produit 623 560 tonnes de Mati\u00e8res Premi\u00e8res de Recyclage (MPR), marquant une progression de 9,2% par rapport \u00e0 2023. <\/p>\n\n\n\n<p>Cette croissance a \u00e9t\u00e9 rendue possible notamment par une am\u00e9lioration de la productivit\u00e9 industrielle et des ajustements tarifaires pour pr\u00e9server les parts de march\u00e9 face \u00e0 la concurrence des r\u00e9sines vierges import\u00e9es \u00e0 bas prix. Une dynamique qui ne doit cependant pas masquer des signes de fragilit\u00e9 in\u00e9dits\u00a0: en effet, pour la premi\u00e8re fois depuis plus de dix ans, deux entreprises membres du SRP ont cess\u00e9 leur activit\u00e9 de r\u00e9g\u00e9n\u00e9ration. A noter, gr\u00e2ce \u00e0 leurs investissements continus, la capacit\u00e9 de production des membres du SRP atteint d\u00e9sormais 960 000 tonnes, avec des perspectives de d\u00e9passer le million de tonnes de MPR d\u2019ici 2027. Le syndicat rappelle que pour atteindre cet objectif, \u00abil importe que l\u2019approvisionnement en d\u00e9chets tri\u00e9s et la demande de MPR suivent\u00bb.<br><\/p>\n\n\n\n<p>La r\u00e9partition sectorielle des d\u00e9bouch\u00e9s, quant \u00e0 elle, \u00e9volue : si l\u2019emballage reste pr\u00e9dominant (47%), la construction poursuit son repli (de 21 \u00e0 18%) et l\u2019automobile fl\u00e9chit (de 13 \u00e0 11%) tandis que l\u2019agrofourniture gagne du terrain (3,2%). Enfin, les ventes nationales de MPR progressent de 7,8 % pour atteindre 447 777 tonnes et les exportations sont en forte croissance (+38%) \u00e0 149 831 tonnes, contrebalan\u00e7ant une demande fran\u00e7aise en stagnation. Les d\u00e9chets utilis\u00e9s sont \u00e0 80% d\u2019origine nationale, dont 66 % issus des fili\u00e8res REP. Le PET, stable \u00e0 42%, reste le flux principal.<\/p>\n\n\n\n<p><br>La production de MPR a permis en 2024 une \u00e9conomie carbone estim\u00e9e \u00e0 1 435 150 tonnes de CO2 eq. et 96 % des MPR produites sont associ\u00e9es \u00e0 un Eco-profil certifi\u00e9, renfor\u00e7ant la tra\u00e7abilit\u00e9 et la transparence environnementale du secteur. \u00abLes r\u00e9g\u00e9n\u00e9rateurs sont pleinement mobilis\u00e9s en faveur de l\u2019\u00e9conomie circulaire. Ils ont investi, innov\u00e9, structur\u00e9 leurs fili\u00e8res. Il est d\u00e9sormais urgent que l\u2019ensemble des acteurs \u00e9conomiques et publics soutiennent durablement l\u2019int\u00e9gration des MPR dans les produits plastiques\u00bb, appelle R\u00e9my Belval, pr\u00e9sident du SRP. n<\/p>","protected":false},"excerpt":{"rendered":"<p>Selon le rapport 2024 du Syndicat national des R\u00e9g\u00e9n\u00e9rateurs de mati\u00e8res Plastiques (SRP) \u2013 repr\u00e9sentant environ 85% de la capacit\u00e9 de r\u00e9g\u00e9n\u00e9ration en France \u2013 les membres du SRP ont produit 623 560 tonnes de Mati\u00e8res Premi\u00e8res de Recyclage (MPR), marquant une progression de 9,2% par rapport \u00e0 2023. Cette croissance a \u00e9t\u00e9 rendue possible [&hellip;]<\/p>","protected":false},"author":2,"featured_media":44692,"comment_status":"closed","ping_status":"closed","sticky":false,"template":"","format":"standard","meta":{"_acf_changed":false,"inline_featured_image":false,"iawp_total_views":12,"footnotes":""},"categories":[28,26,35,10,65],"tags":[],"class_list":["post-44691","post","type-post","status-publish","format-standard","has-post-thumbnail","hentry","category-article-entier","category-laterale","category-machines-fr","category-materiaux","category-vu-dans-le-mag"],"acf":[],"yoast_head":"<!-- This site is optimized with the Yoast SEO plugin v24.4 - https:\/\/yoast.com\/wordpress\/plugins\/seo\/ -->\n<title>Recyclage des plastiques en France\u00a0: un bilan 2024 contrast\u00e9 - Emballage Digest<\/title>\n<meta name=\"robots\" content=\"index, follow, max-snippet:-1, max-image-preview:large, max-video-preview:-1\" \/>\n<link rel=\"canonical\" href=\"https:\/\/www.emballagedigest.fr\/en\/recyclage-des-plastiques-en-france-un-bilan-2024-contraste\/\" \/>\n<meta property=\"og:locale\" content=\"en_GB\" \/>\n<meta property=\"og:type\" content=\"article\" \/>\n<meta property=\"og:title\" content=\"Recyclage des plastiques en France\u00a0: un bilan 2024 contrast\u00e9 - Emballage Digest\" \/>\n<meta property=\"og:description\" content=\"Selon le rapport 2024 du Syndicat national des R\u00e9g\u00e9n\u00e9rateurs de mati\u00e8res Plastiques (SRP) \u2013 repr\u00e9sentant environ 85% de la capacit\u00e9 de r\u00e9g\u00e9n\u00e9ration en France \u2013 les membres du SRP ont produit 623 560 tonnes de Mati\u00e8res Premi\u00e8res de Recyclage (MPR), marquant une progression de 9,2% par rapport \u00e0 2023. Cette croissance a \u00e9t\u00e9 rendue possible [&hellip;]\" \/>\n<meta property=\"og:url\" content=\"https:\/\/www.emballagedigest.fr\/en\/recyclage-des-plastiques-en-france-un-bilan-2024-contraste\/\" \/>\n<meta property=\"og:site_name\" content=\"Emballage Digest\" \/>\n<meta property=\"article:published_time\" content=\"2025-05-31T14:25:53+00:00\" \/>\n<meta property=\"article:modified_time\" content=\"2025-06-03T14:27:43+00:00\" \/>\n<meta property=\"og:image\" content=\"https:\/\/www.emballagedigest.fr\/wp-content\/uploads\/2025\/06\/SRP.jpg\" \/>\n\t<meta property=\"og:image:width\" content=\"800\" \/>\n\t<meta property=\"og:image:height\" content=\"600\" \/>\n\t<meta property=\"og:image:type\" content=\"image\/jpeg\" \/>\n<meta name=\"author\" content=\"Karine Duval\" \/>\n<meta name=\"twitter:card\" content=\"summary_large_image\" \/>\n<meta name=\"twitter:label1\" content=\"Written by\" \/>\n\t<meta name=\"twitter:data1\" content=\"Karine Duval\" \/>\n\t<meta name=\"twitter:label2\" content=\"Estimated reading time\" \/>\n\t<meta name=\"twitter:data2\" content=\"2 minutes\" \/>\n<script type=\"application\/ld+json\" class=\"yoast-schema-graph\">{\"@context\":\"https:\/\/schema.org\",\"@graph\":[{\"@type\":\"Article\",\"@id\":\"https:\/\/www.emballagedigest.fr\/recyclage-des-plastiques-en-france-un-bilan-2024-contraste\/#article\",\"isPartOf\":{\"@id\":\"https:\/\/www.emballagedigest.fr\/recyclage-des-plastiques-en-france-un-bilan-2024-contraste\/\"},\"author\":{\"name\":\"Karine Duval\",\"@id\":\"https:\/\/www.emballagedigest.fr\/#\/schema\/person\/76abe9f2b2ee4d3d520594c7a35da59f\"},\"headline\":\"Recyclage des plastiques en France\u00a0: un bilan 2024 contrast\u00e9\",\"datePublished\":\"2025-05-31T14:25:53+00:00\",\"dateModified\":\"2025-06-03T14:27:43+00:00\",\"mainEntityOfPage\":{\"@id\":\"https:\/\/www.emballagedigest.fr\/recyclage-des-plastiques-en-france-un-bilan-2024-contraste\/\"},\"wordCount\":370,\"publisher\":{\"@id\":\"https:\/\/www.emballagedigest.fr\/#organization\"},\"image\":{\"@id\":\"https:\/\/www.emballagedigest.fr\/recyclage-des-plastiques-en-france-un-bilan-2024-contraste\/#primaryimage\"},\"thumbnailUrl\":\"https:\/\/www.emballagedigest.fr\/wp-content\/uploads\/2025\/06\/SRP.jpg\",\"articleSection\":[\"Article entier\",\"Barre lat\u00e9rale\",\"Machines\",\"Mat\u00e9riaux\",\"Vu dans le mag\"],\"inLanguage\":\"en-GB\"},{\"@type\":\"WebPage\",\"@id\":\"https:\/\/www.emballagedigest.fr\/recyclage-des-plastiques-en-france-un-bilan-2024-contraste\/\",\"url\":\"https:\/\/www.emballagedigest.fr\/recyclage-des-plastiques-en-france-un-bilan-2024-contraste\/\",\"name\":\"Recyclage des plastiques en France\u00a0: un bilan 2024 contrast\u00e9 - Emballage Digest\",\"isPartOf\":{\"@id\":\"https:\/\/www.emballagedigest.fr\/#website\"},\"primaryImageOfPage\":{\"@id\":\"https:\/\/www.emballagedigest.fr\/recyclage-des-plastiques-en-france-un-bilan-2024-contraste\/#primaryimage\"},\"image\":{\"@id\":\"https:\/\/www.emballagedigest.fr\/recyclage-des-plastiques-en-france-un-bilan-2024-contraste\/#primaryimage\"},\"thumbnailUrl\":\"https:\/\/www.emballagedigest.fr\/wp-content\/uploads\/2025\/06\/SRP.jpg\",\"datePublished\":\"2025-05-31T14:25:53+00:00\",\"dateModified\":\"2025-06-03T14:27:43+00:00\",\"breadcrumb\":{\"@id\":\"https:\/\/www.emballagedigest.fr\/recyclage-des-plastiques-en-france-un-bilan-2024-contraste\/#breadcrumb\"},\"inLanguage\":\"en-GB\",\"potentialAction\":[{\"@type\":\"ReadAction\",\"target\":[\"https:\/\/www.emballagedigest.fr\/recyclage-des-plastiques-en-france-un-bilan-2024-contraste\/\"]}]},{\"@type\":\"ImageObject\",\"inLanguage\":\"en-GB\",\"@id\":\"https:\/\/www.emballagedigest.fr\/recyclage-des-plastiques-en-france-un-bilan-2024-contraste\/#primaryimage\",\"url\":\"https:\/\/www.emballagedigest.fr\/wp-content\/uploads\/2025\/06\/SRP.jpg\",\"contentUrl\":\"https:\/\/www.emballagedigest.fr\/wp-content\/uploads\/2025\/06\/SRP.jpg\",\"width\":800,\"height\":600},{\"@type\":\"BreadcrumbList\",\"@id\":\"https:\/\/www.emballagedigest.fr\/recyclage-des-plastiques-en-france-un-bilan-2024-contraste\/#breadcrumb\",\"itemListElement\":[{\"@type\":\"ListItem\",\"position\":1,\"name\":\"Accueil\",\"item\":\"https:\/\/www.emballagedigest.fr\/\"},{\"@type\":\"ListItem\",\"position\":2,\"name\":\"Recyclage des plastiques en France\u00a0: un bilan 2024 contrast\u00e9\"}]},{\"@type\":\"WebSite\",\"@id\":\"https:\/\/www.emballagedigest.fr\/#website\",\"url\":\"https:\/\/www.emballagedigest.fr\/\",\"name\":\"Emballage Digest\",\"description\":\"Revue professionnelle sur les emballages\",\"publisher\":{\"@id\":\"https:\/\/www.emballagedigest.fr\/#organization\"},\"potentialAction\":[{\"@type\":\"SearchAction\",\"target\":{\"@type\":\"EntryPoint\",\"urlTemplate\":\"https:\/\/www.emballagedigest.fr\/?s={search_term_string}\"},\"query-input\":{\"@type\":\"PropertyValueSpecification\",\"valueRequired\":true,\"valueName\":\"search_term_string\"}}],\"inLanguage\":\"en-GB\"},{\"@type\":\"Organization\",\"@id\":\"https:\/\/www.emballagedigest.fr\/#organization\",\"name\":\"Emballage Digest\",\"url\":\"https:\/\/www.emballagedigest.fr\/\",\"logo\":{\"@type\":\"ImageObject\",\"inLanguage\":\"en-GB\",\"@id\":\"https:\/\/www.emballagedigest.fr\/#\/schema\/logo\/image\/\",\"url\":\"https:\/\/www.emballagedigest.fr\/wp-content\/uploads\/2022\/07\/logo-ed.png\",\"contentUrl\":\"https:\/\/www.emballagedigest.fr\/wp-content\/uploads\/2022\/07\/logo-ed.png\",\"width\":379,\"height\":75,\"caption\":\"Emballage Digest\"},\"image\":{\"@id\":\"https:\/\/www.emballagedigest.fr\/#\/schema\/logo\/image\/\"}},{\"@type\":\"Person\",\"@id\":\"https:\/\/www.emballagedigest.fr\/#\/schema\/person\/76abe9f2b2ee4d3d520594c7a35da59f\",\"name\":\"Karine Duval\",\"image\":{\"@type\":\"ImageObject\",\"inLanguage\":\"en-GB\",\"@id\":\"https:\/\/www.emballagedigest.fr\/#\/schema\/person\/image\/\",\"url\":\"https:\/\/secure.gravatar.com\/avatar\/f552799261cdd2e076e6677d780ef07bdb13aa4c196ab75b39abcbcdcae2d4e5?s=96&d=mm&r=g\",\"contentUrl\":\"https:\/\/secure.gravatar.com\/avatar\/f552799261cdd2e076e6677d780ef07bdb13aa4c196ab75b39abcbcdcae2d4e5?s=96&d=mm&r=g\",\"caption\":\"Karine Duval\"},\"url\":\"https:\/\/www.emballagedigest.fr\/en\/author\/admin_karduv\/\"}]}<\/script>\n<!-- \/ Yoast SEO plugin. -->","yoast_head_json":{"title":"Recyclage des plastiques en France\u00a0: un bilan 2024 contrast\u00e9 - Emballage Digest","robots":{"index":"index","follow":"follow","max-snippet":"max-snippet:-1","max-image-preview":"max-image-preview:large","max-video-preview":"max-video-preview:-1"},"canonical":"https:\/\/www.emballagedigest.fr\/en\/recyclage-des-plastiques-en-france-un-bilan-2024-contraste\/","og_locale":"en_GB","og_type":"article","og_title":"Recyclage des plastiques en France\u00a0: un bilan 2024 contrast\u00e9 - Emballage Digest","og_description":"Selon le rapport 2024 du Syndicat national des R\u00e9g\u00e9n\u00e9rateurs de mati\u00e8res Plastiques (SRP) \u2013 repr\u00e9sentant environ 85% de la capacit\u00e9 de r\u00e9g\u00e9n\u00e9ration en France \u2013 les membres du SRP ont produit 623 560 tonnes de Mati\u00e8res Premi\u00e8res de Recyclage (MPR), marquant une progression de 9,2% par rapport \u00e0 2023. Cette croissance a \u00e9t\u00e9 rendue possible [&hellip;]","og_url":"https:\/\/www.emballagedigest.fr\/en\/recyclage-des-plastiques-en-france-un-bilan-2024-contraste\/","og_site_name":"Emballage Digest","article_published_time":"2025-05-31T14:25:53+00:00","article_modified_time":"2025-06-03T14:27:43+00:00","og_image":[{"width":800,"height":600,"url":"https:\/\/www.emballagedigest.fr\/wp-content\/uploads\/2025\/06\/SRP.jpg","type":"image\/jpeg"}],"author":"Karine Duval","twitter_card":"summary_large_image","twitter_misc":{"Written by":"Karine Duval","Estimated reading time":"2 minutes"},"schema":{"@context":"https:\/\/schema.org","@graph":[{"@type":"Article","@id":"https:\/\/www.emballagedigest.fr\/recyclage-des-plastiques-en-france-un-bilan-2024-contraste\/#article","isPartOf":{"@id":"https:\/\/www.emballagedigest.fr\/recyclage-des-plastiques-en-france-un-bilan-2024-contraste\/"},"author":{"name":"Karine Duval","@id":"https:\/\/www.emballagedigest.fr\/#\/schema\/person\/76abe9f2b2ee4d3d520594c7a35da59f"},"headline":"Recyclage des plastiques en France\u00a0: un bilan 2024 contrast\u00e9","datePublished":"2025-05-31T14:25:53+00:00","dateModified":"2025-06-03T14:27:43+00:00","mainEntityOfPage":{"@id":"https:\/\/www.emballagedigest.fr\/recyclage-des-plastiques-en-france-un-bilan-2024-contraste\/"},"wordCount":370,"publisher":{"@id":"https:\/\/www.emballagedigest.fr\/#organization"},"image":{"@id":"https:\/\/www.emballagedigest.fr\/recyclage-des-plastiques-en-france-un-bilan-2024-contraste\/#primaryimage"},"thumbnailUrl":"https:\/\/www.emballagedigest.fr\/wp-content\/uploads\/2025\/06\/SRP.jpg","articleSection":["Article entier","Barre lat\u00e9rale","Machines","Mat\u00e9riaux","Vu dans le mag"],"inLanguage":"en-GB"},{"@type":"WebPage","@id":"https:\/\/www.emballagedigest.fr\/recyclage-des-plastiques-en-france-un-bilan-2024-contraste\/","url":"https:\/\/www.emballagedigest.fr\/recyclage-des-plastiques-en-france-un-bilan-2024-contraste\/","name":"Recyclage des plastiques en France\u00a0: un bilan 2024 contrast\u00e9 - Emballage Digest","isPartOf":{"@id":"https:\/\/www.emballagedigest.fr\/#website"},"primaryImageOfPage":{"@id":"https:\/\/www.emballagedigest.fr\/recyclage-des-plastiques-en-france-un-bilan-2024-contraste\/#primaryimage"},"image":{"@id":"https:\/\/www.emballagedigest.fr\/recyclage-des-plastiques-en-france-un-bilan-2024-contraste\/#primaryimage"},"thumbnailUrl":"https:\/\/www.emballagedigest.fr\/wp-content\/uploads\/2025\/06\/SRP.jpg","datePublished":"2025-05-31T14:25:53+00:00","dateModified":"2025-06-03T14:27:43+00:00","breadcrumb":{"@id":"https:\/\/www.emballagedigest.fr\/recyclage-des-plastiques-en-france-un-bilan-2024-contraste\/#breadcrumb"},"inLanguage":"en-GB","potentialAction":[{"@type":"ReadAction","target":["https:\/\/www.emballagedigest.fr\/recyclage-des-plastiques-en-france-un-bilan-2024-contraste\/"]}]},{"@type":"ImageObject","inLanguage":"en-GB","@id":"https:\/\/www.emballagedigest.fr\/recyclage-des-plastiques-en-france-un-bilan-2024-contraste\/#primaryimage","url":"https:\/\/www.emballagedigest.fr\/wp-content\/uploads\/2025\/06\/SRP.jpg","contentUrl":"https:\/\/www.emballagedigest.fr\/wp-content\/uploads\/2025\/06\/SRP.jpg","width":800,"height":600},{"@type":"BreadcrumbList","@id":"https:\/\/www.emballagedigest.fr\/recyclage-des-plastiques-en-france-un-bilan-2024-contraste\/#breadcrumb","itemListElement":[{"@type":"ListItem","position":1,"name":"Accueil","item":"https:\/\/www.emballagedigest.fr\/"},{"@type":"ListItem","position":2,"name":"Recyclage des plastiques en France\u00a0: un bilan 2024 contrast\u00e9"}]},{"@type":"WebSite","@id":"https:\/\/www.emballagedigest.fr\/#website","url":"https:\/\/www.emballagedigest.fr\/","name":"Emballage Digest","description":"Revue professionnelle sur les emballages","publisher":{"@id":"https:\/\/www.emballagedigest.fr\/#organization"},"potentialAction":[{"@type":"SearchAction","target":{"@type":"EntryPoint","urlTemplate":"https:\/\/www.emballagedigest.fr\/?s={search_term_string}"},"query-input":{"@type":"PropertyValueSpecification","valueRequired":true,"valueName":"search_term_string"}}],"inLanguage":"en-GB"},{"@type":"Organization","@id":"https:\/\/www.emballagedigest.fr\/#organization","name":"Emballage Digest","url":"https:\/\/www.emballagedigest.fr\/","logo":{"@type":"ImageObject","inLanguage":"en-GB","@id":"https:\/\/www.emballagedigest.fr\/#\/schema\/logo\/image\/","url":"https:\/\/www.emballagedigest.fr\/wp-content\/uploads\/2022\/07\/logo-ed.png","contentUrl":"https:\/\/www.emballagedigest.fr\/wp-content\/uploads\/2022\/07\/logo-ed.png","width":379,"height":75,"caption":"Emballage Digest"},"image":{"@id":"https:\/\/www.emballagedigest.fr\/#\/schema\/logo\/image\/"}},{"@type":"Person","@id":"https:\/\/www.emballagedigest.fr\/#\/schema\/person\/76abe9f2b2ee4d3d520594c7a35da59f","name":"Karine Duval","image":{"@type":"ImageObject","inLanguage":"en-GB","@id":"https:\/\/www.emballagedigest.fr\/#\/schema\/person\/image\/","url":"https:\/\/secure.gravatar.com\/avatar\/f552799261cdd2e076e6677d780ef07bdb13aa4c196ab75b39abcbcdcae2d4e5?s=96&d=mm&r=g","contentUrl":"https:\/\/secure.gravatar.com\/avatar\/f552799261cdd2e076e6677d780ef07bdb13aa4c196ab75b39abcbcdcae2d4e5?s=96&d=mm&r=g","caption":"Karine Duval"},"url":"https:\/\/www.emballagedigest.fr\/en\/author\/admin_karduv\/"}]}},"_links":{"self":[{"href":"https:\/\/www.emballagedigest.fr\/en\/wp-json\/wp\/v2\/posts\/44691","targetHints":{"allow":["GET"]}}],"collection":[{"href":"https:\/\/www.emballagedigest.fr\/en\/wp-json\/wp\/v2\/posts"}],"about":[{"href":"https:\/\/www.emballagedigest.fr\/en\/wp-json\/wp\/v2\/types\/post"}],"author":[{"embeddable":true,"href":"https:\/\/www.emballagedigest.fr\/en\/wp-json\/wp\/v2\/users\/2"}],"replies":[{"embeddable":true,"href":"https:\/\/www.emballagedigest.fr\/en\/wp-json\/wp\/v2\/comments?post=44691"}],"version-history":[{"count":1,"href":"https:\/\/www.emballagedigest.fr\/en\/wp-json\/wp\/v2\/posts\/44691\/revisions"}],"predecessor-version":[{"id":44693,"href":"https:\/\/www.emballagedigest.fr\/en\/wp-json\/wp\/v2\/posts\/44691\/revisions\/44693"}],"wp:featuredmedia":[{"embeddable":true,"href":"https:\/\/www.emballagedigest.fr\/en\/wp-json\/wp\/v2\/media\/44692"}],"wp:attachment":[{"href":"https:\/\/www.emballagedigest.fr\/en\/wp-json\/wp\/v2\/media?parent=44691"}],"wp:term":[{"taxonomy":"category","embeddable":true,"href":"https:\/\/www.emballagedigest.fr\/en\/wp-json\/wp\/v2\/categories?post=44691"},{"taxonomy":"post_tag","embeddable":true,"href":"https:\/\/www.emballagedigest.fr\/en\/wp-json\/wp\/v2\/tags?post=44691"}],"curies":[{"name":"wp","href":"https:\/\/api.w.org\/{rel}","templated":true}]}}