{"id":44697,"date":"2025-05-31T16:29:54","date_gmt":"2025-05-31T14:29:54","guid":{"rendered":"https:\/\/www.emballagedigest.fr\/?p=44697"},"modified":"2025-06-03T16:32:16","modified_gmt":"2025-06-03T14:32:16","slug":"des-silicones-issues-du-recyclage-chimique","status":"publish","type":"post","link":"https:\/\/www.emballagedigest.fr\/en\/des-silicones-issues-du-recyclage-chimique\/","title":{"rendered":"Des silicones issues du recyclage chimique"},"content":{"rendered":"<p><strong>La division Silicones de Elkem ASA d\u00e9voile deux nouveaux produits de rev\u00eatements antiadh\u00e9rents pour le march\u00e9 des \u00e9tiquettes et dispositifs auto-adh\u00e9sifs. Ces produits recycl\u00e9s de la gamme Silcolease<sup>\u00ae<\/sup> assurent des performances techniques identiques \u00e0 leurs \u00e9quivalents non-recycl\u00e9s, avec une empreinte carbone significativement r\u00e9duite. <\/strong><\/p>\n\n\n\n<p>Ce sont les premiers produits issus de l\u2019unit\u00e9 pilote de recyclage chimique d\u2019Elkem \u00e0 Saint-Fons dans le Rh\u00f4ne. Les Silcolease\u00ae RE Poly 11362 et Silcolease<sup>\u00ae<\/sup> RE Poly 368, d\u00e9sormais disponibles en pr\u00e9-commercialisation, sont des produits con\u00e7us 100% \u00e0 base de silicone recycl\u00e9 et sans solvant. \u00abNous avons particuli\u00e8rement veill\u00e9 \u00e0 ce que ces produits puissent \u00eatre mis en \u0153uvre sans modification des lignes de production et proc\u00e9d\u00e9s chez nos clients, et ce gr\u00e2ce \u00e0 de nombreux tests approfondis\u00bb, explique Agn\u00e8s Jolly, responsable de le recherche et technologie pour les fluides silicone chez Elkem. D\u00e9but 2025, des essais ont \u00e9t\u00e9 men\u00e9s chez Kroenert, constructeur de machines d\u2019enduction bas\u00e9 \u00e0 Hambourg pour valider la bonne performance de ces silicones recycl\u00e9s. \u00abLa silicone recycl\u00e9e a d\u00e9montr\u00e9 les m\u00eames capacit\u00e9s de mise en \u0153uvre que la silicone vierge, m\u00eame \u00e0 des vitesses \u00e9lev\u00e9es. Les r\u00e9sultats positifs et constants, assurent une utilisation optimale et durable de ces produits\u00bb, t\u00e9moigne Ralf Thiel, ing\u00e9nieur en technologie des proc\u00e9d\u00e9s chez Kroenert. D\u00e9velopp\u00e9s gr\u00e2ce \u00e0 la technologie de d\u00e9polym\u00e9risation brevet\u00e9e d\u2019Elkem, ces nouvelles r\u00e9f\u00e9rences Silcolease\u00ae recycl\u00e9es ont un empreinte carbone 70% inf\u00e9rieure par rapport \u00e0 leurs homologues non recycl\u00e9s.<\/p>","protected":false},"excerpt":{"rendered":"<p>La division Silicones de Elkem ASA d\u00e9voile deux nouveaux produits de rev\u00eatements antiadh\u00e9rents pour le march\u00e9 des \u00e9tiquettes et dispositifs auto-adh\u00e9sifs. Ces produits recycl\u00e9s de la gamme Silcolease\u00ae assurent des performances techniques identiques \u00e0 leurs \u00e9quivalents non-recycl\u00e9s, avec une empreinte carbone significativement r\u00e9duite. Ce sont les premiers produits issus de l\u2019unit\u00e9 pilote de recyclage chimique [&hellip;]<\/p>","protected":false},"author":2,"featured_media":44698,"comment_status":"closed","ping_status":"closed","sticky":false,"template":"","format":"standard","meta":{"_acf_changed":false,"inline_featured_image":false,"iawp_total_views":0,"footnotes":""},"categories":[28,26,10,65],"tags":[],"class_list":["post-44697","post","type-post","status-publish","format-standard","has-post-thumbnail","hentry","category-article-entier","category-laterale","category-materiaux","category-vu-dans-le-mag"],"acf":[],"yoast_head":"<!-- This site is optimized with the Yoast SEO plugin v24.4 - https:\/\/yoast.com\/wordpress\/plugins\/seo\/ -->\n<title>Des silicones issues du recyclage chimique - Emballage Digest<\/title>\n<meta name=\"robots\" content=\"index, follow, max-snippet:-1, max-image-preview:large, max-video-preview:-1\" \/>\n<link rel=\"canonical\" href=\"https:\/\/www.emballagedigest.fr\/en\/des-silicones-issues-du-recyclage-chimique\/\" \/>\n<meta property=\"og:locale\" content=\"en_GB\" \/>\n<meta property=\"og:type\" content=\"article\" \/>\n<meta property=\"og:title\" content=\"Des silicones issues du recyclage chimique - Emballage Digest\" \/>\n<meta property=\"og:description\" content=\"La division Silicones de Elkem ASA d\u00e9voile deux nouveaux produits de rev\u00eatements antiadh\u00e9rents pour le march\u00e9 des \u00e9tiquettes et dispositifs auto-adh\u00e9sifs. Ces produits recycl\u00e9s de la gamme Silcolease\u00ae assurent des performances techniques identiques \u00e0 leurs \u00e9quivalents non-recycl\u00e9s, avec une empreinte carbone significativement r\u00e9duite. Ce sont les premiers produits issus de l\u2019unit\u00e9 pilote de recyclage chimique [&hellip;]\" \/>\n<meta property=\"og:url\" content=\"https:\/\/www.emballagedigest.fr\/en\/des-silicones-issues-du-recyclage-chimique\/\" \/>\n<meta property=\"og:site_name\" content=\"Emballage Digest\" \/>\n<meta property=\"article:published_time\" content=\"2025-05-31T14:29:54+00:00\" \/>\n<meta property=\"article:modified_time\" content=\"2025-06-03T14:32:16+00:00\" \/>\n<meta property=\"og:image\" content=\"https:\/\/www.emballagedigest.fr\/wp-content\/uploads\/2025\/06\/ELKEM.jpg\" \/>\n\t<meta property=\"og:image:width\" content=\"800\" \/>\n\t<meta property=\"og:image:height\" content=\"600\" \/>\n\t<meta property=\"og:image:type\" content=\"image\/jpeg\" \/>\n<meta name=\"author\" content=\"Karine Duval\" \/>\n<meta name=\"twitter:card\" content=\"summary_large_image\" \/>\n<meta name=\"twitter:label1\" content=\"Written by\" \/>\n\t<meta name=\"twitter:data1\" content=\"Karine Duval\" \/>\n\t<meta name=\"twitter:label2\" content=\"Estimated reading time\" \/>\n\t<meta name=\"twitter:data2\" content=\"2 minutes\" \/>\n<script type=\"application\/ld+json\" class=\"yoast-schema-graph\">{\"@context\":\"https:\/\/schema.org\",\"@graph\":[{\"@type\":\"Article\",\"@id\":\"https:\/\/www.emballagedigest.fr\/des-silicones-issues-du-recyclage-chimique\/#article\",\"isPartOf\":{\"@id\":\"https:\/\/www.emballagedigest.fr\/des-silicones-issues-du-recyclage-chimique\/\"},\"author\":{\"name\":\"Karine Duval\",\"@id\":\"https:\/\/www.emballagedigest.fr\/#\/schema\/person\/76abe9f2b2ee4d3d520594c7a35da59f\"},\"headline\":\"Des silicones issues du recyclage chimique\",\"datePublished\":\"2025-05-31T14:29:54+00:00\",\"dateModified\":\"2025-06-03T14:32:16+00:00\",\"mainEntityOfPage\":{\"@id\":\"https:\/\/www.emballagedigest.fr\/des-silicones-issues-du-recyclage-chimique\/\"},\"wordCount\":270,\"publisher\":{\"@id\":\"https:\/\/www.emballagedigest.fr\/#organization\"},\"image\":{\"@id\":\"https:\/\/www.emballagedigest.fr\/des-silicones-issues-du-recyclage-chimique\/#primaryimage\"},\"thumbnailUrl\":\"https:\/\/www.emballagedigest.fr\/wp-content\/uploads\/2025\/06\/ELKEM.jpg\",\"articleSection\":[\"Article entier\",\"Barre lat\u00e9rale\",\"Mat\u00e9riaux\",\"Vu dans le mag\"],\"inLanguage\":\"en-GB\"},{\"@type\":\"WebPage\",\"@id\":\"https:\/\/www.emballagedigest.fr\/des-silicones-issues-du-recyclage-chimique\/\",\"url\":\"https:\/\/www.emballagedigest.fr\/des-silicones-issues-du-recyclage-chimique\/\",\"name\":\"Des silicones issues du recyclage chimique - Emballage Digest\",\"isPartOf\":{\"@id\":\"https:\/\/www.emballagedigest.fr\/#website\"},\"primaryImageOfPage\":{\"@id\":\"https:\/\/www.emballagedigest.fr\/des-silicones-issues-du-recyclage-chimique\/#primaryimage\"},\"image\":{\"@id\":\"https:\/\/www.emballagedigest.fr\/des-silicones-issues-du-recyclage-chimique\/#primaryimage\"},\"thumbnailUrl\":\"https:\/\/www.emballagedigest.fr\/wp-content\/uploads\/2025\/06\/ELKEM.jpg\",\"datePublished\":\"2025-05-31T14:29:54+00:00\",\"dateModified\":\"2025-06-03T14:32:16+00:00\",\"breadcrumb\":{\"@id\":\"https:\/\/www.emballagedigest.fr\/des-silicones-issues-du-recyclage-chimique\/#breadcrumb\"},\"inLanguage\":\"en-GB\",\"potentialAction\":[{\"@type\":\"ReadAction\",\"target\":[\"https:\/\/www.emballagedigest.fr\/des-silicones-issues-du-recyclage-chimique\/\"]}]},{\"@type\":\"ImageObject\",\"inLanguage\":\"en-GB\",\"@id\":\"https:\/\/www.emballagedigest.fr\/des-silicones-issues-du-recyclage-chimique\/#primaryimage\",\"url\":\"https:\/\/www.emballagedigest.fr\/wp-content\/uploads\/2025\/06\/ELKEM.jpg\",\"contentUrl\":\"https:\/\/www.emballagedigest.fr\/wp-content\/uploads\/2025\/06\/ELKEM.jpg\",\"width\":800,\"height\":600},{\"@type\":\"BreadcrumbList\",\"@id\":\"https:\/\/www.emballagedigest.fr\/des-silicones-issues-du-recyclage-chimique\/#breadcrumb\",\"itemListElement\":[{\"@type\":\"ListItem\",\"position\":1,\"name\":\"Accueil\",\"item\":\"https:\/\/www.emballagedigest.fr\/\"},{\"@type\":\"ListItem\",\"position\":2,\"name\":\"Des silicones issues du recyclage chimique\"}]},{\"@type\":\"WebSite\",\"@id\":\"https:\/\/www.emballagedigest.fr\/#website\",\"url\":\"https:\/\/www.emballagedigest.fr\/\",\"name\":\"Emballage Digest\",\"description\":\"Revue professionnelle sur les emballages\",\"publisher\":{\"@id\":\"https:\/\/www.emballagedigest.fr\/#organization\"},\"potentialAction\":[{\"@type\":\"SearchAction\",\"target\":{\"@type\":\"EntryPoint\",\"urlTemplate\":\"https:\/\/www.emballagedigest.fr\/?s={search_term_string}\"},\"query-input\":{\"@type\":\"PropertyValueSpecification\",\"valueRequired\":true,\"valueName\":\"search_term_string\"}}],\"inLanguage\":\"en-GB\"},{\"@type\":\"Organization\",\"@id\":\"https:\/\/www.emballagedigest.fr\/#organization\",\"name\":\"Emballage Digest\",\"url\":\"https:\/\/www.emballagedigest.fr\/\",\"logo\":{\"@type\":\"ImageObject\",\"inLanguage\":\"en-GB\",\"@id\":\"https:\/\/www.emballagedigest.fr\/#\/schema\/logo\/image\/\",\"url\":\"https:\/\/www.emballagedigest.fr\/wp-content\/uploads\/2022\/07\/logo-ed.png\",\"contentUrl\":\"https:\/\/www.emballagedigest.fr\/wp-content\/uploads\/2022\/07\/logo-ed.png\",\"width\":379,\"height\":75,\"caption\":\"Emballage Digest\"},\"image\":{\"@id\":\"https:\/\/www.emballagedigest.fr\/#\/schema\/logo\/image\/\"}},{\"@type\":\"Person\",\"@id\":\"https:\/\/www.emballagedigest.fr\/#\/schema\/person\/76abe9f2b2ee4d3d520594c7a35da59f\",\"name\":\"Karine Duval\",\"image\":{\"@type\":\"ImageObject\",\"inLanguage\":\"en-GB\",\"@id\":\"https:\/\/www.emballagedigest.fr\/#\/schema\/person\/image\/\",\"url\":\"https:\/\/secure.gravatar.com\/avatar\/f552799261cdd2e076e6677d780ef07bdb13aa4c196ab75b39abcbcdcae2d4e5?s=96&d=mm&r=g\",\"contentUrl\":\"https:\/\/secure.gravatar.com\/avatar\/f552799261cdd2e076e6677d780ef07bdb13aa4c196ab75b39abcbcdcae2d4e5?s=96&d=mm&r=g\",\"caption\":\"Karine Duval\"},\"url\":\"https:\/\/www.emballagedigest.fr\/en\/author\/admin_karduv\/\"}]}<\/script>\n<!-- \/ Yoast SEO plugin. -->","yoast_head_json":{"title":"Des silicones issues du recyclage chimique - Emballage Digest","robots":{"index":"index","follow":"follow","max-snippet":"max-snippet:-1","max-image-preview":"max-image-preview:large","max-video-preview":"max-video-preview:-1"},"canonical":"https:\/\/www.emballagedigest.fr\/en\/des-silicones-issues-du-recyclage-chimique\/","og_locale":"en_GB","og_type":"article","og_title":"Des silicones issues du recyclage chimique - Emballage Digest","og_description":"La division Silicones de Elkem ASA d\u00e9voile deux nouveaux produits de rev\u00eatements antiadh\u00e9rents pour le march\u00e9 des \u00e9tiquettes et dispositifs auto-adh\u00e9sifs. Ces produits recycl\u00e9s de la gamme Silcolease\u00ae assurent des performances techniques identiques \u00e0 leurs \u00e9quivalents non-recycl\u00e9s, avec une empreinte carbone significativement r\u00e9duite. Ce sont les premiers produits issus de l\u2019unit\u00e9 pilote de recyclage chimique [&hellip;]","og_url":"https:\/\/www.emballagedigest.fr\/en\/des-silicones-issues-du-recyclage-chimique\/","og_site_name":"Emballage Digest","article_published_time":"2025-05-31T14:29:54+00:00","article_modified_time":"2025-06-03T14:32:16+00:00","og_image":[{"width":800,"height":600,"url":"https:\/\/www.emballagedigest.fr\/wp-content\/uploads\/2025\/06\/ELKEM.jpg","type":"image\/jpeg"}],"author":"Karine Duval","twitter_card":"summary_large_image","twitter_misc":{"Written by":"Karine Duval","Estimated reading time":"2 minutes"},"schema":{"@context":"https:\/\/schema.org","@graph":[{"@type":"Article","@id":"https:\/\/www.emballagedigest.fr\/des-silicones-issues-du-recyclage-chimique\/#article","isPartOf":{"@id":"https:\/\/www.emballagedigest.fr\/des-silicones-issues-du-recyclage-chimique\/"},"author":{"name":"Karine Duval","@id":"https:\/\/www.emballagedigest.fr\/#\/schema\/person\/76abe9f2b2ee4d3d520594c7a35da59f"},"headline":"Des silicones issues du recyclage chimique","datePublished":"2025-05-31T14:29:54+00:00","dateModified":"2025-06-03T14:32:16+00:00","mainEntityOfPage":{"@id":"https:\/\/www.emballagedigest.fr\/des-silicones-issues-du-recyclage-chimique\/"},"wordCount":270,"publisher":{"@id":"https:\/\/www.emballagedigest.fr\/#organization"},"image":{"@id":"https:\/\/www.emballagedigest.fr\/des-silicones-issues-du-recyclage-chimique\/#primaryimage"},"thumbnailUrl":"https:\/\/www.emballagedigest.fr\/wp-content\/uploads\/2025\/06\/ELKEM.jpg","articleSection":["Article entier","Barre lat\u00e9rale","Mat\u00e9riaux","Vu dans le mag"],"inLanguage":"en-GB"},{"@type":"WebPage","@id":"https:\/\/www.emballagedigest.fr\/des-silicones-issues-du-recyclage-chimique\/","url":"https:\/\/www.emballagedigest.fr\/des-silicones-issues-du-recyclage-chimique\/","name":"Des silicones issues du recyclage chimique - Emballage Digest","isPartOf":{"@id":"https:\/\/www.emballagedigest.fr\/#website"},"primaryImageOfPage":{"@id":"https:\/\/www.emballagedigest.fr\/des-silicones-issues-du-recyclage-chimique\/#primaryimage"},"image":{"@id":"https:\/\/www.emballagedigest.fr\/des-silicones-issues-du-recyclage-chimique\/#primaryimage"},"thumbnailUrl":"https:\/\/www.emballagedigest.fr\/wp-content\/uploads\/2025\/06\/ELKEM.jpg","datePublished":"2025-05-31T14:29:54+00:00","dateModified":"2025-06-03T14:32:16+00:00","breadcrumb":{"@id":"https:\/\/www.emballagedigest.fr\/des-silicones-issues-du-recyclage-chimique\/#breadcrumb"},"inLanguage":"en-GB","potentialAction":[{"@type":"ReadAction","target":["https:\/\/www.emballagedigest.fr\/des-silicones-issues-du-recyclage-chimique\/"]}]},{"@type":"ImageObject","inLanguage":"en-GB","@id":"https:\/\/www.emballagedigest.fr\/des-silicones-issues-du-recyclage-chimique\/#primaryimage","url":"https:\/\/www.emballagedigest.fr\/wp-content\/uploads\/2025\/06\/ELKEM.jpg","contentUrl":"https:\/\/www.emballagedigest.fr\/wp-content\/uploads\/2025\/06\/ELKEM.jpg","width":800,"height":600},{"@type":"BreadcrumbList","@id":"https:\/\/www.emballagedigest.fr\/des-silicones-issues-du-recyclage-chimique\/#breadcrumb","itemListElement":[{"@type":"ListItem","position":1,"name":"Accueil","item":"https:\/\/www.emballagedigest.fr\/"},{"@type":"ListItem","position":2,"name":"Des silicones issues du recyclage chimique"}]},{"@type":"WebSite","@id":"https:\/\/www.emballagedigest.fr\/#website","url":"https:\/\/www.emballagedigest.fr\/","name":"Emballage Digest","description":"Revue professionnelle sur les emballages","publisher":{"@id":"https:\/\/www.emballagedigest.fr\/#organization"},"potentialAction":[{"@type":"SearchAction","target":{"@type":"EntryPoint","urlTemplate":"https:\/\/www.emballagedigest.fr\/?s={search_term_string}"},"query-input":{"@type":"PropertyValueSpecification","valueRequired":true,"valueName":"search_term_string"}}],"inLanguage":"en-GB"},{"@type":"Organization","@id":"https:\/\/www.emballagedigest.fr\/#organization","name":"Emballage Digest","url":"https:\/\/www.emballagedigest.fr\/","logo":{"@type":"ImageObject","inLanguage":"en-GB","@id":"https:\/\/www.emballagedigest.fr\/#\/schema\/logo\/image\/","url":"https:\/\/www.emballagedigest.fr\/wp-content\/uploads\/2022\/07\/logo-ed.png","contentUrl":"https:\/\/www.emballagedigest.fr\/wp-content\/uploads\/2022\/07\/logo-ed.png","width":379,"height":75,"caption":"Emballage Digest"},"image":{"@id":"https:\/\/www.emballagedigest.fr\/#\/schema\/logo\/image\/"}},{"@type":"Person","@id":"https:\/\/www.emballagedigest.fr\/#\/schema\/person\/76abe9f2b2ee4d3d520594c7a35da59f","name":"Karine Duval","image":{"@type":"ImageObject","inLanguage":"en-GB","@id":"https:\/\/www.emballagedigest.fr\/#\/schema\/person\/image\/","url":"https:\/\/secure.gravatar.com\/avatar\/f552799261cdd2e076e6677d780ef07bdb13aa4c196ab75b39abcbcdcae2d4e5?s=96&d=mm&r=g","contentUrl":"https:\/\/secure.gravatar.com\/avatar\/f552799261cdd2e076e6677d780ef07bdb13aa4c196ab75b39abcbcdcae2d4e5?s=96&d=mm&r=g","caption":"Karine Duval"},"url":"https:\/\/www.emballagedigest.fr\/en\/author\/admin_karduv\/"}]}},"_links":{"self":[{"href":"https:\/\/www.emballagedigest.fr\/en\/wp-json\/wp\/v2\/posts\/44697","targetHints":{"allow":["GET"]}}],"collection":[{"href":"https:\/\/www.emballagedigest.fr\/en\/wp-json\/wp\/v2\/posts"}],"about":[{"href":"https:\/\/www.emballagedigest.fr\/en\/wp-json\/wp\/v2\/types\/post"}],"author":[{"embeddable":true,"href":"https:\/\/www.emballagedigest.fr\/en\/wp-json\/wp\/v2\/users\/2"}],"replies":[{"embeddable":true,"href":"https:\/\/www.emballagedigest.fr\/en\/wp-json\/wp\/v2\/comments?post=44697"}],"version-history":[{"count":1,"href":"https:\/\/www.emballagedigest.fr\/en\/wp-json\/wp\/v2\/posts\/44697\/revisions"}],"predecessor-version":[{"id":44699,"href":"https:\/\/www.emballagedigest.fr\/en\/wp-json\/wp\/v2\/posts\/44697\/revisions\/44699"}],"wp:featuredmedia":[{"embeddable":true,"href":"https:\/\/www.emballagedigest.fr\/en\/wp-json\/wp\/v2\/media\/44698"}],"wp:attachment":[{"href":"https:\/\/www.emballagedigest.fr\/en\/wp-json\/wp\/v2\/media?parent=44697"}],"wp:term":[{"taxonomy":"category","embeddable":true,"href":"https:\/\/www.emballagedigest.fr\/en\/wp-json\/wp\/v2\/categories?post=44697"},{"taxonomy":"post_tag","embeddable":true,"href":"https:\/\/www.emballagedigest.fr\/en\/wp-json\/wp\/v2\/tags?post=44697"}],"curies":[{"name":"wp","href":"https:\/\/api.w.org\/{rel}","templated":true}]}}