{"id":44700,"date":"2025-05-31T16:32:32","date_gmt":"2025-05-31T14:32:32","guid":{"rendered":"https:\/\/www.emballagedigest.fr\/?p=44700"},"modified":"2025-06-03T16:34:40","modified_gmt":"2025-06-03T14:34:40","slug":"robots-quelle-place-au-sein-du-monde-du-travail","status":"publish","type":"post","link":"https:\/\/www.emballagedigest.fr\/en\/robots-quelle-place-au-sein-du-monde-du-travail\/","title":{"rendered":"Robots\u00a0: quelle place au sein du monde du travail\u00a0?"},"content":{"rendered":"<p><strong>QNX, filiale du groupe BlackBerry, a r\u00e9cemment partag\u00e9 les r\u00e9sultats de son nouveau rapport sur la place de la robotique au travail. L\u2019enqu\u00eate, men\u00e9e aupr\u00e8s de 150 d\u00e9cideurs des secteurs de l\u2019industrie et de la sant\u00e9, a r\u00e9v\u00e9l\u00e9 que ceux-ci les accueillent majoritairement, et de mani\u00e8re positive. <\/strong><\/p>\n\n\n\n<p>Avec des t\u00e2ches toujours plus complexes pouvant \u00eatre g\u00e9r\u00e9es de mani\u00e8re s\u00fbre et fiable, les sond\u00e9s s\u2019attendent \u00e0 pouvoir remplacer jusqu\u2019\u00e0 un salari\u00e9 sur cinq au sein de son entreprise dans les dix prochaines ann\u00e9es, selon les t\u00e2ches qui leur sont accord\u00e9es.<br>D\u2019apr\u00e8s le rapport, une faible majorit\u00e9 des sond\u00e9s (51%) utilisent d\u2019ores et d\u00e9j\u00e0 des robots dans leur entreprise. Parmi ceux qui n\u2019en utilisent pas encore, 48% souhaitent les int\u00e9grer dans les deux ann\u00e9es \u00e0 venir. De plus, pr\u00e8s des 3\/4 des sond\u00e9s (76%) indiquent faire confiance \u00e0 la robotique pour ex\u00e9cuter des fonctions essentielles dans leur secteur, les plus courantes \u00e9tant l\u2019automatisation (40%), la production (39%), l\u2019assistance (32%) et les t\u00e2ches \u00e0 haut risque (21%). Les principaux crit\u00e8res jug\u00e9s pour \u00e9valuer le niveau de confiance envers les robots sont les progr\u00e8s en mati\u00e8re de s\u00fbret\u00e9 s\u00e9curit\u00e9 et d\u2019att\u00e9nuation des risques (39%) ainsi que la fiabilit\u00e9 et les performances des syst\u00e8mes (40%).\u00a0Si la plupart des sond\u00e9s sont satisfaits de voir la robotique prendre en charge des t\u00e2ches telles que le travail \u00e0 la cha\u00eene (67%), la manutention (68%) ou encore la logistique et la livraison (61%), la confiance est plus difficile \u00e0 obtenir pour les robots charg\u00e9s de t\u00e2ches n\u00e9cessitant davantage d\u2019interaction humaine comme les proc\u00e9dures m\u00e9dicales (47%), le service \u00e0 la client\u00e8le (49%) ainsi que la maintenance et les r\u00e9parations (61%). Le march\u00e9 de la robotique conna\u00eet une croissance significative \u00e0 l\u2019\u00e9chelle mondiale, et \u00e9tait \u00e9valu\u00e9 \u00e0 environ 84 milliards de dollars en 2024. Avec les progr\u00e8s de l\u2019IA et de l\u2019apprentissage automatique qui am\u00e9liorent les capacit\u00e9s et l\u2019adoption de la robotique, la tendance g\u00e9n\u00e9rale indique une int\u00e9gration accrue de la robotique.<\/p>","protected":false},"excerpt":{"rendered":"<p>QNX, filiale du groupe BlackBerry, a r\u00e9cemment partag\u00e9 les r\u00e9sultats de son nouveau rapport sur la place de la robotique au travail. L\u2019enqu\u00eate, men\u00e9e aupr\u00e8s de 150 d\u00e9cideurs des secteurs de l\u2019industrie et de la sant\u00e9, a r\u00e9v\u00e9l\u00e9 que ceux-ci les accueillent majoritairement, et de mani\u00e8re positive. Avec des t\u00e2ches toujours plus complexes pouvant \u00eatre [&hellip;]<\/p>","protected":false},"author":2,"featured_media":44701,"comment_status":"closed","ping_status":"closed","sticky":false,"template":"","format":"standard","meta":{"_acf_changed":false,"inline_featured_image":false,"iawp_total_views":0,"footnotes":""},"categories":[28,26,9,65],"tags":[],"class_list":["post-44700","post","type-post","status-publish","format-standard","has-post-thumbnail","hentry","category-article-entier","category-laterale","category-materiel","category-vu-dans-le-mag"],"acf":[],"yoast_head":"<!-- This site is optimized with the Yoast SEO plugin v24.4 - https:\/\/yoast.com\/wordpress\/plugins\/seo\/ -->\n<title>Robots\u00a0: quelle place au sein du monde du travail\u00a0? - Emballage Digest<\/title>\n<meta name=\"robots\" content=\"index, follow, max-snippet:-1, max-image-preview:large, max-video-preview:-1\" \/>\n<link rel=\"canonical\" href=\"https:\/\/www.emballagedigest.fr\/en\/robots-quelle-place-au-sein-du-monde-du-travail\/\" \/>\n<meta property=\"og:locale\" content=\"en_GB\" \/>\n<meta property=\"og:type\" content=\"article\" \/>\n<meta property=\"og:title\" content=\"Robots\u00a0: quelle place au sein du monde du travail\u00a0? - Emballage Digest\" \/>\n<meta property=\"og:description\" content=\"QNX, filiale du groupe BlackBerry, a r\u00e9cemment partag\u00e9 les r\u00e9sultats de son nouveau rapport sur la place de la robotique au travail. L\u2019enqu\u00eate, men\u00e9e aupr\u00e8s de 150 d\u00e9cideurs des secteurs de l\u2019industrie et de la sant\u00e9, a r\u00e9v\u00e9l\u00e9 que ceux-ci les accueillent majoritairement, et de mani\u00e8re positive. Avec des t\u00e2ches toujours plus complexes pouvant \u00eatre [&hellip;]\" \/>\n<meta property=\"og:url\" content=\"https:\/\/www.emballagedigest.fr\/en\/robots-quelle-place-au-sein-du-monde-du-travail\/\" \/>\n<meta property=\"og:site_name\" content=\"Emballage Digest\" \/>\n<meta property=\"article:published_time\" content=\"2025-05-31T14:32:32+00:00\" \/>\n<meta property=\"article:modified_time\" content=\"2025-06-03T14:34:40+00:00\" \/>\n<meta property=\"og:image\" content=\"https:\/\/www.emballagedigest.fr\/wp-content\/uploads\/2025\/06\/QNX.jpg\" \/>\n\t<meta property=\"og:image:width\" content=\"800\" \/>\n\t<meta property=\"og:image:height\" content=\"600\" \/>\n\t<meta property=\"og:image:type\" content=\"image\/jpeg\" \/>\n<meta name=\"author\" content=\"Karine Duval\" \/>\n<meta name=\"twitter:card\" content=\"summary_large_image\" \/>\n<meta name=\"twitter:label1\" content=\"Written by\" \/>\n\t<meta name=\"twitter:data1\" content=\"Karine Duval\" \/>\n\t<meta name=\"twitter:label2\" content=\"Estimated reading time\" \/>\n\t<meta name=\"twitter:data2\" content=\"2 minutes\" \/>\n<script type=\"application\/ld+json\" class=\"yoast-schema-graph\">{\"@context\":\"https:\/\/schema.org\",\"@graph\":[{\"@type\":\"Article\",\"@id\":\"https:\/\/www.emballagedigest.fr\/robots-quelle-place-au-sein-du-monde-du-travail\/#article\",\"isPartOf\":{\"@id\":\"https:\/\/www.emballagedigest.fr\/robots-quelle-place-au-sein-du-monde-du-travail\/\"},\"author\":{\"name\":\"Karine Duval\",\"@id\":\"https:\/\/www.emballagedigest.fr\/#\/schema\/person\/76abe9f2b2ee4d3d520594c7a35da59f\"},\"headline\":\"Robots\u00a0: quelle place au sein du monde du travail\u00a0?\",\"datePublished\":\"2025-05-31T14:32:32+00:00\",\"dateModified\":\"2025-06-03T14:34:40+00:00\",\"mainEntityOfPage\":{\"@id\":\"https:\/\/www.emballagedigest.fr\/robots-quelle-place-au-sein-du-monde-du-travail\/\"},\"wordCount\":369,\"publisher\":{\"@id\":\"https:\/\/www.emballagedigest.fr\/#organization\"},\"image\":{\"@id\":\"https:\/\/www.emballagedigest.fr\/robots-quelle-place-au-sein-du-monde-du-travail\/#primaryimage\"},\"thumbnailUrl\":\"https:\/\/www.emballagedigest.fr\/wp-content\/uploads\/2025\/06\/QNX.jpg\",\"articleSection\":[\"Article entier\",\"Barre lat\u00e9rale\",\"Mat\u00e9riel\",\"Vu dans le mag\"],\"inLanguage\":\"en-GB\"},{\"@type\":\"WebPage\",\"@id\":\"https:\/\/www.emballagedigest.fr\/robots-quelle-place-au-sein-du-monde-du-travail\/\",\"url\":\"https:\/\/www.emballagedigest.fr\/robots-quelle-place-au-sein-du-monde-du-travail\/\",\"name\":\"Robots\u00a0: quelle place au sein du monde du travail\u00a0? - Emballage Digest\",\"isPartOf\":{\"@id\":\"https:\/\/www.emballagedigest.fr\/#website\"},\"primaryImageOfPage\":{\"@id\":\"https:\/\/www.emballagedigest.fr\/robots-quelle-place-au-sein-du-monde-du-travail\/#primaryimage\"},\"image\":{\"@id\":\"https:\/\/www.emballagedigest.fr\/robots-quelle-place-au-sein-du-monde-du-travail\/#primaryimage\"},\"thumbnailUrl\":\"https:\/\/www.emballagedigest.fr\/wp-content\/uploads\/2025\/06\/QNX.jpg\",\"datePublished\":\"2025-05-31T14:32:32+00:00\",\"dateModified\":\"2025-06-03T14:34:40+00:00\",\"breadcrumb\":{\"@id\":\"https:\/\/www.emballagedigest.fr\/robots-quelle-place-au-sein-du-monde-du-travail\/#breadcrumb\"},\"inLanguage\":\"en-GB\",\"potentialAction\":[{\"@type\":\"ReadAction\",\"target\":[\"https:\/\/www.emballagedigest.fr\/robots-quelle-place-au-sein-du-monde-du-travail\/\"]}]},{\"@type\":\"ImageObject\",\"inLanguage\":\"en-GB\",\"@id\":\"https:\/\/www.emballagedigest.fr\/robots-quelle-place-au-sein-du-monde-du-travail\/#primaryimage\",\"url\":\"https:\/\/www.emballagedigest.fr\/wp-content\/uploads\/2025\/06\/QNX.jpg\",\"contentUrl\":\"https:\/\/www.emballagedigest.fr\/wp-content\/uploads\/2025\/06\/QNX.jpg\",\"width\":800,\"height\":600},{\"@type\":\"BreadcrumbList\",\"@id\":\"https:\/\/www.emballagedigest.fr\/robots-quelle-place-au-sein-du-monde-du-travail\/#breadcrumb\",\"itemListElement\":[{\"@type\":\"ListItem\",\"position\":1,\"name\":\"Accueil\",\"item\":\"https:\/\/www.emballagedigest.fr\/\"},{\"@type\":\"ListItem\",\"position\":2,\"name\":\"Robots\u00a0: quelle place au sein du monde du travail\u00a0?\"}]},{\"@type\":\"WebSite\",\"@id\":\"https:\/\/www.emballagedigest.fr\/#website\",\"url\":\"https:\/\/www.emballagedigest.fr\/\",\"name\":\"Emballage Digest\",\"description\":\"Revue professionnelle sur les emballages\",\"publisher\":{\"@id\":\"https:\/\/www.emballagedigest.fr\/#organization\"},\"potentialAction\":[{\"@type\":\"SearchAction\",\"target\":{\"@type\":\"EntryPoint\",\"urlTemplate\":\"https:\/\/www.emballagedigest.fr\/?s={search_term_string}\"},\"query-input\":{\"@type\":\"PropertyValueSpecification\",\"valueRequired\":true,\"valueName\":\"search_term_string\"}}],\"inLanguage\":\"en-GB\"},{\"@type\":\"Organization\",\"@id\":\"https:\/\/www.emballagedigest.fr\/#organization\",\"name\":\"Emballage Digest\",\"url\":\"https:\/\/www.emballagedigest.fr\/\",\"logo\":{\"@type\":\"ImageObject\",\"inLanguage\":\"en-GB\",\"@id\":\"https:\/\/www.emballagedigest.fr\/#\/schema\/logo\/image\/\",\"url\":\"https:\/\/www.emballagedigest.fr\/wp-content\/uploads\/2022\/07\/logo-ed.png\",\"contentUrl\":\"https:\/\/www.emballagedigest.fr\/wp-content\/uploads\/2022\/07\/logo-ed.png\",\"width\":379,\"height\":75,\"caption\":\"Emballage Digest\"},\"image\":{\"@id\":\"https:\/\/www.emballagedigest.fr\/#\/schema\/logo\/image\/\"}},{\"@type\":\"Person\",\"@id\":\"https:\/\/www.emballagedigest.fr\/#\/schema\/person\/76abe9f2b2ee4d3d520594c7a35da59f\",\"name\":\"Karine Duval\",\"image\":{\"@type\":\"ImageObject\",\"inLanguage\":\"en-GB\",\"@id\":\"https:\/\/www.emballagedigest.fr\/#\/schema\/person\/image\/\",\"url\":\"https:\/\/secure.gravatar.com\/avatar\/f552799261cdd2e076e6677d780ef07bdb13aa4c196ab75b39abcbcdcae2d4e5?s=96&d=mm&r=g\",\"contentUrl\":\"https:\/\/secure.gravatar.com\/avatar\/f552799261cdd2e076e6677d780ef07bdb13aa4c196ab75b39abcbcdcae2d4e5?s=96&d=mm&r=g\",\"caption\":\"Karine Duval\"},\"url\":\"https:\/\/www.emballagedigest.fr\/en\/author\/admin_karduv\/\"}]}<\/script>\n<!-- \/ Yoast SEO plugin. -->","yoast_head_json":{"title":"Robots\u00a0: quelle place au sein du monde du travail\u00a0? - Emballage Digest","robots":{"index":"index","follow":"follow","max-snippet":"max-snippet:-1","max-image-preview":"max-image-preview:large","max-video-preview":"max-video-preview:-1"},"canonical":"https:\/\/www.emballagedigest.fr\/en\/robots-quelle-place-au-sein-du-monde-du-travail\/","og_locale":"en_GB","og_type":"article","og_title":"Robots\u00a0: quelle place au sein du monde du travail\u00a0? - Emballage Digest","og_description":"QNX, filiale du groupe BlackBerry, a r\u00e9cemment partag\u00e9 les r\u00e9sultats de son nouveau rapport sur la place de la robotique au travail. L\u2019enqu\u00eate, men\u00e9e aupr\u00e8s de 150 d\u00e9cideurs des secteurs de l\u2019industrie et de la sant\u00e9, a r\u00e9v\u00e9l\u00e9 que ceux-ci les accueillent majoritairement, et de mani\u00e8re positive. Avec des t\u00e2ches toujours plus complexes pouvant \u00eatre [&hellip;]","og_url":"https:\/\/www.emballagedigest.fr\/en\/robots-quelle-place-au-sein-du-monde-du-travail\/","og_site_name":"Emballage Digest","article_published_time":"2025-05-31T14:32:32+00:00","article_modified_time":"2025-06-03T14:34:40+00:00","og_image":[{"width":800,"height":600,"url":"https:\/\/www.emballagedigest.fr\/wp-content\/uploads\/2025\/06\/QNX.jpg","type":"image\/jpeg"}],"author":"Karine Duval","twitter_card":"summary_large_image","twitter_misc":{"Written by":"Karine Duval","Estimated reading time":"2 minutes"},"schema":{"@context":"https:\/\/schema.org","@graph":[{"@type":"Article","@id":"https:\/\/www.emballagedigest.fr\/robots-quelle-place-au-sein-du-monde-du-travail\/#article","isPartOf":{"@id":"https:\/\/www.emballagedigest.fr\/robots-quelle-place-au-sein-du-monde-du-travail\/"},"author":{"name":"Karine Duval","@id":"https:\/\/www.emballagedigest.fr\/#\/schema\/person\/76abe9f2b2ee4d3d520594c7a35da59f"},"headline":"Robots\u00a0: quelle place au sein du monde du travail\u00a0?","datePublished":"2025-05-31T14:32:32+00:00","dateModified":"2025-06-03T14:34:40+00:00","mainEntityOfPage":{"@id":"https:\/\/www.emballagedigest.fr\/robots-quelle-place-au-sein-du-monde-du-travail\/"},"wordCount":369,"publisher":{"@id":"https:\/\/www.emballagedigest.fr\/#organization"},"image":{"@id":"https:\/\/www.emballagedigest.fr\/robots-quelle-place-au-sein-du-monde-du-travail\/#primaryimage"},"thumbnailUrl":"https:\/\/www.emballagedigest.fr\/wp-content\/uploads\/2025\/06\/QNX.jpg","articleSection":["Article entier","Barre lat\u00e9rale","Mat\u00e9riel","Vu dans le mag"],"inLanguage":"en-GB"},{"@type":"WebPage","@id":"https:\/\/www.emballagedigest.fr\/robots-quelle-place-au-sein-du-monde-du-travail\/","url":"https:\/\/www.emballagedigest.fr\/robots-quelle-place-au-sein-du-monde-du-travail\/","name":"Robots\u00a0: quelle place au sein du monde du travail\u00a0? - Emballage Digest","isPartOf":{"@id":"https:\/\/www.emballagedigest.fr\/#website"},"primaryImageOfPage":{"@id":"https:\/\/www.emballagedigest.fr\/robots-quelle-place-au-sein-du-monde-du-travail\/#primaryimage"},"image":{"@id":"https:\/\/www.emballagedigest.fr\/robots-quelle-place-au-sein-du-monde-du-travail\/#primaryimage"},"thumbnailUrl":"https:\/\/www.emballagedigest.fr\/wp-content\/uploads\/2025\/06\/QNX.jpg","datePublished":"2025-05-31T14:32:32+00:00","dateModified":"2025-06-03T14:34:40+00:00","breadcrumb":{"@id":"https:\/\/www.emballagedigest.fr\/robots-quelle-place-au-sein-du-monde-du-travail\/#breadcrumb"},"inLanguage":"en-GB","potentialAction":[{"@type":"ReadAction","target":["https:\/\/www.emballagedigest.fr\/robots-quelle-place-au-sein-du-monde-du-travail\/"]}]},{"@type":"ImageObject","inLanguage":"en-GB","@id":"https:\/\/www.emballagedigest.fr\/robots-quelle-place-au-sein-du-monde-du-travail\/#primaryimage","url":"https:\/\/www.emballagedigest.fr\/wp-content\/uploads\/2025\/06\/QNX.jpg","contentUrl":"https:\/\/www.emballagedigest.fr\/wp-content\/uploads\/2025\/06\/QNX.jpg","width":800,"height":600},{"@type":"BreadcrumbList","@id":"https:\/\/www.emballagedigest.fr\/robots-quelle-place-au-sein-du-monde-du-travail\/#breadcrumb","itemListElement":[{"@type":"ListItem","position":1,"name":"Accueil","item":"https:\/\/www.emballagedigest.fr\/"},{"@type":"ListItem","position":2,"name":"Robots\u00a0: quelle place au sein du monde du travail\u00a0?"}]},{"@type":"WebSite","@id":"https:\/\/www.emballagedigest.fr\/#website","url":"https:\/\/www.emballagedigest.fr\/","name":"Emballage Digest","description":"Revue professionnelle sur les emballages","publisher":{"@id":"https:\/\/www.emballagedigest.fr\/#organization"},"potentialAction":[{"@type":"SearchAction","target":{"@type":"EntryPoint","urlTemplate":"https:\/\/www.emballagedigest.fr\/?s={search_term_string}"},"query-input":{"@type":"PropertyValueSpecification","valueRequired":true,"valueName":"search_term_string"}}],"inLanguage":"en-GB"},{"@type":"Organization","@id":"https:\/\/www.emballagedigest.fr\/#organization","name":"Emballage Digest","url":"https:\/\/www.emballagedigest.fr\/","logo":{"@type":"ImageObject","inLanguage":"en-GB","@id":"https:\/\/www.emballagedigest.fr\/#\/schema\/logo\/image\/","url":"https:\/\/www.emballagedigest.fr\/wp-content\/uploads\/2022\/07\/logo-ed.png","contentUrl":"https:\/\/www.emballagedigest.fr\/wp-content\/uploads\/2022\/07\/logo-ed.png","width":379,"height":75,"caption":"Emballage Digest"},"image":{"@id":"https:\/\/www.emballagedigest.fr\/#\/schema\/logo\/image\/"}},{"@type":"Person","@id":"https:\/\/www.emballagedigest.fr\/#\/schema\/person\/76abe9f2b2ee4d3d520594c7a35da59f","name":"Karine Duval","image":{"@type":"ImageObject","inLanguage":"en-GB","@id":"https:\/\/www.emballagedigest.fr\/#\/schema\/person\/image\/","url":"https:\/\/secure.gravatar.com\/avatar\/f552799261cdd2e076e6677d780ef07bdb13aa4c196ab75b39abcbcdcae2d4e5?s=96&d=mm&r=g","contentUrl":"https:\/\/secure.gravatar.com\/avatar\/f552799261cdd2e076e6677d780ef07bdb13aa4c196ab75b39abcbcdcae2d4e5?s=96&d=mm&r=g","caption":"Karine Duval"},"url":"https:\/\/www.emballagedigest.fr\/en\/author\/admin_karduv\/"}]}},"_links":{"self":[{"href":"https:\/\/www.emballagedigest.fr\/en\/wp-json\/wp\/v2\/posts\/44700","targetHints":{"allow":["GET"]}}],"collection":[{"href":"https:\/\/www.emballagedigest.fr\/en\/wp-json\/wp\/v2\/posts"}],"about":[{"href":"https:\/\/www.emballagedigest.fr\/en\/wp-json\/wp\/v2\/types\/post"}],"author":[{"embeddable":true,"href":"https:\/\/www.emballagedigest.fr\/en\/wp-json\/wp\/v2\/users\/2"}],"replies":[{"embeddable":true,"href":"https:\/\/www.emballagedigest.fr\/en\/wp-json\/wp\/v2\/comments?post=44700"}],"version-history":[{"count":1,"href":"https:\/\/www.emballagedigest.fr\/en\/wp-json\/wp\/v2\/posts\/44700\/revisions"}],"predecessor-version":[{"id":44702,"href":"https:\/\/www.emballagedigest.fr\/en\/wp-json\/wp\/v2\/posts\/44700\/revisions\/44702"}],"wp:featuredmedia":[{"embeddable":true,"href":"https:\/\/www.emballagedigest.fr\/en\/wp-json\/wp\/v2\/media\/44701"}],"wp:attachment":[{"href":"https:\/\/www.emballagedigest.fr\/en\/wp-json\/wp\/v2\/media?parent=44700"}],"wp:term":[{"taxonomy":"category","embeddable":true,"href":"https:\/\/www.emballagedigest.fr\/en\/wp-json\/wp\/v2\/categories?post=44700"},{"taxonomy":"post_tag","embeddable":true,"href":"https:\/\/www.emballagedigest.fr\/en\/wp-json\/wp\/v2\/tags?post=44700"}],"curies":[{"name":"wp","href":"https:\/\/api.w.org\/{rel}","templated":true}]}}