{"id":44719,"date":"2025-05-31T16:47:04","date_gmt":"2025-05-31T14:47:04","guid":{"rendered":"https:\/\/www.emballagedigest.fr\/?p=44719"},"modified":"2025-06-03T16:49:13","modified_gmt":"2025-06-03T14:49:13","slug":"un-verre-vert-pour-mieux-proteger-lhuile-dolive","status":"publish","type":"post","link":"https:\/\/www.emballagedigest.fr\/en\/un-verre-vert-pour-mieux-proteger-lhuile-dolive\/","title":{"rendered":"Un verre vert pour mieux prot\u00e9ger l\u2019huile d\u2019olive"},"content":{"rendered":"<p><strong>Puget et Verallia ont collabor\u00e9 au d\u00e9veloppement d\u2019une bouteille en verre vert pour conserver au mieux la qualit\u00e9 de l\u2019huile d\u2019olive. En effet, cette teinte feuille morte se distingue par ses propri\u00e9t\u00e9s filtrantes plus \u00e9lev\u00e9es, offrant une protection UV optimale qui pr\u00e9serve l\u2019int\u00e9grit\u00e9 et la qualit\u00e9 des produits contenus. <\/strong><\/p>\n\n\n\n<p>Cette caract\u00e9ristique en fait un choix privil\u00e9gi\u00e9 pour la conservation des aliments et des boissons, particuli\u00e8rement pour des produits sensibles comme l\u2019huile d\u2019olive. A l\u2019instar de l\u2019huile d\u2019olive, un produit vivant qui \u00e9volue et r\u00e9agit \u00e0 la lumi\u00e8re et aux conditions de stockage. Objectifs : garantir une protection renforc\u00e9e contre les rayons UV pour pr\u00e9server la qualit\u00e9 et la fra\u00eecheur de l\u2019huile plus longtemps, et int\u00e9grer une plus grande proportion de verre recycl\u00e9, r\u00e9duisant ainsi significativement l\u2019impact environnemental du produit. Avec un taux d\u2019int\u00e9gration de calcin externe (verre recycl\u00e9) atteignant 86% en 2024 (source Verallia), le verre vert repr\u00e9sente une avanc\u00e9e significative en mati\u00e8re d\u2019\u00e9conomie circulaire. Chaque augmentation de 10 points du taux de calcin se traduit par une r\u00e9duction de 5% des \u00e9missions de CO2 et une diminution de 2,5% de la consommation \u00e9nerg\u00e9tique des fours verriers. La bouteille est produite \u00e0 l\u2019usine de Chalon-sur-Sa\u00f4ne.<br><strong><em>Fournisseur\u00a0: Verallia<\/em><\/strong><\/p>","protected":false},"excerpt":{"rendered":"<p>Puget et Verallia ont collabor\u00e9 au d\u00e9veloppement d\u2019une bouteille en verre vert pour conserver au mieux la qualit\u00e9 de l\u2019huile d\u2019olive. En effet, cette teinte feuille morte se distingue par ses propri\u00e9t\u00e9s filtrantes plus \u00e9lev\u00e9es, offrant une protection UV optimale qui pr\u00e9serve l\u2019int\u00e9grit\u00e9 et la qualit\u00e9 des produits contenus. Cette caract\u00e9ristique en fait un choix [&hellip;]<\/p>","protected":false},"author":2,"featured_media":44720,"comment_status":"closed","ping_status":"closed","sticky":false,"template":"","format":"standard","meta":{"_acf_changed":false,"inline_featured_image":false,"iawp_total_views":2,"footnotes":""},"categories":[26,4,65],"tags":[],"class_list":["post-44719","post","type-post","status-publish","format-standard","has-post-thumbnail","hentry","category-laterale","category-lineaires","category-vu-dans-le-mag"],"acf":[],"yoast_head":"<!-- This site is optimized with the Yoast SEO plugin v24.4 - https:\/\/yoast.com\/wordpress\/plugins\/seo\/ -->\n<title>Un verre vert pour mieux prot\u00e9ger l\u2019huile d\u2019olive - Emballage Digest<\/title>\n<meta name=\"robots\" content=\"index, follow, max-snippet:-1, max-image-preview:large, max-video-preview:-1\" \/>\n<link rel=\"canonical\" href=\"https:\/\/www.emballagedigest.fr\/en\/un-verre-vert-pour-mieux-proteger-lhuile-dolive\/\" \/>\n<meta property=\"og:locale\" content=\"en_GB\" \/>\n<meta property=\"og:type\" content=\"article\" \/>\n<meta property=\"og:title\" content=\"Un verre vert pour mieux prot\u00e9ger l\u2019huile d\u2019olive - Emballage Digest\" \/>\n<meta property=\"og:description\" content=\"Puget et Verallia ont collabor\u00e9 au d\u00e9veloppement d\u2019une bouteille en verre vert pour conserver au mieux la qualit\u00e9 de l\u2019huile d\u2019olive. En effet, cette teinte feuille morte se distingue par ses propri\u00e9t\u00e9s filtrantes plus \u00e9lev\u00e9es, offrant une protection UV optimale qui pr\u00e9serve l\u2019int\u00e9grit\u00e9 et la qualit\u00e9 des produits contenus. Cette caract\u00e9ristique en fait un choix [&hellip;]\" \/>\n<meta property=\"og:url\" content=\"https:\/\/www.emballagedigest.fr\/en\/un-verre-vert-pour-mieux-proteger-lhuile-dolive\/\" \/>\n<meta property=\"og:site_name\" content=\"Emballage Digest\" \/>\n<meta property=\"article:published_time\" content=\"2025-05-31T14:47:04+00:00\" \/>\n<meta property=\"article:modified_time\" content=\"2025-06-03T14:49:13+00:00\" \/>\n<meta property=\"og:image\" content=\"https:\/\/www.emballagedigest.fr\/wp-content\/uploads\/2025\/06\/PUGET.jpg\" \/>\n\t<meta property=\"og:image:width\" content=\"800\" \/>\n\t<meta property=\"og:image:height\" content=\"600\" \/>\n\t<meta property=\"og:image:type\" content=\"image\/jpeg\" \/>\n<meta name=\"author\" content=\"Karine Duval\" \/>\n<meta name=\"twitter:card\" content=\"summary_large_image\" \/>\n<meta name=\"twitter:label1\" content=\"Written by\" \/>\n\t<meta name=\"twitter:data1\" content=\"Karine Duval\" \/>\n\t<meta name=\"twitter:label2\" content=\"Estimated reading time\" \/>\n\t<meta name=\"twitter:data2\" content=\"2 minutes\" \/>\n<script type=\"application\/ld+json\" class=\"yoast-schema-graph\">{\"@context\":\"https:\/\/schema.org\",\"@graph\":[{\"@type\":\"Article\",\"@id\":\"https:\/\/www.emballagedigest.fr\/un-verre-vert-pour-mieux-proteger-lhuile-dolive\/#article\",\"isPartOf\":{\"@id\":\"https:\/\/www.emballagedigest.fr\/un-verre-vert-pour-mieux-proteger-lhuile-dolive\/\"},\"author\":{\"name\":\"Karine Duval\",\"@id\":\"https:\/\/www.emballagedigest.fr\/#\/schema\/person\/76abe9f2b2ee4d3d520594c7a35da59f\"},\"headline\":\"Un verre vert pour mieux prot\u00e9ger l\u2019huile d\u2019olive\",\"datePublished\":\"2025-05-31T14:47:04+00:00\",\"dateModified\":\"2025-06-03T14:49:13+00:00\",\"mainEntityOfPage\":{\"@id\":\"https:\/\/www.emballagedigest.fr\/un-verre-vert-pour-mieux-proteger-lhuile-dolive\/\"},\"wordCount\":237,\"publisher\":{\"@id\":\"https:\/\/www.emballagedigest.fr\/#organization\"},\"image\":{\"@id\":\"https:\/\/www.emballagedigest.fr\/un-verre-vert-pour-mieux-proteger-lhuile-dolive\/#primaryimage\"},\"thumbnailUrl\":\"https:\/\/www.emballagedigest.fr\/wp-content\/uploads\/2025\/06\/PUGET.jpg\",\"articleSection\":[\"Barre lat\u00e9rale\",\"Lin\u00e9aires\",\"Vu dans le mag\"],\"inLanguage\":\"en-GB\"},{\"@type\":\"WebPage\",\"@id\":\"https:\/\/www.emballagedigest.fr\/un-verre-vert-pour-mieux-proteger-lhuile-dolive\/\",\"url\":\"https:\/\/www.emballagedigest.fr\/un-verre-vert-pour-mieux-proteger-lhuile-dolive\/\",\"name\":\"Un verre vert pour mieux prot\u00e9ger l\u2019huile d\u2019olive - Emballage Digest\",\"isPartOf\":{\"@id\":\"https:\/\/www.emballagedigest.fr\/#website\"},\"primaryImageOfPage\":{\"@id\":\"https:\/\/www.emballagedigest.fr\/un-verre-vert-pour-mieux-proteger-lhuile-dolive\/#primaryimage\"},\"image\":{\"@id\":\"https:\/\/www.emballagedigest.fr\/un-verre-vert-pour-mieux-proteger-lhuile-dolive\/#primaryimage\"},\"thumbnailUrl\":\"https:\/\/www.emballagedigest.fr\/wp-content\/uploads\/2025\/06\/PUGET.jpg\",\"datePublished\":\"2025-05-31T14:47:04+00:00\",\"dateModified\":\"2025-06-03T14:49:13+00:00\",\"breadcrumb\":{\"@id\":\"https:\/\/www.emballagedigest.fr\/un-verre-vert-pour-mieux-proteger-lhuile-dolive\/#breadcrumb\"},\"inLanguage\":\"en-GB\",\"potentialAction\":[{\"@type\":\"ReadAction\",\"target\":[\"https:\/\/www.emballagedigest.fr\/un-verre-vert-pour-mieux-proteger-lhuile-dolive\/\"]}]},{\"@type\":\"ImageObject\",\"inLanguage\":\"en-GB\",\"@id\":\"https:\/\/www.emballagedigest.fr\/un-verre-vert-pour-mieux-proteger-lhuile-dolive\/#primaryimage\",\"url\":\"https:\/\/www.emballagedigest.fr\/wp-content\/uploads\/2025\/06\/PUGET.jpg\",\"contentUrl\":\"https:\/\/www.emballagedigest.fr\/wp-content\/uploads\/2025\/06\/PUGET.jpg\",\"width\":800,\"height\":600},{\"@type\":\"BreadcrumbList\",\"@id\":\"https:\/\/www.emballagedigest.fr\/un-verre-vert-pour-mieux-proteger-lhuile-dolive\/#breadcrumb\",\"itemListElement\":[{\"@type\":\"ListItem\",\"position\":1,\"name\":\"Accueil\",\"item\":\"https:\/\/www.emballagedigest.fr\/\"},{\"@type\":\"ListItem\",\"position\":2,\"name\":\"Un verre vert pour mieux prot\u00e9ger l\u2019huile d\u2019olive\"}]},{\"@type\":\"WebSite\",\"@id\":\"https:\/\/www.emballagedigest.fr\/#website\",\"url\":\"https:\/\/www.emballagedigest.fr\/\",\"name\":\"Emballage Digest\",\"description\":\"Revue professionnelle sur les emballages\",\"publisher\":{\"@id\":\"https:\/\/www.emballagedigest.fr\/#organization\"},\"potentialAction\":[{\"@type\":\"SearchAction\",\"target\":{\"@type\":\"EntryPoint\",\"urlTemplate\":\"https:\/\/www.emballagedigest.fr\/?s={search_term_string}\"},\"query-input\":{\"@type\":\"PropertyValueSpecification\",\"valueRequired\":true,\"valueName\":\"search_term_string\"}}],\"inLanguage\":\"en-GB\"},{\"@type\":\"Organization\",\"@id\":\"https:\/\/www.emballagedigest.fr\/#organization\",\"name\":\"Emballage Digest\",\"url\":\"https:\/\/www.emballagedigest.fr\/\",\"logo\":{\"@type\":\"ImageObject\",\"inLanguage\":\"en-GB\",\"@id\":\"https:\/\/www.emballagedigest.fr\/#\/schema\/logo\/image\/\",\"url\":\"https:\/\/www.emballagedigest.fr\/wp-content\/uploads\/2022\/07\/logo-ed.png\",\"contentUrl\":\"https:\/\/www.emballagedigest.fr\/wp-content\/uploads\/2022\/07\/logo-ed.png\",\"width\":379,\"height\":75,\"caption\":\"Emballage Digest\"},\"image\":{\"@id\":\"https:\/\/www.emballagedigest.fr\/#\/schema\/logo\/image\/\"}},{\"@type\":\"Person\",\"@id\":\"https:\/\/www.emballagedigest.fr\/#\/schema\/person\/76abe9f2b2ee4d3d520594c7a35da59f\",\"name\":\"Karine Duval\",\"image\":{\"@type\":\"ImageObject\",\"inLanguage\":\"en-GB\",\"@id\":\"https:\/\/www.emballagedigest.fr\/#\/schema\/person\/image\/\",\"url\":\"https:\/\/secure.gravatar.com\/avatar\/f552799261cdd2e076e6677d780ef07bdb13aa4c196ab75b39abcbcdcae2d4e5?s=96&d=mm&r=g\",\"contentUrl\":\"https:\/\/secure.gravatar.com\/avatar\/f552799261cdd2e076e6677d780ef07bdb13aa4c196ab75b39abcbcdcae2d4e5?s=96&d=mm&r=g\",\"caption\":\"Karine Duval\"},\"url\":\"https:\/\/www.emballagedigest.fr\/en\/author\/admin_karduv\/\"}]}<\/script>\n<!-- \/ Yoast SEO plugin. -->","yoast_head_json":{"title":"Un verre vert pour mieux prot\u00e9ger l\u2019huile d\u2019olive - Emballage Digest","robots":{"index":"index","follow":"follow","max-snippet":"max-snippet:-1","max-image-preview":"max-image-preview:large","max-video-preview":"max-video-preview:-1"},"canonical":"https:\/\/www.emballagedigest.fr\/en\/un-verre-vert-pour-mieux-proteger-lhuile-dolive\/","og_locale":"en_GB","og_type":"article","og_title":"Un verre vert pour mieux prot\u00e9ger l\u2019huile d\u2019olive - Emballage Digest","og_description":"Puget et Verallia ont collabor\u00e9 au d\u00e9veloppement d\u2019une bouteille en verre vert pour conserver au mieux la qualit\u00e9 de l\u2019huile d\u2019olive. En effet, cette teinte feuille morte se distingue par ses propri\u00e9t\u00e9s filtrantes plus \u00e9lev\u00e9es, offrant une protection UV optimale qui pr\u00e9serve l\u2019int\u00e9grit\u00e9 et la qualit\u00e9 des produits contenus. Cette caract\u00e9ristique en fait un choix [&hellip;]","og_url":"https:\/\/www.emballagedigest.fr\/en\/un-verre-vert-pour-mieux-proteger-lhuile-dolive\/","og_site_name":"Emballage Digest","article_published_time":"2025-05-31T14:47:04+00:00","article_modified_time":"2025-06-03T14:49:13+00:00","og_image":[{"width":800,"height":600,"url":"https:\/\/www.emballagedigest.fr\/wp-content\/uploads\/2025\/06\/PUGET.jpg","type":"image\/jpeg"}],"author":"Karine Duval","twitter_card":"summary_large_image","twitter_misc":{"Written by":"Karine Duval","Estimated reading time":"2 minutes"},"schema":{"@context":"https:\/\/schema.org","@graph":[{"@type":"Article","@id":"https:\/\/www.emballagedigest.fr\/un-verre-vert-pour-mieux-proteger-lhuile-dolive\/#article","isPartOf":{"@id":"https:\/\/www.emballagedigest.fr\/un-verre-vert-pour-mieux-proteger-lhuile-dolive\/"},"author":{"name":"Karine Duval","@id":"https:\/\/www.emballagedigest.fr\/#\/schema\/person\/76abe9f2b2ee4d3d520594c7a35da59f"},"headline":"Un verre vert pour mieux prot\u00e9ger l\u2019huile d\u2019olive","datePublished":"2025-05-31T14:47:04+00:00","dateModified":"2025-06-03T14:49:13+00:00","mainEntityOfPage":{"@id":"https:\/\/www.emballagedigest.fr\/un-verre-vert-pour-mieux-proteger-lhuile-dolive\/"},"wordCount":237,"publisher":{"@id":"https:\/\/www.emballagedigest.fr\/#organization"},"image":{"@id":"https:\/\/www.emballagedigest.fr\/un-verre-vert-pour-mieux-proteger-lhuile-dolive\/#primaryimage"},"thumbnailUrl":"https:\/\/www.emballagedigest.fr\/wp-content\/uploads\/2025\/06\/PUGET.jpg","articleSection":["Barre lat\u00e9rale","Lin\u00e9aires","Vu dans le mag"],"inLanguage":"en-GB"},{"@type":"WebPage","@id":"https:\/\/www.emballagedigest.fr\/un-verre-vert-pour-mieux-proteger-lhuile-dolive\/","url":"https:\/\/www.emballagedigest.fr\/un-verre-vert-pour-mieux-proteger-lhuile-dolive\/","name":"Un verre vert pour mieux prot\u00e9ger l\u2019huile d\u2019olive - Emballage Digest","isPartOf":{"@id":"https:\/\/www.emballagedigest.fr\/#website"},"primaryImageOfPage":{"@id":"https:\/\/www.emballagedigest.fr\/un-verre-vert-pour-mieux-proteger-lhuile-dolive\/#primaryimage"},"image":{"@id":"https:\/\/www.emballagedigest.fr\/un-verre-vert-pour-mieux-proteger-lhuile-dolive\/#primaryimage"},"thumbnailUrl":"https:\/\/www.emballagedigest.fr\/wp-content\/uploads\/2025\/06\/PUGET.jpg","datePublished":"2025-05-31T14:47:04+00:00","dateModified":"2025-06-03T14:49:13+00:00","breadcrumb":{"@id":"https:\/\/www.emballagedigest.fr\/un-verre-vert-pour-mieux-proteger-lhuile-dolive\/#breadcrumb"},"inLanguage":"en-GB","potentialAction":[{"@type":"ReadAction","target":["https:\/\/www.emballagedigest.fr\/un-verre-vert-pour-mieux-proteger-lhuile-dolive\/"]}]},{"@type":"ImageObject","inLanguage":"en-GB","@id":"https:\/\/www.emballagedigest.fr\/un-verre-vert-pour-mieux-proteger-lhuile-dolive\/#primaryimage","url":"https:\/\/www.emballagedigest.fr\/wp-content\/uploads\/2025\/06\/PUGET.jpg","contentUrl":"https:\/\/www.emballagedigest.fr\/wp-content\/uploads\/2025\/06\/PUGET.jpg","width":800,"height":600},{"@type":"BreadcrumbList","@id":"https:\/\/www.emballagedigest.fr\/un-verre-vert-pour-mieux-proteger-lhuile-dolive\/#breadcrumb","itemListElement":[{"@type":"ListItem","position":1,"name":"Accueil","item":"https:\/\/www.emballagedigest.fr\/"},{"@type":"ListItem","position":2,"name":"Un verre vert pour mieux prot\u00e9ger l\u2019huile d\u2019olive"}]},{"@type":"WebSite","@id":"https:\/\/www.emballagedigest.fr\/#website","url":"https:\/\/www.emballagedigest.fr\/","name":"Emballage Digest","description":"Revue professionnelle sur les emballages","publisher":{"@id":"https:\/\/www.emballagedigest.fr\/#organization"},"potentialAction":[{"@type":"SearchAction","target":{"@type":"EntryPoint","urlTemplate":"https:\/\/www.emballagedigest.fr\/?s={search_term_string}"},"query-input":{"@type":"PropertyValueSpecification","valueRequired":true,"valueName":"search_term_string"}}],"inLanguage":"en-GB"},{"@type":"Organization","@id":"https:\/\/www.emballagedigest.fr\/#organization","name":"Emballage Digest","url":"https:\/\/www.emballagedigest.fr\/","logo":{"@type":"ImageObject","inLanguage":"en-GB","@id":"https:\/\/www.emballagedigest.fr\/#\/schema\/logo\/image\/","url":"https:\/\/www.emballagedigest.fr\/wp-content\/uploads\/2022\/07\/logo-ed.png","contentUrl":"https:\/\/www.emballagedigest.fr\/wp-content\/uploads\/2022\/07\/logo-ed.png","width":379,"height":75,"caption":"Emballage Digest"},"image":{"@id":"https:\/\/www.emballagedigest.fr\/#\/schema\/logo\/image\/"}},{"@type":"Person","@id":"https:\/\/www.emballagedigest.fr\/#\/schema\/person\/76abe9f2b2ee4d3d520594c7a35da59f","name":"Karine Duval","image":{"@type":"ImageObject","inLanguage":"en-GB","@id":"https:\/\/www.emballagedigest.fr\/#\/schema\/person\/image\/","url":"https:\/\/secure.gravatar.com\/avatar\/f552799261cdd2e076e6677d780ef07bdb13aa4c196ab75b39abcbcdcae2d4e5?s=96&d=mm&r=g","contentUrl":"https:\/\/secure.gravatar.com\/avatar\/f552799261cdd2e076e6677d780ef07bdb13aa4c196ab75b39abcbcdcae2d4e5?s=96&d=mm&r=g","caption":"Karine Duval"},"url":"https:\/\/www.emballagedigest.fr\/en\/author\/admin_karduv\/"}]}},"_links":{"self":[{"href":"https:\/\/www.emballagedigest.fr\/en\/wp-json\/wp\/v2\/posts\/44719","targetHints":{"allow":["GET"]}}],"collection":[{"href":"https:\/\/www.emballagedigest.fr\/en\/wp-json\/wp\/v2\/posts"}],"about":[{"href":"https:\/\/www.emballagedigest.fr\/en\/wp-json\/wp\/v2\/types\/post"}],"author":[{"embeddable":true,"href":"https:\/\/www.emballagedigest.fr\/en\/wp-json\/wp\/v2\/users\/2"}],"replies":[{"embeddable":true,"href":"https:\/\/www.emballagedigest.fr\/en\/wp-json\/wp\/v2\/comments?post=44719"}],"version-history":[{"count":1,"href":"https:\/\/www.emballagedigest.fr\/en\/wp-json\/wp\/v2\/posts\/44719\/revisions"}],"predecessor-version":[{"id":44721,"href":"https:\/\/www.emballagedigest.fr\/en\/wp-json\/wp\/v2\/posts\/44719\/revisions\/44721"}],"wp:featuredmedia":[{"embeddable":true,"href":"https:\/\/www.emballagedigest.fr\/en\/wp-json\/wp\/v2\/media\/44720"}],"wp:attachment":[{"href":"https:\/\/www.emballagedigest.fr\/en\/wp-json\/wp\/v2\/media?parent=44719"}],"wp:term":[{"taxonomy":"category","embeddable":true,"href":"https:\/\/www.emballagedigest.fr\/en\/wp-json\/wp\/v2\/categories?post=44719"},{"taxonomy":"post_tag","embeddable":true,"href":"https:\/\/www.emballagedigest.fr\/en\/wp-json\/wp\/v2\/tags?post=44719"}],"curies":[{"name":"wp","href":"https:\/\/api.w.org\/{rel}","templated":true}]}}