{"id":44722,"date":"2025-05-31T16:49:27","date_gmt":"2025-05-31T14:49:27","guid":{"rendered":"https:\/\/www.emballagedigest.fr\/?p=44722"},"modified":"2025-06-03T16:51:27","modified_gmt":"2025-06-03T14:51:27","slug":"comment-sont-testes-les-contenants-alimentaires-reemployables","status":"publish","type":"post","link":"https:\/\/www.emballagedigest.fr\/en\/comment-sont-testes-les-contenants-alimentaires-reemployables\/","title":{"rendered":"Comment sont test\u00e9s les contenants alimentaires r\u00e9employables ?"},"content":{"rendered":"<p><strong>Le r\u00e9emploi des emballages, notamment alimentaires, est au centre des pr\u00e9occupations des fabricants d\u2019emballages mais aussi de l\u2019industrie agroalimentaire, des distributeurs et du consommateur. Est consid\u00e9r\u00e9 comme r\u00e9employ\u00e9 ou r\u00e9utilis\u00e9 tout emballage \u00ab\u00a0faisant l\u2019objet d\u2019au moins une deuxi\u00e8me utilisation pour un usage de m\u00eame nature que celui pour lequel il a \u00e9t\u00e9 con\u00e7u, et dont le r\u00e9emploi ou la r\u00e9utilisation est organis\u00e9 par ou pour le compte du producteur\u00a0\u00bb.<\/strong><\/p>\n\n\n\n<p>Plusieurs lois d\u00e9finissent des objectifs de r\u00e9emploi des emballages. En France, la loi AGEC de 2020 vise \u00e0 augmenter la part des emballages r\u00e9employ\u00e9s par rapport aux emballages \u00e0 usage unique, avec de nouveaux objectifs \u00e0 atteindre : 5% des emballages r\u00e9employ\u00e9s mis sur le march\u00e9 en France en 2023 et 10% en 2027. La loi imposait aussi, pour 2023, une obligation de remplacer la vaisselle jetable plastique par de la vaisselle r\u00e9utilisable. En Europe, il a fallu attendre la publication r\u00e9cente du R\u00e8glement sur les Emballages et d\u00e9chets d\u2019emballages (PPWR) pour voir des objectifs de r\u00e9emploi. Mais ceux-ci sont peu lisibles, \u00e0 cause des nombreuses exemptions et d\u00e9rogations. Seulement certaines cat\u00e9gories d\u2019emballages sont vis\u00e9es par des objectifs de r\u00e9emploi.<br>En France fin 2023, seulement 2,22% des emballages \u00e9taient r\u00e9employables, bien loin de l\u2019objectif de 5%.<\/p>\n\n\n\n<p>Le r\u00e8glement europ\u00e9en 10\/2011, sur les plastiques \u00ab&nbsp;alimentaires&nbsp;\u00bb, pr\u00e9voit des essais de migrations successives de trois cycles uniquement pour les articles \u00e0 usage r\u00e9p\u00e9t\u00e9. L\u2019usure des mat\u00e9riaux d\u00fb \u00e0 leur utilisation (lavage, r\u00e9chauffage, ouverture\/fermeture\u2026) n\u2019est pas prise en compte dans les essais.<br>A ce jour, il n\u2019existe aucune m\u00e9thode harmonis\u00e9e validant le r\u00e9emploi des emballages.<br>SGS a travaill\u00e9 sur un protocole d\u2019essais combinant des essais de relargage chimique et des essais de performance pour pr\u00e9valoir la d\u00e9t\u00e9rioration des emballages plastiques. L\u2019id\u00e9e est de se rapprocher au maximum des conditions d\u2019utilisation r\u00e9elles des emballages r\u00e9employables. En fonction de l\u2019application finale du produit et du type de mat\u00e9riau \u00e9tudi\u00e9, de nombreux essais peuvent \u00eatre envisag\u00e9s.<br>Par exemple, si on consid\u00e8re une barquette r\u00e9employable en polypropyl\u00e8ne utilis\u00e9e par un consommateur lors de sa pause-d\u00e9jeuner, il faudra que le contenant r\u00e9ponde \u00e0 un cahier des charges pr\u00e9cis. En effet, celui-ci devra garder ses performances apr\u00e8s des cycles de r\u00e9chauffage au micro-onde, de coups de couteau ou fourchette pendant son utilisation et de lavage au lave-vaisselle. Pour cela, SGS propose un protocole d\u2019essai complet.<br>A cela, il peut \u00eatre judicieux d\u2019ajouter des tests m\u00e9caniques de compatibilit\u00e9 entre un contenant et son couvercle. Cela permet de v\u00e9rifier que la mati\u00e8re ne se d\u00e9forme pas et que l\u2019int\u00e9grit\u00e9 du produit reste pr\u00e9serv\u00e9e.<\/p>\n\n\n\n<p>Il est \u00e9galement important de d\u00e9finir le nombre d\u2019utilisations souhait\u00e9 du produit afin d\u2019ajuster le nombre de cycles de tests n\u00e9cessaires. En effet, un contenant pourra pr\u00e9senter des propri\u00e9t\u00e9s satisfaisantes au bout de 25 cycles mais se d\u00e9t\u00e9riorer au bout de 30 rotations. Ces essais dits de \u00ab&nbsp;performance&nbsp;\u00bb sont combin\u00e9s avec des tests de migration chimique permettant de v\u00e9rifier l\u2019innocuit\u00e9 de l\u2019emballage vis-\u00e0-vis de la sant\u00e9 humaine tout au long du vieillissement du produit.<br>Dans le cas de bouteilles en verre, l\u2019approche est l\u00e9g\u00e8rement diff\u00e9rente. En effet, le verre est un mat\u00e9riau fragile et qui pr\u00e9sente des risques de casse pendant son transport ou quand il subit des variations de temp\u00e9rature, lors d\u2019un remplissage \u00e0 chaud par exemple. Dans ce cas, des campagnes de tests alternant des essais en enceinte de choc thermique et des essais de simulation de transport peuvent \u00eatre envisag\u00e9es.<\/p>\n\n\n\n<p>Face aux exigences croissantes en mati\u00e8re de durabilit\u00e9 et aux r\u00e9glementations de plus en plus strictes, le r\u00e9emploi des emballages ne peut plus se contenter d\u2019\u00eatre une option. Il devient une n\u00e9cessit\u00e9. Pourtant, garantir la s\u00e9curit\u00e9 et la performance des contenants r\u00e9utilisables exige une \u00e9valuation rigoureuse, r\u00e9aliste et adapt\u00e9e \u00e0 chaque usage. C\u2019est dans cette perspective que SGS France s\u2019engage aux c\u00f4t\u00e9s des industriels pour proposer des protocoles d\u2019essais complets, alliant performance et s\u00e9curit\u00e9 alimentaire. Notre objectif : accompagner l\u2019ensemble des acteurs vers un mod\u00e8le plus responsable, en assurant la fiabilit\u00e9 des solutions de r\u00e9emploi \u00e0 chaque \u00e9tape de leur cycle de vie.<br>Parce que l\u2019emballage de demain ne sera pas simplement r\u00e9utilisable : il devra \u00eatre test\u00e9, s\u00e9curis\u00e9, et adapt\u00e9 \u00e0 la r\u00e9alit\u00e9 d\u2019usage.<\/p>","protected":false},"excerpt":{"rendered":"<p>Le r\u00e9emploi des emballages, notamment alimentaires, est au centre des pr\u00e9occupations des fabricants d\u2019emballages mais aussi de l\u2019industrie agroalimentaire, des distributeurs et du consommateur. Est consid\u00e9r\u00e9 comme r\u00e9employ\u00e9 ou r\u00e9utilis\u00e9 tout emballage \u00ab\u00a0faisant l\u2019objet d\u2019au moins une deuxi\u00e8me utilisation pour un usage de m\u00eame nature que celui pour lequel il a \u00e9t\u00e9 con\u00e7u, et dont [&hellip;]<\/p>","protected":false},"author":2,"featured_media":44723,"comment_status":"closed","ping_status":"closed","sticky":false,"template":"","format":"standard","meta":{"_acf_changed":false,"inline_featured_image":false,"iawp_total_views":2,"footnotes":""},"categories":[5,28,26,81,65],"tags":[],"class_list":["post-44722","post","type-post","status-publish","format-standard","has-post-thumbnail","hentry","category-alimentaire","category-article-entier","category-laterale","category-packaging","category-vu-dans-le-mag"],"acf":[],"yoast_head":"<!-- This site is optimized with the Yoast SEO plugin v24.4 - https:\/\/yoast.com\/wordpress\/plugins\/seo\/ -->\n<title>Comment sont test\u00e9s les contenants alimentaires r\u00e9employables ? - Emballage Digest<\/title>\n<meta name=\"robots\" content=\"index, follow, max-snippet:-1, max-image-preview:large, max-video-preview:-1\" \/>\n<link rel=\"canonical\" href=\"https:\/\/www.emballagedigest.fr\/en\/comment-sont-testes-les-contenants-alimentaires-reemployables\/\" \/>\n<meta property=\"og:locale\" content=\"en_GB\" \/>\n<meta property=\"og:type\" content=\"article\" \/>\n<meta property=\"og:title\" content=\"Comment sont test\u00e9s les contenants alimentaires r\u00e9employables ? - Emballage Digest\" \/>\n<meta property=\"og:description\" content=\"Le r\u00e9emploi des emballages, notamment alimentaires, est au centre des pr\u00e9occupations des fabricants d\u2019emballages mais aussi de l\u2019industrie agroalimentaire, des distributeurs et du consommateur. Est consid\u00e9r\u00e9 comme r\u00e9employ\u00e9 ou r\u00e9utilis\u00e9 tout emballage \u00ab\u00a0faisant l\u2019objet d\u2019au moins une deuxi\u00e8me utilisation pour un usage de m\u00eame nature que celui pour lequel il a \u00e9t\u00e9 con\u00e7u, et dont [&hellip;]\" \/>\n<meta property=\"og:url\" content=\"https:\/\/www.emballagedigest.fr\/en\/comment-sont-testes-les-contenants-alimentaires-reemployables\/\" \/>\n<meta property=\"og:site_name\" content=\"Emballage Digest\" \/>\n<meta property=\"article:published_time\" content=\"2025-05-31T14:49:27+00:00\" \/>\n<meta property=\"article:modified_time\" content=\"2025-06-03T14:51:27+00:00\" \/>\n<meta property=\"og:image\" content=\"https:\/\/www.emballagedigest.fr\/wp-content\/uploads\/2025\/06\/SGS.jpg\" \/>\n\t<meta property=\"og:image:width\" content=\"800\" \/>\n\t<meta property=\"og:image:height\" content=\"600\" \/>\n\t<meta property=\"og:image:type\" content=\"image\/jpeg\" \/>\n<meta name=\"author\" content=\"Karine Duval\" \/>\n<meta name=\"twitter:card\" content=\"summary_large_image\" \/>\n<meta name=\"twitter:label1\" content=\"Written by\" \/>\n\t<meta name=\"twitter:data1\" content=\"Karine Duval\" \/>\n\t<meta name=\"twitter:label2\" content=\"Estimated reading time\" \/>\n\t<meta name=\"twitter:data2\" content=\"4 minutes\" \/>\n<script type=\"application\/ld+json\" class=\"yoast-schema-graph\">{\"@context\":\"https:\/\/schema.org\",\"@graph\":[{\"@type\":\"Article\",\"@id\":\"https:\/\/www.emballagedigest.fr\/comment-sont-testes-les-contenants-alimentaires-reemployables\/#article\",\"isPartOf\":{\"@id\":\"https:\/\/www.emballagedigest.fr\/comment-sont-testes-les-contenants-alimentaires-reemployables\/\"},\"author\":{\"name\":\"Karine Duval\",\"@id\":\"https:\/\/www.emballagedigest.fr\/#\/schema\/person\/76abe9f2b2ee4d3d520594c7a35da59f\"},\"headline\":\"Comment sont test\u00e9s les contenants alimentaires r\u00e9employables ?\",\"datePublished\":\"2025-05-31T14:49:27+00:00\",\"dateModified\":\"2025-06-03T14:51:27+00:00\",\"mainEntityOfPage\":{\"@id\":\"https:\/\/www.emballagedigest.fr\/comment-sont-testes-les-contenants-alimentaires-reemployables\/\"},\"wordCount\":799,\"publisher\":{\"@id\":\"https:\/\/www.emballagedigest.fr\/#organization\"},\"image\":{\"@id\":\"https:\/\/www.emballagedigest.fr\/comment-sont-testes-les-contenants-alimentaires-reemployables\/#primaryimage\"},\"thumbnailUrl\":\"https:\/\/www.emballagedigest.fr\/wp-content\/uploads\/2025\/06\/SGS.jpg\",\"articleSection\":[\"Alimentaire\",\"Article entier\",\"Barre lat\u00e9rale\",\"Packaging\",\"Vu dans le mag\"],\"inLanguage\":\"en-GB\"},{\"@type\":\"WebPage\",\"@id\":\"https:\/\/www.emballagedigest.fr\/comment-sont-testes-les-contenants-alimentaires-reemployables\/\",\"url\":\"https:\/\/www.emballagedigest.fr\/comment-sont-testes-les-contenants-alimentaires-reemployables\/\",\"name\":\"Comment sont test\u00e9s les contenants alimentaires r\u00e9employables ? - Emballage Digest\",\"isPartOf\":{\"@id\":\"https:\/\/www.emballagedigest.fr\/#website\"},\"primaryImageOfPage\":{\"@id\":\"https:\/\/www.emballagedigest.fr\/comment-sont-testes-les-contenants-alimentaires-reemployables\/#primaryimage\"},\"image\":{\"@id\":\"https:\/\/www.emballagedigest.fr\/comment-sont-testes-les-contenants-alimentaires-reemployables\/#primaryimage\"},\"thumbnailUrl\":\"https:\/\/www.emballagedigest.fr\/wp-content\/uploads\/2025\/06\/SGS.jpg\",\"datePublished\":\"2025-05-31T14:49:27+00:00\",\"dateModified\":\"2025-06-03T14:51:27+00:00\",\"breadcrumb\":{\"@id\":\"https:\/\/www.emballagedigest.fr\/comment-sont-testes-les-contenants-alimentaires-reemployables\/#breadcrumb\"},\"inLanguage\":\"en-GB\",\"potentialAction\":[{\"@type\":\"ReadAction\",\"target\":[\"https:\/\/www.emballagedigest.fr\/comment-sont-testes-les-contenants-alimentaires-reemployables\/\"]}]},{\"@type\":\"ImageObject\",\"inLanguage\":\"en-GB\",\"@id\":\"https:\/\/www.emballagedigest.fr\/comment-sont-testes-les-contenants-alimentaires-reemployables\/#primaryimage\",\"url\":\"https:\/\/www.emballagedigest.fr\/wp-content\/uploads\/2025\/06\/SGS.jpg\",\"contentUrl\":\"https:\/\/www.emballagedigest.fr\/wp-content\/uploads\/2025\/06\/SGS.jpg\",\"width\":800,\"height\":600},{\"@type\":\"BreadcrumbList\",\"@id\":\"https:\/\/www.emballagedigest.fr\/comment-sont-testes-les-contenants-alimentaires-reemployables\/#breadcrumb\",\"itemListElement\":[{\"@type\":\"ListItem\",\"position\":1,\"name\":\"Accueil\",\"item\":\"https:\/\/www.emballagedigest.fr\/\"},{\"@type\":\"ListItem\",\"position\":2,\"name\":\"Comment sont test\u00e9s les contenants alimentaires r\u00e9employables ?\"}]},{\"@type\":\"WebSite\",\"@id\":\"https:\/\/www.emballagedigest.fr\/#website\",\"url\":\"https:\/\/www.emballagedigest.fr\/\",\"name\":\"Emballage Digest\",\"description\":\"Revue professionnelle sur les emballages\",\"publisher\":{\"@id\":\"https:\/\/www.emballagedigest.fr\/#organization\"},\"potentialAction\":[{\"@type\":\"SearchAction\",\"target\":{\"@type\":\"EntryPoint\",\"urlTemplate\":\"https:\/\/www.emballagedigest.fr\/?s={search_term_string}\"},\"query-input\":{\"@type\":\"PropertyValueSpecification\",\"valueRequired\":true,\"valueName\":\"search_term_string\"}}],\"inLanguage\":\"en-GB\"},{\"@type\":\"Organization\",\"@id\":\"https:\/\/www.emballagedigest.fr\/#organization\",\"name\":\"Emballage Digest\",\"url\":\"https:\/\/www.emballagedigest.fr\/\",\"logo\":{\"@type\":\"ImageObject\",\"inLanguage\":\"en-GB\",\"@id\":\"https:\/\/www.emballagedigest.fr\/#\/schema\/logo\/image\/\",\"url\":\"https:\/\/www.emballagedigest.fr\/wp-content\/uploads\/2022\/07\/logo-ed.png\",\"contentUrl\":\"https:\/\/www.emballagedigest.fr\/wp-content\/uploads\/2022\/07\/logo-ed.png\",\"width\":379,\"height\":75,\"caption\":\"Emballage Digest\"},\"image\":{\"@id\":\"https:\/\/www.emballagedigest.fr\/#\/schema\/logo\/image\/\"}},{\"@type\":\"Person\",\"@id\":\"https:\/\/www.emballagedigest.fr\/#\/schema\/person\/76abe9f2b2ee4d3d520594c7a35da59f\",\"name\":\"Karine Duval\",\"image\":{\"@type\":\"ImageObject\",\"inLanguage\":\"en-GB\",\"@id\":\"https:\/\/www.emballagedigest.fr\/#\/schema\/person\/image\/\",\"url\":\"https:\/\/secure.gravatar.com\/avatar\/f552799261cdd2e076e6677d780ef07bdb13aa4c196ab75b39abcbcdcae2d4e5?s=96&d=mm&r=g\",\"contentUrl\":\"https:\/\/secure.gravatar.com\/avatar\/f552799261cdd2e076e6677d780ef07bdb13aa4c196ab75b39abcbcdcae2d4e5?s=96&d=mm&r=g\",\"caption\":\"Karine Duval\"},\"url\":\"https:\/\/www.emballagedigest.fr\/en\/author\/admin_karduv\/\"}]}<\/script>\n<!-- \/ Yoast SEO plugin. -->","yoast_head_json":{"title":"Comment sont test\u00e9s les contenants alimentaires r\u00e9employables ? - Emballage Digest","robots":{"index":"index","follow":"follow","max-snippet":"max-snippet:-1","max-image-preview":"max-image-preview:large","max-video-preview":"max-video-preview:-1"},"canonical":"https:\/\/www.emballagedigest.fr\/en\/comment-sont-testes-les-contenants-alimentaires-reemployables\/","og_locale":"en_GB","og_type":"article","og_title":"Comment sont test\u00e9s les contenants alimentaires r\u00e9employables ? - Emballage Digest","og_description":"Le r\u00e9emploi des emballages, notamment alimentaires, est au centre des pr\u00e9occupations des fabricants d\u2019emballages mais aussi de l\u2019industrie agroalimentaire, des distributeurs et du consommateur. Est consid\u00e9r\u00e9 comme r\u00e9employ\u00e9 ou r\u00e9utilis\u00e9 tout emballage \u00ab\u00a0faisant l\u2019objet d\u2019au moins une deuxi\u00e8me utilisation pour un usage de m\u00eame nature que celui pour lequel il a \u00e9t\u00e9 con\u00e7u, et dont [&hellip;]","og_url":"https:\/\/www.emballagedigest.fr\/en\/comment-sont-testes-les-contenants-alimentaires-reemployables\/","og_site_name":"Emballage Digest","article_published_time":"2025-05-31T14:49:27+00:00","article_modified_time":"2025-06-03T14:51:27+00:00","og_image":[{"width":800,"height":600,"url":"https:\/\/www.emballagedigest.fr\/wp-content\/uploads\/2025\/06\/SGS.jpg","type":"image\/jpeg"}],"author":"Karine Duval","twitter_card":"summary_large_image","twitter_misc":{"Written by":"Karine Duval","Estimated reading time":"4 minutes"},"schema":{"@context":"https:\/\/schema.org","@graph":[{"@type":"Article","@id":"https:\/\/www.emballagedigest.fr\/comment-sont-testes-les-contenants-alimentaires-reemployables\/#article","isPartOf":{"@id":"https:\/\/www.emballagedigest.fr\/comment-sont-testes-les-contenants-alimentaires-reemployables\/"},"author":{"name":"Karine Duval","@id":"https:\/\/www.emballagedigest.fr\/#\/schema\/person\/76abe9f2b2ee4d3d520594c7a35da59f"},"headline":"Comment sont test\u00e9s les contenants alimentaires r\u00e9employables ?","datePublished":"2025-05-31T14:49:27+00:00","dateModified":"2025-06-03T14:51:27+00:00","mainEntityOfPage":{"@id":"https:\/\/www.emballagedigest.fr\/comment-sont-testes-les-contenants-alimentaires-reemployables\/"},"wordCount":799,"publisher":{"@id":"https:\/\/www.emballagedigest.fr\/#organization"},"image":{"@id":"https:\/\/www.emballagedigest.fr\/comment-sont-testes-les-contenants-alimentaires-reemployables\/#primaryimage"},"thumbnailUrl":"https:\/\/www.emballagedigest.fr\/wp-content\/uploads\/2025\/06\/SGS.jpg","articleSection":["Alimentaire","Article entier","Barre lat\u00e9rale","Packaging","Vu dans le mag"],"inLanguage":"en-GB"},{"@type":"WebPage","@id":"https:\/\/www.emballagedigest.fr\/comment-sont-testes-les-contenants-alimentaires-reemployables\/","url":"https:\/\/www.emballagedigest.fr\/comment-sont-testes-les-contenants-alimentaires-reemployables\/","name":"Comment sont test\u00e9s les contenants alimentaires r\u00e9employables ? - Emballage Digest","isPartOf":{"@id":"https:\/\/www.emballagedigest.fr\/#website"},"primaryImageOfPage":{"@id":"https:\/\/www.emballagedigest.fr\/comment-sont-testes-les-contenants-alimentaires-reemployables\/#primaryimage"},"image":{"@id":"https:\/\/www.emballagedigest.fr\/comment-sont-testes-les-contenants-alimentaires-reemployables\/#primaryimage"},"thumbnailUrl":"https:\/\/www.emballagedigest.fr\/wp-content\/uploads\/2025\/06\/SGS.jpg","datePublished":"2025-05-31T14:49:27+00:00","dateModified":"2025-06-03T14:51:27+00:00","breadcrumb":{"@id":"https:\/\/www.emballagedigest.fr\/comment-sont-testes-les-contenants-alimentaires-reemployables\/#breadcrumb"},"inLanguage":"en-GB","potentialAction":[{"@type":"ReadAction","target":["https:\/\/www.emballagedigest.fr\/comment-sont-testes-les-contenants-alimentaires-reemployables\/"]}]},{"@type":"ImageObject","inLanguage":"en-GB","@id":"https:\/\/www.emballagedigest.fr\/comment-sont-testes-les-contenants-alimentaires-reemployables\/#primaryimage","url":"https:\/\/www.emballagedigest.fr\/wp-content\/uploads\/2025\/06\/SGS.jpg","contentUrl":"https:\/\/www.emballagedigest.fr\/wp-content\/uploads\/2025\/06\/SGS.jpg","width":800,"height":600},{"@type":"BreadcrumbList","@id":"https:\/\/www.emballagedigest.fr\/comment-sont-testes-les-contenants-alimentaires-reemployables\/#breadcrumb","itemListElement":[{"@type":"ListItem","position":1,"name":"Accueil","item":"https:\/\/www.emballagedigest.fr\/"},{"@type":"ListItem","position":2,"name":"Comment sont test\u00e9s les contenants alimentaires r\u00e9employables ?"}]},{"@type":"WebSite","@id":"https:\/\/www.emballagedigest.fr\/#website","url":"https:\/\/www.emballagedigest.fr\/","name":"Emballage Digest","description":"Revue professionnelle sur les emballages","publisher":{"@id":"https:\/\/www.emballagedigest.fr\/#organization"},"potentialAction":[{"@type":"SearchAction","target":{"@type":"EntryPoint","urlTemplate":"https:\/\/www.emballagedigest.fr\/?s={search_term_string}"},"query-input":{"@type":"PropertyValueSpecification","valueRequired":true,"valueName":"search_term_string"}}],"inLanguage":"en-GB"},{"@type":"Organization","@id":"https:\/\/www.emballagedigest.fr\/#organization","name":"Emballage Digest","url":"https:\/\/www.emballagedigest.fr\/","logo":{"@type":"ImageObject","inLanguage":"en-GB","@id":"https:\/\/www.emballagedigest.fr\/#\/schema\/logo\/image\/","url":"https:\/\/www.emballagedigest.fr\/wp-content\/uploads\/2022\/07\/logo-ed.png","contentUrl":"https:\/\/www.emballagedigest.fr\/wp-content\/uploads\/2022\/07\/logo-ed.png","width":379,"height":75,"caption":"Emballage Digest"},"image":{"@id":"https:\/\/www.emballagedigest.fr\/#\/schema\/logo\/image\/"}},{"@type":"Person","@id":"https:\/\/www.emballagedigest.fr\/#\/schema\/person\/76abe9f2b2ee4d3d520594c7a35da59f","name":"Karine Duval","image":{"@type":"ImageObject","inLanguage":"en-GB","@id":"https:\/\/www.emballagedigest.fr\/#\/schema\/person\/image\/","url":"https:\/\/secure.gravatar.com\/avatar\/f552799261cdd2e076e6677d780ef07bdb13aa4c196ab75b39abcbcdcae2d4e5?s=96&d=mm&r=g","contentUrl":"https:\/\/secure.gravatar.com\/avatar\/f552799261cdd2e076e6677d780ef07bdb13aa4c196ab75b39abcbcdcae2d4e5?s=96&d=mm&r=g","caption":"Karine Duval"},"url":"https:\/\/www.emballagedigest.fr\/en\/author\/admin_karduv\/"}]}},"_links":{"self":[{"href":"https:\/\/www.emballagedigest.fr\/en\/wp-json\/wp\/v2\/posts\/44722","targetHints":{"allow":["GET"]}}],"collection":[{"href":"https:\/\/www.emballagedigest.fr\/en\/wp-json\/wp\/v2\/posts"}],"about":[{"href":"https:\/\/www.emballagedigest.fr\/en\/wp-json\/wp\/v2\/types\/post"}],"author":[{"embeddable":true,"href":"https:\/\/www.emballagedigest.fr\/en\/wp-json\/wp\/v2\/users\/2"}],"replies":[{"embeddable":true,"href":"https:\/\/www.emballagedigest.fr\/en\/wp-json\/wp\/v2\/comments?post=44722"}],"version-history":[{"count":1,"href":"https:\/\/www.emballagedigest.fr\/en\/wp-json\/wp\/v2\/posts\/44722\/revisions"}],"predecessor-version":[{"id":44724,"href":"https:\/\/www.emballagedigest.fr\/en\/wp-json\/wp\/v2\/posts\/44722\/revisions\/44724"}],"wp:featuredmedia":[{"embeddable":true,"href":"https:\/\/www.emballagedigest.fr\/en\/wp-json\/wp\/v2\/media\/44723"}],"wp:attachment":[{"href":"https:\/\/www.emballagedigest.fr\/en\/wp-json\/wp\/v2\/media?parent=44722"}],"wp:term":[{"taxonomy":"category","embeddable":true,"href":"https:\/\/www.emballagedigest.fr\/en\/wp-json\/wp\/v2\/categories?post=44722"},{"taxonomy":"post_tag","embeddable":true,"href":"https:\/\/www.emballagedigest.fr\/en\/wp-json\/wp\/v2\/tags?post=44722"}],"curies":[{"name":"wp","href":"https:\/\/api.w.org\/{rel}","templated":true}]}}