{"id":44761,"date":"2025-06-04T00:33:50","date_gmt":"2025-06-03T22:33:50","guid":{"rendered":"https:\/\/www.emballagedigest.fr\/?p=44761"},"modified":"2025-06-05T00:59:26","modified_gmt":"2025-06-04T22:59:26","slug":"sidel-combine-etiquetage-et-etiquetage","status":"publish","type":"post","link":"https:\/\/www.emballagedigest.fr\/en\/sidel-combine-etiquetage-et-etiquetage\/","title":{"rendered":"Sidel combine \u00e9tiquetage et robotisation"},"content":{"rendered":"<p><strong>Sidel pr\u00e9sente CoboREEL, une solution automatis\u00e9e de chargement de bobines pour les \u00e9tiquettes d\u2019emballages de boissons, dont la capacit\u00e9 est trois fois sup\u00e9rieure \u00e0 celle de toute autre solution du march\u00e9, selon le constructeur.<\/strong><\/p>\n\n\n\n<p>Gr\u00e2ce \u00e0 l\u2019int\u00e9gration de cobots pour automatiser le processus de chargement des bobines, CoboREEL garantit une pr\u00e9cision de 100&nbsp;%, optimise l\u2019efficacit\u00e9, augmente la productivit\u00e9 et accro\u00eet la rentabilit\u00e9 des acteurs du secteur des boissons. Cette solution \u00e9limine \u00e9galement le besoin de changer manuellement les bobines d\u2019\u00e9tiquettes, r\u00e9duisant ainsi encore les perturbations op\u00e9rationnelles.&nbsp;Apr\u00e8s avoir aliment\u00e9 le CoboREEL en d\u00e9but de prise de poste, les op\u00e9rateurs sont lib\u00e9r\u00e9s de la t\u00e2che r\u00e9p\u00e9titive de chargement manuel des bobines. Cela leur permet de se concentrer sur des t\u00e2ches plus complexes et int\u00e9ressantes, am\u00e9liorant ainsi leur concentration et leur productivit\u00e9.&nbsp; &nbsp;<\/p>\n\n\n\n<p>Avec une autonomie de 18&nbsp;bobines, la plus \u00e9lev\u00e9e du march\u00e9, CoboREEL assure non seulement une couverture compl\u00e8te du cycle de production, mais g\u00e8re \u00e9galement diff\u00e9rents types et designs d\u2019\u00e9tiquettes en toute autonomie, sans n\u00e9cessiter de modifications manuelles.&nbsp;<\/p>\n\n\n\n<p>Cette solution innovante est con\u00e7ue pour \u00eatre intuitive et facile \u00e0 utiliser, sans aucune exigence de maintenance et avec un besoin minimal d\u2019expertise technique, garantissant le co\u00fbt total de possession (TCO) le plus faible. Face \u00e0 une rotation fr\u00e9quente du personnel, CoboREEL offre aux entreprises un outil facile \u00e0 utiliser, sans comp\u00e9tences sp\u00e9cifiques ni longue int\u00e9gration.&nbsp;Il fonctionne comme une unit\u00e9 autonome et peut \u00eatre facilement d\u00e9plac\u00e9 et d\u00e9ploy\u00e9 sur diff\u00e9rents modules selon les besoins. Comme il peut \u00eatre interchang\u00e9 entre les \u00e9tiqueteuses, les fabricants b\u00e9n\u00e9ficient d\u2019une plus grande flexibilit\u00e9 et peuvent utiliser l\u2019\u00e9quipement de mani\u00e8re efficace dans toute l\u2019usine.<\/p>\n\n\n\n<p>La conception unique du cobot CoboREEL, ax\u00e9e avant tout sur la s\u00e9curit\u00e9, est compacte et flexible, avec une tra\u00e7abilit\u00e9 int\u00e9gr\u00e9e, en mesure de g\u00e9rer diff\u00e9rents types et designs d\u2019\u00e9tiquettes de mani\u00e8re autonome. Sa faible consommation d\u2019\u00e9nergie (&lt; 0,5&nbsp;kWh) permet aux fabricants de r\u00e9duire leur empreinte environnementale.<\/p>","protected":false},"excerpt":{"rendered":"<p>Sidel pr\u00e9sente CoboREEL, une solution automatis\u00e9e de chargement de bobines pour les \u00e9tiquettes d\u2019emballages de boissons, dont la capacit\u00e9 est trois fois sup\u00e9rieure \u00e0 celle de toute autre solution du march\u00e9, selon le constructeur. Gr\u00e2ce \u00e0 l\u2019int\u00e9gration de cobots pour automatiser le processus de chargement des bobines, CoboREEL garantit une pr\u00e9cision de 100&nbsp;%, optimise l\u2019efficacit\u00e9, [&hellip;]<\/p>","protected":false},"author":2,"featured_media":44762,"comment_status":"closed","ping_status":"closed","sticky":false,"template":"","format":"standard","meta":{"_acf_changed":false,"inline_featured_image":false,"iawp_total_views":3,"footnotes":""},"categories":[5,28,35],"tags":[],"class_list":["post-44761","post","type-post","status-publish","format-standard","has-post-thumbnail","hentry","category-alimentaire","category-article-entier","category-machines-fr"],"acf":[],"yoast_head":"<!-- This site is optimized with the Yoast SEO plugin v24.4 - https:\/\/yoast.com\/wordpress\/plugins\/seo\/ -->\n<title>Sidel combine \u00e9tiquetage et robotisation - Emballage Digest<\/title>\n<meta name=\"robots\" content=\"index, follow, max-snippet:-1, max-image-preview:large, max-video-preview:-1\" \/>\n<link rel=\"canonical\" href=\"https:\/\/www.emballagedigest.fr\/en\/sidel-combine-etiquetage-et-etiquetage\/\" \/>\n<meta property=\"og:locale\" content=\"en_GB\" \/>\n<meta property=\"og:type\" content=\"article\" \/>\n<meta property=\"og:title\" content=\"Sidel combine \u00e9tiquetage et robotisation - Emballage Digest\" \/>\n<meta property=\"og:description\" content=\"Sidel pr\u00e9sente CoboREEL, une solution automatis\u00e9e de chargement de bobines pour les \u00e9tiquettes d\u2019emballages de boissons, dont la capacit\u00e9 est trois fois sup\u00e9rieure \u00e0 celle de toute autre solution du march\u00e9, selon le constructeur. Gr\u00e2ce \u00e0 l\u2019int\u00e9gration de cobots pour automatiser le processus de chargement des bobines, CoboREEL garantit une pr\u00e9cision de 100&nbsp;%, optimise l\u2019efficacit\u00e9, [&hellip;]\" \/>\n<meta property=\"og:url\" content=\"https:\/\/www.emballagedigest.fr\/en\/sidel-combine-etiquetage-et-etiquetage\/\" \/>\n<meta property=\"og:site_name\" content=\"Emballage Digest\" \/>\n<meta property=\"article:published_time\" content=\"2025-06-03T22:33:50+00:00\" \/>\n<meta property=\"article:modified_time\" content=\"2025-06-04T22:59:26+00:00\" \/>\n<meta property=\"og:image\" content=\"https:\/\/www.emballagedigest.fr\/wp-content\/uploads\/2025\/06\/Sidel.jpg\" \/>\n\t<meta property=\"og:image:width\" content=\"800\" \/>\n\t<meta property=\"og:image:height\" content=\"592\" \/>\n\t<meta property=\"og:image:type\" content=\"image\/jpeg\" \/>\n<meta name=\"author\" content=\"Karine Duval\" \/>\n<meta name=\"twitter:card\" content=\"summary_large_image\" \/>\n<meta name=\"twitter:label1\" content=\"Written by\" \/>\n\t<meta name=\"twitter:data1\" content=\"Karine Duval\" \/>\n\t<meta name=\"twitter:label2\" content=\"Estimated reading time\" \/>\n\t<meta name=\"twitter:data2\" content=\"2 minutes\" \/>\n<script type=\"application\/ld+json\" class=\"yoast-schema-graph\">{\"@context\":\"https:\/\/schema.org\",\"@graph\":[{\"@type\":\"Article\",\"@id\":\"https:\/\/www.emballagedigest.fr\/sidel-combine-etiquetage-et-etiquetage\/#article\",\"isPartOf\":{\"@id\":\"https:\/\/www.emballagedigest.fr\/sidel-combine-etiquetage-et-etiquetage\/\"},\"author\":{\"name\":\"Karine Duval\",\"@id\":\"https:\/\/www.emballagedigest.fr\/#\/schema\/person\/76abe9f2b2ee4d3d520594c7a35da59f\"},\"headline\":\"Sidel combine \u00e9tiquetage et robotisation\",\"datePublished\":\"2025-06-03T22:33:50+00:00\",\"dateModified\":\"2025-06-04T22:59:26+00:00\",\"mainEntityOfPage\":{\"@id\":\"https:\/\/www.emballagedigest.fr\/sidel-combine-etiquetage-et-etiquetage\/\"},\"wordCount\":377,\"publisher\":{\"@id\":\"https:\/\/www.emballagedigest.fr\/#organization\"},\"image\":{\"@id\":\"https:\/\/www.emballagedigest.fr\/sidel-combine-etiquetage-et-etiquetage\/#primaryimage\"},\"thumbnailUrl\":\"https:\/\/www.emballagedigest.fr\/wp-content\/uploads\/2025\/06\/Sidel.jpg\",\"articleSection\":[\"Alimentaire\",\"Article entier\",\"Machines\"],\"inLanguage\":\"en-GB\"},{\"@type\":\"WebPage\",\"@id\":\"https:\/\/www.emballagedigest.fr\/sidel-combine-etiquetage-et-etiquetage\/\",\"url\":\"https:\/\/www.emballagedigest.fr\/sidel-combine-etiquetage-et-etiquetage\/\",\"name\":\"Sidel combine \u00e9tiquetage et robotisation - Emballage Digest\",\"isPartOf\":{\"@id\":\"https:\/\/www.emballagedigest.fr\/#website\"},\"primaryImageOfPage\":{\"@id\":\"https:\/\/www.emballagedigest.fr\/sidel-combine-etiquetage-et-etiquetage\/#primaryimage\"},\"image\":{\"@id\":\"https:\/\/www.emballagedigest.fr\/sidel-combine-etiquetage-et-etiquetage\/#primaryimage\"},\"thumbnailUrl\":\"https:\/\/www.emballagedigest.fr\/wp-content\/uploads\/2025\/06\/Sidel.jpg\",\"datePublished\":\"2025-06-03T22:33:50+00:00\",\"dateModified\":\"2025-06-04T22:59:26+00:00\",\"breadcrumb\":{\"@id\":\"https:\/\/www.emballagedigest.fr\/sidel-combine-etiquetage-et-etiquetage\/#breadcrumb\"},\"inLanguage\":\"en-GB\",\"potentialAction\":[{\"@type\":\"ReadAction\",\"target\":[\"https:\/\/www.emballagedigest.fr\/sidel-combine-etiquetage-et-etiquetage\/\"]}]},{\"@type\":\"ImageObject\",\"inLanguage\":\"en-GB\",\"@id\":\"https:\/\/www.emballagedigest.fr\/sidel-combine-etiquetage-et-etiquetage\/#primaryimage\",\"url\":\"https:\/\/www.emballagedigest.fr\/wp-content\/uploads\/2025\/06\/Sidel.jpg\",\"contentUrl\":\"https:\/\/www.emballagedigest.fr\/wp-content\/uploads\/2025\/06\/Sidel.jpg\",\"width\":800,\"height\":592},{\"@type\":\"BreadcrumbList\",\"@id\":\"https:\/\/www.emballagedigest.fr\/sidel-combine-etiquetage-et-etiquetage\/#breadcrumb\",\"itemListElement\":[{\"@type\":\"ListItem\",\"position\":1,\"name\":\"Accueil\",\"item\":\"https:\/\/www.emballagedigest.fr\/\"},{\"@type\":\"ListItem\",\"position\":2,\"name\":\"Sidel combine \u00e9tiquetage et robotisation\"}]},{\"@type\":\"WebSite\",\"@id\":\"https:\/\/www.emballagedigest.fr\/#website\",\"url\":\"https:\/\/www.emballagedigest.fr\/\",\"name\":\"Emballage Digest\",\"description\":\"Revue professionnelle sur les emballages\",\"publisher\":{\"@id\":\"https:\/\/www.emballagedigest.fr\/#organization\"},\"potentialAction\":[{\"@type\":\"SearchAction\",\"target\":{\"@type\":\"EntryPoint\",\"urlTemplate\":\"https:\/\/www.emballagedigest.fr\/?s={search_term_string}\"},\"query-input\":{\"@type\":\"PropertyValueSpecification\",\"valueRequired\":true,\"valueName\":\"search_term_string\"}}],\"inLanguage\":\"en-GB\"},{\"@type\":\"Organization\",\"@id\":\"https:\/\/www.emballagedigest.fr\/#organization\",\"name\":\"Emballage Digest\",\"url\":\"https:\/\/www.emballagedigest.fr\/\",\"logo\":{\"@type\":\"ImageObject\",\"inLanguage\":\"en-GB\",\"@id\":\"https:\/\/www.emballagedigest.fr\/#\/schema\/logo\/image\/\",\"url\":\"https:\/\/www.emballagedigest.fr\/wp-content\/uploads\/2022\/07\/logo-ed.png\",\"contentUrl\":\"https:\/\/www.emballagedigest.fr\/wp-content\/uploads\/2022\/07\/logo-ed.png\",\"width\":379,\"height\":75,\"caption\":\"Emballage Digest\"},\"image\":{\"@id\":\"https:\/\/www.emballagedigest.fr\/#\/schema\/logo\/image\/\"}},{\"@type\":\"Person\",\"@id\":\"https:\/\/www.emballagedigest.fr\/#\/schema\/person\/76abe9f2b2ee4d3d520594c7a35da59f\",\"name\":\"Karine Duval\",\"image\":{\"@type\":\"ImageObject\",\"inLanguage\":\"en-GB\",\"@id\":\"https:\/\/www.emballagedigest.fr\/#\/schema\/person\/image\/\",\"url\":\"https:\/\/secure.gravatar.com\/avatar\/f552799261cdd2e076e6677d780ef07bdb13aa4c196ab75b39abcbcdcae2d4e5?s=96&d=mm&r=g\",\"contentUrl\":\"https:\/\/secure.gravatar.com\/avatar\/f552799261cdd2e076e6677d780ef07bdb13aa4c196ab75b39abcbcdcae2d4e5?s=96&d=mm&r=g\",\"caption\":\"Karine Duval\"},\"url\":\"https:\/\/www.emballagedigest.fr\/en\/author\/admin_karduv\/\"}]}<\/script>\n<!-- \/ Yoast SEO plugin. -->","yoast_head_json":{"title":"Sidel combine \u00e9tiquetage et robotisation - Emballage Digest","robots":{"index":"index","follow":"follow","max-snippet":"max-snippet:-1","max-image-preview":"max-image-preview:large","max-video-preview":"max-video-preview:-1"},"canonical":"https:\/\/www.emballagedigest.fr\/en\/sidel-combine-etiquetage-et-etiquetage\/","og_locale":"en_GB","og_type":"article","og_title":"Sidel combine \u00e9tiquetage et robotisation - Emballage Digest","og_description":"Sidel pr\u00e9sente CoboREEL, une solution automatis\u00e9e de chargement de bobines pour les \u00e9tiquettes d\u2019emballages de boissons, dont la capacit\u00e9 est trois fois sup\u00e9rieure \u00e0 celle de toute autre solution du march\u00e9, selon le constructeur. Gr\u00e2ce \u00e0 l\u2019int\u00e9gration de cobots pour automatiser le processus de chargement des bobines, CoboREEL garantit une pr\u00e9cision de 100&nbsp;%, optimise l\u2019efficacit\u00e9, [&hellip;]","og_url":"https:\/\/www.emballagedigest.fr\/en\/sidel-combine-etiquetage-et-etiquetage\/","og_site_name":"Emballage Digest","article_published_time":"2025-06-03T22:33:50+00:00","article_modified_time":"2025-06-04T22:59:26+00:00","og_image":[{"width":800,"height":592,"url":"https:\/\/www.emballagedigest.fr\/wp-content\/uploads\/2025\/06\/Sidel.jpg","type":"image\/jpeg"}],"author":"Karine Duval","twitter_card":"summary_large_image","twitter_misc":{"Written by":"Karine Duval","Estimated reading time":"2 minutes"},"schema":{"@context":"https:\/\/schema.org","@graph":[{"@type":"Article","@id":"https:\/\/www.emballagedigest.fr\/sidel-combine-etiquetage-et-etiquetage\/#article","isPartOf":{"@id":"https:\/\/www.emballagedigest.fr\/sidel-combine-etiquetage-et-etiquetage\/"},"author":{"name":"Karine Duval","@id":"https:\/\/www.emballagedigest.fr\/#\/schema\/person\/76abe9f2b2ee4d3d520594c7a35da59f"},"headline":"Sidel combine \u00e9tiquetage et robotisation","datePublished":"2025-06-03T22:33:50+00:00","dateModified":"2025-06-04T22:59:26+00:00","mainEntityOfPage":{"@id":"https:\/\/www.emballagedigest.fr\/sidel-combine-etiquetage-et-etiquetage\/"},"wordCount":377,"publisher":{"@id":"https:\/\/www.emballagedigest.fr\/#organization"},"image":{"@id":"https:\/\/www.emballagedigest.fr\/sidel-combine-etiquetage-et-etiquetage\/#primaryimage"},"thumbnailUrl":"https:\/\/www.emballagedigest.fr\/wp-content\/uploads\/2025\/06\/Sidel.jpg","articleSection":["Alimentaire","Article entier","Machines"],"inLanguage":"en-GB"},{"@type":"WebPage","@id":"https:\/\/www.emballagedigest.fr\/sidel-combine-etiquetage-et-etiquetage\/","url":"https:\/\/www.emballagedigest.fr\/sidel-combine-etiquetage-et-etiquetage\/","name":"Sidel combine \u00e9tiquetage et robotisation - Emballage Digest","isPartOf":{"@id":"https:\/\/www.emballagedigest.fr\/#website"},"primaryImageOfPage":{"@id":"https:\/\/www.emballagedigest.fr\/sidel-combine-etiquetage-et-etiquetage\/#primaryimage"},"image":{"@id":"https:\/\/www.emballagedigest.fr\/sidel-combine-etiquetage-et-etiquetage\/#primaryimage"},"thumbnailUrl":"https:\/\/www.emballagedigest.fr\/wp-content\/uploads\/2025\/06\/Sidel.jpg","datePublished":"2025-06-03T22:33:50+00:00","dateModified":"2025-06-04T22:59:26+00:00","breadcrumb":{"@id":"https:\/\/www.emballagedigest.fr\/sidel-combine-etiquetage-et-etiquetage\/#breadcrumb"},"inLanguage":"en-GB","potentialAction":[{"@type":"ReadAction","target":["https:\/\/www.emballagedigest.fr\/sidel-combine-etiquetage-et-etiquetage\/"]}]},{"@type":"ImageObject","inLanguage":"en-GB","@id":"https:\/\/www.emballagedigest.fr\/sidel-combine-etiquetage-et-etiquetage\/#primaryimage","url":"https:\/\/www.emballagedigest.fr\/wp-content\/uploads\/2025\/06\/Sidel.jpg","contentUrl":"https:\/\/www.emballagedigest.fr\/wp-content\/uploads\/2025\/06\/Sidel.jpg","width":800,"height":592},{"@type":"BreadcrumbList","@id":"https:\/\/www.emballagedigest.fr\/sidel-combine-etiquetage-et-etiquetage\/#breadcrumb","itemListElement":[{"@type":"ListItem","position":1,"name":"Accueil","item":"https:\/\/www.emballagedigest.fr\/"},{"@type":"ListItem","position":2,"name":"Sidel combine \u00e9tiquetage et robotisation"}]},{"@type":"WebSite","@id":"https:\/\/www.emballagedigest.fr\/#website","url":"https:\/\/www.emballagedigest.fr\/","name":"Emballage Digest","description":"Revue professionnelle sur les emballages","publisher":{"@id":"https:\/\/www.emballagedigest.fr\/#organization"},"potentialAction":[{"@type":"SearchAction","target":{"@type":"EntryPoint","urlTemplate":"https:\/\/www.emballagedigest.fr\/?s={search_term_string}"},"query-input":{"@type":"PropertyValueSpecification","valueRequired":true,"valueName":"search_term_string"}}],"inLanguage":"en-GB"},{"@type":"Organization","@id":"https:\/\/www.emballagedigest.fr\/#organization","name":"Emballage Digest","url":"https:\/\/www.emballagedigest.fr\/","logo":{"@type":"ImageObject","inLanguage":"en-GB","@id":"https:\/\/www.emballagedigest.fr\/#\/schema\/logo\/image\/","url":"https:\/\/www.emballagedigest.fr\/wp-content\/uploads\/2022\/07\/logo-ed.png","contentUrl":"https:\/\/www.emballagedigest.fr\/wp-content\/uploads\/2022\/07\/logo-ed.png","width":379,"height":75,"caption":"Emballage Digest"},"image":{"@id":"https:\/\/www.emballagedigest.fr\/#\/schema\/logo\/image\/"}},{"@type":"Person","@id":"https:\/\/www.emballagedigest.fr\/#\/schema\/person\/76abe9f2b2ee4d3d520594c7a35da59f","name":"Karine Duval","image":{"@type":"ImageObject","inLanguage":"en-GB","@id":"https:\/\/www.emballagedigest.fr\/#\/schema\/person\/image\/","url":"https:\/\/secure.gravatar.com\/avatar\/f552799261cdd2e076e6677d780ef07bdb13aa4c196ab75b39abcbcdcae2d4e5?s=96&d=mm&r=g","contentUrl":"https:\/\/secure.gravatar.com\/avatar\/f552799261cdd2e076e6677d780ef07bdb13aa4c196ab75b39abcbcdcae2d4e5?s=96&d=mm&r=g","caption":"Karine Duval"},"url":"https:\/\/www.emballagedigest.fr\/en\/author\/admin_karduv\/"}]}},"_links":{"self":[{"href":"https:\/\/www.emballagedigest.fr\/en\/wp-json\/wp\/v2\/posts\/44761","targetHints":{"allow":["GET"]}}],"collection":[{"href":"https:\/\/www.emballagedigest.fr\/en\/wp-json\/wp\/v2\/posts"}],"about":[{"href":"https:\/\/www.emballagedigest.fr\/en\/wp-json\/wp\/v2\/types\/post"}],"author":[{"embeddable":true,"href":"https:\/\/www.emballagedigest.fr\/en\/wp-json\/wp\/v2\/users\/2"}],"replies":[{"embeddable":true,"href":"https:\/\/www.emballagedigest.fr\/en\/wp-json\/wp\/v2\/comments?post=44761"}],"version-history":[{"count":2,"href":"https:\/\/www.emballagedigest.fr\/en\/wp-json\/wp\/v2\/posts\/44761\/revisions"}],"predecessor-version":[{"id":44767,"href":"https:\/\/www.emballagedigest.fr\/en\/wp-json\/wp\/v2\/posts\/44761\/revisions\/44767"}],"wp:featuredmedia":[{"embeddable":true,"href":"https:\/\/www.emballagedigest.fr\/en\/wp-json\/wp\/v2\/media\/44762"}],"wp:attachment":[{"href":"https:\/\/www.emballagedigest.fr\/en\/wp-json\/wp\/v2\/media?parent=44761"}],"wp:term":[{"taxonomy":"category","embeddable":true,"href":"https:\/\/www.emballagedigest.fr\/en\/wp-json\/wp\/v2\/categories?post=44761"},{"taxonomy":"post_tag","embeddable":true,"href":"https:\/\/www.emballagedigest.fr\/en\/wp-json\/wp\/v2\/tags?post=44761"}],"curies":[{"name":"wp","href":"https:\/\/api.w.org\/{rel}","templated":true}]}}