{"id":44764,"date":"2025-06-04T00:36:48","date_gmt":"2025-06-03T22:36:48","guid":{"rendered":"https:\/\/www.emballagedigest.fr\/?p=44764"},"modified":"2025-06-04T00:37:02","modified_gmt":"2025-06-03T22:37:02","slug":"verescence-change-dactionnaire","status":"publish","type":"post","link":"https:\/\/www.emballagedigest.fr\/en\/verescence-change-dactionnaire\/","title":{"rendered":"Verescence change d\u2019actionnaire"},"content":{"rendered":"<p><strong>Verescence, expert du flaconnage en verre pour les industries de la parfumerie et de la cosm\u00e9tique, annonce l\u2019arriv\u00e9e du consortium compos\u00e9 de Movendo Capital et Draycott, deux holdings familiales d&rsquo;investissement, en tant que nouvel actionnaire du groupe. <\/strong><em><\/em><\/p>\n\n\n\n<p>Fort d\u2019un savoir-faire verrier de 130 ans et d\u2019une \u00e9quipe de 2500 salari\u00e9s, Verescence produit 600 millions de flacons par an dans ses quatre sites de production verriers et ses cinq sites de parach\u00e8vement en Europe, en Am\u00e9rique du Nord et en Asie.<\/p>\n\n\n\n<p>\u00ab Nous sommes heureux de l\u2019arriv\u00e9e de nouveaux actionnaires qui soutiennent notre strat\u00e9gie, nos plans d&rsquo;investissements et notre programme de durabilit\u00e9, y compris notre feuille de route de d\u00e9carbonation. Nous sommes convaincus que ce projet est positif pour l\u2019ensemble de nos employ\u00e9s, nos clients et nos partenaires \u00bb, commente Thomas Riou, pr\u00e9sident de Verescence.<\/p>\n\n\n\n<p>Et Jo\u00e3o Coelho Borges, associ\u00e9 fondateur de Draycott, et Pedro Pereira Gon\u00e7alves, pdg de Movendo d\u2019ajouter : \u00ab Nous sommes ravis d&rsquo;acqu\u00e9rir un leader mondial dot\u00e9 d&rsquo;une \u00e9quipe de direction solide et exp\u00e9riment\u00e9e, parfaitement align\u00e9e sur notre strat\u00e9gie de cr\u00e9ation de valeur. La position de leader de Verescence dans l&rsquo;industrie correspond \u00e0 nos crit\u00e8res d&rsquo;investissement dans plusieurs dimensions cl\u00e9s. En combinant l&rsquo;expertise de la direction avec la n\u00f4tre, nous visons une croissance durable et une cr\u00e9ation de valeur pour toutes les parties prenantes \u00bb.<\/p>\n\n\n\n<p><\/p>","protected":false},"excerpt":{"rendered":"<p>Verescence, expert du flaconnage en verre pour les industries de la parfumerie et de la cosm\u00e9tique, annonce l\u2019arriv\u00e9e du consortium compos\u00e9 de Movendo Capital et Draycott, deux holdings familiales d&rsquo;investissement, en tant que nouvel actionnaire du groupe. Fort d\u2019un savoir-faire verrier de 130 ans et d\u2019une \u00e9quipe de 2500 salari\u00e9s, Verescence produit 600 millions de [&hellip;]<\/p>","protected":false},"author":2,"featured_media":44765,"comment_status":"closed","ping_status":"closed","sticky":false,"template":"","format":"standard","meta":{"_acf_changed":false,"inline_featured_image":false,"iawp_total_views":2,"footnotes":""},"categories":[28,81,6],"tags":[],"class_list":["post-44764","post","type-post","status-publish","format-standard","has-post-thumbnail","hentry","category-article-entier","category-packaging","category-parfumerie-cosmetique"],"acf":[],"yoast_head":"<!-- This site is optimized with the Yoast SEO plugin v24.4 - https:\/\/yoast.com\/wordpress\/plugins\/seo\/ -->\n<title>Verescence change d\u2019actionnaire - Emballage Digest<\/title>\n<meta name=\"robots\" content=\"index, follow, max-snippet:-1, max-image-preview:large, max-video-preview:-1\" \/>\n<link rel=\"canonical\" href=\"https:\/\/www.emballagedigest.fr\/en\/verescence-change-dactionnaire\/\" \/>\n<meta property=\"og:locale\" content=\"en_GB\" \/>\n<meta property=\"og:type\" content=\"article\" \/>\n<meta property=\"og:title\" content=\"Verescence change d\u2019actionnaire - Emballage Digest\" \/>\n<meta property=\"og:description\" content=\"Verescence, expert du flaconnage en verre pour les industries de la parfumerie et de la cosm\u00e9tique, annonce l\u2019arriv\u00e9e du consortium compos\u00e9 de Movendo Capital et Draycott, deux holdings familiales d&rsquo;investissement, en tant que nouvel actionnaire du groupe. Fort d\u2019un savoir-faire verrier de 130 ans et d\u2019une \u00e9quipe de 2500 salari\u00e9s, Verescence produit 600 millions de [&hellip;]\" \/>\n<meta property=\"og:url\" content=\"https:\/\/www.emballagedigest.fr\/en\/verescence-change-dactionnaire\/\" \/>\n<meta property=\"og:site_name\" content=\"Emballage Digest\" \/>\n<meta property=\"article:published_time\" content=\"2025-06-03T22:36:48+00:00\" \/>\n<meta property=\"article:modified_time\" content=\"2025-06-03T22:37:02+00:00\" \/>\n<meta property=\"og:image\" content=\"https:\/\/www.emballagedigest.fr\/wp-content\/uploads\/2025\/06\/Verescence.jpg\" \/>\n\t<meta property=\"og:image:width\" content=\"800\" \/>\n\t<meta property=\"og:image:height\" content=\"574\" \/>\n\t<meta property=\"og:image:type\" content=\"image\/jpeg\" \/>\n<meta name=\"author\" content=\"Karine Duval\" \/>\n<meta name=\"twitter:card\" content=\"summary_large_image\" \/>\n<meta name=\"twitter:label1\" content=\"Written by\" \/>\n\t<meta name=\"twitter:data1\" content=\"Karine Duval\" \/>\n\t<meta name=\"twitter:label2\" content=\"Estimated reading time\" \/>\n\t<meta name=\"twitter:data2\" content=\"2 minutes\" \/>\n<script type=\"application\/ld+json\" class=\"yoast-schema-graph\">{\"@context\":\"https:\/\/schema.org\",\"@graph\":[{\"@type\":\"Article\",\"@id\":\"https:\/\/www.emballagedigest.fr\/verescence-change-dactionnaire\/#article\",\"isPartOf\":{\"@id\":\"https:\/\/www.emballagedigest.fr\/verescence-change-dactionnaire\/\"},\"author\":{\"name\":\"Karine Duval\",\"@id\":\"https:\/\/www.emballagedigest.fr\/#\/schema\/person\/76abe9f2b2ee4d3d520594c7a35da59f\"},\"headline\":\"Verescence change d\u2019actionnaire\",\"datePublished\":\"2025-06-03T22:36:48+00:00\",\"dateModified\":\"2025-06-03T22:37:02+00:00\",\"mainEntityOfPage\":{\"@id\":\"https:\/\/www.emballagedigest.fr\/verescence-change-dactionnaire\/\"},\"wordCount\":248,\"publisher\":{\"@id\":\"https:\/\/www.emballagedigest.fr\/#organization\"},\"image\":{\"@id\":\"https:\/\/www.emballagedigest.fr\/verescence-change-dactionnaire\/#primaryimage\"},\"thumbnailUrl\":\"https:\/\/www.emballagedigest.fr\/wp-content\/uploads\/2025\/06\/Verescence.jpg\",\"articleSection\":[\"Article entier\",\"Packaging\",\"Parfumerie &amp; Cosm\u00e9tique\"],\"inLanguage\":\"en-GB\"},{\"@type\":\"WebPage\",\"@id\":\"https:\/\/www.emballagedigest.fr\/verescence-change-dactionnaire\/\",\"url\":\"https:\/\/www.emballagedigest.fr\/verescence-change-dactionnaire\/\",\"name\":\"Verescence change d\u2019actionnaire - Emballage Digest\",\"isPartOf\":{\"@id\":\"https:\/\/www.emballagedigest.fr\/#website\"},\"primaryImageOfPage\":{\"@id\":\"https:\/\/www.emballagedigest.fr\/verescence-change-dactionnaire\/#primaryimage\"},\"image\":{\"@id\":\"https:\/\/www.emballagedigest.fr\/verescence-change-dactionnaire\/#primaryimage\"},\"thumbnailUrl\":\"https:\/\/www.emballagedigest.fr\/wp-content\/uploads\/2025\/06\/Verescence.jpg\",\"datePublished\":\"2025-06-03T22:36:48+00:00\",\"dateModified\":\"2025-06-03T22:37:02+00:00\",\"breadcrumb\":{\"@id\":\"https:\/\/www.emballagedigest.fr\/verescence-change-dactionnaire\/#breadcrumb\"},\"inLanguage\":\"en-GB\",\"potentialAction\":[{\"@type\":\"ReadAction\",\"target\":[\"https:\/\/www.emballagedigest.fr\/verescence-change-dactionnaire\/\"]}]},{\"@type\":\"ImageObject\",\"inLanguage\":\"en-GB\",\"@id\":\"https:\/\/www.emballagedigest.fr\/verescence-change-dactionnaire\/#primaryimage\",\"url\":\"https:\/\/www.emballagedigest.fr\/wp-content\/uploads\/2025\/06\/Verescence.jpg\",\"contentUrl\":\"https:\/\/www.emballagedigest.fr\/wp-content\/uploads\/2025\/06\/Verescence.jpg\",\"width\":800,\"height\":574},{\"@type\":\"BreadcrumbList\",\"@id\":\"https:\/\/www.emballagedigest.fr\/verescence-change-dactionnaire\/#breadcrumb\",\"itemListElement\":[{\"@type\":\"ListItem\",\"position\":1,\"name\":\"Accueil\",\"item\":\"https:\/\/www.emballagedigest.fr\/\"},{\"@type\":\"ListItem\",\"position\":2,\"name\":\"Verescence change d\u2019actionnaire\"}]},{\"@type\":\"WebSite\",\"@id\":\"https:\/\/www.emballagedigest.fr\/#website\",\"url\":\"https:\/\/www.emballagedigest.fr\/\",\"name\":\"Emballage Digest\",\"description\":\"Revue professionnelle sur les emballages\",\"publisher\":{\"@id\":\"https:\/\/www.emballagedigest.fr\/#organization\"},\"potentialAction\":[{\"@type\":\"SearchAction\",\"target\":{\"@type\":\"EntryPoint\",\"urlTemplate\":\"https:\/\/www.emballagedigest.fr\/?s={search_term_string}\"},\"query-input\":{\"@type\":\"PropertyValueSpecification\",\"valueRequired\":true,\"valueName\":\"search_term_string\"}}],\"inLanguage\":\"en-GB\"},{\"@type\":\"Organization\",\"@id\":\"https:\/\/www.emballagedigest.fr\/#organization\",\"name\":\"Emballage Digest\",\"url\":\"https:\/\/www.emballagedigest.fr\/\",\"logo\":{\"@type\":\"ImageObject\",\"inLanguage\":\"en-GB\",\"@id\":\"https:\/\/www.emballagedigest.fr\/#\/schema\/logo\/image\/\",\"url\":\"https:\/\/www.emballagedigest.fr\/wp-content\/uploads\/2022\/07\/logo-ed.png\",\"contentUrl\":\"https:\/\/www.emballagedigest.fr\/wp-content\/uploads\/2022\/07\/logo-ed.png\",\"width\":379,\"height\":75,\"caption\":\"Emballage Digest\"},\"image\":{\"@id\":\"https:\/\/www.emballagedigest.fr\/#\/schema\/logo\/image\/\"}},{\"@type\":\"Person\",\"@id\":\"https:\/\/www.emballagedigest.fr\/#\/schema\/person\/76abe9f2b2ee4d3d520594c7a35da59f\",\"name\":\"Karine Duval\",\"image\":{\"@type\":\"ImageObject\",\"inLanguage\":\"en-GB\",\"@id\":\"https:\/\/www.emballagedigest.fr\/#\/schema\/person\/image\/\",\"url\":\"https:\/\/secure.gravatar.com\/avatar\/f552799261cdd2e076e6677d780ef07bdb13aa4c196ab75b39abcbcdcae2d4e5?s=96&d=mm&r=g\",\"contentUrl\":\"https:\/\/secure.gravatar.com\/avatar\/f552799261cdd2e076e6677d780ef07bdb13aa4c196ab75b39abcbcdcae2d4e5?s=96&d=mm&r=g\",\"caption\":\"Karine Duval\"},\"url\":\"https:\/\/www.emballagedigest.fr\/en\/author\/admin_karduv\/\"}]}<\/script>\n<!-- \/ Yoast SEO plugin. -->","yoast_head_json":{"title":"Verescence change d\u2019actionnaire - Emballage Digest","robots":{"index":"index","follow":"follow","max-snippet":"max-snippet:-1","max-image-preview":"max-image-preview:large","max-video-preview":"max-video-preview:-1"},"canonical":"https:\/\/www.emballagedigest.fr\/en\/verescence-change-dactionnaire\/","og_locale":"en_GB","og_type":"article","og_title":"Verescence change d\u2019actionnaire - Emballage Digest","og_description":"Verescence, expert du flaconnage en verre pour les industries de la parfumerie et de la cosm\u00e9tique, annonce l\u2019arriv\u00e9e du consortium compos\u00e9 de Movendo Capital et Draycott, deux holdings familiales d&rsquo;investissement, en tant que nouvel actionnaire du groupe. Fort d\u2019un savoir-faire verrier de 130 ans et d\u2019une \u00e9quipe de 2500 salari\u00e9s, Verescence produit 600 millions de [&hellip;]","og_url":"https:\/\/www.emballagedigest.fr\/en\/verescence-change-dactionnaire\/","og_site_name":"Emballage Digest","article_published_time":"2025-06-03T22:36:48+00:00","article_modified_time":"2025-06-03T22:37:02+00:00","og_image":[{"width":800,"height":574,"url":"https:\/\/www.emballagedigest.fr\/wp-content\/uploads\/2025\/06\/Verescence.jpg","type":"image\/jpeg"}],"author":"Karine Duval","twitter_card":"summary_large_image","twitter_misc":{"Written by":"Karine Duval","Estimated reading time":"2 minutes"},"schema":{"@context":"https:\/\/schema.org","@graph":[{"@type":"Article","@id":"https:\/\/www.emballagedigest.fr\/verescence-change-dactionnaire\/#article","isPartOf":{"@id":"https:\/\/www.emballagedigest.fr\/verescence-change-dactionnaire\/"},"author":{"name":"Karine Duval","@id":"https:\/\/www.emballagedigest.fr\/#\/schema\/person\/76abe9f2b2ee4d3d520594c7a35da59f"},"headline":"Verescence change d\u2019actionnaire","datePublished":"2025-06-03T22:36:48+00:00","dateModified":"2025-06-03T22:37:02+00:00","mainEntityOfPage":{"@id":"https:\/\/www.emballagedigest.fr\/verescence-change-dactionnaire\/"},"wordCount":248,"publisher":{"@id":"https:\/\/www.emballagedigest.fr\/#organization"},"image":{"@id":"https:\/\/www.emballagedigest.fr\/verescence-change-dactionnaire\/#primaryimage"},"thumbnailUrl":"https:\/\/www.emballagedigest.fr\/wp-content\/uploads\/2025\/06\/Verescence.jpg","articleSection":["Article entier","Packaging","Parfumerie &amp; Cosm\u00e9tique"],"inLanguage":"en-GB"},{"@type":"WebPage","@id":"https:\/\/www.emballagedigest.fr\/verescence-change-dactionnaire\/","url":"https:\/\/www.emballagedigest.fr\/verescence-change-dactionnaire\/","name":"Verescence change d\u2019actionnaire - Emballage Digest","isPartOf":{"@id":"https:\/\/www.emballagedigest.fr\/#website"},"primaryImageOfPage":{"@id":"https:\/\/www.emballagedigest.fr\/verescence-change-dactionnaire\/#primaryimage"},"image":{"@id":"https:\/\/www.emballagedigest.fr\/verescence-change-dactionnaire\/#primaryimage"},"thumbnailUrl":"https:\/\/www.emballagedigest.fr\/wp-content\/uploads\/2025\/06\/Verescence.jpg","datePublished":"2025-06-03T22:36:48+00:00","dateModified":"2025-06-03T22:37:02+00:00","breadcrumb":{"@id":"https:\/\/www.emballagedigest.fr\/verescence-change-dactionnaire\/#breadcrumb"},"inLanguage":"en-GB","potentialAction":[{"@type":"ReadAction","target":["https:\/\/www.emballagedigest.fr\/verescence-change-dactionnaire\/"]}]},{"@type":"ImageObject","inLanguage":"en-GB","@id":"https:\/\/www.emballagedigest.fr\/verescence-change-dactionnaire\/#primaryimage","url":"https:\/\/www.emballagedigest.fr\/wp-content\/uploads\/2025\/06\/Verescence.jpg","contentUrl":"https:\/\/www.emballagedigest.fr\/wp-content\/uploads\/2025\/06\/Verescence.jpg","width":800,"height":574},{"@type":"BreadcrumbList","@id":"https:\/\/www.emballagedigest.fr\/verescence-change-dactionnaire\/#breadcrumb","itemListElement":[{"@type":"ListItem","position":1,"name":"Accueil","item":"https:\/\/www.emballagedigest.fr\/"},{"@type":"ListItem","position":2,"name":"Verescence change d\u2019actionnaire"}]},{"@type":"WebSite","@id":"https:\/\/www.emballagedigest.fr\/#website","url":"https:\/\/www.emballagedigest.fr\/","name":"Emballage Digest","description":"Revue professionnelle sur les emballages","publisher":{"@id":"https:\/\/www.emballagedigest.fr\/#organization"},"potentialAction":[{"@type":"SearchAction","target":{"@type":"EntryPoint","urlTemplate":"https:\/\/www.emballagedigest.fr\/?s={search_term_string}"},"query-input":{"@type":"PropertyValueSpecification","valueRequired":true,"valueName":"search_term_string"}}],"inLanguage":"en-GB"},{"@type":"Organization","@id":"https:\/\/www.emballagedigest.fr\/#organization","name":"Emballage Digest","url":"https:\/\/www.emballagedigest.fr\/","logo":{"@type":"ImageObject","inLanguage":"en-GB","@id":"https:\/\/www.emballagedigest.fr\/#\/schema\/logo\/image\/","url":"https:\/\/www.emballagedigest.fr\/wp-content\/uploads\/2022\/07\/logo-ed.png","contentUrl":"https:\/\/www.emballagedigest.fr\/wp-content\/uploads\/2022\/07\/logo-ed.png","width":379,"height":75,"caption":"Emballage Digest"},"image":{"@id":"https:\/\/www.emballagedigest.fr\/#\/schema\/logo\/image\/"}},{"@type":"Person","@id":"https:\/\/www.emballagedigest.fr\/#\/schema\/person\/76abe9f2b2ee4d3d520594c7a35da59f","name":"Karine Duval","image":{"@type":"ImageObject","inLanguage":"en-GB","@id":"https:\/\/www.emballagedigest.fr\/#\/schema\/person\/image\/","url":"https:\/\/secure.gravatar.com\/avatar\/f552799261cdd2e076e6677d780ef07bdb13aa4c196ab75b39abcbcdcae2d4e5?s=96&d=mm&r=g","contentUrl":"https:\/\/secure.gravatar.com\/avatar\/f552799261cdd2e076e6677d780ef07bdb13aa4c196ab75b39abcbcdcae2d4e5?s=96&d=mm&r=g","caption":"Karine Duval"},"url":"https:\/\/www.emballagedigest.fr\/en\/author\/admin_karduv\/"}]}},"_links":{"self":[{"href":"https:\/\/www.emballagedigest.fr\/en\/wp-json\/wp\/v2\/posts\/44764","targetHints":{"allow":["GET"]}}],"collection":[{"href":"https:\/\/www.emballagedigest.fr\/en\/wp-json\/wp\/v2\/posts"}],"about":[{"href":"https:\/\/www.emballagedigest.fr\/en\/wp-json\/wp\/v2\/types\/post"}],"author":[{"embeddable":true,"href":"https:\/\/www.emballagedigest.fr\/en\/wp-json\/wp\/v2\/users\/2"}],"replies":[{"embeddable":true,"href":"https:\/\/www.emballagedigest.fr\/en\/wp-json\/wp\/v2\/comments?post=44764"}],"version-history":[{"count":1,"href":"https:\/\/www.emballagedigest.fr\/en\/wp-json\/wp\/v2\/posts\/44764\/revisions"}],"predecessor-version":[{"id":44766,"href":"https:\/\/www.emballagedigest.fr\/en\/wp-json\/wp\/v2\/posts\/44764\/revisions\/44766"}],"wp:featuredmedia":[{"embeddable":true,"href":"https:\/\/www.emballagedigest.fr\/en\/wp-json\/wp\/v2\/media\/44765"}],"wp:attachment":[{"href":"https:\/\/www.emballagedigest.fr\/en\/wp-json\/wp\/v2\/media?parent=44764"}],"wp:term":[{"taxonomy":"category","embeddable":true,"href":"https:\/\/www.emballagedigest.fr\/en\/wp-json\/wp\/v2\/categories?post=44764"},{"taxonomy":"post_tag","embeddable":true,"href":"https:\/\/www.emballagedigest.fr\/en\/wp-json\/wp\/v2\/tags?post=44764"}],"curies":[{"name":"wp","href":"https:\/\/api.w.org\/{rel}","templated":true}]}}