{"id":44769,"date":"2025-06-05T01:01:01","date_gmt":"2025-06-04T23:01:01","guid":{"rendered":"https:\/\/www.emballagedigest.fr\/?p=44769"},"modified":"2025-06-06T00:54:40","modified_gmt":"2025-06-05T22:54:40","slug":"berlin-packaging-se-renforce-en-europe-de-lest","status":"publish","type":"post","link":"https:\/\/www.emballagedigest.fr\/en\/berlin-packaging-se-renforce-en-europe-de-lest\/","title":{"rendered":"Berlin Packaging se renforce en Europe de l\u2019Est"},"content":{"rendered":"<p><strong>Berlin Packaging annonce la finalisation de l\u2019acquisition de Sarom Packaging et de Romgallia. L\u2019acquisition permettra \u00e0 la soci\u00e9t\u00e9 d\u2019\u00e9tendre sa pr\u00e9sence dans la r\u00e9gion EMEA et de renforcer ses solutions d\u2019emballage.<\/strong><\/p>\n\n\n\n<p>Fond\u00e9e en Roumanie en 1992 en tant qu\u2019entreprise familiale, Sarom Packaging fournit des emballages en verre pour les industries de l\u2019alimentation et des boissons, et se sp\u00e9cialise dans les bouteilles de vin et les fermetures. Avec des clients en Roumanie et dans toute l\u2019Europe de l\u2019Est, l\u2019entreprise offre une large gamme de solutions d\u2019emballage en verre de sp\u00e9cialit\u00e9 et de qualit\u00e9 sup\u00e9rieure. Sarom Packaging propose \u00e9galement \u00e0 ses clients des solutions de conception et d\u2019emballage int\u00e9gr\u00e9es gr\u00e2ce \u00e0 son laboratoire de cr\u00e9ation interne. De son c\u00f4t\u00e9, Romgallia, cr\u00e9\u00e9e en Roumanie en 1999, est sp\u00e9cialis\u00e9e dans les solutions d\u2019emballage pour les industries pharmaceutiques et cosm\u00e9tiques et compte des clients dans toute la Roumanie et l\u2019Europe de l\u2019Est.<\/p>\n\n\n\n<p>\u00ab Le rapprochement de Berlin Packaging avec Sarom Packaging et Romgallia va nous permettre d\u2019\u00e9tendre nos activit\u00e9s en Europe de l\u2019Est. En outre, ce rapprochement viendra enrichir notre vaste portefeuille de produits en verre destin\u00e9s \u00e0 divers march\u00e9s finaux \u00bb, a d\u00e9clar\u00e9 Elias Valavanis, responsable de la r\u00e9gion m\u00e9diterran\u00e9enne de Berlin Packaging.<\/p>\n\n\n\n<p>\u00ab C\u2019est une excellente nouvelle pour notre entreprise et tous nos partenaires commerciaux. En unissant nos forces \u00e0 celles de Berlin Packaging, nous apporterons plus de valeur que jamais \u00e0 nos clients. Nous partageons la m\u00eame philosophie et la m\u00eame volont\u00e9 d\u2019am\u00e9liorer sans cesse nos normes de qualit\u00e9 \u00bb, ajoutent Jacques-Edouard Savoiu et Paul-Eug\u00e8ne Savoiu, qui dirigent Sarom Packaging et Romgallia.<\/p>","protected":false},"excerpt":{"rendered":"<p>Berlin Packaging annonce la finalisation de l\u2019acquisition de Sarom Packaging et de Romgallia. L\u2019acquisition permettra \u00e0 la soci\u00e9t\u00e9 d\u2019\u00e9tendre sa pr\u00e9sence dans la r\u00e9gion EMEA et de renforcer ses solutions d\u2019emballage. Fond\u00e9e en Roumanie en 1992 en tant qu\u2019entreprise familiale, Sarom Packaging fournit des emballages en verre pour les industries de l\u2019alimentation et des boissons, [&hellip;]<\/p>","protected":false},"author":2,"featured_media":44770,"comment_status":"closed","ping_status":"closed","sticky":false,"template":"","format":"standard","meta":{"_acf_changed":false,"inline_featured_image":false,"iawp_total_views":4,"footnotes":""},"categories":[5,28,81],"tags":[],"class_list":["post-44769","post","type-post","status-publish","format-standard","has-post-thumbnail","hentry","category-alimentaire","category-article-entier","category-packaging"],"acf":[],"yoast_head":"<!-- This site is optimized with the Yoast SEO plugin v24.4 - https:\/\/yoast.com\/wordpress\/plugins\/seo\/ -->\n<title>Berlin Packaging se renforce en Europe de l\u2019Est - Emballage Digest<\/title>\n<meta name=\"robots\" content=\"index, follow, max-snippet:-1, max-image-preview:large, max-video-preview:-1\" \/>\n<link rel=\"canonical\" href=\"https:\/\/www.emballagedigest.fr\/en\/berlin-packaging-se-renforce-en-europe-de-lest\/\" \/>\n<meta property=\"og:locale\" content=\"en_GB\" \/>\n<meta property=\"og:type\" content=\"article\" \/>\n<meta property=\"og:title\" content=\"Berlin Packaging se renforce en Europe de l\u2019Est - Emballage Digest\" \/>\n<meta property=\"og:description\" content=\"Berlin Packaging annonce la finalisation de l\u2019acquisition de Sarom Packaging et de Romgallia. L\u2019acquisition permettra \u00e0 la soci\u00e9t\u00e9 d\u2019\u00e9tendre sa pr\u00e9sence dans la r\u00e9gion EMEA et de renforcer ses solutions d\u2019emballage. Fond\u00e9e en Roumanie en 1992 en tant qu\u2019entreprise familiale, Sarom Packaging fournit des emballages en verre pour les industries de l\u2019alimentation et des boissons, [&hellip;]\" \/>\n<meta property=\"og:url\" content=\"https:\/\/www.emballagedigest.fr\/en\/berlin-packaging-se-renforce-en-europe-de-lest\/\" \/>\n<meta property=\"og:site_name\" content=\"Emballage Digest\" \/>\n<meta property=\"article:published_time\" content=\"2025-06-04T23:01:01+00:00\" \/>\n<meta property=\"article:modified_time\" content=\"2025-06-05T22:54:40+00:00\" \/>\n<meta property=\"og:image\" content=\"https:\/\/www.emballagedigest.fr\/wp-content\/uploads\/2025\/06\/berlin.jpg\" \/>\n\t<meta property=\"og:image:width\" content=\"800\" \/>\n\t<meta property=\"og:image:height\" content=\"600\" \/>\n\t<meta property=\"og:image:type\" content=\"image\/jpeg\" \/>\n<meta name=\"author\" content=\"Karine Duval\" \/>\n<meta name=\"twitter:card\" content=\"summary_large_image\" \/>\n<meta name=\"twitter:label1\" content=\"Written by\" \/>\n\t<meta name=\"twitter:data1\" content=\"Karine Duval\" \/>\n\t<meta name=\"twitter:label2\" content=\"Estimated reading time\" \/>\n\t<meta name=\"twitter:data2\" content=\"2 minutes\" \/>\n<script type=\"application\/ld+json\" class=\"yoast-schema-graph\">{\"@context\":\"https:\/\/schema.org\",\"@graph\":[{\"@type\":\"Article\",\"@id\":\"https:\/\/www.emballagedigest.fr\/berlin-packaging-se-renforce-en-europe-de-lest\/#article\",\"isPartOf\":{\"@id\":\"https:\/\/www.emballagedigest.fr\/berlin-packaging-se-renforce-en-europe-de-lest\/\"},\"author\":{\"name\":\"Karine Duval\",\"@id\":\"https:\/\/www.emballagedigest.fr\/#\/schema\/person\/76abe9f2b2ee4d3d520594c7a35da59f\"},\"headline\":\"Berlin Packaging se renforce en Europe de l\u2019Est\",\"datePublished\":\"2025-06-04T23:01:01+00:00\",\"dateModified\":\"2025-06-05T22:54:40+00:00\",\"mainEntityOfPage\":{\"@id\":\"https:\/\/www.emballagedigest.fr\/berlin-packaging-se-renforce-en-europe-de-lest\/\"},\"wordCount\":302,\"publisher\":{\"@id\":\"https:\/\/www.emballagedigest.fr\/#organization\"},\"image\":{\"@id\":\"https:\/\/www.emballagedigest.fr\/berlin-packaging-se-renforce-en-europe-de-lest\/#primaryimage\"},\"thumbnailUrl\":\"https:\/\/www.emballagedigest.fr\/wp-content\/uploads\/2025\/06\/berlin.jpg\",\"articleSection\":[\"Alimentaire\",\"Article entier\",\"Packaging\"],\"inLanguage\":\"en-GB\"},{\"@type\":\"WebPage\",\"@id\":\"https:\/\/www.emballagedigest.fr\/berlin-packaging-se-renforce-en-europe-de-lest\/\",\"url\":\"https:\/\/www.emballagedigest.fr\/berlin-packaging-se-renforce-en-europe-de-lest\/\",\"name\":\"Berlin Packaging se renforce en Europe de l\u2019Est - Emballage Digest\",\"isPartOf\":{\"@id\":\"https:\/\/www.emballagedigest.fr\/#website\"},\"primaryImageOfPage\":{\"@id\":\"https:\/\/www.emballagedigest.fr\/berlin-packaging-se-renforce-en-europe-de-lest\/#primaryimage\"},\"image\":{\"@id\":\"https:\/\/www.emballagedigest.fr\/berlin-packaging-se-renforce-en-europe-de-lest\/#primaryimage\"},\"thumbnailUrl\":\"https:\/\/www.emballagedigest.fr\/wp-content\/uploads\/2025\/06\/berlin.jpg\",\"datePublished\":\"2025-06-04T23:01:01+00:00\",\"dateModified\":\"2025-06-05T22:54:40+00:00\",\"breadcrumb\":{\"@id\":\"https:\/\/www.emballagedigest.fr\/berlin-packaging-se-renforce-en-europe-de-lest\/#breadcrumb\"},\"inLanguage\":\"en-GB\",\"potentialAction\":[{\"@type\":\"ReadAction\",\"target\":[\"https:\/\/www.emballagedigest.fr\/berlin-packaging-se-renforce-en-europe-de-lest\/\"]}]},{\"@type\":\"ImageObject\",\"inLanguage\":\"en-GB\",\"@id\":\"https:\/\/www.emballagedigest.fr\/berlin-packaging-se-renforce-en-europe-de-lest\/#primaryimage\",\"url\":\"https:\/\/www.emballagedigest.fr\/wp-content\/uploads\/2025\/06\/berlin.jpg\",\"contentUrl\":\"https:\/\/www.emballagedigest.fr\/wp-content\/uploads\/2025\/06\/berlin.jpg\",\"width\":800,\"height\":600},{\"@type\":\"BreadcrumbList\",\"@id\":\"https:\/\/www.emballagedigest.fr\/berlin-packaging-se-renforce-en-europe-de-lest\/#breadcrumb\",\"itemListElement\":[{\"@type\":\"ListItem\",\"position\":1,\"name\":\"Accueil\",\"item\":\"https:\/\/www.emballagedigest.fr\/\"},{\"@type\":\"ListItem\",\"position\":2,\"name\":\"Berlin Packaging se renforce en Europe de l\u2019Est\"}]},{\"@type\":\"WebSite\",\"@id\":\"https:\/\/www.emballagedigest.fr\/#website\",\"url\":\"https:\/\/www.emballagedigest.fr\/\",\"name\":\"Emballage Digest\",\"description\":\"Revue professionnelle sur les emballages\",\"publisher\":{\"@id\":\"https:\/\/www.emballagedigest.fr\/#organization\"},\"potentialAction\":[{\"@type\":\"SearchAction\",\"target\":{\"@type\":\"EntryPoint\",\"urlTemplate\":\"https:\/\/www.emballagedigest.fr\/?s={search_term_string}\"},\"query-input\":{\"@type\":\"PropertyValueSpecification\",\"valueRequired\":true,\"valueName\":\"search_term_string\"}}],\"inLanguage\":\"en-GB\"},{\"@type\":\"Organization\",\"@id\":\"https:\/\/www.emballagedigest.fr\/#organization\",\"name\":\"Emballage Digest\",\"url\":\"https:\/\/www.emballagedigest.fr\/\",\"logo\":{\"@type\":\"ImageObject\",\"inLanguage\":\"en-GB\",\"@id\":\"https:\/\/www.emballagedigest.fr\/#\/schema\/logo\/image\/\",\"url\":\"https:\/\/www.emballagedigest.fr\/wp-content\/uploads\/2022\/07\/logo-ed.png\",\"contentUrl\":\"https:\/\/www.emballagedigest.fr\/wp-content\/uploads\/2022\/07\/logo-ed.png\",\"width\":379,\"height\":75,\"caption\":\"Emballage Digest\"},\"image\":{\"@id\":\"https:\/\/www.emballagedigest.fr\/#\/schema\/logo\/image\/\"}},{\"@type\":\"Person\",\"@id\":\"https:\/\/www.emballagedigest.fr\/#\/schema\/person\/76abe9f2b2ee4d3d520594c7a35da59f\",\"name\":\"Karine Duval\",\"image\":{\"@type\":\"ImageObject\",\"inLanguage\":\"en-GB\",\"@id\":\"https:\/\/www.emballagedigest.fr\/#\/schema\/person\/image\/\",\"url\":\"https:\/\/secure.gravatar.com\/avatar\/f552799261cdd2e076e6677d780ef07bdb13aa4c196ab75b39abcbcdcae2d4e5?s=96&d=mm&r=g\",\"contentUrl\":\"https:\/\/secure.gravatar.com\/avatar\/f552799261cdd2e076e6677d780ef07bdb13aa4c196ab75b39abcbcdcae2d4e5?s=96&d=mm&r=g\",\"caption\":\"Karine Duval\"},\"url\":\"https:\/\/www.emballagedigest.fr\/en\/author\/admin_karduv\/\"}]}<\/script>\n<!-- \/ Yoast SEO plugin. -->","yoast_head_json":{"title":"Berlin Packaging se renforce en Europe de l\u2019Est - Emballage Digest","robots":{"index":"index","follow":"follow","max-snippet":"max-snippet:-1","max-image-preview":"max-image-preview:large","max-video-preview":"max-video-preview:-1"},"canonical":"https:\/\/www.emballagedigest.fr\/en\/berlin-packaging-se-renforce-en-europe-de-lest\/","og_locale":"en_GB","og_type":"article","og_title":"Berlin Packaging se renforce en Europe de l\u2019Est - Emballage Digest","og_description":"Berlin Packaging annonce la finalisation de l\u2019acquisition de Sarom Packaging et de Romgallia. L\u2019acquisition permettra \u00e0 la soci\u00e9t\u00e9 d\u2019\u00e9tendre sa pr\u00e9sence dans la r\u00e9gion EMEA et de renforcer ses solutions d\u2019emballage. Fond\u00e9e en Roumanie en 1992 en tant qu\u2019entreprise familiale, Sarom Packaging fournit des emballages en verre pour les industries de l\u2019alimentation et des boissons, [&hellip;]","og_url":"https:\/\/www.emballagedigest.fr\/en\/berlin-packaging-se-renforce-en-europe-de-lest\/","og_site_name":"Emballage Digest","article_published_time":"2025-06-04T23:01:01+00:00","article_modified_time":"2025-06-05T22:54:40+00:00","og_image":[{"width":800,"height":600,"url":"https:\/\/www.emballagedigest.fr\/wp-content\/uploads\/2025\/06\/berlin.jpg","type":"image\/jpeg"}],"author":"Karine Duval","twitter_card":"summary_large_image","twitter_misc":{"Written by":"Karine Duval","Estimated reading time":"2 minutes"},"schema":{"@context":"https:\/\/schema.org","@graph":[{"@type":"Article","@id":"https:\/\/www.emballagedigest.fr\/berlin-packaging-se-renforce-en-europe-de-lest\/#article","isPartOf":{"@id":"https:\/\/www.emballagedigest.fr\/berlin-packaging-se-renforce-en-europe-de-lest\/"},"author":{"name":"Karine Duval","@id":"https:\/\/www.emballagedigest.fr\/#\/schema\/person\/76abe9f2b2ee4d3d520594c7a35da59f"},"headline":"Berlin Packaging se renforce en Europe de l\u2019Est","datePublished":"2025-06-04T23:01:01+00:00","dateModified":"2025-06-05T22:54:40+00:00","mainEntityOfPage":{"@id":"https:\/\/www.emballagedigest.fr\/berlin-packaging-se-renforce-en-europe-de-lest\/"},"wordCount":302,"publisher":{"@id":"https:\/\/www.emballagedigest.fr\/#organization"},"image":{"@id":"https:\/\/www.emballagedigest.fr\/berlin-packaging-se-renforce-en-europe-de-lest\/#primaryimage"},"thumbnailUrl":"https:\/\/www.emballagedigest.fr\/wp-content\/uploads\/2025\/06\/berlin.jpg","articleSection":["Alimentaire","Article entier","Packaging"],"inLanguage":"en-GB"},{"@type":"WebPage","@id":"https:\/\/www.emballagedigest.fr\/berlin-packaging-se-renforce-en-europe-de-lest\/","url":"https:\/\/www.emballagedigest.fr\/berlin-packaging-se-renforce-en-europe-de-lest\/","name":"Berlin Packaging se renforce en Europe de l\u2019Est - Emballage Digest","isPartOf":{"@id":"https:\/\/www.emballagedigest.fr\/#website"},"primaryImageOfPage":{"@id":"https:\/\/www.emballagedigest.fr\/berlin-packaging-se-renforce-en-europe-de-lest\/#primaryimage"},"image":{"@id":"https:\/\/www.emballagedigest.fr\/berlin-packaging-se-renforce-en-europe-de-lest\/#primaryimage"},"thumbnailUrl":"https:\/\/www.emballagedigest.fr\/wp-content\/uploads\/2025\/06\/berlin.jpg","datePublished":"2025-06-04T23:01:01+00:00","dateModified":"2025-06-05T22:54:40+00:00","breadcrumb":{"@id":"https:\/\/www.emballagedigest.fr\/berlin-packaging-se-renforce-en-europe-de-lest\/#breadcrumb"},"inLanguage":"en-GB","potentialAction":[{"@type":"ReadAction","target":["https:\/\/www.emballagedigest.fr\/berlin-packaging-se-renforce-en-europe-de-lest\/"]}]},{"@type":"ImageObject","inLanguage":"en-GB","@id":"https:\/\/www.emballagedigest.fr\/berlin-packaging-se-renforce-en-europe-de-lest\/#primaryimage","url":"https:\/\/www.emballagedigest.fr\/wp-content\/uploads\/2025\/06\/berlin.jpg","contentUrl":"https:\/\/www.emballagedigest.fr\/wp-content\/uploads\/2025\/06\/berlin.jpg","width":800,"height":600},{"@type":"BreadcrumbList","@id":"https:\/\/www.emballagedigest.fr\/berlin-packaging-se-renforce-en-europe-de-lest\/#breadcrumb","itemListElement":[{"@type":"ListItem","position":1,"name":"Accueil","item":"https:\/\/www.emballagedigest.fr\/"},{"@type":"ListItem","position":2,"name":"Berlin Packaging se renforce en Europe de l\u2019Est"}]},{"@type":"WebSite","@id":"https:\/\/www.emballagedigest.fr\/#website","url":"https:\/\/www.emballagedigest.fr\/","name":"Emballage Digest","description":"Revue professionnelle sur les emballages","publisher":{"@id":"https:\/\/www.emballagedigest.fr\/#organization"},"potentialAction":[{"@type":"SearchAction","target":{"@type":"EntryPoint","urlTemplate":"https:\/\/www.emballagedigest.fr\/?s={search_term_string}"},"query-input":{"@type":"PropertyValueSpecification","valueRequired":true,"valueName":"search_term_string"}}],"inLanguage":"en-GB"},{"@type":"Organization","@id":"https:\/\/www.emballagedigest.fr\/#organization","name":"Emballage Digest","url":"https:\/\/www.emballagedigest.fr\/","logo":{"@type":"ImageObject","inLanguage":"en-GB","@id":"https:\/\/www.emballagedigest.fr\/#\/schema\/logo\/image\/","url":"https:\/\/www.emballagedigest.fr\/wp-content\/uploads\/2022\/07\/logo-ed.png","contentUrl":"https:\/\/www.emballagedigest.fr\/wp-content\/uploads\/2022\/07\/logo-ed.png","width":379,"height":75,"caption":"Emballage Digest"},"image":{"@id":"https:\/\/www.emballagedigest.fr\/#\/schema\/logo\/image\/"}},{"@type":"Person","@id":"https:\/\/www.emballagedigest.fr\/#\/schema\/person\/76abe9f2b2ee4d3d520594c7a35da59f","name":"Karine Duval","image":{"@type":"ImageObject","inLanguage":"en-GB","@id":"https:\/\/www.emballagedigest.fr\/#\/schema\/person\/image\/","url":"https:\/\/secure.gravatar.com\/avatar\/f552799261cdd2e076e6677d780ef07bdb13aa4c196ab75b39abcbcdcae2d4e5?s=96&d=mm&r=g","contentUrl":"https:\/\/secure.gravatar.com\/avatar\/f552799261cdd2e076e6677d780ef07bdb13aa4c196ab75b39abcbcdcae2d4e5?s=96&d=mm&r=g","caption":"Karine Duval"},"url":"https:\/\/www.emballagedigest.fr\/en\/author\/admin_karduv\/"}]}},"_links":{"self":[{"href":"https:\/\/www.emballagedigest.fr\/en\/wp-json\/wp\/v2\/posts\/44769","targetHints":{"allow":["GET"]}}],"collection":[{"href":"https:\/\/www.emballagedigest.fr\/en\/wp-json\/wp\/v2\/posts"}],"about":[{"href":"https:\/\/www.emballagedigest.fr\/en\/wp-json\/wp\/v2\/types\/post"}],"author":[{"embeddable":true,"href":"https:\/\/www.emballagedigest.fr\/en\/wp-json\/wp\/v2\/users\/2"}],"replies":[{"embeddable":true,"href":"https:\/\/www.emballagedigest.fr\/en\/wp-json\/wp\/v2\/comments?post=44769"}],"version-history":[{"count":1,"href":"https:\/\/www.emballagedigest.fr\/en\/wp-json\/wp\/v2\/posts\/44769\/revisions"}],"predecessor-version":[{"id":44771,"href":"https:\/\/www.emballagedigest.fr\/en\/wp-json\/wp\/v2\/posts\/44769\/revisions\/44771"}],"wp:featuredmedia":[{"embeddable":true,"href":"https:\/\/www.emballagedigest.fr\/en\/wp-json\/wp\/v2\/media\/44770"}],"wp:attachment":[{"href":"https:\/\/www.emballagedigest.fr\/en\/wp-json\/wp\/v2\/media?parent=44769"}],"wp:term":[{"taxonomy":"category","embeddable":true,"href":"https:\/\/www.emballagedigest.fr\/en\/wp-json\/wp\/v2\/categories?post=44769"},{"taxonomy":"post_tag","embeddable":true,"href":"https:\/\/www.emballagedigest.fr\/en\/wp-json\/wp\/v2\/tags?post=44769"}],"curies":[{"name":"wp","href":"https:\/\/api.w.org\/{rel}","templated":true}]}}