{"id":44779,"date":"2025-06-06T00:59:45","date_gmt":"2025-06-05T22:59:45","guid":{"rendered":"https:\/\/www.emballagedigest.fr\/?p=44779"},"modified":"2025-06-06T00:59:52","modified_gmt":"2025-06-05T22:59:52","slug":"eds-emballage-inaugure-lextension-de-sa-plateforme-logistique","status":"publish","type":"post","link":"https:\/\/www.emballagedigest.fr\/en\/eds-emballage-inaugure-lextension-de-sa-plateforme-logistique\/","title":{"rendered":"EDS Emballage inaugure l\u2019extension de sa plateforme logistique"},"content":{"rendered":"<p><strong>Dans le cadre de son d\u00e9veloppement, EDS Emballage organise le 25 juin prochain l\u2019inauguration de l\u2019extension de sa plateforme logistique situ\u00e9e \u00e0 Saint-Philbert-de-Bouaine.<\/strong><\/p>\n\n\n\n<p>Cette extension repr\u00e9sente 4 800 m\u00b2 suppl\u00e9mentaires, enti\u00e8rement d\u00e9di\u00e9s au stockage et \u00e0 la logistique, portant la surface totale du site \u00e0 8 400 m\u00b2 d\u2019entrep\u00f4t et 600 m\u00b2 de bureaux. Le nouvel entrep\u00f4t comprend dix quais de chargement dont quatre pour les r\u00e9ceptions et autant pour les exp\u00e9ditions, deux quais \u00e0 plat (accessibles aux v\u00e9hicules l\u00e9gers type fourgon) ainsi que 3 570 emplacements palettes. L\u2019investissement porte la capacit\u00e9 totale du site \u00e0 13 quais et&nbsp;6 570 emplacements palettes.&nbsp;&nbsp;<\/p>\n\n\n\n<figure class=\"wp-block-image size-full is-resized\"><img loading=\"lazy\" decoding=\"async\" width=\"800\" height=\"449\" src=\"https:\/\/www.emballagedigest.fr\/wp-content\/uploads\/2025\/06\/EDS2.jpg\" alt=\"\" class=\"wp-image-44781\" style=\"width:840px;height:auto\" srcset=\"https:\/\/www.emballagedigest.fr\/wp-content\/uploads\/2025\/06\/EDS2.jpg 800w, https:\/\/www.emballagedigest.fr\/wp-content\/uploads\/2025\/06\/EDS2-300x168.jpg 300w, https:\/\/www.emballagedigest.fr\/wp-content\/uploads\/2025\/06\/EDS2-768x431.jpg 768w, https:\/\/www.emballagedigest.fr\/wp-content\/uploads\/2025\/06\/EDS2-18x10.jpg 18w\" sizes=\"auto, (max-width: 800px) 100vw, 800px\" \/><\/figure>\n\n\n\n<p>Cette extension d\u2019un montant de 6 M\u20ac s\u2019inscrit dans une dynamique de croissance continue, et vise \u00e0 accompagner le d\u00e9veloppement de nouvelles gammes d\u2019emballages innovants \u2013 notamment en atmosph\u00e8re protectrice (MAP) et sous skin \u2013 tout en r\u00e9pondant aux attentes d\u2019un march\u00e9 en constante \u00e9volution.<\/p>\n\n\n\n<p>Cr\u00e9\u00e9e en 1997, EDS Emballage est sp\u00e9cialis\u00e9e dans la distribution de solutions d&#8217;emballage destin\u00e9es \u00e0 l&rsquo;ensemble des rayons frais de la grande distribution : boucherie, poissonnerie, r\u00f4tisserie, traiteur, fra\u00eeche d\u00e9coupe et cr\u00e9merie. Forte de 40 salari\u00e9s, l\u2019entreprise r\u00e9alise un chiffre d\u2019affaires de 24 M\u20ac.<\/p>","protected":false},"excerpt":{"rendered":"<p>Dans le cadre de son d\u00e9veloppement, EDS Emballage organise le 25 juin prochain l\u2019inauguration de l\u2019extension de sa plateforme logistique situ\u00e9e \u00e0 Saint-Philbert-de-Bouaine. Cette extension repr\u00e9sente 4 800 m\u00b2 suppl\u00e9mentaires, enti\u00e8rement d\u00e9di\u00e9s au stockage et \u00e0 la logistique, portant la surface totale du site \u00e0 8 400 m\u00b2 d\u2019entrep\u00f4t et 600 m\u00b2 de bureaux. Le [&hellip;]<\/p>","protected":false},"author":2,"featured_media":44780,"comment_status":"closed","ping_status":"closed","sticky":false,"template":"","format":"standard","meta":{"_acf_changed":false,"inline_featured_image":false,"iawp_total_views":15,"footnotes":""},"categories":[5,28,81],"tags":[],"class_list":["post-44779","post","type-post","status-publish","format-standard","has-post-thumbnail","hentry","category-alimentaire","category-article-entier","category-packaging"],"acf":[],"yoast_head":"<!-- This site is optimized with the Yoast SEO plugin v24.4 - https:\/\/yoast.com\/wordpress\/plugins\/seo\/ -->\n<title>EDS Emballage inaugure l\u2019extension de sa plateforme logistique - Emballage Digest<\/title>\n<meta name=\"robots\" content=\"index, follow, max-snippet:-1, max-image-preview:large, max-video-preview:-1\" \/>\n<link rel=\"canonical\" href=\"https:\/\/www.emballagedigest.fr\/en\/eds-emballage-inaugure-lextension-de-sa-plateforme-logistique\/\" \/>\n<meta property=\"og:locale\" content=\"en_GB\" \/>\n<meta property=\"og:type\" content=\"article\" \/>\n<meta property=\"og:title\" content=\"EDS Emballage inaugure l\u2019extension de sa plateforme logistique - Emballage Digest\" \/>\n<meta property=\"og:description\" content=\"Dans le cadre de son d\u00e9veloppement, EDS Emballage organise le 25 juin prochain l\u2019inauguration de l\u2019extension de sa plateforme logistique situ\u00e9e \u00e0 Saint-Philbert-de-Bouaine. Cette extension repr\u00e9sente 4 800 m\u00b2 suppl\u00e9mentaires, enti\u00e8rement d\u00e9di\u00e9s au stockage et \u00e0 la logistique, portant la surface totale du site \u00e0 8 400 m\u00b2 d\u2019entrep\u00f4t et 600 m\u00b2 de bureaux. Le [&hellip;]\" \/>\n<meta property=\"og:url\" content=\"https:\/\/www.emballagedigest.fr\/en\/eds-emballage-inaugure-lextension-de-sa-plateforme-logistique\/\" \/>\n<meta property=\"og:site_name\" content=\"Emballage Digest\" \/>\n<meta property=\"article:published_time\" content=\"2025-06-05T22:59:45+00:00\" \/>\n<meta property=\"article:modified_time\" content=\"2025-06-05T22:59:52+00:00\" \/>\n<meta property=\"og:image\" content=\"https:\/\/www.emballagedigest.fr\/wp-content\/uploads\/2025\/06\/EDS1.jpg\" \/>\n\t<meta property=\"og:image:width\" content=\"800\" \/>\n\t<meta property=\"og:image:height\" content=\"531\" \/>\n\t<meta property=\"og:image:type\" content=\"image\/jpeg\" \/>\n<meta name=\"author\" content=\"Karine Duval\" \/>\n<meta name=\"twitter:card\" content=\"summary_large_image\" \/>\n<meta name=\"twitter:label1\" content=\"Written by\" \/>\n\t<meta name=\"twitter:data1\" content=\"Karine Duval\" \/>\n\t<meta name=\"twitter:label2\" content=\"Estimated reading time\" \/>\n\t<meta name=\"twitter:data2\" content=\"2 minutes\" \/>\n<script type=\"application\/ld+json\" class=\"yoast-schema-graph\">{\"@context\":\"https:\/\/schema.org\",\"@graph\":[{\"@type\":\"Article\",\"@id\":\"https:\/\/www.emballagedigest.fr\/eds-emballage-inaugure-lextension-de-sa-plateforme-logistique\/#article\",\"isPartOf\":{\"@id\":\"https:\/\/www.emballagedigest.fr\/eds-emballage-inaugure-lextension-de-sa-plateforme-logistique\/\"},\"author\":{\"name\":\"Karine Duval\",\"@id\":\"https:\/\/www.emballagedigest.fr\/#\/schema\/person\/76abe9f2b2ee4d3d520594c7a35da59f\"},\"headline\":\"EDS Emballage inaugure l\u2019extension de sa plateforme logistique\",\"datePublished\":\"2025-06-05T22:59:45+00:00\",\"dateModified\":\"2025-06-05T22:59:52+00:00\",\"mainEntityOfPage\":{\"@id\":\"https:\/\/www.emballagedigest.fr\/eds-emballage-inaugure-lextension-de-sa-plateforme-logistique\/\"},\"wordCount\":217,\"publisher\":{\"@id\":\"https:\/\/www.emballagedigest.fr\/#organization\"},\"image\":{\"@id\":\"https:\/\/www.emballagedigest.fr\/eds-emballage-inaugure-lextension-de-sa-plateforme-logistique\/#primaryimage\"},\"thumbnailUrl\":\"https:\/\/www.emballagedigest.fr\/wp-content\/uploads\/2025\/06\/EDS1.jpg\",\"articleSection\":[\"Alimentaire\",\"Article entier\",\"Packaging\"],\"inLanguage\":\"en-GB\"},{\"@type\":\"WebPage\",\"@id\":\"https:\/\/www.emballagedigest.fr\/eds-emballage-inaugure-lextension-de-sa-plateforme-logistique\/\",\"url\":\"https:\/\/www.emballagedigest.fr\/eds-emballage-inaugure-lextension-de-sa-plateforme-logistique\/\",\"name\":\"EDS Emballage inaugure l\u2019extension de sa plateforme logistique - Emballage Digest\",\"isPartOf\":{\"@id\":\"https:\/\/www.emballagedigest.fr\/#website\"},\"primaryImageOfPage\":{\"@id\":\"https:\/\/www.emballagedigest.fr\/eds-emballage-inaugure-lextension-de-sa-plateforme-logistique\/#primaryimage\"},\"image\":{\"@id\":\"https:\/\/www.emballagedigest.fr\/eds-emballage-inaugure-lextension-de-sa-plateforme-logistique\/#primaryimage\"},\"thumbnailUrl\":\"https:\/\/www.emballagedigest.fr\/wp-content\/uploads\/2025\/06\/EDS1.jpg\",\"datePublished\":\"2025-06-05T22:59:45+00:00\",\"dateModified\":\"2025-06-05T22:59:52+00:00\",\"breadcrumb\":{\"@id\":\"https:\/\/www.emballagedigest.fr\/eds-emballage-inaugure-lextension-de-sa-plateforme-logistique\/#breadcrumb\"},\"inLanguage\":\"en-GB\",\"potentialAction\":[{\"@type\":\"ReadAction\",\"target\":[\"https:\/\/www.emballagedigest.fr\/eds-emballage-inaugure-lextension-de-sa-plateforme-logistique\/\"]}]},{\"@type\":\"ImageObject\",\"inLanguage\":\"en-GB\",\"@id\":\"https:\/\/www.emballagedigest.fr\/eds-emballage-inaugure-lextension-de-sa-plateforme-logistique\/#primaryimage\",\"url\":\"https:\/\/www.emballagedigest.fr\/wp-content\/uploads\/2025\/06\/EDS1.jpg\",\"contentUrl\":\"https:\/\/www.emballagedigest.fr\/wp-content\/uploads\/2025\/06\/EDS1.jpg\",\"width\":800,\"height\":531},{\"@type\":\"BreadcrumbList\",\"@id\":\"https:\/\/www.emballagedigest.fr\/eds-emballage-inaugure-lextension-de-sa-plateforme-logistique\/#breadcrumb\",\"itemListElement\":[{\"@type\":\"ListItem\",\"position\":1,\"name\":\"Accueil\",\"item\":\"https:\/\/www.emballagedigest.fr\/\"},{\"@type\":\"ListItem\",\"position\":2,\"name\":\"EDS Emballage inaugure l\u2019extension de sa plateforme logistique\"}]},{\"@type\":\"WebSite\",\"@id\":\"https:\/\/www.emballagedigest.fr\/#website\",\"url\":\"https:\/\/www.emballagedigest.fr\/\",\"name\":\"Emballage Digest\",\"description\":\"Revue professionnelle sur les emballages\",\"publisher\":{\"@id\":\"https:\/\/www.emballagedigest.fr\/#organization\"},\"potentialAction\":[{\"@type\":\"SearchAction\",\"target\":{\"@type\":\"EntryPoint\",\"urlTemplate\":\"https:\/\/www.emballagedigest.fr\/?s={search_term_string}\"},\"query-input\":{\"@type\":\"PropertyValueSpecification\",\"valueRequired\":true,\"valueName\":\"search_term_string\"}}],\"inLanguage\":\"en-GB\"},{\"@type\":\"Organization\",\"@id\":\"https:\/\/www.emballagedigest.fr\/#organization\",\"name\":\"Emballage Digest\",\"url\":\"https:\/\/www.emballagedigest.fr\/\",\"logo\":{\"@type\":\"ImageObject\",\"inLanguage\":\"en-GB\",\"@id\":\"https:\/\/www.emballagedigest.fr\/#\/schema\/logo\/image\/\",\"url\":\"https:\/\/www.emballagedigest.fr\/wp-content\/uploads\/2022\/07\/logo-ed.png\",\"contentUrl\":\"https:\/\/www.emballagedigest.fr\/wp-content\/uploads\/2022\/07\/logo-ed.png\",\"width\":379,\"height\":75,\"caption\":\"Emballage Digest\"},\"image\":{\"@id\":\"https:\/\/www.emballagedigest.fr\/#\/schema\/logo\/image\/\"}},{\"@type\":\"Person\",\"@id\":\"https:\/\/www.emballagedigest.fr\/#\/schema\/person\/76abe9f2b2ee4d3d520594c7a35da59f\",\"name\":\"Karine Duval\",\"image\":{\"@type\":\"ImageObject\",\"inLanguage\":\"en-GB\",\"@id\":\"https:\/\/www.emballagedigest.fr\/#\/schema\/person\/image\/\",\"url\":\"https:\/\/secure.gravatar.com\/avatar\/f552799261cdd2e076e6677d780ef07bdb13aa4c196ab75b39abcbcdcae2d4e5?s=96&d=mm&r=g\",\"contentUrl\":\"https:\/\/secure.gravatar.com\/avatar\/f552799261cdd2e076e6677d780ef07bdb13aa4c196ab75b39abcbcdcae2d4e5?s=96&d=mm&r=g\",\"caption\":\"Karine Duval\"},\"url\":\"https:\/\/www.emballagedigest.fr\/en\/author\/admin_karduv\/\"}]}<\/script>\n<!-- \/ Yoast SEO plugin. -->","yoast_head_json":{"title":"EDS Emballage inaugure l\u2019extension de sa plateforme logistique - Emballage Digest","robots":{"index":"index","follow":"follow","max-snippet":"max-snippet:-1","max-image-preview":"max-image-preview:large","max-video-preview":"max-video-preview:-1"},"canonical":"https:\/\/www.emballagedigest.fr\/en\/eds-emballage-inaugure-lextension-de-sa-plateforme-logistique\/","og_locale":"en_GB","og_type":"article","og_title":"EDS Emballage inaugure l\u2019extension de sa plateforme logistique - Emballage Digest","og_description":"Dans le cadre de son d\u00e9veloppement, EDS Emballage organise le 25 juin prochain l\u2019inauguration de l\u2019extension de sa plateforme logistique situ\u00e9e \u00e0 Saint-Philbert-de-Bouaine. Cette extension repr\u00e9sente 4 800 m\u00b2 suppl\u00e9mentaires, enti\u00e8rement d\u00e9di\u00e9s au stockage et \u00e0 la logistique, portant la surface totale du site \u00e0 8 400 m\u00b2 d\u2019entrep\u00f4t et 600 m\u00b2 de bureaux. Le [&hellip;]","og_url":"https:\/\/www.emballagedigest.fr\/en\/eds-emballage-inaugure-lextension-de-sa-plateforme-logistique\/","og_site_name":"Emballage Digest","article_published_time":"2025-06-05T22:59:45+00:00","article_modified_time":"2025-06-05T22:59:52+00:00","og_image":[{"width":800,"height":531,"url":"https:\/\/www.emballagedigest.fr\/wp-content\/uploads\/2025\/06\/EDS1.jpg","type":"image\/jpeg"}],"author":"Karine Duval","twitter_card":"summary_large_image","twitter_misc":{"Written by":"Karine Duval","Estimated reading time":"2 minutes"},"schema":{"@context":"https:\/\/schema.org","@graph":[{"@type":"Article","@id":"https:\/\/www.emballagedigest.fr\/eds-emballage-inaugure-lextension-de-sa-plateforme-logistique\/#article","isPartOf":{"@id":"https:\/\/www.emballagedigest.fr\/eds-emballage-inaugure-lextension-de-sa-plateforme-logistique\/"},"author":{"name":"Karine Duval","@id":"https:\/\/www.emballagedigest.fr\/#\/schema\/person\/76abe9f2b2ee4d3d520594c7a35da59f"},"headline":"EDS Emballage inaugure l\u2019extension de sa plateforme logistique","datePublished":"2025-06-05T22:59:45+00:00","dateModified":"2025-06-05T22:59:52+00:00","mainEntityOfPage":{"@id":"https:\/\/www.emballagedigest.fr\/eds-emballage-inaugure-lextension-de-sa-plateforme-logistique\/"},"wordCount":217,"publisher":{"@id":"https:\/\/www.emballagedigest.fr\/#organization"},"image":{"@id":"https:\/\/www.emballagedigest.fr\/eds-emballage-inaugure-lextension-de-sa-plateforme-logistique\/#primaryimage"},"thumbnailUrl":"https:\/\/www.emballagedigest.fr\/wp-content\/uploads\/2025\/06\/EDS1.jpg","articleSection":["Alimentaire","Article entier","Packaging"],"inLanguage":"en-GB"},{"@type":"WebPage","@id":"https:\/\/www.emballagedigest.fr\/eds-emballage-inaugure-lextension-de-sa-plateforme-logistique\/","url":"https:\/\/www.emballagedigest.fr\/eds-emballage-inaugure-lextension-de-sa-plateforme-logistique\/","name":"EDS Emballage inaugure l\u2019extension de sa plateforme logistique - Emballage Digest","isPartOf":{"@id":"https:\/\/www.emballagedigest.fr\/#website"},"primaryImageOfPage":{"@id":"https:\/\/www.emballagedigest.fr\/eds-emballage-inaugure-lextension-de-sa-plateforme-logistique\/#primaryimage"},"image":{"@id":"https:\/\/www.emballagedigest.fr\/eds-emballage-inaugure-lextension-de-sa-plateforme-logistique\/#primaryimage"},"thumbnailUrl":"https:\/\/www.emballagedigest.fr\/wp-content\/uploads\/2025\/06\/EDS1.jpg","datePublished":"2025-06-05T22:59:45+00:00","dateModified":"2025-06-05T22:59:52+00:00","breadcrumb":{"@id":"https:\/\/www.emballagedigest.fr\/eds-emballage-inaugure-lextension-de-sa-plateforme-logistique\/#breadcrumb"},"inLanguage":"en-GB","potentialAction":[{"@type":"ReadAction","target":["https:\/\/www.emballagedigest.fr\/eds-emballage-inaugure-lextension-de-sa-plateforme-logistique\/"]}]},{"@type":"ImageObject","inLanguage":"en-GB","@id":"https:\/\/www.emballagedigest.fr\/eds-emballage-inaugure-lextension-de-sa-plateforme-logistique\/#primaryimage","url":"https:\/\/www.emballagedigest.fr\/wp-content\/uploads\/2025\/06\/EDS1.jpg","contentUrl":"https:\/\/www.emballagedigest.fr\/wp-content\/uploads\/2025\/06\/EDS1.jpg","width":800,"height":531},{"@type":"BreadcrumbList","@id":"https:\/\/www.emballagedigest.fr\/eds-emballage-inaugure-lextension-de-sa-plateforme-logistique\/#breadcrumb","itemListElement":[{"@type":"ListItem","position":1,"name":"Accueil","item":"https:\/\/www.emballagedigest.fr\/"},{"@type":"ListItem","position":2,"name":"EDS Emballage inaugure l\u2019extension de sa plateforme logistique"}]},{"@type":"WebSite","@id":"https:\/\/www.emballagedigest.fr\/#website","url":"https:\/\/www.emballagedigest.fr\/","name":"Emballage Digest","description":"Revue professionnelle sur les emballages","publisher":{"@id":"https:\/\/www.emballagedigest.fr\/#organization"},"potentialAction":[{"@type":"SearchAction","target":{"@type":"EntryPoint","urlTemplate":"https:\/\/www.emballagedigest.fr\/?s={search_term_string}"},"query-input":{"@type":"PropertyValueSpecification","valueRequired":true,"valueName":"search_term_string"}}],"inLanguage":"en-GB"},{"@type":"Organization","@id":"https:\/\/www.emballagedigest.fr\/#organization","name":"Emballage Digest","url":"https:\/\/www.emballagedigest.fr\/","logo":{"@type":"ImageObject","inLanguage":"en-GB","@id":"https:\/\/www.emballagedigest.fr\/#\/schema\/logo\/image\/","url":"https:\/\/www.emballagedigest.fr\/wp-content\/uploads\/2022\/07\/logo-ed.png","contentUrl":"https:\/\/www.emballagedigest.fr\/wp-content\/uploads\/2022\/07\/logo-ed.png","width":379,"height":75,"caption":"Emballage Digest"},"image":{"@id":"https:\/\/www.emballagedigest.fr\/#\/schema\/logo\/image\/"}},{"@type":"Person","@id":"https:\/\/www.emballagedigest.fr\/#\/schema\/person\/76abe9f2b2ee4d3d520594c7a35da59f","name":"Karine Duval","image":{"@type":"ImageObject","inLanguage":"en-GB","@id":"https:\/\/www.emballagedigest.fr\/#\/schema\/person\/image\/","url":"https:\/\/secure.gravatar.com\/avatar\/f552799261cdd2e076e6677d780ef07bdb13aa4c196ab75b39abcbcdcae2d4e5?s=96&d=mm&r=g","contentUrl":"https:\/\/secure.gravatar.com\/avatar\/f552799261cdd2e076e6677d780ef07bdb13aa4c196ab75b39abcbcdcae2d4e5?s=96&d=mm&r=g","caption":"Karine Duval"},"url":"https:\/\/www.emballagedigest.fr\/en\/author\/admin_karduv\/"}]}},"_links":{"self":[{"href":"https:\/\/www.emballagedigest.fr\/en\/wp-json\/wp\/v2\/posts\/44779","targetHints":{"allow":["GET"]}}],"collection":[{"href":"https:\/\/www.emballagedigest.fr\/en\/wp-json\/wp\/v2\/posts"}],"about":[{"href":"https:\/\/www.emballagedigest.fr\/en\/wp-json\/wp\/v2\/types\/post"}],"author":[{"embeddable":true,"href":"https:\/\/www.emballagedigest.fr\/en\/wp-json\/wp\/v2\/users\/2"}],"replies":[{"embeddable":true,"href":"https:\/\/www.emballagedigest.fr\/en\/wp-json\/wp\/v2\/comments?post=44779"}],"version-history":[{"count":1,"href":"https:\/\/www.emballagedigest.fr\/en\/wp-json\/wp\/v2\/posts\/44779\/revisions"}],"predecessor-version":[{"id":44782,"href":"https:\/\/www.emballagedigest.fr\/en\/wp-json\/wp\/v2\/posts\/44779\/revisions\/44782"}],"wp:featuredmedia":[{"embeddable":true,"href":"https:\/\/www.emballagedigest.fr\/en\/wp-json\/wp\/v2\/media\/44780"}],"wp:attachment":[{"href":"https:\/\/www.emballagedigest.fr\/en\/wp-json\/wp\/v2\/media?parent=44779"}],"wp:term":[{"taxonomy":"category","embeddable":true,"href":"https:\/\/www.emballagedigest.fr\/en\/wp-json\/wp\/v2\/categories?post=44779"},{"taxonomy":"post_tag","embeddable":true,"href":"https:\/\/www.emballagedigest.fr\/en\/wp-json\/wp\/v2\/tags?post=44779"}],"curies":[{"name":"wp","href":"https:\/\/api.w.org\/{rel}","templated":true}]}}