{"id":44794,"date":"2025-06-10T00:52:36","date_gmt":"2025-06-09T22:52:36","guid":{"rendered":"https:\/\/www.emballagedigest.fr\/?p=44794"},"modified":"2025-06-10T00:52:54","modified_gmt":"2025-06-09T22:52:54","slug":"paolo-maraschi-nomme-directeur-general-de-stef-italia","status":"publish","type":"post","link":"https:\/\/www.emballagedigest.fr\/en\/paolo-maraschi-nomme-directeur-general-de-stef-italia\/","title":{"rendered":"Paolo Maraschi nomm\u00e9 Directeur g\u00e9n\u00e9ral de STEF Italia"},"content":{"rendered":"<p><strong>Le groupe STEF, acteur europ\u00e9en des services de transport, de logistique et de conditionnement d\u00e9di\u00e9s aux produits alimentaires sous temp\u00e9rature contr\u00f4l\u00e9e, annonce la nomination de Paolo Maraschi au poste de Directeur g\u00e9n\u00e9ral de STEF Italia. Il int\u00e8gre le comit\u00e9 ex\u00e9cutif du Groupe et prend la t\u00eate du 2<sup>e<\/sup> march\u00e9 du Groupe en Europe, apr\u00e8s la France.<\/strong><\/p>\n\n\n\n<p>Paolo Maraschi apporte \u00e0 STEF Italia une expertise internationale reconnue, acquise au sein de groupes logistiques mondiaux. Dipl\u00f4m\u00e9 de l\u2019\u00e9cole d\u2019ing\u00e9nieurs de Politecnico di Milano, il a d\u00e9but\u00e9 sa carri\u00e8re chez Geodis Italia avant de rejoindre Kuehne + Nagel pendant plus de 17 ans. Au sein de ce groupe, il a occup\u00e9 diff\u00e9rentes fonctions en Italie, France et Russie, jusqu&rsquo;au poste de vice-Pr\u00e9sident. Il a ensuite dirig\u00e9 les activit\u00e9s italiennes de FM Logistic en qualit\u00e9 de directeur g\u00e9n\u00e9ral.<\/p>\n\n\n\n<p>\u00ab Je suis fier de prendre la direction de STEF Italia pour relever les d\u00e9fis et saisir les opportunit\u00e9s qu&rsquo;offre le secteur de la supply chain agroalimentaire \u00bb, d\u00e9clare Paolo Maraschi. \u00ab Notre priorit\u00e9 sera l&rsquo;excellence op\u00e9rationnelle et le renforcement de notre r\u00e9activit\u00e9 face aux attentes du march\u00e9. L&rsquo;\u00e9coute client, la qualit\u00e9 de service, la responsabilit\u00e9 environnementale, l&rsquo;innovation et la valorisation des talents constituent les fondements de notre ambition \u00bb.<\/p>\n\n\n\n<p>STEF Italia a enregistr\u00e9 un chiffre d\u2019affaires de 600 millions d\u2019euros en 2024. L\u2019entreprise s\u2019appuie sur un r\u00e9seau de pr\u00e8s de 40 sites r\u00e9partis sur l\u2019ensemble du territoire national et emploie 1 660 collaborateurs et collaboratrices.<strong><\/strong><\/p>","protected":false},"excerpt":{"rendered":"<p>Le groupe STEF, acteur europ\u00e9en des services de transport, de logistique et de conditionnement d\u00e9di\u00e9s aux produits alimentaires sous temp\u00e9rature contr\u00f4l\u00e9e, annonce la nomination de Paolo Maraschi au poste de Directeur g\u00e9n\u00e9ral de STEF Italia. Il int\u00e8gre le comit\u00e9 ex\u00e9cutif du Groupe et prend la t\u00eate du 2e march\u00e9 du Groupe en Europe, apr\u00e8s la [&hellip;]<\/p>","protected":false},"author":2,"featured_media":44795,"comment_status":"closed","ping_status":"closed","sticky":false,"template":"","format":"standard","meta":{"_acf_changed":false,"inline_featured_image":false,"iawp_total_views":3,"footnotes":""},"categories":[28,11,8,76],"tags":[],"class_list":["post-44794","post","type-post","status-publish","format-standard","has-post-thumbnail","hentry","category-article-entier","category-emballages","category-industrie","category-nomination"],"acf":[],"yoast_head":"<!-- This site is optimized with the Yoast SEO plugin v24.4 - https:\/\/yoast.com\/wordpress\/plugins\/seo\/ -->\n<title>Paolo Maraschi nomm\u00e9 Directeur g\u00e9n\u00e9ral de STEF Italia - Emballage Digest<\/title>\n<meta name=\"robots\" content=\"index, follow, max-snippet:-1, max-image-preview:large, max-video-preview:-1\" \/>\n<link rel=\"canonical\" href=\"https:\/\/www.emballagedigest.fr\/en\/paolo-maraschi-nomme-directeur-general-de-stef-italia\/\" \/>\n<meta property=\"og:locale\" content=\"en_GB\" \/>\n<meta property=\"og:type\" content=\"article\" \/>\n<meta property=\"og:title\" content=\"Paolo Maraschi nomm\u00e9 Directeur g\u00e9n\u00e9ral de STEF Italia - Emballage Digest\" \/>\n<meta property=\"og:description\" content=\"Le groupe STEF, acteur europ\u00e9en des services de transport, de logistique et de conditionnement d\u00e9di\u00e9s aux produits alimentaires sous temp\u00e9rature contr\u00f4l\u00e9e, annonce la nomination de Paolo Maraschi au poste de Directeur g\u00e9n\u00e9ral de STEF Italia. Il int\u00e8gre le comit\u00e9 ex\u00e9cutif du Groupe et prend la t\u00eate du 2e march\u00e9 du Groupe en Europe, apr\u00e8s la [&hellip;]\" \/>\n<meta property=\"og:url\" content=\"https:\/\/www.emballagedigest.fr\/en\/paolo-maraschi-nomme-directeur-general-de-stef-italia\/\" \/>\n<meta property=\"og:site_name\" content=\"Emballage Digest\" \/>\n<meta property=\"article:published_time\" content=\"2025-06-09T22:52:36+00:00\" \/>\n<meta property=\"article:modified_time\" content=\"2025-06-09T22:52:54+00:00\" \/>\n<meta property=\"og:image\" content=\"https:\/\/www.emballagedigest.fr\/wp-content\/uploads\/2025\/06\/Paolo-Maraschi.jpeg\" \/>\n\t<meta property=\"og:image:width\" content=\"800\" \/>\n\t<meta property=\"og:image:height\" content=\"592\" \/>\n\t<meta property=\"og:image:type\" content=\"image\/jpeg\" \/>\n<meta name=\"author\" content=\"Karine Duval\" \/>\n<meta name=\"twitter:card\" content=\"summary_large_image\" \/>\n<meta name=\"twitter:label1\" content=\"Written by\" \/>\n\t<meta name=\"twitter:data1\" content=\"Karine Duval\" \/>\n\t<meta name=\"twitter:label2\" content=\"Estimated reading time\" \/>\n\t<meta name=\"twitter:data2\" content=\"2 minutes\" \/>\n<script type=\"application\/ld+json\" class=\"yoast-schema-graph\">{\"@context\":\"https:\/\/schema.org\",\"@graph\":[{\"@type\":\"Article\",\"@id\":\"https:\/\/www.emballagedigest.fr\/paolo-maraschi-nomme-directeur-general-de-stef-italia\/#article\",\"isPartOf\":{\"@id\":\"https:\/\/www.emballagedigest.fr\/paolo-maraschi-nomme-directeur-general-de-stef-italia\/\"},\"author\":{\"name\":\"Karine Duval\",\"@id\":\"https:\/\/www.emballagedigest.fr\/#\/schema\/person\/76abe9f2b2ee4d3d520594c7a35da59f\"},\"headline\":\"Paolo Maraschi nomm\u00e9 Directeur g\u00e9n\u00e9ral de STEF Italia\",\"datePublished\":\"2025-06-09T22:52:36+00:00\",\"dateModified\":\"2025-06-09T22:52:54+00:00\",\"mainEntityOfPage\":{\"@id\":\"https:\/\/www.emballagedigest.fr\/paolo-maraschi-nomme-directeur-general-de-stef-italia\/\"},\"wordCount\":279,\"publisher\":{\"@id\":\"https:\/\/www.emballagedigest.fr\/#organization\"},\"image\":{\"@id\":\"https:\/\/www.emballagedigest.fr\/paolo-maraschi-nomme-directeur-general-de-stef-italia\/#primaryimage\"},\"thumbnailUrl\":\"https:\/\/www.emballagedigest.fr\/wp-content\/uploads\/2025\/06\/Paolo-Maraschi.jpeg\",\"articleSection\":[\"Article entier\",\"Emballages\",\"Industrie\",\"Nomination\"],\"inLanguage\":\"en-GB\"},{\"@type\":\"WebPage\",\"@id\":\"https:\/\/www.emballagedigest.fr\/paolo-maraschi-nomme-directeur-general-de-stef-italia\/\",\"url\":\"https:\/\/www.emballagedigest.fr\/paolo-maraschi-nomme-directeur-general-de-stef-italia\/\",\"name\":\"Paolo Maraschi nomm\u00e9 Directeur g\u00e9n\u00e9ral de STEF Italia - Emballage Digest\",\"isPartOf\":{\"@id\":\"https:\/\/www.emballagedigest.fr\/#website\"},\"primaryImageOfPage\":{\"@id\":\"https:\/\/www.emballagedigest.fr\/paolo-maraschi-nomme-directeur-general-de-stef-italia\/#primaryimage\"},\"image\":{\"@id\":\"https:\/\/www.emballagedigest.fr\/paolo-maraschi-nomme-directeur-general-de-stef-italia\/#primaryimage\"},\"thumbnailUrl\":\"https:\/\/www.emballagedigest.fr\/wp-content\/uploads\/2025\/06\/Paolo-Maraschi.jpeg\",\"datePublished\":\"2025-06-09T22:52:36+00:00\",\"dateModified\":\"2025-06-09T22:52:54+00:00\",\"breadcrumb\":{\"@id\":\"https:\/\/www.emballagedigest.fr\/paolo-maraschi-nomme-directeur-general-de-stef-italia\/#breadcrumb\"},\"inLanguage\":\"en-GB\",\"potentialAction\":[{\"@type\":\"ReadAction\",\"target\":[\"https:\/\/www.emballagedigest.fr\/paolo-maraschi-nomme-directeur-general-de-stef-italia\/\"]}]},{\"@type\":\"ImageObject\",\"inLanguage\":\"en-GB\",\"@id\":\"https:\/\/www.emballagedigest.fr\/paolo-maraschi-nomme-directeur-general-de-stef-italia\/#primaryimage\",\"url\":\"https:\/\/www.emballagedigest.fr\/wp-content\/uploads\/2025\/06\/Paolo-Maraschi.jpeg\",\"contentUrl\":\"https:\/\/www.emballagedigest.fr\/wp-content\/uploads\/2025\/06\/Paolo-Maraschi.jpeg\",\"width\":800,\"height\":592},{\"@type\":\"BreadcrumbList\",\"@id\":\"https:\/\/www.emballagedigest.fr\/paolo-maraschi-nomme-directeur-general-de-stef-italia\/#breadcrumb\",\"itemListElement\":[{\"@type\":\"ListItem\",\"position\":1,\"name\":\"Accueil\",\"item\":\"https:\/\/www.emballagedigest.fr\/\"},{\"@type\":\"ListItem\",\"position\":2,\"name\":\"Paolo Maraschi nomm\u00e9 Directeur g\u00e9n\u00e9ral de STEF Italia\"}]},{\"@type\":\"WebSite\",\"@id\":\"https:\/\/www.emballagedigest.fr\/#website\",\"url\":\"https:\/\/www.emballagedigest.fr\/\",\"name\":\"Emballage Digest\",\"description\":\"Revue professionnelle sur les emballages\",\"publisher\":{\"@id\":\"https:\/\/www.emballagedigest.fr\/#organization\"},\"potentialAction\":[{\"@type\":\"SearchAction\",\"target\":{\"@type\":\"EntryPoint\",\"urlTemplate\":\"https:\/\/www.emballagedigest.fr\/?s={search_term_string}\"},\"query-input\":{\"@type\":\"PropertyValueSpecification\",\"valueRequired\":true,\"valueName\":\"search_term_string\"}}],\"inLanguage\":\"en-GB\"},{\"@type\":\"Organization\",\"@id\":\"https:\/\/www.emballagedigest.fr\/#organization\",\"name\":\"Emballage Digest\",\"url\":\"https:\/\/www.emballagedigest.fr\/\",\"logo\":{\"@type\":\"ImageObject\",\"inLanguage\":\"en-GB\",\"@id\":\"https:\/\/www.emballagedigest.fr\/#\/schema\/logo\/image\/\",\"url\":\"https:\/\/www.emballagedigest.fr\/wp-content\/uploads\/2022\/07\/logo-ed.png\",\"contentUrl\":\"https:\/\/www.emballagedigest.fr\/wp-content\/uploads\/2022\/07\/logo-ed.png\",\"width\":379,\"height\":75,\"caption\":\"Emballage Digest\"},\"image\":{\"@id\":\"https:\/\/www.emballagedigest.fr\/#\/schema\/logo\/image\/\"}},{\"@type\":\"Person\",\"@id\":\"https:\/\/www.emballagedigest.fr\/#\/schema\/person\/76abe9f2b2ee4d3d520594c7a35da59f\",\"name\":\"Karine Duval\",\"image\":{\"@type\":\"ImageObject\",\"inLanguage\":\"en-GB\",\"@id\":\"https:\/\/www.emballagedigest.fr\/#\/schema\/person\/image\/\",\"url\":\"https:\/\/secure.gravatar.com\/avatar\/f552799261cdd2e076e6677d780ef07bdb13aa4c196ab75b39abcbcdcae2d4e5?s=96&d=mm&r=g\",\"contentUrl\":\"https:\/\/secure.gravatar.com\/avatar\/f552799261cdd2e076e6677d780ef07bdb13aa4c196ab75b39abcbcdcae2d4e5?s=96&d=mm&r=g\",\"caption\":\"Karine Duval\"},\"url\":\"https:\/\/www.emballagedigest.fr\/en\/author\/admin_karduv\/\"}]}<\/script>\n<!-- \/ Yoast SEO plugin. -->","yoast_head_json":{"title":"Paolo Maraschi nomm\u00e9 Directeur g\u00e9n\u00e9ral de STEF Italia - Emballage Digest","robots":{"index":"index","follow":"follow","max-snippet":"max-snippet:-1","max-image-preview":"max-image-preview:large","max-video-preview":"max-video-preview:-1"},"canonical":"https:\/\/www.emballagedigest.fr\/en\/paolo-maraschi-nomme-directeur-general-de-stef-italia\/","og_locale":"en_GB","og_type":"article","og_title":"Paolo Maraschi nomm\u00e9 Directeur g\u00e9n\u00e9ral de STEF Italia - Emballage Digest","og_description":"Le groupe STEF, acteur europ\u00e9en des services de transport, de logistique et de conditionnement d\u00e9di\u00e9s aux produits alimentaires sous temp\u00e9rature contr\u00f4l\u00e9e, annonce la nomination de Paolo Maraschi au poste de Directeur g\u00e9n\u00e9ral de STEF Italia. Il int\u00e8gre le comit\u00e9 ex\u00e9cutif du Groupe et prend la t\u00eate du 2e march\u00e9 du Groupe en Europe, apr\u00e8s la [&hellip;]","og_url":"https:\/\/www.emballagedigest.fr\/en\/paolo-maraschi-nomme-directeur-general-de-stef-italia\/","og_site_name":"Emballage Digest","article_published_time":"2025-06-09T22:52:36+00:00","article_modified_time":"2025-06-09T22:52:54+00:00","og_image":[{"width":800,"height":592,"url":"https:\/\/www.emballagedigest.fr\/wp-content\/uploads\/2025\/06\/Paolo-Maraschi.jpeg","type":"image\/jpeg"}],"author":"Karine Duval","twitter_card":"summary_large_image","twitter_misc":{"Written by":"Karine Duval","Estimated reading time":"2 minutes"},"schema":{"@context":"https:\/\/schema.org","@graph":[{"@type":"Article","@id":"https:\/\/www.emballagedigest.fr\/paolo-maraschi-nomme-directeur-general-de-stef-italia\/#article","isPartOf":{"@id":"https:\/\/www.emballagedigest.fr\/paolo-maraschi-nomme-directeur-general-de-stef-italia\/"},"author":{"name":"Karine Duval","@id":"https:\/\/www.emballagedigest.fr\/#\/schema\/person\/76abe9f2b2ee4d3d520594c7a35da59f"},"headline":"Paolo Maraschi nomm\u00e9 Directeur g\u00e9n\u00e9ral de STEF Italia","datePublished":"2025-06-09T22:52:36+00:00","dateModified":"2025-06-09T22:52:54+00:00","mainEntityOfPage":{"@id":"https:\/\/www.emballagedigest.fr\/paolo-maraschi-nomme-directeur-general-de-stef-italia\/"},"wordCount":279,"publisher":{"@id":"https:\/\/www.emballagedigest.fr\/#organization"},"image":{"@id":"https:\/\/www.emballagedigest.fr\/paolo-maraschi-nomme-directeur-general-de-stef-italia\/#primaryimage"},"thumbnailUrl":"https:\/\/www.emballagedigest.fr\/wp-content\/uploads\/2025\/06\/Paolo-Maraschi.jpeg","articleSection":["Article entier","Emballages","Industrie","Nomination"],"inLanguage":"en-GB"},{"@type":"WebPage","@id":"https:\/\/www.emballagedigest.fr\/paolo-maraschi-nomme-directeur-general-de-stef-italia\/","url":"https:\/\/www.emballagedigest.fr\/paolo-maraschi-nomme-directeur-general-de-stef-italia\/","name":"Paolo Maraschi nomm\u00e9 Directeur g\u00e9n\u00e9ral de STEF Italia - Emballage Digest","isPartOf":{"@id":"https:\/\/www.emballagedigest.fr\/#website"},"primaryImageOfPage":{"@id":"https:\/\/www.emballagedigest.fr\/paolo-maraschi-nomme-directeur-general-de-stef-italia\/#primaryimage"},"image":{"@id":"https:\/\/www.emballagedigest.fr\/paolo-maraschi-nomme-directeur-general-de-stef-italia\/#primaryimage"},"thumbnailUrl":"https:\/\/www.emballagedigest.fr\/wp-content\/uploads\/2025\/06\/Paolo-Maraschi.jpeg","datePublished":"2025-06-09T22:52:36+00:00","dateModified":"2025-06-09T22:52:54+00:00","breadcrumb":{"@id":"https:\/\/www.emballagedigest.fr\/paolo-maraschi-nomme-directeur-general-de-stef-italia\/#breadcrumb"},"inLanguage":"en-GB","potentialAction":[{"@type":"ReadAction","target":["https:\/\/www.emballagedigest.fr\/paolo-maraschi-nomme-directeur-general-de-stef-italia\/"]}]},{"@type":"ImageObject","inLanguage":"en-GB","@id":"https:\/\/www.emballagedigest.fr\/paolo-maraschi-nomme-directeur-general-de-stef-italia\/#primaryimage","url":"https:\/\/www.emballagedigest.fr\/wp-content\/uploads\/2025\/06\/Paolo-Maraschi.jpeg","contentUrl":"https:\/\/www.emballagedigest.fr\/wp-content\/uploads\/2025\/06\/Paolo-Maraschi.jpeg","width":800,"height":592},{"@type":"BreadcrumbList","@id":"https:\/\/www.emballagedigest.fr\/paolo-maraschi-nomme-directeur-general-de-stef-italia\/#breadcrumb","itemListElement":[{"@type":"ListItem","position":1,"name":"Accueil","item":"https:\/\/www.emballagedigest.fr\/"},{"@type":"ListItem","position":2,"name":"Paolo Maraschi nomm\u00e9 Directeur g\u00e9n\u00e9ral de STEF Italia"}]},{"@type":"WebSite","@id":"https:\/\/www.emballagedigest.fr\/#website","url":"https:\/\/www.emballagedigest.fr\/","name":"Emballage Digest","description":"Revue professionnelle sur les emballages","publisher":{"@id":"https:\/\/www.emballagedigest.fr\/#organization"},"potentialAction":[{"@type":"SearchAction","target":{"@type":"EntryPoint","urlTemplate":"https:\/\/www.emballagedigest.fr\/?s={search_term_string}"},"query-input":{"@type":"PropertyValueSpecification","valueRequired":true,"valueName":"search_term_string"}}],"inLanguage":"en-GB"},{"@type":"Organization","@id":"https:\/\/www.emballagedigest.fr\/#organization","name":"Emballage Digest","url":"https:\/\/www.emballagedigest.fr\/","logo":{"@type":"ImageObject","inLanguage":"en-GB","@id":"https:\/\/www.emballagedigest.fr\/#\/schema\/logo\/image\/","url":"https:\/\/www.emballagedigest.fr\/wp-content\/uploads\/2022\/07\/logo-ed.png","contentUrl":"https:\/\/www.emballagedigest.fr\/wp-content\/uploads\/2022\/07\/logo-ed.png","width":379,"height":75,"caption":"Emballage Digest"},"image":{"@id":"https:\/\/www.emballagedigest.fr\/#\/schema\/logo\/image\/"}},{"@type":"Person","@id":"https:\/\/www.emballagedigest.fr\/#\/schema\/person\/76abe9f2b2ee4d3d520594c7a35da59f","name":"Karine Duval","image":{"@type":"ImageObject","inLanguage":"en-GB","@id":"https:\/\/www.emballagedigest.fr\/#\/schema\/person\/image\/","url":"https:\/\/secure.gravatar.com\/avatar\/f552799261cdd2e076e6677d780ef07bdb13aa4c196ab75b39abcbcdcae2d4e5?s=96&d=mm&r=g","contentUrl":"https:\/\/secure.gravatar.com\/avatar\/f552799261cdd2e076e6677d780ef07bdb13aa4c196ab75b39abcbcdcae2d4e5?s=96&d=mm&r=g","caption":"Karine Duval"},"url":"https:\/\/www.emballagedigest.fr\/en\/author\/admin_karduv\/"}]}},"_links":{"self":[{"href":"https:\/\/www.emballagedigest.fr\/en\/wp-json\/wp\/v2\/posts\/44794","targetHints":{"allow":["GET"]}}],"collection":[{"href":"https:\/\/www.emballagedigest.fr\/en\/wp-json\/wp\/v2\/posts"}],"about":[{"href":"https:\/\/www.emballagedigest.fr\/en\/wp-json\/wp\/v2\/types\/post"}],"author":[{"embeddable":true,"href":"https:\/\/www.emballagedigest.fr\/en\/wp-json\/wp\/v2\/users\/2"}],"replies":[{"embeddable":true,"href":"https:\/\/www.emballagedigest.fr\/en\/wp-json\/wp\/v2\/comments?post=44794"}],"version-history":[{"count":1,"href":"https:\/\/www.emballagedigest.fr\/en\/wp-json\/wp\/v2\/posts\/44794\/revisions"}],"predecessor-version":[{"id":44796,"href":"https:\/\/www.emballagedigest.fr\/en\/wp-json\/wp\/v2\/posts\/44794\/revisions\/44796"}],"wp:featuredmedia":[{"embeddable":true,"href":"https:\/\/www.emballagedigest.fr\/en\/wp-json\/wp\/v2\/media\/44795"}],"wp:attachment":[{"href":"https:\/\/www.emballagedigest.fr\/en\/wp-json\/wp\/v2\/media?parent=44794"}],"wp:term":[{"taxonomy":"category","embeddable":true,"href":"https:\/\/www.emballagedigest.fr\/en\/wp-json\/wp\/v2\/categories?post=44794"},{"taxonomy":"post_tag","embeddable":true,"href":"https:\/\/www.emballagedigest.fr\/en\/wp-json\/wp\/v2\/tags?post=44794"}],"curies":[{"name":"wp","href":"https:\/\/api.w.org\/{rel}","templated":true}]}}