{"id":44834,"date":"2025-06-17T07:40:55","date_gmt":"2025-06-17T05:40:55","guid":{"rendered":"https:\/\/www.emballagedigest.fr\/?p=44834"},"modified":"2025-06-18T00:27:08","modified_gmt":"2025-06-17T22:27:08","slug":"aktid-ambitionne-la-realisation-dun-nouveau-centre-de-tri-pres-de-lille","status":"publish","type":"post","link":"https:\/\/www.emballagedigest.fr\/en\/aktid-ambitionne-la-realisation-dun-nouveau-centre-de-tri-pres-de-lille\/","title":{"rendered":"Aktid ambitionne la r\u00e9alisation d\u2019un nouveau centre de tri pr\u00e8s de Lille"},"content":{"rendered":"<p><strong>Aktid, expert fran\u00e7ais de la conception et de la r\u00e9alisation d\u2019installations de tri et de valorisation de d\u00e9chets solides annonce avoir remport\u00e9 le projet de modernisation du centre de tri de la MEL (M\u00e9tropole Europ\u00e9enne de Lille) situ\u00e9 \u00e0 Halluin dans le Nord. Il sera exploit\u00e9 par Triselec, la soci\u00e9t\u00e9 publique locale qui assure l&rsquo;exploitation des centres de tri de la MEL. Ce projet strat\u00e9gique vise \u00e0 transformer le centre de tri en une r\u00e9f\u00e9rence technologique de pointe, gr\u00e2ce \u00e0 l\u2019int\u00e9gration de l\u2019ensemble de la gamme \u00ab Aktid Smart Solutions \u00bb, une combinaison de solutions automatis\u00e9es et d\u2019intelligence artificielle.<\/strong><\/p>\n\n\n\n<p>En tant que mandataire d\u2019un groupement d\u2019entreprises, Aktid pilotera cette transformation, en collaboration avec des acteurs de renom, tels que Legendre pour la partie Gros \u0152uvre, AT&amp;E pour l\u2019architecture, Atossa pour la s\u00e9curit\u00e9 incendie, et Trident Services en ma\u00eetrise d\u2019\u0153uvre.<\/p>\n\n\n\n<p>Pour maximiser l\u2019efficacit\u00e9 et la performance de l\u2019installation tout en optimisant les co\u00fbts d\u2019exploitation, Aktid d\u00e9ploiera des technologies avanc\u00e9es pour assurer un tri des d\u00e9chets plus efficient, pr\u00e9cis, et intelligent. Le centre de la MEL \u00e0 Halluin b\u00e9n\u00e9ficiera ainsi de syst\u00e8mes intelligents qui optimiseront l\u2019ensemble du fonctionnement de la ligne de tri. Parmi ces solutions, le site sera \u00e9quip\u00e9 de Smart Scanner, qui permet un contr\u00f4le en temps r\u00e9el de la composition des flux entrants et une d\u00e9tection des objets ind\u00e9sirables, et de Smart Regulation, un syst\u00e8me de r\u00e9gulation automatis\u00e9 pour garantir un d\u00e9bit constant des d\u00e9chets.<\/p>\n\n\n\n<p>Les flux sortants seront \u00e9galement monitor\u00e9s gr\u00e2ce \u00e0 Smart Quality, qui mesure en temps r\u00e9el la puret\u00e9 des mat\u00e9riaux tri\u00e9s et alerte l\u2019exploitant en direct en cas de baisse de qualit\u00e9, et Smart Packing, qui optimise le processus de conditionnement des mati\u00e8res pour les centres de tri. Ces syst\u00e8mes s\u2019int\u00e8grent dans un cadre global o\u00f9 la performance est suivie en temps r\u00e9el via l\u2019outil ABI d\u2019Aktid, qui permet en outre d&rsquo;identifier tout dysfonctionnement ou opportunit\u00e9 d&rsquo;optimisation. De plus, Smart Predict, un algorithme d\u2019IA, anticipe les bourrages et informe l\u2019op\u00e9rateur avant qu\u2019un incident ne survienne, assurant ainsi une gestion proactive du site.<\/p>\n\n\n\n<p>\u00c0 l\u2019issue de cette transformation en profondeur, le site de Halluin, qui maintiendra son activit\u00e9 de transfert pendant toute la dur\u00e9e du chantier, traitera une capacit\u00e9 de 40 000 tonnes par an de d\u00e9chets issus de la collecte s\u00e9lective, avec cette singularit\u00e9 qui le caract\u00e9rise : le traitement du verre dans le flux de collecte. En effet, historiquement dans cette r\u00e9gion le verre \u00e9tait collect\u00e9 dans la poubelle de collecte s\u00e9lective, au m\u00eame titre que les autres emballages. Malgr\u00e9 la communication sur les nouvelles consignes de tri, et bien que la proportion de verre dans les bacs de tri jaune ait fortement diminu\u00e9, une part des emballages en verre continue d\u2019\u00eatre pr\u00e9sente. Le verre est s\u00e9par\u00e9 t\u00f4t dans le process pour assurer un bon fonctionnement de l\u2019installation, ce tri permet \u00e9galement la valorisation de cette mati\u00e8re.<\/p>\n\n\n\n<p>La modernisation du centre de tri se fera en int\u00e9grant des solutions \u00e9coresponsables, telles que la r\u00e9utilisation des b\u00e2timents existants, \u00e9vitant ainsi une extension massive du site et r\u00e9duisant l&rsquo;impact environnemental. La v\u00e9g\u00e9talisation des parkings, avec 36 places de stationnement cr\u00e9\u00e9es, fait \u00e9galement partie des initiatives environnementales, contribuant \u00e0 une gestion durable de l\u2019espace.<\/p>\n\n\n\n<p>De plus, Aktid pr\u00e9voit la mise en place d\u2019une&nbsp;Gestion Technique de B\u00e2timent (GTB)&nbsp;de derni\u00e8re g\u00e9n\u00e9ration, permettant une surveillance en temps r\u00e9el de l\u2019ensemble des \u00e9quipements du site. Cette technologie garantira une gestion optimale des consommations \u00e9nerg\u00e9tiques, tout en permettant de r\u00e9duire l&#8217;empreinte carbone du site.<\/p>\n\n\n\n<p>Le chantier, pr\u00e9vu pour d\u00e9buter fin 2025, vise une r\u00e9ception finale fin 2027.<\/p>","protected":false},"excerpt":{"rendered":"<p>Aktid, expert fran\u00e7ais de la conception et de la r\u00e9alisation d\u2019installations de tri et de valorisation de d\u00e9chets solides annonce avoir remport\u00e9 le projet de modernisation du centre de tri de la MEL (M\u00e9tropole Europ\u00e9enne de Lille) situ\u00e9 \u00e0 Halluin dans le Nord. Il sera exploit\u00e9 par Triselec, la soci\u00e9t\u00e9 publique locale qui assure l&rsquo;exploitation [&hellip;]<\/p>","protected":false},"author":2,"featured_media":44835,"comment_status":"closed","ping_status":"closed","sticky":false,"template":"","format":"standard","meta":{"_acf_changed":false,"inline_featured_image":false,"iawp_total_views":5,"footnotes":""},"categories":[28,10],"tags":[],"class_list":["post-44834","post","type-post","status-publish","format-standard","has-post-thumbnail","hentry","category-article-entier","category-materiaux"],"acf":[],"yoast_head":"<!-- This site is optimized with the Yoast SEO plugin v24.4 - https:\/\/yoast.com\/wordpress\/plugins\/seo\/ -->\n<title>Aktid ambitionne la r\u00e9alisation d\u2019un nouveau centre de tri pr\u00e8s de Lille - Emballage Digest<\/title>\n<meta name=\"robots\" content=\"index, follow, max-snippet:-1, max-image-preview:large, max-video-preview:-1\" \/>\n<link rel=\"canonical\" href=\"https:\/\/www.emballagedigest.fr\/en\/aktid-ambitionne-la-realisation-dun-nouveau-centre-de-tri-pres-de-lille\/\" \/>\n<meta property=\"og:locale\" content=\"en_GB\" \/>\n<meta property=\"og:type\" content=\"article\" \/>\n<meta property=\"og:title\" content=\"Aktid ambitionne la r\u00e9alisation d\u2019un nouveau centre de tri pr\u00e8s de Lille - Emballage Digest\" \/>\n<meta property=\"og:description\" content=\"Aktid, expert fran\u00e7ais de la conception et de la r\u00e9alisation d\u2019installations de tri et de valorisation de d\u00e9chets solides annonce avoir remport\u00e9 le projet de modernisation du centre de tri de la MEL (M\u00e9tropole Europ\u00e9enne de Lille) situ\u00e9 \u00e0 Halluin dans le Nord. Il sera exploit\u00e9 par Triselec, la soci\u00e9t\u00e9 publique locale qui assure l&rsquo;exploitation [&hellip;]\" \/>\n<meta property=\"og:url\" content=\"https:\/\/www.emballagedigest.fr\/en\/aktid-ambitionne-la-realisation-dun-nouveau-centre-de-tri-pres-de-lille\/\" \/>\n<meta property=\"og:site_name\" content=\"Emballage Digest\" \/>\n<meta property=\"article:published_time\" content=\"2025-06-17T05:40:55+00:00\" \/>\n<meta property=\"article:modified_time\" content=\"2025-06-17T22:27:08+00:00\" \/>\n<meta property=\"og:image\" content=\"https:\/\/www.emballagedigest.fr\/wp-content\/uploads\/2025\/06\/Aktid.jpg\" \/>\n\t<meta property=\"og:image:width\" content=\"800\" \/>\n\t<meta property=\"og:image:height\" content=\"541\" \/>\n\t<meta property=\"og:image:type\" content=\"image\/jpeg\" \/>\n<meta name=\"author\" content=\"Karine Duval\" \/>\n<meta name=\"twitter:card\" content=\"summary_large_image\" \/>\n<meta name=\"twitter:label1\" content=\"Written by\" \/>\n\t<meta name=\"twitter:data1\" content=\"Karine Duval\" \/>\n\t<meta name=\"twitter:label2\" content=\"Estimated reading time\" \/>\n\t<meta name=\"twitter:data2\" content=\"4 minutes\" \/>\n<script type=\"application\/ld+json\" class=\"yoast-schema-graph\">{\"@context\":\"https:\/\/schema.org\",\"@graph\":[{\"@type\":\"Article\",\"@id\":\"https:\/\/www.emballagedigest.fr\/aktid-ambitionne-la-realisation-dun-nouveau-centre-de-tri-pres-de-lille\/#article\",\"isPartOf\":{\"@id\":\"https:\/\/www.emballagedigest.fr\/aktid-ambitionne-la-realisation-dun-nouveau-centre-de-tri-pres-de-lille\/\"},\"author\":{\"name\":\"Karine Duval\",\"@id\":\"https:\/\/www.emballagedigest.fr\/#\/schema\/person\/76abe9f2b2ee4d3d520594c7a35da59f\"},\"headline\":\"Aktid ambitionne la r\u00e9alisation d\u2019un nouveau centre de tri pr\u00e8s de Lille\",\"datePublished\":\"2025-06-17T05:40:55+00:00\",\"dateModified\":\"2025-06-17T22:27:08+00:00\",\"mainEntityOfPage\":{\"@id\":\"https:\/\/www.emballagedigest.fr\/aktid-ambitionne-la-realisation-dun-nouveau-centre-de-tri-pres-de-lille\/\"},\"wordCount\":690,\"publisher\":{\"@id\":\"https:\/\/www.emballagedigest.fr\/#organization\"},\"image\":{\"@id\":\"https:\/\/www.emballagedigest.fr\/aktid-ambitionne-la-realisation-dun-nouveau-centre-de-tri-pres-de-lille\/#primaryimage\"},\"thumbnailUrl\":\"https:\/\/www.emballagedigest.fr\/wp-content\/uploads\/2025\/06\/Aktid.jpg\",\"articleSection\":[\"Article entier\",\"Mat\u00e9riaux\"],\"inLanguage\":\"en-GB\"},{\"@type\":\"WebPage\",\"@id\":\"https:\/\/www.emballagedigest.fr\/aktid-ambitionne-la-realisation-dun-nouveau-centre-de-tri-pres-de-lille\/\",\"url\":\"https:\/\/www.emballagedigest.fr\/aktid-ambitionne-la-realisation-dun-nouveau-centre-de-tri-pres-de-lille\/\",\"name\":\"Aktid ambitionne la r\u00e9alisation d\u2019un nouveau centre de tri pr\u00e8s de Lille - Emballage Digest\",\"isPartOf\":{\"@id\":\"https:\/\/www.emballagedigest.fr\/#website\"},\"primaryImageOfPage\":{\"@id\":\"https:\/\/www.emballagedigest.fr\/aktid-ambitionne-la-realisation-dun-nouveau-centre-de-tri-pres-de-lille\/#primaryimage\"},\"image\":{\"@id\":\"https:\/\/www.emballagedigest.fr\/aktid-ambitionne-la-realisation-dun-nouveau-centre-de-tri-pres-de-lille\/#primaryimage\"},\"thumbnailUrl\":\"https:\/\/www.emballagedigest.fr\/wp-content\/uploads\/2025\/06\/Aktid.jpg\",\"datePublished\":\"2025-06-17T05:40:55+00:00\",\"dateModified\":\"2025-06-17T22:27:08+00:00\",\"breadcrumb\":{\"@id\":\"https:\/\/www.emballagedigest.fr\/aktid-ambitionne-la-realisation-dun-nouveau-centre-de-tri-pres-de-lille\/#breadcrumb\"},\"inLanguage\":\"en-GB\",\"potentialAction\":[{\"@type\":\"ReadAction\",\"target\":[\"https:\/\/www.emballagedigest.fr\/aktid-ambitionne-la-realisation-dun-nouveau-centre-de-tri-pres-de-lille\/\"]}]},{\"@type\":\"ImageObject\",\"inLanguage\":\"en-GB\",\"@id\":\"https:\/\/www.emballagedigest.fr\/aktid-ambitionne-la-realisation-dun-nouveau-centre-de-tri-pres-de-lille\/#primaryimage\",\"url\":\"https:\/\/www.emballagedigest.fr\/wp-content\/uploads\/2025\/06\/Aktid.jpg\",\"contentUrl\":\"https:\/\/www.emballagedigest.fr\/wp-content\/uploads\/2025\/06\/Aktid.jpg\",\"width\":800,\"height\":541},{\"@type\":\"BreadcrumbList\",\"@id\":\"https:\/\/www.emballagedigest.fr\/aktid-ambitionne-la-realisation-dun-nouveau-centre-de-tri-pres-de-lille\/#breadcrumb\",\"itemListElement\":[{\"@type\":\"ListItem\",\"position\":1,\"name\":\"Accueil\",\"item\":\"https:\/\/www.emballagedigest.fr\/\"},{\"@type\":\"ListItem\",\"position\":2,\"name\":\"Aktid ambitionne la r\u00e9alisation d\u2019un nouveau centre de tri pr\u00e8s de Lille\"}]},{\"@type\":\"WebSite\",\"@id\":\"https:\/\/www.emballagedigest.fr\/#website\",\"url\":\"https:\/\/www.emballagedigest.fr\/\",\"name\":\"Emballage Digest\",\"description\":\"Revue professionnelle sur les emballages\",\"publisher\":{\"@id\":\"https:\/\/www.emballagedigest.fr\/#organization\"},\"potentialAction\":[{\"@type\":\"SearchAction\",\"target\":{\"@type\":\"EntryPoint\",\"urlTemplate\":\"https:\/\/www.emballagedigest.fr\/?s={search_term_string}\"},\"query-input\":{\"@type\":\"PropertyValueSpecification\",\"valueRequired\":true,\"valueName\":\"search_term_string\"}}],\"inLanguage\":\"en-GB\"},{\"@type\":\"Organization\",\"@id\":\"https:\/\/www.emballagedigest.fr\/#organization\",\"name\":\"Emballage Digest\",\"url\":\"https:\/\/www.emballagedigest.fr\/\",\"logo\":{\"@type\":\"ImageObject\",\"inLanguage\":\"en-GB\",\"@id\":\"https:\/\/www.emballagedigest.fr\/#\/schema\/logo\/image\/\",\"url\":\"https:\/\/www.emballagedigest.fr\/wp-content\/uploads\/2022\/07\/logo-ed.png\",\"contentUrl\":\"https:\/\/www.emballagedigest.fr\/wp-content\/uploads\/2022\/07\/logo-ed.png\",\"width\":379,\"height\":75,\"caption\":\"Emballage Digest\"},\"image\":{\"@id\":\"https:\/\/www.emballagedigest.fr\/#\/schema\/logo\/image\/\"}},{\"@type\":\"Person\",\"@id\":\"https:\/\/www.emballagedigest.fr\/#\/schema\/person\/76abe9f2b2ee4d3d520594c7a35da59f\",\"name\":\"Karine Duval\",\"image\":{\"@type\":\"ImageObject\",\"inLanguage\":\"en-GB\",\"@id\":\"https:\/\/www.emballagedigest.fr\/#\/schema\/person\/image\/\",\"url\":\"https:\/\/secure.gravatar.com\/avatar\/f552799261cdd2e076e6677d780ef07bdb13aa4c196ab75b39abcbcdcae2d4e5?s=96&d=mm&r=g\",\"contentUrl\":\"https:\/\/secure.gravatar.com\/avatar\/f552799261cdd2e076e6677d780ef07bdb13aa4c196ab75b39abcbcdcae2d4e5?s=96&d=mm&r=g\",\"caption\":\"Karine Duval\"},\"url\":\"https:\/\/www.emballagedigest.fr\/en\/author\/admin_karduv\/\"}]}<\/script>\n<!-- \/ Yoast SEO plugin. -->","yoast_head_json":{"title":"Aktid ambitionne la r\u00e9alisation d\u2019un nouveau centre de tri pr\u00e8s de Lille - Emballage Digest","robots":{"index":"index","follow":"follow","max-snippet":"max-snippet:-1","max-image-preview":"max-image-preview:large","max-video-preview":"max-video-preview:-1"},"canonical":"https:\/\/www.emballagedigest.fr\/en\/aktid-ambitionne-la-realisation-dun-nouveau-centre-de-tri-pres-de-lille\/","og_locale":"en_GB","og_type":"article","og_title":"Aktid ambitionne la r\u00e9alisation d\u2019un nouveau centre de tri pr\u00e8s de Lille - Emballage Digest","og_description":"Aktid, expert fran\u00e7ais de la conception et de la r\u00e9alisation d\u2019installations de tri et de valorisation de d\u00e9chets solides annonce avoir remport\u00e9 le projet de modernisation du centre de tri de la MEL (M\u00e9tropole Europ\u00e9enne de Lille) situ\u00e9 \u00e0 Halluin dans le Nord. Il sera exploit\u00e9 par Triselec, la soci\u00e9t\u00e9 publique locale qui assure l&rsquo;exploitation [&hellip;]","og_url":"https:\/\/www.emballagedigest.fr\/en\/aktid-ambitionne-la-realisation-dun-nouveau-centre-de-tri-pres-de-lille\/","og_site_name":"Emballage Digest","article_published_time":"2025-06-17T05:40:55+00:00","article_modified_time":"2025-06-17T22:27:08+00:00","og_image":[{"width":800,"height":541,"url":"https:\/\/www.emballagedigest.fr\/wp-content\/uploads\/2025\/06\/Aktid.jpg","type":"image\/jpeg"}],"author":"Karine Duval","twitter_card":"summary_large_image","twitter_misc":{"Written by":"Karine Duval","Estimated reading time":"4 minutes"},"schema":{"@context":"https:\/\/schema.org","@graph":[{"@type":"Article","@id":"https:\/\/www.emballagedigest.fr\/aktid-ambitionne-la-realisation-dun-nouveau-centre-de-tri-pres-de-lille\/#article","isPartOf":{"@id":"https:\/\/www.emballagedigest.fr\/aktid-ambitionne-la-realisation-dun-nouveau-centre-de-tri-pres-de-lille\/"},"author":{"name":"Karine Duval","@id":"https:\/\/www.emballagedigest.fr\/#\/schema\/person\/76abe9f2b2ee4d3d520594c7a35da59f"},"headline":"Aktid ambitionne la r\u00e9alisation d\u2019un nouveau centre de tri pr\u00e8s de Lille","datePublished":"2025-06-17T05:40:55+00:00","dateModified":"2025-06-17T22:27:08+00:00","mainEntityOfPage":{"@id":"https:\/\/www.emballagedigest.fr\/aktid-ambitionne-la-realisation-dun-nouveau-centre-de-tri-pres-de-lille\/"},"wordCount":690,"publisher":{"@id":"https:\/\/www.emballagedigest.fr\/#organization"},"image":{"@id":"https:\/\/www.emballagedigest.fr\/aktid-ambitionne-la-realisation-dun-nouveau-centre-de-tri-pres-de-lille\/#primaryimage"},"thumbnailUrl":"https:\/\/www.emballagedigest.fr\/wp-content\/uploads\/2025\/06\/Aktid.jpg","articleSection":["Article entier","Mat\u00e9riaux"],"inLanguage":"en-GB"},{"@type":"WebPage","@id":"https:\/\/www.emballagedigest.fr\/aktid-ambitionne-la-realisation-dun-nouveau-centre-de-tri-pres-de-lille\/","url":"https:\/\/www.emballagedigest.fr\/aktid-ambitionne-la-realisation-dun-nouveau-centre-de-tri-pres-de-lille\/","name":"Aktid ambitionne la r\u00e9alisation d\u2019un nouveau centre de tri pr\u00e8s de Lille - Emballage Digest","isPartOf":{"@id":"https:\/\/www.emballagedigest.fr\/#website"},"primaryImageOfPage":{"@id":"https:\/\/www.emballagedigest.fr\/aktid-ambitionne-la-realisation-dun-nouveau-centre-de-tri-pres-de-lille\/#primaryimage"},"image":{"@id":"https:\/\/www.emballagedigest.fr\/aktid-ambitionne-la-realisation-dun-nouveau-centre-de-tri-pres-de-lille\/#primaryimage"},"thumbnailUrl":"https:\/\/www.emballagedigest.fr\/wp-content\/uploads\/2025\/06\/Aktid.jpg","datePublished":"2025-06-17T05:40:55+00:00","dateModified":"2025-06-17T22:27:08+00:00","breadcrumb":{"@id":"https:\/\/www.emballagedigest.fr\/aktid-ambitionne-la-realisation-dun-nouveau-centre-de-tri-pres-de-lille\/#breadcrumb"},"inLanguage":"en-GB","potentialAction":[{"@type":"ReadAction","target":["https:\/\/www.emballagedigest.fr\/aktid-ambitionne-la-realisation-dun-nouveau-centre-de-tri-pres-de-lille\/"]}]},{"@type":"ImageObject","inLanguage":"en-GB","@id":"https:\/\/www.emballagedigest.fr\/aktid-ambitionne-la-realisation-dun-nouveau-centre-de-tri-pres-de-lille\/#primaryimage","url":"https:\/\/www.emballagedigest.fr\/wp-content\/uploads\/2025\/06\/Aktid.jpg","contentUrl":"https:\/\/www.emballagedigest.fr\/wp-content\/uploads\/2025\/06\/Aktid.jpg","width":800,"height":541},{"@type":"BreadcrumbList","@id":"https:\/\/www.emballagedigest.fr\/aktid-ambitionne-la-realisation-dun-nouveau-centre-de-tri-pres-de-lille\/#breadcrumb","itemListElement":[{"@type":"ListItem","position":1,"name":"Accueil","item":"https:\/\/www.emballagedigest.fr\/"},{"@type":"ListItem","position":2,"name":"Aktid ambitionne la r\u00e9alisation d\u2019un nouveau centre de tri pr\u00e8s de Lille"}]},{"@type":"WebSite","@id":"https:\/\/www.emballagedigest.fr\/#website","url":"https:\/\/www.emballagedigest.fr\/","name":"Emballage Digest","description":"Revue professionnelle sur les emballages","publisher":{"@id":"https:\/\/www.emballagedigest.fr\/#organization"},"potentialAction":[{"@type":"SearchAction","target":{"@type":"EntryPoint","urlTemplate":"https:\/\/www.emballagedigest.fr\/?s={search_term_string}"},"query-input":{"@type":"PropertyValueSpecification","valueRequired":true,"valueName":"search_term_string"}}],"inLanguage":"en-GB"},{"@type":"Organization","@id":"https:\/\/www.emballagedigest.fr\/#organization","name":"Emballage Digest","url":"https:\/\/www.emballagedigest.fr\/","logo":{"@type":"ImageObject","inLanguage":"en-GB","@id":"https:\/\/www.emballagedigest.fr\/#\/schema\/logo\/image\/","url":"https:\/\/www.emballagedigest.fr\/wp-content\/uploads\/2022\/07\/logo-ed.png","contentUrl":"https:\/\/www.emballagedigest.fr\/wp-content\/uploads\/2022\/07\/logo-ed.png","width":379,"height":75,"caption":"Emballage Digest"},"image":{"@id":"https:\/\/www.emballagedigest.fr\/#\/schema\/logo\/image\/"}},{"@type":"Person","@id":"https:\/\/www.emballagedigest.fr\/#\/schema\/person\/76abe9f2b2ee4d3d520594c7a35da59f","name":"Karine Duval","image":{"@type":"ImageObject","inLanguage":"en-GB","@id":"https:\/\/www.emballagedigest.fr\/#\/schema\/person\/image\/","url":"https:\/\/secure.gravatar.com\/avatar\/f552799261cdd2e076e6677d780ef07bdb13aa4c196ab75b39abcbcdcae2d4e5?s=96&d=mm&r=g","contentUrl":"https:\/\/secure.gravatar.com\/avatar\/f552799261cdd2e076e6677d780ef07bdb13aa4c196ab75b39abcbcdcae2d4e5?s=96&d=mm&r=g","caption":"Karine Duval"},"url":"https:\/\/www.emballagedigest.fr\/en\/author\/admin_karduv\/"}]}},"_links":{"self":[{"href":"https:\/\/www.emballagedigest.fr\/en\/wp-json\/wp\/v2\/posts\/44834","targetHints":{"allow":["GET"]}}],"collection":[{"href":"https:\/\/www.emballagedigest.fr\/en\/wp-json\/wp\/v2\/posts"}],"about":[{"href":"https:\/\/www.emballagedigest.fr\/en\/wp-json\/wp\/v2\/types\/post"}],"author":[{"embeddable":true,"href":"https:\/\/www.emballagedigest.fr\/en\/wp-json\/wp\/v2\/users\/2"}],"replies":[{"embeddable":true,"href":"https:\/\/www.emballagedigest.fr\/en\/wp-json\/wp\/v2\/comments?post=44834"}],"version-history":[{"count":1,"href":"https:\/\/www.emballagedigest.fr\/en\/wp-json\/wp\/v2\/posts\/44834\/revisions"}],"predecessor-version":[{"id":44836,"href":"https:\/\/www.emballagedigest.fr\/en\/wp-json\/wp\/v2\/posts\/44834\/revisions\/44836"}],"wp:featuredmedia":[{"embeddable":true,"href":"https:\/\/www.emballagedigest.fr\/en\/wp-json\/wp\/v2\/media\/44835"}],"wp:attachment":[{"href":"https:\/\/www.emballagedigest.fr\/en\/wp-json\/wp\/v2\/media?parent=44834"}],"wp:term":[{"taxonomy":"category","embeddable":true,"href":"https:\/\/www.emballagedigest.fr\/en\/wp-json\/wp\/v2\/categories?post=44834"},{"taxonomy":"post_tag","embeddable":true,"href":"https:\/\/www.emballagedigest.fr\/en\/wp-json\/wp\/v2\/tags?post=44834"}],"curies":[{"name":"wp","href":"https:\/\/api.w.org\/{rel}","templated":true}]}}