{"id":44941,"date":"2025-07-01T00:15:16","date_gmt":"2025-06-30T22:15:16","guid":{"rendered":"https:\/\/www.emballagedigest.fr\/?p=44941"},"modified":"2025-07-01T00:15:17","modified_gmt":"2025-06-30T22:15:17","slug":"emballages-syndifrais-reaffirme-ses-engagements","status":"publish","type":"post","link":"https:\/\/www.emballagedigest.fr\/en\/emballages-syndifrais-reaffirme-ses-engagements\/","title":{"rendered":"Emballages : Syndifrais r\u00e9affirme ses engagements"},"content":{"rendered":"<p><strong>Lors de son Assembl\u00e9e G\u00e9n\u00e9rale du 11 juin 2025, Syndifrais, l\u2019association des fabricants de produits laitiers frais, a r\u00e9affirm\u00e9 ses engagements pour r\u00e9duire l\u2019empreinte environnementale des emballages et renforcer les pratiques durables dans la fili\u00e8re.<\/strong><\/p>\n\n\n\n<p>Le Conseil d\u2019administration a confirm\u00e9 ses orientations strat\u00e9giques autour de trois chantiers prioritaires :<\/p>\n\n\n\n<p>\u2022 Le recyclage, avec un objectif de 50 % d\u2019emballages recycl\u00e9s d\u2019ici 2030, tous mat\u00e9riaux confondus. Pour les pots en polystyr\u00e8ne, Syndifrais poursuit ses travaux afin d\u2019optimiser la collecte et le recyclage via l\u2019\u00e9coconception.<\/p>\n\n\n\n<p>\u2022 Le r\u00e9emploi, avec une approche pragmatique adapt\u00e9e aux sp\u00e9cificit\u00e9s des produits laitiers frais.<\/p>\n\n\n\n<p>\u2022 La logistique, notamment \u00e0 travers le d\u00e9veloppement de caisses de manutention r\u00e9employables pour r\u00e9duire l\u2019impact des emballages secondaires.<\/p>\n\n\n\n<p>\u00ab\u202fNous continuons d\u2019\u00eatre engag\u00e9s pour la r\u00e9duction de l\u2019impact de nos emballages. Notre Assembl\u00e9e G\u00e9n\u00e9rale est l\u2019occasion de faire le point sur nos avanc\u00e9es et de r\u00e9affirmer nos objectifs communs \u00bb, d\u00e9clare Patrick Falconnier, pr\u00e9sident de Syndifrais.<\/p>\n\n\n\n<p>L\u2019Assembl\u00e9e G\u00e9n\u00e9rale a \u00e9galement \u00e9t\u00e9 marqu\u00e9e par le renouvellement partiel du Conseil d\u2019administration, avec l\u2019arriv\u00e9e de nouveaux membres et la poursuite du mandat pr\u00e9sidentiel de Patrick Falconnier.<\/p>\n\n\n\n<p>Enfin, cette rencontre fut l\u2019occasion de saluer l\u2019engagement de plusieurs acteurs de la fili\u00e8re : Caroline Helleisen Errant, directrice du Cniel, a remis les insignes de Chevalier de l\u2019ordre du M\u00e9rite agricole \u00e0 Patrick Falconnier, Brigitte Rousseau et J\u00e9r\u00f4me Servi\u00e8res.<\/p>","protected":false},"excerpt":{"rendered":"<p>Lors de son Assembl\u00e9e G\u00e9n\u00e9rale du 11 juin 2025, Syndifrais, l\u2019association des fabricants de produits laitiers frais, a r\u00e9affirm\u00e9 ses engagements pour r\u00e9duire l\u2019empreinte environnementale des emballages et renforcer les pratiques durables dans la fili\u00e8re. Le Conseil d\u2019administration a confirm\u00e9 ses orientations strat\u00e9giques autour de trois chantiers prioritaires : \u2022 Le recyclage, avec un objectif [&hellip;]<\/p>","protected":false},"author":2,"featured_media":44942,"comment_status":"closed","ping_status":"closed","sticky":false,"template":"","format":"standard","meta":{"_acf_changed":false,"inline_featured_image":false,"iawp_total_views":3,"footnotes":""},"categories":[28,4],"tags":[],"class_list":["post-44941","post","type-post","status-publish","format-standard","has-post-thumbnail","hentry","category-article-entier","category-lineaires"],"acf":[],"yoast_head":"<!-- This site is optimized with the Yoast SEO plugin v24.4 - https:\/\/yoast.com\/wordpress\/plugins\/seo\/ -->\n<title>Emballages : Syndifrais r\u00e9affirme ses engagements - Emballage Digest<\/title>\n<meta name=\"robots\" content=\"index, follow, max-snippet:-1, max-image-preview:large, max-video-preview:-1\" \/>\n<link rel=\"canonical\" href=\"https:\/\/www.emballagedigest.fr\/en\/emballages-syndifrais-reaffirme-ses-engagements\/\" \/>\n<meta property=\"og:locale\" content=\"en_GB\" \/>\n<meta property=\"og:type\" content=\"article\" \/>\n<meta property=\"og:title\" content=\"Emballages : Syndifrais r\u00e9affirme ses engagements - Emballage Digest\" \/>\n<meta property=\"og:description\" content=\"Lors de son Assembl\u00e9e G\u00e9n\u00e9rale du 11 juin 2025, Syndifrais, l\u2019association des fabricants de produits laitiers frais, a r\u00e9affirm\u00e9 ses engagements pour r\u00e9duire l\u2019empreinte environnementale des emballages et renforcer les pratiques durables dans la fili\u00e8re. Le Conseil d\u2019administration a confirm\u00e9 ses orientations strat\u00e9giques autour de trois chantiers prioritaires : \u2022 Le recyclage, avec un objectif [&hellip;]\" \/>\n<meta property=\"og:url\" content=\"https:\/\/www.emballagedigest.fr\/en\/emballages-syndifrais-reaffirme-ses-engagements\/\" \/>\n<meta property=\"og:site_name\" content=\"Emballage Digest\" \/>\n<meta property=\"article:published_time\" content=\"2025-06-30T22:15:16+00:00\" \/>\n<meta property=\"article:modified_time\" content=\"2025-06-30T22:15:17+00:00\" \/>\n<meta property=\"og:image\" content=\"https:\/\/www.emballagedigest.fr\/wp-content\/uploads\/2025\/07\/Syndifrais.jpg\" \/>\n\t<meta property=\"og:image:width\" content=\"800\" \/>\n\t<meta property=\"og:image:height\" content=\"599\" \/>\n\t<meta property=\"og:image:type\" content=\"image\/jpeg\" \/>\n<meta name=\"author\" content=\"Karine Duval\" \/>\n<meta name=\"twitter:card\" content=\"summary_large_image\" \/>\n<meta name=\"twitter:label1\" content=\"Written by\" \/>\n\t<meta name=\"twitter:data1\" content=\"Karine Duval\" \/>\n\t<meta name=\"twitter:label2\" content=\"Estimated reading time\" \/>\n\t<meta name=\"twitter:data2\" content=\"2 minutes\" \/>\n<script type=\"application\/ld+json\" class=\"yoast-schema-graph\">{\"@context\":\"https:\/\/schema.org\",\"@graph\":[{\"@type\":\"Article\",\"@id\":\"https:\/\/www.emballagedigest.fr\/emballages-syndifrais-reaffirme-ses-engagements\/#article\",\"isPartOf\":{\"@id\":\"https:\/\/www.emballagedigest.fr\/emballages-syndifrais-reaffirme-ses-engagements\/\"},\"author\":{\"name\":\"Karine Duval\",\"@id\":\"https:\/\/www.emballagedigest.fr\/#\/schema\/person\/76abe9f2b2ee4d3d520594c7a35da59f\"},\"headline\":\"Emballages : Syndifrais r\u00e9affirme ses engagements\",\"datePublished\":\"2025-06-30T22:15:16+00:00\",\"dateModified\":\"2025-06-30T22:15:17+00:00\",\"mainEntityOfPage\":{\"@id\":\"https:\/\/www.emballagedigest.fr\/emballages-syndifrais-reaffirme-ses-engagements\/\"},\"wordCount\":267,\"publisher\":{\"@id\":\"https:\/\/www.emballagedigest.fr\/#organization\"},\"image\":{\"@id\":\"https:\/\/www.emballagedigest.fr\/emballages-syndifrais-reaffirme-ses-engagements\/#primaryimage\"},\"thumbnailUrl\":\"https:\/\/www.emballagedigest.fr\/wp-content\/uploads\/2025\/07\/Syndifrais.jpg\",\"articleSection\":[\"Article entier\",\"Lin\u00e9aires\"],\"inLanguage\":\"en-GB\"},{\"@type\":\"WebPage\",\"@id\":\"https:\/\/www.emballagedigest.fr\/emballages-syndifrais-reaffirme-ses-engagements\/\",\"url\":\"https:\/\/www.emballagedigest.fr\/emballages-syndifrais-reaffirme-ses-engagements\/\",\"name\":\"Emballages : Syndifrais r\u00e9affirme ses engagements - Emballage Digest\",\"isPartOf\":{\"@id\":\"https:\/\/www.emballagedigest.fr\/#website\"},\"primaryImageOfPage\":{\"@id\":\"https:\/\/www.emballagedigest.fr\/emballages-syndifrais-reaffirme-ses-engagements\/#primaryimage\"},\"image\":{\"@id\":\"https:\/\/www.emballagedigest.fr\/emballages-syndifrais-reaffirme-ses-engagements\/#primaryimage\"},\"thumbnailUrl\":\"https:\/\/www.emballagedigest.fr\/wp-content\/uploads\/2025\/07\/Syndifrais.jpg\",\"datePublished\":\"2025-06-30T22:15:16+00:00\",\"dateModified\":\"2025-06-30T22:15:17+00:00\",\"breadcrumb\":{\"@id\":\"https:\/\/www.emballagedigest.fr\/emballages-syndifrais-reaffirme-ses-engagements\/#breadcrumb\"},\"inLanguage\":\"en-GB\",\"potentialAction\":[{\"@type\":\"ReadAction\",\"target\":[\"https:\/\/www.emballagedigest.fr\/emballages-syndifrais-reaffirme-ses-engagements\/\"]}]},{\"@type\":\"ImageObject\",\"inLanguage\":\"en-GB\",\"@id\":\"https:\/\/www.emballagedigest.fr\/emballages-syndifrais-reaffirme-ses-engagements\/#primaryimage\",\"url\":\"https:\/\/www.emballagedigest.fr\/wp-content\/uploads\/2025\/07\/Syndifrais.jpg\",\"contentUrl\":\"https:\/\/www.emballagedigest.fr\/wp-content\/uploads\/2025\/07\/Syndifrais.jpg\",\"width\":800,\"height\":599},{\"@type\":\"BreadcrumbList\",\"@id\":\"https:\/\/www.emballagedigest.fr\/emballages-syndifrais-reaffirme-ses-engagements\/#breadcrumb\",\"itemListElement\":[{\"@type\":\"ListItem\",\"position\":1,\"name\":\"Accueil\",\"item\":\"https:\/\/www.emballagedigest.fr\/\"},{\"@type\":\"ListItem\",\"position\":2,\"name\":\"Emballages : Syndifrais r\u00e9affirme ses engagements\"}]},{\"@type\":\"WebSite\",\"@id\":\"https:\/\/www.emballagedigest.fr\/#website\",\"url\":\"https:\/\/www.emballagedigest.fr\/\",\"name\":\"Emballage Digest\",\"description\":\"Revue professionnelle sur les emballages\",\"publisher\":{\"@id\":\"https:\/\/www.emballagedigest.fr\/#organization\"},\"potentialAction\":[{\"@type\":\"SearchAction\",\"target\":{\"@type\":\"EntryPoint\",\"urlTemplate\":\"https:\/\/www.emballagedigest.fr\/?s={search_term_string}\"},\"query-input\":{\"@type\":\"PropertyValueSpecification\",\"valueRequired\":true,\"valueName\":\"search_term_string\"}}],\"inLanguage\":\"en-GB\"},{\"@type\":\"Organization\",\"@id\":\"https:\/\/www.emballagedigest.fr\/#organization\",\"name\":\"Emballage Digest\",\"url\":\"https:\/\/www.emballagedigest.fr\/\",\"logo\":{\"@type\":\"ImageObject\",\"inLanguage\":\"en-GB\",\"@id\":\"https:\/\/www.emballagedigest.fr\/#\/schema\/logo\/image\/\",\"url\":\"https:\/\/www.emballagedigest.fr\/wp-content\/uploads\/2022\/07\/logo-ed.png\",\"contentUrl\":\"https:\/\/www.emballagedigest.fr\/wp-content\/uploads\/2022\/07\/logo-ed.png\",\"width\":379,\"height\":75,\"caption\":\"Emballage Digest\"},\"image\":{\"@id\":\"https:\/\/www.emballagedigest.fr\/#\/schema\/logo\/image\/\"}},{\"@type\":\"Person\",\"@id\":\"https:\/\/www.emballagedigest.fr\/#\/schema\/person\/76abe9f2b2ee4d3d520594c7a35da59f\",\"name\":\"Karine Duval\",\"image\":{\"@type\":\"ImageObject\",\"inLanguage\":\"en-GB\",\"@id\":\"https:\/\/www.emballagedigest.fr\/#\/schema\/person\/image\/\",\"url\":\"https:\/\/secure.gravatar.com\/avatar\/f552799261cdd2e076e6677d780ef07bdb13aa4c196ab75b39abcbcdcae2d4e5?s=96&d=mm&r=g\",\"contentUrl\":\"https:\/\/secure.gravatar.com\/avatar\/f552799261cdd2e076e6677d780ef07bdb13aa4c196ab75b39abcbcdcae2d4e5?s=96&d=mm&r=g\",\"caption\":\"Karine Duval\"},\"url\":\"https:\/\/www.emballagedigest.fr\/en\/author\/admin_karduv\/\"}]}<\/script>\n<!-- \/ Yoast SEO plugin. -->","yoast_head_json":{"title":"Emballages : Syndifrais r\u00e9affirme ses engagements - Emballage Digest","robots":{"index":"index","follow":"follow","max-snippet":"max-snippet:-1","max-image-preview":"max-image-preview:large","max-video-preview":"max-video-preview:-1"},"canonical":"https:\/\/www.emballagedigest.fr\/en\/emballages-syndifrais-reaffirme-ses-engagements\/","og_locale":"en_GB","og_type":"article","og_title":"Emballages : Syndifrais r\u00e9affirme ses engagements - Emballage Digest","og_description":"Lors de son Assembl\u00e9e G\u00e9n\u00e9rale du 11 juin 2025, Syndifrais, l\u2019association des fabricants de produits laitiers frais, a r\u00e9affirm\u00e9 ses engagements pour r\u00e9duire l\u2019empreinte environnementale des emballages et renforcer les pratiques durables dans la fili\u00e8re. Le Conseil d\u2019administration a confirm\u00e9 ses orientations strat\u00e9giques autour de trois chantiers prioritaires : \u2022 Le recyclage, avec un objectif [&hellip;]","og_url":"https:\/\/www.emballagedigest.fr\/en\/emballages-syndifrais-reaffirme-ses-engagements\/","og_site_name":"Emballage Digest","article_published_time":"2025-06-30T22:15:16+00:00","article_modified_time":"2025-06-30T22:15:17+00:00","og_image":[{"width":800,"height":599,"url":"https:\/\/www.emballagedigest.fr\/wp-content\/uploads\/2025\/07\/Syndifrais.jpg","type":"image\/jpeg"}],"author":"Karine Duval","twitter_card":"summary_large_image","twitter_misc":{"Written by":"Karine Duval","Estimated reading time":"2 minutes"},"schema":{"@context":"https:\/\/schema.org","@graph":[{"@type":"Article","@id":"https:\/\/www.emballagedigest.fr\/emballages-syndifrais-reaffirme-ses-engagements\/#article","isPartOf":{"@id":"https:\/\/www.emballagedigest.fr\/emballages-syndifrais-reaffirme-ses-engagements\/"},"author":{"name":"Karine Duval","@id":"https:\/\/www.emballagedigest.fr\/#\/schema\/person\/76abe9f2b2ee4d3d520594c7a35da59f"},"headline":"Emballages : Syndifrais r\u00e9affirme ses engagements","datePublished":"2025-06-30T22:15:16+00:00","dateModified":"2025-06-30T22:15:17+00:00","mainEntityOfPage":{"@id":"https:\/\/www.emballagedigest.fr\/emballages-syndifrais-reaffirme-ses-engagements\/"},"wordCount":267,"publisher":{"@id":"https:\/\/www.emballagedigest.fr\/#organization"},"image":{"@id":"https:\/\/www.emballagedigest.fr\/emballages-syndifrais-reaffirme-ses-engagements\/#primaryimage"},"thumbnailUrl":"https:\/\/www.emballagedigest.fr\/wp-content\/uploads\/2025\/07\/Syndifrais.jpg","articleSection":["Article entier","Lin\u00e9aires"],"inLanguage":"en-GB"},{"@type":"WebPage","@id":"https:\/\/www.emballagedigest.fr\/emballages-syndifrais-reaffirme-ses-engagements\/","url":"https:\/\/www.emballagedigest.fr\/emballages-syndifrais-reaffirme-ses-engagements\/","name":"Emballages : Syndifrais r\u00e9affirme ses engagements - Emballage Digest","isPartOf":{"@id":"https:\/\/www.emballagedigest.fr\/#website"},"primaryImageOfPage":{"@id":"https:\/\/www.emballagedigest.fr\/emballages-syndifrais-reaffirme-ses-engagements\/#primaryimage"},"image":{"@id":"https:\/\/www.emballagedigest.fr\/emballages-syndifrais-reaffirme-ses-engagements\/#primaryimage"},"thumbnailUrl":"https:\/\/www.emballagedigest.fr\/wp-content\/uploads\/2025\/07\/Syndifrais.jpg","datePublished":"2025-06-30T22:15:16+00:00","dateModified":"2025-06-30T22:15:17+00:00","breadcrumb":{"@id":"https:\/\/www.emballagedigest.fr\/emballages-syndifrais-reaffirme-ses-engagements\/#breadcrumb"},"inLanguage":"en-GB","potentialAction":[{"@type":"ReadAction","target":["https:\/\/www.emballagedigest.fr\/emballages-syndifrais-reaffirme-ses-engagements\/"]}]},{"@type":"ImageObject","inLanguage":"en-GB","@id":"https:\/\/www.emballagedigest.fr\/emballages-syndifrais-reaffirme-ses-engagements\/#primaryimage","url":"https:\/\/www.emballagedigest.fr\/wp-content\/uploads\/2025\/07\/Syndifrais.jpg","contentUrl":"https:\/\/www.emballagedigest.fr\/wp-content\/uploads\/2025\/07\/Syndifrais.jpg","width":800,"height":599},{"@type":"BreadcrumbList","@id":"https:\/\/www.emballagedigest.fr\/emballages-syndifrais-reaffirme-ses-engagements\/#breadcrumb","itemListElement":[{"@type":"ListItem","position":1,"name":"Accueil","item":"https:\/\/www.emballagedigest.fr\/"},{"@type":"ListItem","position":2,"name":"Emballages : Syndifrais r\u00e9affirme ses engagements"}]},{"@type":"WebSite","@id":"https:\/\/www.emballagedigest.fr\/#website","url":"https:\/\/www.emballagedigest.fr\/","name":"Emballage Digest","description":"Revue professionnelle sur les emballages","publisher":{"@id":"https:\/\/www.emballagedigest.fr\/#organization"},"potentialAction":[{"@type":"SearchAction","target":{"@type":"EntryPoint","urlTemplate":"https:\/\/www.emballagedigest.fr\/?s={search_term_string}"},"query-input":{"@type":"PropertyValueSpecification","valueRequired":true,"valueName":"search_term_string"}}],"inLanguage":"en-GB"},{"@type":"Organization","@id":"https:\/\/www.emballagedigest.fr\/#organization","name":"Emballage Digest","url":"https:\/\/www.emballagedigest.fr\/","logo":{"@type":"ImageObject","inLanguage":"en-GB","@id":"https:\/\/www.emballagedigest.fr\/#\/schema\/logo\/image\/","url":"https:\/\/www.emballagedigest.fr\/wp-content\/uploads\/2022\/07\/logo-ed.png","contentUrl":"https:\/\/www.emballagedigest.fr\/wp-content\/uploads\/2022\/07\/logo-ed.png","width":379,"height":75,"caption":"Emballage Digest"},"image":{"@id":"https:\/\/www.emballagedigest.fr\/#\/schema\/logo\/image\/"}},{"@type":"Person","@id":"https:\/\/www.emballagedigest.fr\/#\/schema\/person\/76abe9f2b2ee4d3d520594c7a35da59f","name":"Karine Duval","image":{"@type":"ImageObject","inLanguage":"en-GB","@id":"https:\/\/www.emballagedigest.fr\/#\/schema\/person\/image\/","url":"https:\/\/secure.gravatar.com\/avatar\/f552799261cdd2e076e6677d780ef07bdb13aa4c196ab75b39abcbcdcae2d4e5?s=96&d=mm&r=g","contentUrl":"https:\/\/secure.gravatar.com\/avatar\/f552799261cdd2e076e6677d780ef07bdb13aa4c196ab75b39abcbcdcae2d4e5?s=96&d=mm&r=g","caption":"Karine Duval"},"url":"https:\/\/www.emballagedigest.fr\/en\/author\/admin_karduv\/"}]}},"_links":{"self":[{"href":"https:\/\/www.emballagedigest.fr\/en\/wp-json\/wp\/v2\/posts\/44941","targetHints":{"allow":["GET"]}}],"collection":[{"href":"https:\/\/www.emballagedigest.fr\/en\/wp-json\/wp\/v2\/posts"}],"about":[{"href":"https:\/\/www.emballagedigest.fr\/en\/wp-json\/wp\/v2\/types\/post"}],"author":[{"embeddable":true,"href":"https:\/\/www.emballagedigest.fr\/en\/wp-json\/wp\/v2\/users\/2"}],"replies":[{"embeddable":true,"href":"https:\/\/www.emballagedigest.fr\/en\/wp-json\/wp\/v2\/comments?post=44941"}],"version-history":[{"count":1,"href":"https:\/\/www.emballagedigest.fr\/en\/wp-json\/wp\/v2\/posts\/44941\/revisions"}],"predecessor-version":[{"id":44943,"href":"https:\/\/www.emballagedigest.fr\/en\/wp-json\/wp\/v2\/posts\/44941\/revisions\/44943"}],"wp:featuredmedia":[{"embeddable":true,"href":"https:\/\/www.emballagedigest.fr\/en\/wp-json\/wp\/v2\/media\/44942"}],"wp:attachment":[{"href":"https:\/\/www.emballagedigest.fr\/en\/wp-json\/wp\/v2\/media?parent=44941"}],"wp:term":[{"taxonomy":"category","embeddable":true,"href":"https:\/\/www.emballagedigest.fr\/en\/wp-json\/wp\/v2\/categories?post=44941"},{"taxonomy":"post_tag","embeddable":true,"href":"https:\/\/www.emballagedigest.fr\/en\/wp-json\/wp\/v2\/tags?post=44941"}],"curies":[{"name":"wp","href":"https:\/\/api.w.org\/{rel}","templated":true}]}}