{"id":44952,"date":"2025-07-02T07:19:18","date_gmt":"2025-07-02T05:19:18","guid":{"rendered":"https:\/\/www.emballagedigest.fr\/?p=44952"},"modified":"2025-07-03T09:41:38","modified_gmt":"2025-07-03T07:41:38","slug":"verescence-se-dote-dun-nouveau-four-hybride-pour-le-flaconnage-de-luxe","status":"publish","type":"post","link":"https:\/\/www.emballagedigest.fr\/en\/verescence-se-dote-dun-nouveau-four-hybride-pour-le-flaconnage-de-luxe\/","title":{"rendered":"Verescence se dote d\u2019un nouveau four hybride pour le flaconnage de luxe"},"content":{"rendered":"<p><strong>Verescence, expert mondial du flaconnage de luxe pour l\u2019industrie parfumerie-cosm\u00e9tique, et Fives, groupe d\u2019ing\u00e9nierie international, ont nou\u00e9 un partenariat strat\u00e9gique visant \u00e0 d\u00e9carboner la production de verre en France.<\/strong><\/p>\n\n\n\n<p>Le projet pr\u00e9voit le remplacement d\u2019un four existant par une nouvelle technologie hybride oxy-gaz sur le site de Verescence \u00e0 Mers-les-Bains. Il s\u2019agira du premier four hybride au monde d\u00e9di\u00e9 aux applications cosm\u00e9tiques. \u00ab&nbsp;Ce projet innovant s\u2019inscrit dans la feuille de route de d\u00e9carbonation ambitieuse de Verescence, qui s\u2019accompagne d\u2019investissements majeurs afin d\u2019\u00e9lectrifier les technologies et \u00e9quipements industriels utilis\u00e9s sur nos sites, notamment nos fours, nos feeders et nos arches de recuisson \u00bb, d\u00e9clare Thomas Riou, pr\u00e9sident de Verescence. \u00ab Nous sommes tr\u00e8s fiers de mener ce projet majeur sur le site de Mers-les-Bains, site amiral du groupe. Il s\u2019agit pour nos sites fran\u00e7ais, d\u2019une \u00e9tape importante, qui vient s\u2019ajouter \u00e0 l\u2019ensemble des actions men\u00e9es par les \u00e9quipes depuis 2016 afin de r\u00e9duire nos \u00e9missions CO<sub>2<\/sub> de 70% \u00e0 horizon 2030 \u00bb, ajoute H\u00e9l\u00e8ne Marchand, Directrice G\u00e9n\u00e9rale France de Verescence.<\/p>\n\n\n\n<p>Le Prium<sup>\u00ae<\/sup> Eco-Flex, nouveau four hybride, permettra de produire jusqu\u2019\u00e0 150 tonnes de verre par jour. Il fonctionnera avec une combinaison d\u2019oxyg\u00e8ne-gaz et d\u2019\u00e9lectricit\u00e9, rempla\u00e7ant jusqu\u2019\u00e0 80 % des \u00e9nergies fossiles par de l\u2019\u00e9nergie \u00e9lectrique. Cette configuration permettra de r\u00e9duire drastiquement les \u00e9missions de carbone tout en maintenant une production de verre de haute qualit\u00e9.<\/p>\n\n\n\n<p>Le nouveau four sera \u00e9quip\u00e9 d\u2019un syst\u00e8me H.R.A.\u2122 (Heat Recovery Area), d\u00e9velopp\u00e9 par Fives, qui permet de r\u00e9cup\u00e9rer la chaleur des gaz de combustion directement dans le four. Cette solution am\u00e9liore l\u2019efficacit\u00e9 \u00e9nerg\u00e9tique du four en pr\u00e9chauffant la charge dans une section abaiss\u00e9e de la superstructure, g\u00e9n\u00e9rant ainsi des gains d\u2019efficacit\u00e9 suppl\u00e9mentaires. \u00ab Notre technologie de four hybride a \u00e9t\u00e9 con\u00e7ue pour aider les verriers \u00e0 atteindre des objectifs environnementaux ambitieux. Elle combine flexibilit\u00e9, performance \u00e9nerg\u00e9tique et r\u00e9duction des \u00e9missions, pour une transition \u00e9cologique sans compromis sur la qualit\u00e9 du verre \u00bb, explique Alexandre Brusset, Directeur Glass chez Fives.<\/p>","protected":false},"excerpt":{"rendered":"<p>Verescence, expert mondial du flaconnage de luxe pour l\u2019industrie parfumerie-cosm\u00e9tique, et Fives, groupe d\u2019ing\u00e9nierie international, ont nou\u00e9 un partenariat strat\u00e9gique visant \u00e0 d\u00e9carboner la production de verre en France. Le projet pr\u00e9voit le remplacement d\u2019un four existant par une nouvelle technologie hybride oxy-gaz sur le site de Verescence \u00e0 Mers-les-Bains. Il s\u2019agira du premier four [&hellip;]<\/p>","protected":false},"author":2,"featured_media":44953,"comment_status":"closed","ping_status":"closed","sticky":false,"template":"","format":"standard","meta":{"_acf_changed":false,"inline_featured_image":false,"iawp_total_views":3,"footnotes":""},"categories":[28,81,6],"tags":[],"class_list":["post-44952","post","type-post","status-publish","format-standard","has-post-thumbnail","hentry","category-article-entier","category-packaging","category-parfumerie-cosmetique"],"acf":[],"yoast_head":"<!-- This site is optimized with the Yoast SEO plugin v24.4 - https:\/\/yoast.com\/wordpress\/plugins\/seo\/ -->\n<title>Verescence se dote d\u2019un nouveau four hybride pour le flaconnage de luxe - Emballage Digest<\/title>\n<meta name=\"robots\" content=\"index, follow, max-snippet:-1, max-image-preview:large, max-video-preview:-1\" \/>\n<link rel=\"canonical\" href=\"https:\/\/www.emballagedigest.fr\/en\/verescence-se-dote-dun-nouveau-four-hybride-pour-le-flaconnage-de-luxe\/\" \/>\n<meta property=\"og:locale\" content=\"en_GB\" \/>\n<meta property=\"og:type\" content=\"article\" \/>\n<meta property=\"og:title\" content=\"Verescence se dote d\u2019un nouveau four hybride pour le flaconnage de luxe - Emballage Digest\" \/>\n<meta property=\"og:description\" content=\"Verescence, expert mondial du flaconnage de luxe pour l\u2019industrie parfumerie-cosm\u00e9tique, et Fives, groupe d\u2019ing\u00e9nierie international, ont nou\u00e9 un partenariat strat\u00e9gique visant \u00e0 d\u00e9carboner la production de verre en France. Le projet pr\u00e9voit le remplacement d\u2019un four existant par une nouvelle technologie hybride oxy-gaz sur le site de Verescence \u00e0 Mers-les-Bains. Il s\u2019agira du premier four [&hellip;]\" \/>\n<meta property=\"og:url\" content=\"https:\/\/www.emballagedigest.fr\/en\/verescence-se-dote-dun-nouveau-four-hybride-pour-le-flaconnage-de-luxe\/\" \/>\n<meta property=\"og:site_name\" content=\"Emballage Digest\" \/>\n<meta property=\"article:published_time\" content=\"2025-07-02T05:19:18+00:00\" \/>\n<meta property=\"article:modified_time\" content=\"2025-07-03T07:41:38+00:00\" \/>\n<meta property=\"og:image\" content=\"https:\/\/www.emballagedigest.fr\/wp-content\/uploads\/2025\/07\/Verescence.jpg\" \/>\n\t<meta property=\"og:image:width\" content=\"800\" \/>\n\t<meta property=\"og:image:height\" content=\"600\" \/>\n\t<meta property=\"og:image:type\" content=\"image\/jpeg\" \/>\n<meta name=\"author\" content=\"Karine Duval\" \/>\n<meta name=\"twitter:card\" content=\"summary_large_image\" \/>\n<meta name=\"twitter:label1\" content=\"Written by\" \/>\n\t<meta name=\"twitter:data1\" content=\"Karine Duval\" \/>\n\t<meta name=\"twitter:label2\" content=\"Estimated reading time\" \/>\n\t<meta name=\"twitter:data2\" content=\"2 minutes\" \/>\n<script type=\"application\/ld+json\" class=\"yoast-schema-graph\">{\"@context\":\"https:\/\/schema.org\",\"@graph\":[{\"@type\":\"Article\",\"@id\":\"https:\/\/www.emballagedigest.fr\/verescence-se-dote-dun-nouveau-four-hybride-pour-le-flaconnage-de-luxe\/#article\",\"isPartOf\":{\"@id\":\"https:\/\/www.emballagedigest.fr\/verescence-se-dote-dun-nouveau-four-hybride-pour-le-flaconnage-de-luxe\/\"},\"author\":{\"name\":\"Karine Duval\",\"@id\":\"https:\/\/www.emballagedigest.fr\/#\/schema\/person\/76abe9f2b2ee4d3d520594c7a35da59f\"},\"headline\":\"Verescence se dote d\u2019un nouveau four hybride pour le flaconnage de luxe\",\"datePublished\":\"2025-07-02T05:19:18+00:00\",\"dateModified\":\"2025-07-03T07:41:38+00:00\",\"mainEntityOfPage\":{\"@id\":\"https:\/\/www.emballagedigest.fr\/verescence-se-dote-dun-nouveau-four-hybride-pour-le-flaconnage-de-luxe\/\"},\"wordCount\":377,\"publisher\":{\"@id\":\"https:\/\/www.emballagedigest.fr\/#organization\"},\"image\":{\"@id\":\"https:\/\/www.emballagedigest.fr\/verescence-se-dote-dun-nouveau-four-hybride-pour-le-flaconnage-de-luxe\/#primaryimage\"},\"thumbnailUrl\":\"https:\/\/www.emballagedigest.fr\/wp-content\/uploads\/2025\/07\/Verescence.jpg\",\"articleSection\":[\"Article entier\",\"Packaging\",\"Parfumerie &amp; Cosm\u00e9tique\"],\"inLanguage\":\"en-GB\"},{\"@type\":\"WebPage\",\"@id\":\"https:\/\/www.emballagedigest.fr\/verescence-se-dote-dun-nouveau-four-hybride-pour-le-flaconnage-de-luxe\/\",\"url\":\"https:\/\/www.emballagedigest.fr\/verescence-se-dote-dun-nouveau-four-hybride-pour-le-flaconnage-de-luxe\/\",\"name\":\"Verescence se dote d\u2019un nouveau four hybride pour le flaconnage de luxe - Emballage Digest\",\"isPartOf\":{\"@id\":\"https:\/\/www.emballagedigest.fr\/#website\"},\"primaryImageOfPage\":{\"@id\":\"https:\/\/www.emballagedigest.fr\/verescence-se-dote-dun-nouveau-four-hybride-pour-le-flaconnage-de-luxe\/#primaryimage\"},\"image\":{\"@id\":\"https:\/\/www.emballagedigest.fr\/verescence-se-dote-dun-nouveau-four-hybride-pour-le-flaconnage-de-luxe\/#primaryimage\"},\"thumbnailUrl\":\"https:\/\/www.emballagedigest.fr\/wp-content\/uploads\/2025\/07\/Verescence.jpg\",\"datePublished\":\"2025-07-02T05:19:18+00:00\",\"dateModified\":\"2025-07-03T07:41:38+00:00\",\"breadcrumb\":{\"@id\":\"https:\/\/www.emballagedigest.fr\/verescence-se-dote-dun-nouveau-four-hybride-pour-le-flaconnage-de-luxe\/#breadcrumb\"},\"inLanguage\":\"en-GB\",\"potentialAction\":[{\"@type\":\"ReadAction\",\"target\":[\"https:\/\/www.emballagedigest.fr\/verescence-se-dote-dun-nouveau-four-hybride-pour-le-flaconnage-de-luxe\/\"]}]},{\"@type\":\"ImageObject\",\"inLanguage\":\"en-GB\",\"@id\":\"https:\/\/www.emballagedigest.fr\/verescence-se-dote-dun-nouveau-four-hybride-pour-le-flaconnage-de-luxe\/#primaryimage\",\"url\":\"https:\/\/www.emballagedigest.fr\/wp-content\/uploads\/2025\/07\/Verescence.jpg\",\"contentUrl\":\"https:\/\/www.emballagedigest.fr\/wp-content\/uploads\/2025\/07\/Verescence.jpg\",\"width\":800,\"height\":600},{\"@type\":\"BreadcrumbList\",\"@id\":\"https:\/\/www.emballagedigest.fr\/verescence-se-dote-dun-nouveau-four-hybride-pour-le-flaconnage-de-luxe\/#breadcrumb\",\"itemListElement\":[{\"@type\":\"ListItem\",\"position\":1,\"name\":\"Accueil\",\"item\":\"https:\/\/www.emballagedigest.fr\/\"},{\"@type\":\"ListItem\",\"position\":2,\"name\":\"Verescence se dote d\u2019un nouveau four hybride pour le flaconnage de luxe\"}]},{\"@type\":\"WebSite\",\"@id\":\"https:\/\/www.emballagedigest.fr\/#website\",\"url\":\"https:\/\/www.emballagedigest.fr\/\",\"name\":\"Emballage Digest\",\"description\":\"Revue professionnelle sur les emballages\",\"publisher\":{\"@id\":\"https:\/\/www.emballagedigest.fr\/#organization\"},\"potentialAction\":[{\"@type\":\"SearchAction\",\"target\":{\"@type\":\"EntryPoint\",\"urlTemplate\":\"https:\/\/www.emballagedigest.fr\/?s={search_term_string}\"},\"query-input\":{\"@type\":\"PropertyValueSpecification\",\"valueRequired\":true,\"valueName\":\"search_term_string\"}}],\"inLanguage\":\"en-GB\"},{\"@type\":\"Organization\",\"@id\":\"https:\/\/www.emballagedigest.fr\/#organization\",\"name\":\"Emballage Digest\",\"url\":\"https:\/\/www.emballagedigest.fr\/\",\"logo\":{\"@type\":\"ImageObject\",\"inLanguage\":\"en-GB\",\"@id\":\"https:\/\/www.emballagedigest.fr\/#\/schema\/logo\/image\/\",\"url\":\"https:\/\/www.emballagedigest.fr\/wp-content\/uploads\/2022\/07\/logo-ed.png\",\"contentUrl\":\"https:\/\/www.emballagedigest.fr\/wp-content\/uploads\/2022\/07\/logo-ed.png\",\"width\":379,\"height\":75,\"caption\":\"Emballage Digest\"},\"image\":{\"@id\":\"https:\/\/www.emballagedigest.fr\/#\/schema\/logo\/image\/\"}},{\"@type\":\"Person\",\"@id\":\"https:\/\/www.emballagedigest.fr\/#\/schema\/person\/76abe9f2b2ee4d3d520594c7a35da59f\",\"name\":\"Karine Duval\",\"image\":{\"@type\":\"ImageObject\",\"inLanguage\":\"en-GB\",\"@id\":\"https:\/\/www.emballagedigest.fr\/#\/schema\/person\/image\/\",\"url\":\"https:\/\/secure.gravatar.com\/avatar\/f552799261cdd2e076e6677d780ef07bdb13aa4c196ab75b39abcbcdcae2d4e5?s=96&d=mm&r=g\",\"contentUrl\":\"https:\/\/secure.gravatar.com\/avatar\/f552799261cdd2e076e6677d780ef07bdb13aa4c196ab75b39abcbcdcae2d4e5?s=96&d=mm&r=g\",\"caption\":\"Karine Duval\"},\"url\":\"https:\/\/www.emballagedigest.fr\/en\/author\/admin_karduv\/\"}]}<\/script>\n<!-- \/ Yoast SEO plugin. -->","yoast_head_json":{"title":"Verescence se dote d\u2019un nouveau four hybride pour le flaconnage de luxe - Emballage Digest","robots":{"index":"index","follow":"follow","max-snippet":"max-snippet:-1","max-image-preview":"max-image-preview:large","max-video-preview":"max-video-preview:-1"},"canonical":"https:\/\/www.emballagedigest.fr\/en\/verescence-se-dote-dun-nouveau-four-hybride-pour-le-flaconnage-de-luxe\/","og_locale":"en_GB","og_type":"article","og_title":"Verescence se dote d\u2019un nouveau four hybride pour le flaconnage de luxe - Emballage Digest","og_description":"Verescence, expert mondial du flaconnage de luxe pour l\u2019industrie parfumerie-cosm\u00e9tique, et Fives, groupe d\u2019ing\u00e9nierie international, ont nou\u00e9 un partenariat strat\u00e9gique visant \u00e0 d\u00e9carboner la production de verre en France. Le projet pr\u00e9voit le remplacement d\u2019un four existant par une nouvelle technologie hybride oxy-gaz sur le site de Verescence \u00e0 Mers-les-Bains. Il s\u2019agira du premier four [&hellip;]","og_url":"https:\/\/www.emballagedigest.fr\/en\/verescence-se-dote-dun-nouveau-four-hybride-pour-le-flaconnage-de-luxe\/","og_site_name":"Emballage Digest","article_published_time":"2025-07-02T05:19:18+00:00","article_modified_time":"2025-07-03T07:41:38+00:00","og_image":[{"width":800,"height":600,"url":"https:\/\/www.emballagedigest.fr\/wp-content\/uploads\/2025\/07\/Verescence.jpg","type":"image\/jpeg"}],"author":"Karine Duval","twitter_card":"summary_large_image","twitter_misc":{"Written by":"Karine Duval","Estimated reading time":"2 minutes"},"schema":{"@context":"https:\/\/schema.org","@graph":[{"@type":"Article","@id":"https:\/\/www.emballagedigest.fr\/verescence-se-dote-dun-nouveau-four-hybride-pour-le-flaconnage-de-luxe\/#article","isPartOf":{"@id":"https:\/\/www.emballagedigest.fr\/verescence-se-dote-dun-nouveau-four-hybride-pour-le-flaconnage-de-luxe\/"},"author":{"name":"Karine Duval","@id":"https:\/\/www.emballagedigest.fr\/#\/schema\/person\/76abe9f2b2ee4d3d520594c7a35da59f"},"headline":"Verescence se dote d\u2019un nouveau four hybride pour le flaconnage de luxe","datePublished":"2025-07-02T05:19:18+00:00","dateModified":"2025-07-03T07:41:38+00:00","mainEntityOfPage":{"@id":"https:\/\/www.emballagedigest.fr\/verescence-se-dote-dun-nouveau-four-hybride-pour-le-flaconnage-de-luxe\/"},"wordCount":377,"publisher":{"@id":"https:\/\/www.emballagedigest.fr\/#organization"},"image":{"@id":"https:\/\/www.emballagedigest.fr\/verescence-se-dote-dun-nouveau-four-hybride-pour-le-flaconnage-de-luxe\/#primaryimage"},"thumbnailUrl":"https:\/\/www.emballagedigest.fr\/wp-content\/uploads\/2025\/07\/Verescence.jpg","articleSection":["Article entier","Packaging","Parfumerie &amp; Cosm\u00e9tique"],"inLanguage":"en-GB"},{"@type":"WebPage","@id":"https:\/\/www.emballagedigest.fr\/verescence-se-dote-dun-nouveau-four-hybride-pour-le-flaconnage-de-luxe\/","url":"https:\/\/www.emballagedigest.fr\/verescence-se-dote-dun-nouveau-four-hybride-pour-le-flaconnage-de-luxe\/","name":"Verescence se dote d\u2019un nouveau four hybride pour le flaconnage de luxe - Emballage Digest","isPartOf":{"@id":"https:\/\/www.emballagedigest.fr\/#website"},"primaryImageOfPage":{"@id":"https:\/\/www.emballagedigest.fr\/verescence-se-dote-dun-nouveau-four-hybride-pour-le-flaconnage-de-luxe\/#primaryimage"},"image":{"@id":"https:\/\/www.emballagedigest.fr\/verescence-se-dote-dun-nouveau-four-hybride-pour-le-flaconnage-de-luxe\/#primaryimage"},"thumbnailUrl":"https:\/\/www.emballagedigest.fr\/wp-content\/uploads\/2025\/07\/Verescence.jpg","datePublished":"2025-07-02T05:19:18+00:00","dateModified":"2025-07-03T07:41:38+00:00","breadcrumb":{"@id":"https:\/\/www.emballagedigest.fr\/verescence-se-dote-dun-nouveau-four-hybride-pour-le-flaconnage-de-luxe\/#breadcrumb"},"inLanguage":"en-GB","potentialAction":[{"@type":"ReadAction","target":["https:\/\/www.emballagedigest.fr\/verescence-se-dote-dun-nouveau-four-hybride-pour-le-flaconnage-de-luxe\/"]}]},{"@type":"ImageObject","inLanguage":"en-GB","@id":"https:\/\/www.emballagedigest.fr\/verescence-se-dote-dun-nouveau-four-hybride-pour-le-flaconnage-de-luxe\/#primaryimage","url":"https:\/\/www.emballagedigest.fr\/wp-content\/uploads\/2025\/07\/Verescence.jpg","contentUrl":"https:\/\/www.emballagedigest.fr\/wp-content\/uploads\/2025\/07\/Verescence.jpg","width":800,"height":600},{"@type":"BreadcrumbList","@id":"https:\/\/www.emballagedigest.fr\/verescence-se-dote-dun-nouveau-four-hybride-pour-le-flaconnage-de-luxe\/#breadcrumb","itemListElement":[{"@type":"ListItem","position":1,"name":"Accueil","item":"https:\/\/www.emballagedigest.fr\/"},{"@type":"ListItem","position":2,"name":"Verescence se dote d\u2019un nouveau four hybride pour le flaconnage de luxe"}]},{"@type":"WebSite","@id":"https:\/\/www.emballagedigest.fr\/#website","url":"https:\/\/www.emballagedigest.fr\/","name":"Emballage Digest","description":"Revue professionnelle sur les emballages","publisher":{"@id":"https:\/\/www.emballagedigest.fr\/#organization"},"potentialAction":[{"@type":"SearchAction","target":{"@type":"EntryPoint","urlTemplate":"https:\/\/www.emballagedigest.fr\/?s={search_term_string}"},"query-input":{"@type":"PropertyValueSpecification","valueRequired":true,"valueName":"search_term_string"}}],"inLanguage":"en-GB"},{"@type":"Organization","@id":"https:\/\/www.emballagedigest.fr\/#organization","name":"Emballage Digest","url":"https:\/\/www.emballagedigest.fr\/","logo":{"@type":"ImageObject","inLanguage":"en-GB","@id":"https:\/\/www.emballagedigest.fr\/#\/schema\/logo\/image\/","url":"https:\/\/www.emballagedigest.fr\/wp-content\/uploads\/2022\/07\/logo-ed.png","contentUrl":"https:\/\/www.emballagedigest.fr\/wp-content\/uploads\/2022\/07\/logo-ed.png","width":379,"height":75,"caption":"Emballage Digest"},"image":{"@id":"https:\/\/www.emballagedigest.fr\/#\/schema\/logo\/image\/"}},{"@type":"Person","@id":"https:\/\/www.emballagedigest.fr\/#\/schema\/person\/76abe9f2b2ee4d3d520594c7a35da59f","name":"Karine Duval","image":{"@type":"ImageObject","inLanguage":"en-GB","@id":"https:\/\/www.emballagedigest.fr\/#\/schema\/person\/image\/","url":"https:\/\/secure.gravatar.com\/avatar\/f552799261cdd2e076e6677d780ef07bdb13aa4c196ab75b39abcbcdcae2d4e5?s=96&d=mm&r=g","contentUrl":"https:\/\/secure.gravatar.com\/avatar\/f552799261cdd2e076e6677d780ef07bdb13aa4c196ab75b39abcbcdcae2d4e5?s=96&d=mm&r=g","caption":"Karine Duval"},"url":"https:\/\/www.emballagedigest.fr\/en\/author\/admin_karduv\/"}]}},"_links":{"self":[{"href":"https:\/\/www.emballagedigest.fr\/en\/wp-json\/wp\/v2\/posts\/44952","targetHints":{"allow":["GET"]}}],"collection":[{"href":"https:\/\/www.emballagedigest.fr\/en\/wp-json\/wp\/v2\/posts"}],"about":[{"href":"https:\/\/www.emballagedigest.fr\/en\/wp-json\/wp\/v2\/types\/post"}],"author":[{"embeddable":true,"href":"https:\/\/www.emballagedigest.fr\/en\/wp-json\/wp\/v2\/users\/2"}],"replies":[{"embeddable":true,"href":"https:\/\/www.emballagedigest.fr\/en\/wp-json\/wp\/v2\/comments?post=44952"}],"version-history":[{"count":1,"href":"https:\/\/www.emballagedigest.fr\/en\/wp-json\/wp\/v2\/posts\/44952\/revisions"}],"predecessor-version":[{"id":44954,"href":"https:\/\/www.emballagedigest.fr\/en\/wp-json\/wp\/v2\/posts\/44952\/revisions\/44954"}],"wp:featuredmedia":[{"embeddable":true,"href":"https:\/\/www.emballagedigest.fr\/en\/wp-json\/wp\/v2\/media\/44953"}],"wp:attachment":[{"href":"https:\/\/www.emballagedigest.fr\/en\/wp-json\/wp\/v2\/media?parent=44952"}],"wp:term":[{"taxonomy":"category","embeddable":true,"href":"https:\/\/www.emballagedigest.fr\/en\/wp-json\/wp\/v2\/categories?post=44952"},{"taxonomy":"post_tag","embeddable":true,"href":"https:\/\/www.emballagedigest.fr\/en\/wp-json\/wp\/v2\/tags?post=44952"}],"curies":[{"name":"wp","href":"https:\/\/api.w.org\/{rel}","templated":true}]}}