{"id":44955,"date":"2025-07-02T07:20:23","date_gmt":"2025-07-02T05:20:23","guid":{"rendered":"https:\/\/www.emballagedigest.fr\/?p=44955"},"modified":"2025-07-02T07:20:24","modified_gmt":"2025-07-02T05:20:24","slug":"omron-renforce-son-equipe-commerciale-en-europe-centrale","status":"publish","type":"post","link":"https:\/\/www.emballagedigest.fr\/en\/omron-renforce-son-equipe-commerciale-en-europe-centrale\/","title":{"rendered":"Omron renforce son \u00e9quipe commerciale en Europe Centrale"},"content":{"rendered":"<p><strong>Omron annonce la nomination de St\u00e9phane Ch\u00f4mienne au poste de Directeur Commercial R\u00e9gional Europe Centrale, tout en maintenant son r\u00f4le de Directeur G\u00e9n\u00e9ral d\u2019Omron France, qu\u2019il occupe depuis 2015. Cette prise de poste s\u2019inscrit dans le cadre d\u2019un plan de succession manag\u00e9riale structur\u00e9, \u00e0 la suite du d\u00e9part \u00e0 la retraite pr\u00e9vu du Dr Klaus Kluger en novembre 2025. Depuis le 1er avril, St\u00e9phane exerce \u00e9galement la fonction de Directeur G\u00e9n\u00e9ral Adjoint Europe Centrale.<\/strong><br><br>Fort de plus de 20 ans d\u2019exp\u00e9rience internationale, notamment \u00e0 des postes de direction en France et en Allemagne, St\u00e9phane Ch\u00f4mienne dispose d\u2019une connaissance approfondie des march\u00e9s et d\u2019une expertise reconnue dans le d\u00e9veloppement des \u00e9quipes locales, en phase avec la strat\u00e9gie mondiale d\u2019Omron. \u00ab&nbsp;La France et l\u2019Allemagne ont chacune leurs sp\u00e9cificit\u00e9s, qu\u2019elles soient culturelles ou \u00e9conomiques, mais elles partagent un m\u00eame besoin d\u2019automatisation intelligente et flexible&nbsp;\u00bb, explique St\u00e9phane Ch\u00f4mienne. \u00ab&nbsp;Ma\u00eetriser les diff\u00e9rences tout en s\u2019appuyant sur des priorit\u00e9s communes, comme l\u2019efficacit\u00e9 \u00e9nerg\u00e9tique, la tra\u00e7abilit\u00e9 ou la r\u00e9activit\u00e9, sera essentiel pour cr\u00e9er de la valeur dans l\u2019ensemble de la r\u00e9gion&nbsp;\u00bb.<\/p>\n\n\n\n<p>Depuis sa nomination en 2015 \u00e0 la t\u00eate d\u2019Omron France, St\u00e9phane Ch\u00f4mienne a mis l\u2019accent sur le renforcement des partenariats clients, le d\u00e9veloppement des \u00e9quipes locales et l\u2019impulsion d\u2019une croissance durable et rentable. Son nouveau p\u00e9rim\u00e8tre lui permettra d\u2019intensifier la collaboration entre les \u00e9quipes des diff\u00e9rents pays et de relever des d\u00e9fis partag\u00e9s tels que la transformation num\u00e9rique, la p\u00e9nurie de talents qualifi\u00e9s ou encore les enjeux li\u00e9s \u00e0 la durabilit\u00e9.<\/p>\n\n\n\n<p>\u00ab&nbsp;Je suis particuli\u00e8rement heureux de pouvoir rapprocher les expertises locales des meilleures pratiques r\u00e9gionales&nbsp;\u00bb, poursuit-il. \u00ab&nbsp;La force d\u2019Omron r\u00e9side dans notre capacit\u00e9 unique \u00e0 associer des technologies de pointe \u2014 robotique, vision industrielle, intelligence artificielle \u2014 \u00e0 une approche humaine et de proximit\u00e9 avec nos clients. Cet \u00e9quilibre est essentiel pour cod\u00e9velopper des solutions concr\u00e8tes, de l\u2019atelier de production jusqu\u2019\u00e0 la gestion globale des op\u00e9rations&nbsp;\u00bb.<\/p>","protected":false},"excerpt":{"rendered":"<p>Omron annonce la nomination de St\u00e9phane Ch\u00f4mienne au poste de Directeur Commercial R\u00e9gional Europe Centrale, tout en maintenant son r\u00f4le de Directeur G\u00e9n\u00e9ral d\u2019Omron France, qu\u2019il occupe depuis 2015. Cette prise de poste s\u2019inscrit dans le cadre d\u2019un plan de succession manag\u00e9riale structur\u00e9, \u00e0 la suite du d\u00e9part \u00e0 la retraite pr\u00e9vu du Dr Klaus [&hellip;]<\/p>","protected":false},"author":2,"featured_media":44956,"comment_status":"closed","ping_status":"closed","sticky":false,"template":"","format":"standard","meta":{"_acf_changed":false,"inline_featured_image":false,"iawp_total_views":2,"footnotes":""},"categories":[28,9,76],"tags":[],"class_list":["post-44955","post","type-post","status-publish","format-standard","has-post-thumbnail","hentry","category-article-entier","category-materiel","category-nomination"],"acf":[],"yoast_head":"<!-- This site is optimized with the Yoast SEO plugin v24.4 - https:\/\/yoast.com\/wordpress\/plugins\/seo\/ -->\n<title>Omron renforce son \u00e9quipe commerciale en Europe Centrale - Emballage Digest<\/title>\n<meta name=\"robots\" content=\"index, follow, max-snippet:-1, max-image-preview:large, max-video-preview:-1\" \/>\n<link rel=\"canonical\" href=\"https:\/\/www.emballagedigest.fr\/en\/omron-renforce-son-equipe-commerciale-en-europe-centrale\/\" \/>\n<meta property=\"og:locale\" content=\"en_GB\" \/>\n<meta property=\"og:type\" content=\"article\" \/>\n<meta property=\"og:title\" content=\"Omron renforce son \u00e9quipe commerciale en Europe Centrale - Emballage Digest\" \/>\n<meta property=\"og:description\" content=\"Omron annonce la nomination de St\u00e9phane Ch\u00f4mienne au poste de Directeur Commercial R\u00e9gional Europe Centrale, tout en maintenant son r\u00f4le de Directeur G\u00e9n\u00e9ral d\u2019Omron France, qu\u2019il occupe depuis 2015. Cette prise de poste s\u2019inscrit dans le cadre d\u2019un plan de succession manag\u00e9riale structur\u00e9, \u00e0 la suite du d\u00e9part \u00e0 la retraite pr\u00e9vu du Dr Klaus [&hellip;]\" \/>\n<meta property=\"og:url\" content=\"https:\/\/www.emballagedigest.fr\/en\/omron-renforce-son-equipe-commerciale-en-europe-centrale\/\" \/>\n<meta property=\"og:site_name\" content=\"Emballage Digest\" \/>\n<meta property=\"article:published_time\" content=\"2025-07-02T05:20:23+00:00\" \/>\n<meta property=\"article:modified_time\" content=\"2025-07-02T05:20:24+00:00\" \/>\n<meta property=\"og:image\" content=\"https:\/\/www.emballagedigest.fr\/wp-content\/uploads\/2025\/07\/Omron.jpg\" \/>\n\t<meta property=\"og:image:width\" content=\"800\" \/>\n\t<meta property=\"og:image:height\" content=\"600\" \/>\n\t<meta property=\"og:image:type\" content=\"image\/jpeg\" \/>\n<meta name=\"author\" content=\"Karine Duval\" \/>\n<meta name=\"twitter:card\" content=\"summary_large_image\" \/>\n<meta name=\"twitter:label1\" content=\"Written by\" \/>\n\t<meta name=\"twitter:data1\" content=\"Karine Duval\" \/>\n\t<meta name=\"twitter:label2\" content=\"Estimated reading time\" \/>\n\t<meta name=\"twitter:data2\" content=\"2 minutes\" \/>\n<script type=\"application\/ld+json\" class=\"yoast-schema-graph\">{\"@context\":\"https:\/\/schema.org\",\"@graph\":[{\"@type\":\"Article\",\"@id\":\"https:\/\/www.emballagedigest.fr\/omron-renforce-son-equipe-commerciale-en-europe-centrale\/#article\",\"isPartOf\":{\"@id\":\"https:\/\/www.emballagedigest.fr\/omron-renforce-son-equipe-commerciale-en-europe-centrale\/\"},\"author\":{\"name\":\"Karine Duval\",\"@id\":\"https:\/\/www.emballagedigest.fr\/#\/schema\/person\/76abe9f2b2ee4d3d520594c7a35da59f\"},\"headline\":\"Omron renforce son \u00e9quipe commerciale en Europe Centrale\",\"datePublished\":\"2025-07-02T05:20:23+00:00\",\"dateModified\":\"2025-07-02T05:20:24+00:00\",\"mainEntityOfPage\":{\"@id\":\"https:\/\/www.emballagedigest.fr\/omron-renforce-son-equipe-commerciale-en-europe-centrale\/\"},\"wordCount\":384,\"publisher\":{\"@id\":\"https:\/\/www.emballagedigest.fr\/#organization\"},\"image\":{\"@id\":\"https:\/\/www.emballagedigest.fr\/omron-renforce-son-equipe-commerciale-en-europe-centrale\/#primaryimage\"},\"thumbnailUrl\":\"https:\/\/www.emballagedigest.fr\/wp-content\/uploads\/2025\/07\/Omron.jpg\",\"articleSection\":[\"Article entier\",\"Mat\u00e9riel\",\"Nomination\"],\"inLanguage\":\"en-GB\"},{\"@type\":\"WebPage\",\"@id\":\"https:\/\/www.emballagedigest.fr\/omron-renforce-son-equipe-commerciale-en-europe-centrale\/\",\"url\":\"https:\/\/www.emballagedigest.fr\/omron-renforce-son-equipe-commerciale-en-europe-centrale\/\",\"name\":\"Omron renforce son \u00e9quipe commerciale en Europe Centrale - Emballage Digest\",\"isPartOf\":{\"@id\":\"https:\/\/www.emballagedigest.fr\/#website\"},\"primaryImageOfPage\":{\"@id\":\"https:\/\/www.emballagedigest.fr\/omron-renforce-son-equipe-commerciale-en-europe-centrale\/#primaryimage\"},\"image\":{\"@id\":\"https:\/\/www.emballagedigest.fr\/omron-renforce-son-equipe-commerciale-en-europe-centrale\/#primaryimage\"},\"thumbnailUrl\":\"https:\/\/www.emballagedigest.fr\/wp-content\/uploads\/2025\/07\/Omron.jpg\",\"datePublished\":\"2025-07-02T05:20:23+00:00\",\"dateModified\":\"2025-07-02T05:20:24+00:00\",\"breadcrumb\":{\"@id\":\"https:\/\/www.emballagedigest.fr\/omron-renforce-son-equipe-commerciale-en-europe-centrale\/#breadcrumb\"},\"inLanguage\":\"en-GB\",\"potentialAction\":[{\"@type\":\"ReadAction\",\"target\":[\"https:\/\/www.emballagedigest.fr\/omron-renforce-son-equipe-commerciale-en-europe-centrale\/\"]}]},{\"@type\":\"ImageObject\",\"inLanguage\":\"en-GB\",\"@id\":\"https:\/\/www.emballagedigest.fr\/omron-renforce-son-equipe-commerciale-en-europe-centrale\/#primaryimage\",\"url\":\"https:\/\/www.emballagedigest.fr\/wp-content\/uploads\/2025\/07\/Omron.jpg\",\"contentUrl\":\"https:\/\/www.emballagedigest.fr\/wp-content\/uploads\/2025\/07\/Omron.jpg\",\"width\":800,\"height\":600},{\"@type\":\"BreadcrumbList\",\"@id\":\"https:\/\/www.emballagedigest.fr\/omron-renforce-son-equipe-commerciale-en-europe-centrale\/#breadcrumb\",\"itemListElement\":[{\"@type\":\"ListItem\",\"position\":1,\"name\":\"Accueil\",\"item\":\"https:\/\/www.emballagedigest.fr\/\"},{\"@type\":\"ListItem\",\"position\":2,\"name\":\"Omron renforce son \u00e9quipe commerciale en Europe Centrale\"}]},{\"@type\":\"WebSite\",\"@id\":\"https:\/\/www.emballagedigest.fr\/#website\",\"url\":\"https:\/\/www.emballagedigest.fr\/\",\"name\":\"Emballage Digest\",\"description\":\"Revue professionnelle sur les emballages\",\"publisher\":{\"@id\":\"https:\/\/www.emballagedigest.fr\/#organization\"},\"potentialAction\":[{\"@type\":\"SearchAction\",\"target\":{\"@type\":\"EntryPoint\",\"urlTemplate\":\"https:\/\/www.emballagedigest.fr\/?s={search_term_string}\"},\"query-input\":{\"@type\":\"PropertyValueSpecification\",\"valueRequired\":true,\"valueName\":\"search_term_string\"}}],\"inLanguage\":\"en-GB\"},{\"@type\":\"Organization\",\"@id\":\"https:\/\/www.emballagedigest.fr\/#organization\",\"name\":\"Emballage Digest\",\"url\":\"https:\/\/www.emballagedigest.fr\/\",\"logo\":{\"@type\":\"ImageObject\",\"inLanguage\":\"en-GB\",\"@id\":\"https:\/\/www.emballagedigest.fr\/#\/schema\/logo\/image\/\",\"url\":\"https:\/\/www.emballagedigest.fr\/wp-content\/uploads\/2022\/07\/logo-ed.png\",\"contentUrl\":\"https:\/\/www.emballagedigest.fr\/wp-content\/uploads\/2022\/07\/logo-ed.png\",\"width\":379,\"height\":75,\"caption\":\"Emballage Digest\"},\"image\":{\"@id\":\"https:\/\/www.emballagedigest.fr\/#\/schema\/logo\/image\/\"}},{\"@type\":\"Person\",\"@id\":\"https:\/\/www.emballagedigest.fr\/#\/schema\/person\/76abe9f2b2ee4d3d520594c7a35da59f\",\"name\":\"Karine Duval\",\"image\":{\"@type\":\"ImageObject\",\"inLanguage\":\"en-GB\",\"@id\":\"https:\/\/www.emballagedigest.fr\/#\/schema\/person\/image\/\",\"url\":\"https:\/\/secure.gravatar.com\/avatar\/f552799261cdd2e076e6677d780ef07bdb13aa4c196ab75b39abcbcdcae2d4e5?s=96&d=mm&r=g\",\"contentUrl\":\"https:\/\/secure.gravatar.com\/avatar\/f552799261cdd2e076e6677d780ef07bdb13aa4c196ab75b39abcbcdcae2d4e5?s=96&d=mm&r=g\",\"caption\":\"Karine Duval\"},\"url\":\"https:\/\/www.emballagedigest.fr\/en\/author\/admin_karduv\/\"}]}<\/script>\n<!-- \/ Yoast SEO plugin. -->","yoast_head_json":{"title":"Omron renforce son \u00e9quipe commerciale en Europe Centrale - Emballage Digest","robots":{"index":"index","follow":"follow","max-snippet":"max-snippet:-1","max-image-preview":"max-image-preview:large","max-video-preview":"max-video-preview:-1"},"canonical":"https:\/\/www.emballagedigest.fr\/en\/omron-renforce-son-equipe-commerciale-en-europe-centrale\/","og_locale":"en_GB","og_type":"article","og_title":"Omron renforce son \u00e9quipe commerciale en Europe Centrale - Emballage Digest","og_description":"Omron annonce la nomination de St\u00e9phane Ch\u00f4mienne au poste de Directeur Commercial R\u00e9gional Europe Centrale, tout en maintenant son r\u00f4le de Directeur G\u00e9n\u00e9ral d\u2019Omron France, qu\u2019il occupe depuis 2015. Cette prise de poste s\u2019inscrit dans le cadre d\u2019un plan de succession manag\u00e9riale structur\u00e9, \u00e0 la suite du d\u00e9part \u00e0 la retraite pr\u00e9vu du Dr Klaus [&hellip;]","og_url":"https:\/\/www.emballagedigest.fr\/en\/omron-renforce-son-equipe-commerciale-en-europe-centrale\/","og_site_name":"Emballage Digest","article_published_time":"2025-07-02T05:20:23+00:00","article_modified_time":"2025-07-02T05:20:24+00:00","og_image":[{"width":800,"height":600,"url":"https:\/\/www.emballagedigest.fr\/wp-content\/uploads\/2025\/07\/Omron.jpg","type":"image\/jpeg"}],"author":"Karine Duval","twitter_card":"summary_large_image","twitter_misc":{"Written by":"Karine Duval","Estimated reading time":"2 minutes"},"schema":{"@context":"https:\/\/schema.org","@graph":[{"@type":"Article","@id":"https:\/\/www.emballagedigest.fr\/omron-renforce-son-equipe-commerciale-en-europe-centrale\/#article","isPartOf":{"@id":"https:\/\/www.emballagedigest.fr\/omron-renforce-son-equipe-commerciale-en-europe-centrale\/"},"author":{"name":"Karine Duval","@id":"https:\/\/www.emballagedigest.fr\/#\/schema\/person\/76abe9f2b2ee4d3d520594c7a35da59f"},"headline":"Omron renforce son \u00e9quipe commerciale en Europe Centrale","datePublished":"2025-07-02T05:20:23+00:00","dateModified":"2025-07-02T05:20:24+00:00","mainEntityOfPage":{"@id":"https:\/\/www.emballagedigest.fr\/omron-renforce-son-equipe-commerciale-en-europe-centrale\/"},"wordCount":384,"publisher":{"@id":"https:\/\/www.emballagedigest.fr\/#organization"},"image":{"@id":"https:\/\/www.emballagedigest.fr\/omron-renforce-son-equipe-commerciale-en-europe-centrale\/#primaryimage"},"thumbnailUrl":"https:\/\/www.emballagedigest.fr\/wp-content\/uploads\/2025\/07\/Omron.jpg","articleSection":["Article entier","Mat\u00e9riel","Nomination"],"inLanguage":"en-GB"},{"@type":"WebPage","@id":"https:\/\/www.emballagedigest.fr\/omron-renforce-son-equipe-commerciale-en-europe-centrale\/","url":"https:\/\/www.emballagedigest.fr\/omron-renforce-son-equipe-commerciale-en-europe-centrale\/","name":"Omron renforce son \u00e9quipe commerciale en Europe Centrale - Emballage Digest","isPartOf":{"@id":"https:\/\/www.emballagedigest.fr\/#website"},"primaryImageOfPage":{"@id":"https:\/\/www.emballagedigest.fr\/omron-renforce-son-equipe-commerciale-en-europe-centrale\/#primaryimage"},"image":{"@id":"https:\/\/www.emballagedigest.fr\/omron-renforce-son-equipe-commerciale-en-europe-centrale\/#primaryimage"},"thumbnailUrl":"https:\/\/www.emballagedigest.fr\/wp-content\/uploads\/2025\/07\/Omron.jpg","datePublished":"2025-07-02T05:20:23+00:00","dateModified":"2025-07-02T05:20:24+00:00","breadcrumb":{"@id":"https:\/\/www.emballagedigest.fr\/omron-renforce-son-equipe-commerciale-en-europe-centrale\/#breadcrumb"},"inLanguage":"en-GB","potentialAction":[{"@type":"ReadAction","target":["https:\/\/www.emballagedigest.fr\/omron-renforce-son-equipe-commerciale-en-europe-centrale\/"]}]},{"@type":"ImageObject","inLanguage":"en-GB","@id":"https:\/\/www.emballagedigest.fr\/omron-renforce-son-equipe-commerciale-en-europe-centrale\/#primaryimage","url":"https:\/\/www.emballagedigest.fr\/wp-content\/uploads\/2025\/07\/Omron.jpg","contentUrl":"https:\/\/www.emballagedigest.fr\/wp-content\/uploads\/2025\/07\/Omron.jpg","width":800,"height":600},{"@type":"BreadcrumbList","@id":"https:\/\/www.emballagedigest.fr\/omron-renforce-son-equipe-commerciale-en-europe-centrale\/#breadcrumb","itemListElement":[{"@type":"ListItem","position":1,"name":"Accueil","item":"https:\/\/www.emballagedigest.fr\/"},{"@type":"ListItem","position":2,"name":"Omron renforce son \u00e9quipe commerciale en Europe Centrale"}]},{"@type":"WebSite","@id":"https:\/\/www.emballagedigest.fr\/#website","url":"https:\/\/www.emballagedigest.fr\/","name":"Emballage Digest","description":"Revue professionnelle sur les emballages","publisher":{"@id":"https:\/\/www.emballagedigest.fr\/#organization"},"potentialAction":[{"@type":"SearchAction","target":{"@type":"EntryPoint","urlTemplate":"https:\/\/www.emballagedigest.fr\/?s={search_term_string}"},"query-input":{"@type":"PropertyValueSpecification","valueRequired":true,"valueName":"search_term_string"}}],"inLanguage":"en-GB"},{"@type":"Organization","@id":"https:\/\/www.emballagedigest.fr\/#organization","name":"Emballage Digest","url":"https:\/\/www.emballagedigest.fr\/","logo":{"@type":"ImageObject","inLanguage":"en-GB","@id":"https:\/\/www.emballagedigest.fr\/#\/schema\/logo\/image\/","url":"https:\/\/www.emballagedigest.fr\/wp-content\/uploads\/2022\/07\/logo-ed.png","contentUrl":"https:\/\/www.emballagedigest.fr\/wp-content\/uploads\/2022\/07\/logo-ed.png","width":379,"height":75,"caption":"Emballage Digest"},"image":{"@id":"https:\/\/www.emballagedigest.fr\/#\/schema\/logo\/image\/"}},{"@type":"Person","@id":"https:\/\/www.emballagedigest.fr\/#\/schema\/person\/76abe9f2b2ee4d3d520594c7a35da59f","name":"Karine Duval","image":{"@type":"ImageObject","inLanguage":"en-GB","@id":"https:\/\/www.emballagedigest.fr\/#\/schema\/person\/image\/","url":"https:\/\/secure.gravatar.com\/avatar\/f552799261cdd2e076e6677d780ef07bdb13aa4c196ab75b39abcbcdcae2d4e5?s=96&d=mm&r=g","contentUrl":"https:\/\/secure.gravatar.com\/avatar\/f552799261cdd2e076e6677d780ef07bdb13aa4c196ab75b39abcbcdcae2d4e5?s=96&d=mm&r=g","caption":"Karine Duval"},"url":"https:\/\/www.emballagedigest.fr\/en\/author\/admin_karduv\/"}]}},"_links":{"self":[{"href":"https:\/\/www.emballagedigest.fr\/en\/wp-json\/wp\/v2\/posts\/44955","targetHints":{"allow":["GET"]}}],"collection":[{"href":"https:\/\/www.emballagedigest.fr\/en\/wp-json\/wp\/v2\/posts"}],"about":[{"href":"https:\/\/www.emballagedigest.fr\/en\/wp-json\/wp\/v2\/types\/post"}],"author":[{"embeddable":true,"href":"https:\/\/www.emballagedigest.fr\/en\/wp-json\/wp\/v2\/users\/2"}],"replies":[{"embeddable":true,"href":"https:\/\/www.emballagedigest.fr\/en\/wp-json\/wp\/v2\/comments?post=44955"}],"version-history":[{"count":1,"href":"https:\/\/www.emballagedigest.fr\/en\/wp-json\/wp\/v2\/posts\/44955\/revisions"}],"predecessor-version":[{"id":44957,"href":"https:\/\/www.emballagedigest.fr\/en\/wp-json\/wp\/v2\/posts\/44955\/revisions\/44957"}],"wp:featuredmedia":[{"embeddable":true,"href":"https:\/\/www.emballagedigest.fr\/en\/wp-json\/wp\/v2\/media\/44956"}],"wp:attachment":[{"href":"https:\/\/www.emballagedigest.fr\/en\/wp-json\/wp\/v2\/media?parent=44955"}],"wp:term":[{"taxonomy":"category","embeddable":true,"href":"https:\/\/www.emballagedigest.fr\/en\/wp-json\/wp\/v2\/categories?post=44955"},{"taxonomy":"post_tag","embeddable":true,"href":"https:\/\/www.emballagedigest.fr\/en\/wp-json\/wp\/v2\/tags?post=44955"}],"curies":[{"name":"wp","href":"https:\/\/api.w.org\/{rel}","templated":true}]}}