{"id":44960,"date":"2025-07-03T09:42:39","date_gmt":"2025-07-03T07:42:39","guid":{"rendered":"https:\/\/www.emballagedigest.fr\/?p=44960"},"modified":"2025-07-04T00:10:15","modified_gmt":"2025-07-03T22:10:15","slug":"emmanuel-ladent-aux-manettes-de-saverglass","status":"publish","type":"post","link":"https:\/\/www.emballagedigest.fr\/en\/emmanuel-ladent-aux-manettes-de-saverglass\/","title":{"rendered":"Emmanuel Ladent aux manettes de Saverglass"},"content":{"rendered":"<p><strong>Apr\u00e8s huit ann\u00e9es pass\u00e9es \u00e0 la Direction de Saverglass et 16 mois \u00e0 diriger la Global Glass Business Unit d\u2019Orora, Jean Marc Arrambourg a d\u00e9cid\u00e9 de prendre sa retraite \u00e0 la fin de l&rsquo;ann\u00e9e civile 2025. Emmanuel Ladent lui succ\u00e8de et est nomm\u00e9 Pr\u00e9sident de Saverglass et de la Global Glass Business Unit d\u2019Orora au 1er juillet 2025.<\/strong><\/p>\n\n\n\n<p>Emmanuel Ladent poss\u00e8de une solide exp\u00e9rience de la direction d&rsquo;entreprises industrielles. Il a pass\u00e9 pr\u00e8s de 30 ans chez Michelin, o\u00f9 il a notamment occup\u00e9 les postes de Pr\u00e9sident de l\u2019activit\u00e9 B2C Global Automotive, Pr\u00e9sident de l\u2019activit\u00e9 B2B Global Agricultural &amp; Off Highway Transportation et Directeur G\u00e9n\u00e9ral de l\u2019activit\u00e9 B2C Passenger Car and Motorcycle. Plus r\u00e9cemment, il a \u00e9t\u00e9 PDG de l&rsquo;entreprise de technologies vertes Carbios dont il a constitu\u00e9 l\u2019\u00e9quipe et dirig\u00e9 la cr\u00e9ation de partenariats strat\u00e9giques qui ont jou\u00e9 un r\u00f4le d\u00e9terminant dans la croissance de l&rsquo;entreprise.<\/p>\n\n\n\n<p>Dirigeant chevronn\u00e9, il poss\u00e8de une forte exp\u00e9rience de la direction d&rsquo;entreprises internationales et notamment de soci\u00e9t\u00e9s cot\u00e9es en bourse. Il aura \u00e0 c\u0153ur de maintenir l&rsquo;excellence des activit\u00e9s de Saverglass tout en accompagnant la croissance des projets d\u2019innovation et de d\u00e9veloppement durable de l\u2019entreprise.<\/p>\n\n\n\n<p>Afin d&rsquo;assurer la transition, Jean-Marc Arrambourg travaillera aux c\u00f4t\u00e9s d\u2019Emmanuel Ladent jusqu&rsquo;\u00e0 la fin de l\u2019ann\u00e9e.<\/p>\n\n\n\n<p><\/p>","protected":false},"excerpt":{"rendered":"<p>Apr\u00e8s huit ann\u00e9es pass\u00e9es \u00e0 la Direction de Saverglass et 16 mois \u00e0 diriger la Global Glass Business Unit d\u2019Orora, Jean Marc Arrambourg a d\u00e9cid\u00e9 de prendre sa retraite \u00e0 la fin de l&rsquo;ann\u00e9e civile 2025. Emmanuel Ladent lui succ\u00e8de et est nomm\u00e9 Pr\u00e9sident de Saverglass et de la Global Glass Business Unit d\u2019Orora au [&hellip;]<\/p>","protected":false},"author":2,"featured_media":44961,"comment_status":"closed","ping_status":"closed","sticky":false,"template":"","format":"standard","meta":{"_acf_changed":false,"inline_featured_image":false,"iawp_total_views":25,"footnotes":""},"categories":[5,28,76,81],"tags":[],"class_list":["post-44960","post","type-post","status-publish","format-standard","has-post-thumbnail","hentry","category-alimentaire","category-article-entier","category-nomination","category-packaging"],"acf":[],"yoast_head":"<!-- This site is optimized with the Yoast SEO plugin v24.4 - https:\/\/yoast.com\/wordpress\/plugins\/seo\/ -->\n<title>Emmanuel Ladent aux manettes de Saverglass - Emballage Digest<\/title>\n<meta name=\"robots\" content=\"index, follow, max-snippet:-1, max-image-preview:large, max-video-preview:-1\" \/>\n<link rel=\"canonical\" href=\"https:\/\/www.emballagedigest.fr\/en\/emmanuel-ladent-aux-manettes-de-saverglass\/\" \/>\n<meta property=\"og:locale\" content=\"en_GB\" \/>\n<meta property=\"og:type\" content=\"article\" \/>\n<meta property=\"og:title\" content=\"Emmanuel Ladent aux manettes de Saverglass - Emballage Digest\" \/>\n<meta property=\"og:description\" content=\"Apr\u00e8s huit ann\u00e9es pass\u00e9es \u00e0 la Direction de Saverglass et 16 mois \u00e0 diriger la Global Glass Business Unit d\u2019Orora, Jean Marc Arrambourg a d\u00e9cid\u00e9 de prendre sa retraite \u00e0 la fin de l&rsquo;ann\u00e9e civile 2025. Emmanuel Ladent lui succ\u00e8de et est nomm\u00e9 Pr\u00e9sident de Saverglass et de la Global Glass Business Unit d\u2019Orora au [&hellip;]\" \/>\n<meta property=\"og:url\" content=\"https:\/\/www.emballagedigest.fr\/en\/emmanuel-ladent-aux-manettes-de-saverglass\/\" \/>\n<meta property=\"og:site_name\" content=\"Emballage Digest\" \/>\n<meta property=\"article:published_time\" content=\"2025-07-03T07:42:39+00:00\" \/>\n<meta property=\"article:modified_time\" content=\"2025-07-03T22:10:15+00:00\" \/>\n<meta property=\"og:image\" content=\"https:\/\/www.emballagedigest.fr\/wp-content\/uploads\/2025\/07\/SAVERGLASS.jpg\" \/>\n\t<meta property=\"og:image:width\" content=\"800\" \/>\n\t<meta property=\"og:image:height\" content=\"600\" \/>\n\t<meta property=\"og:image:type\" content=\"image\/jpeg\" \/>\n<meta name=\"author\" content=\"Karine Duval\" \/>\n<meta name=\"twitter:card\" content=\"summary_large_image\" \/>\n<meta name=\"twitter:label1\" content=\"Written by\" \/>\n\t<meta name=\"twitter:data1\" content=\"Karine Duval\" \/>\n\t<meta name=\"twitter:label2\" content=\"Estimated reading time\" \/>\n\t<meta name=\"twitter:data2\" content=\"2 minutes\" \/>\n<script type=\"application\/ld+json\" class=\"yoast-schema-graph\">{\"@context\":\"https:\/\/schema.org\",\"@graph\":[{\"@type\":\"Article\",\"@id\":\"https:\/\/www.emballagedigest.fr\/emmanuel-ladent-aux-manettes-de-saverglass\/#article\",\"isPartOf\":{\"@id\":\"https:\/\/www.emballagedigest.fr\/emmanuel-ladent-aux-manettes-de-saverglass\/\"},\"author\":{\"name\":\"Karine Duval\",\"@id\":\"https:\/\/www.emballagedigest.fr\/#\/schema\/person\/76abe9f2b2ee4d3d520594c7a35da59f\"},\"headline\":\"Emmanuel Ladent aux manettes de Saverglass\",\"datePublished\":\"2025-07-03T07:42:39+00:00\",\"dateModified\":\"2025-07-03T22:10:15+00:00\",\"mainEntityOfPage\":{\"@id\":\"https:\/\/www.emballagedigest.fr\/emmanuel-ladent-aux-manettes-de-saverglass\/\"},\"wordCount\":255,\"publisher\":{\"@id\":\"https:\/\/www.emballagedigest.fr\/#organization\"},\"image\":{\"@id\":\"https:\/\/www.emballagedigest.fr\/emmanuel-ladent-aux-manettes-de-saverglass\/#primaryimage\"},\"thumbnailUrl\":\"https:\/\/www.emballagedigest.fr\/wp-content\/uploads\/2025\/07\/SAVERGLASS.jpg\",\"articleSection\":[\"Alimentaire\",\"Article entier\",\"Nomination\",\"Packaging\"],\"inLanguage\":\"en-GB\"},{\"@type\":\"WebPage\",\"@id\":\"https:\/\/www.emballagedigest.fr\/emmanuel-ladent-aux-manettes-de-saverglass\/\",\"url\":\"https:\/\/www.emballagedigest.fr\/emmanuel-ladent-aux-manettes-de-saverglass\/\",\"name\":\"Emmanuel Ladent aux manettes de Saverglass - Emballage Digest\",\"isPartOf\":{\"@id\":\"https:\/\/www.emballagedigest.fr\/#website\"},\"primaryImageOfPage\":{\"@id\":\"https:\/\/www.emballagedigest.fr\/emmanuel-ladent-aux-manettes-de-saverglass\/#primaryimage\"},\"image\":{\"@id\":\"https:\/\/www.emballagedigest.fr\/emmanuel-ladent-aux-manettes-de-saverglass\/#primaryimage\"},\"thumbnailUrl\":\"https:\/\/www.emballagedigest.fr\/wp-content\/uploads\/2025\/07\/SAVERGLASS.jpg\",\"datePublished\":\"2025-07-03T07:42:39+00:00\",\"dateModified\":\"2025-07-03T22:10:15+00:00\",\"breadcrumb\":{\"@id\":\"https:\/\/www.emballagedigest.fr\/emmanuel-ladent-aux-manettes-de-saverglass\/#breadcrumb\"},\"inLanguage\":\"en-GB\",\"potentialAction\":[{\"@type\":\"ReadAction\",\"target\":[\"https:\/\/www.emballagedigest.fr\/emmanuel-ladent-aux-manettes-de-saverglass\/\"]}]},{\"@type\":\"ImageObject\",\"inLanguage\":\"en-GB\",\"@id\":\"https:\/\/www.emballagedigest.fr\/emmanuel-ladent-aux-manettes-de-saverglass\/#primaryimage\",\"url\":\"https:\/\/www.emballagedigest.fr\/wp-content\/uploads\/2025\/07\/SAVERGLASS.jpg\",\"contentUrl\":\"https:\/\/www.emballagedigest.fr\/wp-content\/uploads\/2025\/07\/SAVERGLASS.jpg\",\"width\":800,\"height\":600},{\"@type\":\"BreadcrumbList\",\"@id\":\"https:\/\/www.emballagedigest.fr\/emmanuel-ladent-aux-manettes-de-saverglass\/#breadcrumb\",\"itemListElement\":[{\"@type\":\"ListItem\",\"position\":1,\"name\":\"Accueil\",\"item\":\"https:\/\/www.emballagedigest.fr\/\"},{\"@type\":\"ListItem\",\"position\":2,\"name\":\"Emmanuel Ladent aux manettes de Saverglass\"}]},{\"@type\":\"WebSite\",\"@id\":\"https:\/\/www.emballagedigest.fr\/#website\",\"url\":\"https:\/\/www.emballagedigest.fr\/\",\"name\":\"Emballage Digest\",\"description\":\"Revue professionnelle sur les emballages\",\"publisher\":{\"@id\":\"https:\/\/www.emballagedigest.fr\/#organization\"},\"potentialAction\":[{\"@type\":\"SearchAction\",\"target\":{\"@type\":\"EntryPoint\",\"urlTemplate\":\"https:\/\/www.emballagedigest.fr\/?s={search_term_string}\"},\"query-input\":{\"@type\":\"PropertyValueSpecification\",\"valueRequired\":true,\"valueName\":\"search_term_string\"}}],\"inLanguage\":\"en-GB\"},{\"@type\":\"Organization\",\"@id\":\"https:\/\/www.emballagedigest.fr\/#organization\",\"name\":\"Emballage Digest\",\"url\":\"https:\/\/www.emballagedigest.fr\/\",\"logo\":{\"@type\":\"ImageObject\",\"inLanguage\":\"en-GB\",\"@id\":\"https:\/\/www.emballagedigest.fr\/#\/schema\/logo\/image\/\",\"url\":\"https:\/\/www.emballagedigest.fr\/wp-content\/uploads\/2022\/07\/logo-ed.png\",\"contentUrl\":\"https:\/\/www.emballagedigest.fr\/wp-content\/uploads\/2022\/07\/logo-ed.png\",\"width\":379,\"height\":75,\"caption\":\"Emballage Digest\"},\"image\":{\"@id\":\"https:\/\/www.emballagedigest.fr\/#\/schema\/logo\/image\/\"}},{\"@type\":\"Person\",\"@id\":\"https:\/\/www.emballagedigest.fr\/#\/schema\/person\/76abe9f2b2ee4d3d520594c7a35da59f\",\"name\":\"Karine Duval\",\"image\":{\"@type\":\"ImageObject\",\"inLanguage\":\"en-GB\",\"@id\":\"https:\/\/www.emballagedigest.fr\/#\/schema\/person\/image\/\",\"url\":\"https:\/\/secure.gravatar.com\/avatar\/f552799261cdd2e076e6677d780ef07bdb13aa4c196ab75b39abcbcdcae2d4e5?s=96&d=mm&r=g\",\"contentUrl\":\"https:\/\/secure.gravatar.com\/avatar\/f552799261cdd2e076e6677d780ef07bdb13aa4c196ab75b39abcbcdcae2d4e5?s=96&d=mm&r=g\",\"caption\":\"Karine Duval\"},\"url\":\"https:\/\/www.emballagedigest.fr\/en\/author\/admin_karduv\/\"}]}<\/script>\n<!-- \/ Yoast SEO plugin. -->","yoast_head_json":{"title":"Emmanuel Ladent aux manettes de Saverglass - Emballage Digest","robots":{"index":"index","follow":"follow","max-snippet":"max-snippet:-1","max-image-preview":"max-image-preview:large","max-video-preview":"max-video-preview:-1"},"canonical":"https:\/\/www.emballagedigest.fr\/en\/emmanuel-ladent-aux-manettes-de-saverglass\/","og_locale":"en_GB","og_type":"article","og_title":"Emmanuel Ladent aux manettes de Saverglass - Emballage Digest","og_description":"Apr\u00e8s huit ann\u00e9es pass\u00e9es \u00e0 la Direction de Saverglass et 16 mois \u00e0 diriger la Global Glass Business Unit d\u2019Orora, Jean Marc Arrambourg a d\u00e9cid\u00e9 de prendre sa retraite \u00e0 la fin de l&rsquo;ann\u00e9e civile 2025. Emmanuel Ladent lui succ\u00e8de et est nomm\u00e9 Pr\u00e9sident de Saverglass et de la Global Glass Business Unit d\u2019Orora au [&hellip;]","og_url":"https:\/\/www.emballagedigest.fr\/en\/emmanuel-ladent-aux-manettes-de-saverglass\/","og_site_name":"Emballage Digest","article_published_time":"2025-07-03T07:42:39+00:00","article_modified_time":"2025-07-03T22:10:15+00:00","og_image":[{"width":800,"height":600,"url":"https:\/\/www.emballagedigest.fr\/wp-content\/uploads\/2025\/07\/SAVERGLASS.jpg","type":"image\/jpeg"}],"author":"Karine Duval","twitter_card":"summary_large_image","twitter_misc":{"Written by":"Karine Duval","Estimated reading time":"2 minutes"},"schema":{"@context":"https:\/\/schema.org","@graph":[{"@type":"Article","@id":"https:\/\/www.emballagedigest.fr\/emmanuel-ladent-aux-manettes-de-saverglass\/#article","isPartOf":{"@id":"https:\/\/www.emballagedigest.fr\/emmanuel-ladent-aux-manettes-de-saverglass\/"},"author":{"name":"Karine Duval","@id":"https:\/\/www.emballagedigest.fr\/#\/schema\/person\/76abe9f2b2ee4d3d520594c7a35da59f"},"headline":"Emmanuel Ladent aux manettes de Saverglass","datePublished":"2025-07-03T07:42:39+00:00","dateModified":"2025-07-03T22:10:15+00:00","mainEntityOfPage":{"@id":"https:\/\/www.emballagedigest.fr\/emmanuel-ladent-aux-manettes-de-saverglass\/"},"wordCount":255,"publisher":{"@id":"https:\/\/www.emballagedigest.fr\/#organization"},"image":{"@id":"https:\/\/www.emballagedigest.fr\/emmanuel-ladent-aux-manettes-de-saverglass\/#primaryimage"},"thumbnailUrl":"https:\/\/www.emballagedigest.fr\/wp-content\/uploads\/2025\/07\/SAVERGLASS.jpg","articleSection":["Alimentaire","Article entier","Nomination","Packaging"],"inLanguage":"en-GB"},{"@type":"WebPage","@id":"https:\/\/www.emballagedigest.fr\/emmanuel-ladent-aux-manettes-de-saverglass\/","url":"https:\/\/www.emballagedigest.fr\/emmanuel-ladent-aux-manettes-de-saverglass\/","name":"Emmanuel Ladent aux manettes de Saverglass - Emballage Digest","isPartOf":{"@id":"https:\/\/www.emballagedigest.fr\/#website"},"primaryImageOfPage":{"@id":"https:\/\/www.emballagedigest.fr\/emmanuel-ladent-aux-manettes-de-saverglass\/#primaryimage"},"image":{"@id":"https:\/\/www.emballagedigest.fr\/emmanuel-ladent-aux-manettes-de-saverglass\/#primaryimage"},"thumbnailUrl":"https:\/\/www.emballagedigest.fr\/wp-content\/uploads\/2025\/07\/SAVERGLASS.jpg","datePublished":"2025-07-03T07:42:39+00:00","dateModified":"2025-07-03T22:10:15+00:00","breadcrumb":{"@id":"https:\/\/www.emballagedigest.fr\/emmanuel-ladent-aux-manettes-de-saverglass\/#breadcrumb"},"inLanguage":"en-GB","potentialAction":[{"@type":"ReadAction","target":["https:\/\/www.emballagedigest.fr\/emmanuel-ladent-aux-manettes-de-saverglass\/"]}]},{"@type":"ImageObject","inLanguage":"en-GB","@id":"https:\/\/www.emballagedigest.fr\/emmanuel-ladent-aux-manettes-de-saverglass\/#primaryimage","url":"https:\/\/www.emballagedigest.fr\/wp-content\/uploads\/2025\/07\/SAVERGLASS.jpg","contentUrl":"https:\/\/www.emballagedigest.fr\/wp-content\/uploads\/2025\/07\/SAVERGLASS.jpg","width":800,"height":600},{"@type":"BreadcrumbList","@id":"https:\/\/www.emballagedigest.fr\/emmanuel-ladent-aux-manettes-de-saverglass\/#breadcrumb","itemListElement":[{"@type":"ListItem","position":1,"name":"Accueil","item":"https:\/\/www.emballagedigest.fr\/"},{"@type":"ListItem","position":2,"name":"Emmanuel Ladent aux manettes de Saverglass"}]},{"@type":"WebSite","@id":"https:\/\/www.emballagedigest.fr\/#website","url":"https:\/\/www.emballagedigest.fr\/","name":"Emballage Digest","description":"Revue professionnelle sur les emballages","publisher":{"@id":"https:\/\/www.emballagedigest.fr\/#organization"},"potentialAction":[{"@type":"SearchAction","target":{"@type":"EntryPoint","urlTemplate":"https:\/\/www.emballagedigest.fr\/?s={search_term_string}"},"query-input":{"@type":"PropertyValueSpecification","valueRequired":true,"valueName":"search_term_string"}}],"inLanguage":"en-GB"},{"@type":"Organization","@id":"https:\/\/www.emballagedigest.fr\/#organization","name":"Emballage Digest","url":"https:\/\/www.emballagedigest.fr\/","logo":{"@type":"ImageObject","inLanguage":"en-GB","@id":"https:\/\/www.emballagedigest.fr\/#\/schema\/logo\/image\/","url":"https:\/\/www.emballagedigest.fr\/wp-content\/uploads\/2022\/07\/logo-ed.png","contentUrl":"https:\/\/www.emballagedigest.fr\/wp-content\/uploads\/2022\/07\/logo-ed.png","width":379,"height":75,"caption":"Emballage Digest"},"image":{"@id":"https:\/\/www.emballagedigest.fr\/#\/schema\/logo\/image\/"}},{"@type":"Person","@id":"https:\/\/www.emballagedigest.fr\/#\/schema\/person\/76abe9f2b2ee4d3d520594c7a35da59f","name":"Karine Duval","image":{"@type":"ImageObject","inLanguage":"en-GB","@id":"https:\/\/www.emballagedigest.fr\/#\/schema\/person\/image\/","url":"https:\/\/secure.gravatar.com\/avatar\/f552799261cdd2e076e6677d780ef07bdb13aa4c196ab75b39abcbcdcae2d4e5?s=96&d=mm&r=g","contentUrl":"https:\/\/secure.gravatar.com\/avatar\/f552799261cdd2e076e6677d780ef07bdb13aa4c196ab75b39abcbcdcae2d4e5?s=96&d=mm&r=g","caption":"Karine Duval"},"url":"https:\/\/www.emballagedigest.fr\/en\/author\/admin_karduv\/"}]}},"_links":{"self":[{"href":"https:\/\/www.emballagedigest.fr\/en\/wp-json\/wp\/v2\/posts\/44960","targetHints":{"allow":["GET"]}}],"collection":[{"href":"https:\/\/www.emballagedigest.fr\/en\/wp-json\/wp\/v2\/posts"}],"about":[{"href":"https:\/\/www.emballagedigest.fr\/en\/wp-json\/wp\/v2\/types\/post"}],"author":[{"embeddable":true,"href":"https:\/\/www.emballagedigest.fr\/en\/wp-json\/wp\/v2\/users\/2"}],"replies":[{"embeddable":true,"href":"https:\/\/www.emballagedigest.fr\/en\/wp-json\/wp\/v2\/comments?post=44960"}],"version-history":[{"count":1,"href":"https:\/\/www.emballagedigest.fr\/en\/wp-json\/wp\/v2\/posts\/44960\/revisions"}],"predecessor-version":[{"id":44962,"href":"https:\/\/www.emballagedigest.fr\/en\/wp-json\/wp\/v2\/posts\/44960\/revisions\/44962"}],"wp:featuredmedia":[{"embeddable":true,"href":"https:\/\/www.emballagedigest.fr\/en\/wp-json\/wp\/v2\/media\/44961"}],"wp:attachment":[{"href":"https:\/\/www.emballagedigest.fr\/en\/wp-json\/wp\/v2\/media?parent=44960"}],"wp:term":[{"taxonomy":"category","embeddable":true,"href":"https:\/\/www.emballagedigest.fr\/en\/wp-json\/wp\/v2\/categories?post=44960"},{"taxonomy":"post_tag","embeddable":true,"href":"https:\/\/www.emballagedigest.fr\/en\/wp-json\/wp\/v2\/tags?post=44960"}],"curies":[{"name":"wp","href":"https:\/\/api.w.org\/{rel}","templated":true}]}}