{"id":44971,"date":"2025-07-03T12:15:34","date_gmt":"2025-07-03T10:15:34","guid":{"rendered":"https:\/\/www.emballagedigest.fr\/?p=44971"},"modified":"2025-09-03T10:53:30","modified_gmt":"2025-09-03T08:53:30","slug":"ima-technologies-et-synkro-en-accord-parfait-avec-les-besoins-de-lindustrie-du-cafe","status":"publish","type":"post","link":"https:\/\/www.emballagedigest.fr\/en\/ima-technologies-et-synkro-en-accord-parfait-avec-les-besoins-de-lindustrie-du-cafe\/","title":{"rendered":"IMA technologies et SYNKRO: en accord parfait avec les besoins de l\u2019industrie du caf\u00e9"},"content":{"rendered":"<p><strong>Engag\u00e9 dans un partenariat fort avec les acteurs du march\u00e9 du caf\u00e9, IMA Coffee, s\u2019attache \u00e0 r\u00e9pondre aux exigences les plus strictes de leurs activit\u00e9s. <\/strong><\/p>\n\n\n\n<p>Expertise compl\u00e8te, technologies de pointe et fiabilit\u00e9 \u00e9prouv\u00e9e sont au c\u0153ur des solutions que l\u2019industriel italien d\u00e9veloppe pour permettre \u00e0 ses clients d\u2019am\u00e9liorer leurs performances et l\u2019excellence de leurs produits malgr\u00e9 une demande en constante \u00e9volution. Avec SYNKRO, sa toute derni\u00e8re solution de remplissage et de scellage de capsules, IMA Coffee, \u00e9tablit un nouveau standard d\u2019excellence.<\/p>\n\n\n\n<p><strong>Une r\u00e9volution dans le remplissage et le scellage de capsules<\/strong><br>Equip\u00e9e des toutes derni\u00e8res technologies, la nouvelle SYNKRO offre des performances surprenantes \u00e0 des cadences de 800 \u00e0 1200 capsules par minute. Ses navettes magn\u00e9tiques ind\u00e9pendantes, lui permettent de s\u2019adapter \u00e0 tous les besoins. Alimentation en vrac, sur plateaux ou en piles, et peu importe le mat\u00e9riau ou la taille de la capsule, tout est possible. Compacte, elle offre \u00e9galement un acc\u00e8s facile pour les op\u00e9rations de maintenance ou de nettoyage. Son unit\u00e9 de dosage coulissante est particuli\u00e8rement rapide \u00e0 nettoyer.<\/p>\n\n\n\n<p><strong>Polyvalence et ma\u00eetrise parfaite de la qualit\u00e9 produit<\/strong><br>En mati\u00e8re de flexibilit\u00e9, SYNKRO est probablement la machine la plus polyvalente de sa cat\u00e9gorie. Elle se distingue notamment par sa capacit\u00e9 \u00e0 offrir des temps de maintien (dwell times) propres \u00e0 chaque poste, permettant ainsi au client de d\u00e9finir des param\u00e8tres optimaux selon le sc\u00e9nario de production et le type de produit en ajustant chaque op\u00e9ration pour une qualit\u00e9 du produit final irr\u00e9prochable. Les r\u00e9glages du syst\u00e8me de scellage (temps et pression) peuvent ainsi \u00eatre modifi\u00e9s en fonction du mat\u00e9riau \u00e0 sceller. SYNKRO peut par ailleurs, \u00eatre \u00e9quip\u00e9e de syst\u00e8mes de scellage diff\u00e9rents, offrant au client la libert\u00e9 de choisir la solution la mieux adapt\u00e9e aux mat\u00e9riaux et aux produits. Le transfert ind\u00e9pendant par navettes magn\u00e9tiques, le traitement synchronis\u00e9 et ajustable, l\u2019int\u00e9gration de syst\u00e8mes d\u2019automatisation et de m\u00e9canismes innovants pour une qualit\u00e9 constante, combin\u00e9s \u00e0 un design \u00e9pur\u00e9 et modulaire, sont autant d\u2019\u00e9l\u00e9ments qui font de SYNKRO la nouvelle r\u00e9f\u00e9rence sur le march\u00e9.<\/p>\n\n\n\n<figure class=\"wp-block-image size-full\"><img loading=\"lazy\" decoding=\"async\" width=\"800\" height=\"51\" src=\"https:\/\/www.emballagedigest.fr\/wp-content\/uploads\/2025\/07\/IMA2.jpg\" alt=\"\" class=\"wp-image-44973\" srcset=\"https:\/\/www.emballagedigest.fr\/wp-content\/uploads\/2025\/07\/IMA2.jpg 800w, https:\/\/www.emballagedigest.fr\/wp-content\/uploads\/2025\/07\/IMA2-300x19.jpg 300w, https:\/\/www.emballagedigest.fr\/wp-content\/uploads\/2025\/07\/IMA2-768x49.jpg 768w, https:\/\/www.emballagedigest.fr\/wp-content\/uploads\/2025\/07\/IMA2-18x1.jpg 18w\" sizes=\"auto, (max-width: 800px) 100vw, 800px\" \/><figcaption class=\"wp-element-caption\"><strong><a href=\"http:\/\/www.ima.it\/coffee\">www.ima.it\/coffee<\/a><\/strong><\/figcaption><\/figure>\n\n\n\n<p><\/p>","protected":false},"excerpt":{"rendered":"<p>Engag\u00e9 dans un partenariat fort avec les acteurs du march\u00e9 du caf\u00e9, IMA Coffee, s\u2019attache \u00e0 r\u00e9pondre aux exigences les plus strictes de leurs activit\u00e9s. Expertise compl\u00e8te, technologies de pointe et fiabilit\u00e9 \u00e9prouv\u00e9e sont au c\u0153ur des solutions que l\u2019industriel italien d\u00e9veloppe pour permettre \u00e0 ses clients d\u2019am\u00e9liorer leurs performances et l\u2019excellence de leurs produits [&hellip;]<\/p>","protected":false},"author":2,"featured_media":44972,"comment_status":"closed","ping_status":"closed","sticky":false,"template":"","format":"standard","meta":{"_acf_changed":false,"inline_featured_image":false,"iawp_total_views":1,"footnotes":""},"categories":[5,28,35,81],"tags":[],"class_list":["post-44971","post","type-post","status-publish","format-standard","has-post-thumbnail","hentry","category-alimentaire","category-article-entier","category-machines-fr","category-packaging"],"acf":[],"yoast_head":"<!-- This site is optimized with the Yoast SEO plugin v24.4 - https:\/\/yoast.com\/wordpress\/plugins\/seo\/ -->\n<title>IMA technologies et SYNKRO: en accord parfait avec les besoins de l\u2019industrie du caf\u00e9 - Emballage Digest<\/title>\n<meta name=\"robots\" content=\"index, follow, max-snippet:-1, max-image-preview:large, max-video-preview:-1\" \/>\n<link rel=\"canonical\" href=\"https:\/\/www.emballagedigest.fr\/en\/ima-technologies-et-synkro-en-accord-parfait-avec-les-besoins-de-lindustrie-du-cafe\/\" \/>\n<meta property=\"og:locale\" content=\"en_GB\" \/>\n<meta property=\"og:type\" content=\"article\" \/>\n<meta property=\"og:title\" content=\"IMA technologies et SYNKRO: en accord parfait avec les besoins de l\u2019industrie du caf\u00e9 - Emballage Digest\" \/>\n<meta property=\"og:description\" content=\"Engag\u00e9 dans un partenariat fort avec les acteurs du march\u00e9 du caf\u00e9, IMA Coffee, s\u2019attache \u00e0 r\u00e9pondre aux exigences les plus strictes de leurs activit\u00e9s. Expertise compl\u00e8te, technologies de pointe et fiabilit\u00e9 \u00e9prouv\u00e9e sont au c\u0153ur des solutions que l\u2019industriel italien d\u00e9veloppe pour permettre \u00e0 ses clients d\u2019am\u00e9liorer leurs performances et l\u2019excellence de leurs produits [&hellip;]\" \/>\n<meta property=\"og:url\" content=\"https:\/\/www.emballagedigest.fr\/en\/ima-technologies-et-synkro-en-accord-parfait-avec-les-besoins-de-lindustrie-du-cafe\/\" \/>\n<meta property=\"og:site_name\" content=\"Emballage Digest\" \/>\n<meta property=\"article:published_time\" content=\"2025-07-03T10:15:34+00:00\" \/>\n<meta property=\"article:modified_time\" content=\"2025-09-03T08:53:30+00:00\" \/>\n<meta property=\"og:image\" content=\"https:\/\/www.emballagedigest.fr\/wp-content\/uploads\/2025\/07\/IMA1.jpg\" \/>\n\t<meta property=\"og:image:width\" content=\"800\" \/>\n\t<meta property=\"og:image:height\" content=\"600\" \/>\n\t<meta property=\"og:image:type\" content=\"image\/jpeg\" \/>\n<meta name=\"author\" content=\"Karine Duval\" \/>\n<meta name=\"twitter:card\" content=\"summary_large_image\" \/>\n<meta name=\"twitter:label1\" content=\"Written by\" \/>\n\t<meta name=\"twitter:data1\" content=\"Karine Duval\" \/>\n\t<meta name=\"twitter:label2\" content=\"Estimated reading time\" \/>\n\t<meta name=\"twitter:data2\" content=\"3 minutes\" \/>\n<script type=\"application\/ld+json\" class=\"yoast-schema-graph\">{\"@context\":\"https:\/\/schema.org\",\"@graph\":[{\"@type\":\"Article\",\"@id\":\"https:\/\/www.emballagedigest.fr\/ima-technologies-et-synkro-en-accord-parfait-avec-les-besoins-de-lindustrie-du-cafe\/#article\",\"isPartOf\":{\"@id\":\"https:\/\/www.emballagedigest.fr\/ima-technologies-et-synkro-en-accord-parfait-avec-les-besoins-de-lindustrie-du-cafe\/\"},\"author\":{\"name\":\"Karine Duval\",\"@id\":\"https:\/\/www.emballagedigest.fr\/#\/schema\/person\/76abe9f2b2ee4d3d520594c7a35da59f\"},\"headline\":\"IMA technologies et SYNKRO: en accord parfait avec les besoins de l\u2019industrie du caf\u00e9\",\"datePublished\":\"2025-07-03T10:15:34+00:00\",\"dateModified\":\"2025-09-03T08:53:30+00:00\",\"mainEntityOfPage\":{\"@id\":\"https:\/\/www.emballagedigest.fr\/ima-technologies-et-synkro-en-accord-parfait-avec-les-besoins-de-lindustrie-du-cafe\/\"},\"wordCount\":393,\"publisher\":{\"@id\":\"https:\/\/www.emballagedigest.fr\/#organization\"},\"image\":{\"@id\":\"https:\/\/www.emballagedigest.fr\/ima-technologies-et-synkro-en-accord-parfait-avec-les-besoins-de-lindustrie-du-cafe\/#primaryimage\"},\"thumbnailUrl\":\"https:\/\/www.emballagedigest.fr\/wp-content\/uploads\/2025\/07\/IMA1.jpg\",\"articleSection\":[\"Alimentaire\",\"Article entier\",\"Machines\",\"Packaging\"],\"inLanguage\":\"en-GB\"},{\"@type\":\"WebPage\",\"@id\":\"https:\/\/www.emballagedigest.fr\/ima-technologies-et-synkro-en-accord-parfait-avec-les-besoins-de-lindustrie-du-cafe\/\",\"url\":\"https:\/\/www.emballagedigest.fr\/ima-technologies-et-synkro-en-accord-parfait-avec-les-besoins-de-lindustrie-du-cafe\/\",\"name\":\"IMA technologies et SYNKRO: en accord parfait avec les besoins de l\u2019industrie du caf\u00e9 - Emballage Digest\",\"isPartOf\":{\"@id\":\"https:\/\/www.emballagedigest.fr\/#website\"},\"primaryImageOfPage\":{\"@id\":\"https:\/\/www.emballagedigest.fr\/ima-technologies-et-synkro-en-accord-parfait-avec-les-besoins-de-lindustrie-du-cafe\/#primaryimage\"},\"image\":{\"@id\":\"https:\/\/www.emballagedigest.fr\/ima-technologies-et-synkro-en-accord-parfait-avec-les-besoins-de-lindustrie-du-cafe\/#primaryimage\"},\"thumbnailUrl\":\"https:\/\/www.emballagedigest.fr\/wp-content\/uploads\/2025\/07\/IMA1.jpg\",\"datePublished\":\"2025-07-03T10:15:34+00:00\",\"dateModified\":\"2025-09-03T08:53:30+00:00\",\"breadcrumb\":{\"@id\":\"https:\/\/www.emballagedigest.fr\/ima-technologies-et-synkro-en-accord-parfait-avec-les-besoins-de-lindustrie-du-cafe\/#breadcrumb\"},\"inLanguage\":\"en-GB\",\"potentialAction\":[{\"@type\":\"ReadAction\",\"target\":[\"https:\/\/www.emballagedigest.fr\/ima-technologies-et-synkro-en-accord-parfait-avec-les-besoins-de-lindustrie-du-cafe\/\"]}]},{\"@type\":\"ImageObject\",\"inLanguage\":\"en-GB\",\"@id\":\"https:\/\/www.emballagedigest.fr\/ima-technologies-et-synkro-en-accord-parfait-avec-les-besoins-de-lindustrie-du-cafe\/#primaryimage\",\"url\":\"https:\/\/www.emballagedigest.fr\/wp-content\/uploads\/2025\/07\/IMA1.jpg\",\"contentUrl\":\"https:\/\/www.emballagedigest.fr\/wp-content\/uploads\/2025\/07\/IMA1.jpg\",\"width\":800,\"height\":600},{\"@type\":\"BreadcrumbList\",\"@id\":\"https:\/\/www.emballagedigest.fr\/ima-technologies-et-synkro-en-accord-parfait-avec-les-besoins-de-lindustrie-du-cafe\/#breadcrumb\",\"itemListElement\":[{\"@type\":\"ListItem\",\"position\":1,\"name\":\"Accueil\",\"item\":\"https:\/\/www.emballagedigest.fr\/\"},{\"@type\":\"ListItem\",\"position\":2,\"name\":\"IMA technologies et SYNKRO: en accord parfait avec les besoins de l\u2019industrie du caf\u00e9\"}]},{\"@type\":\"WebSite\",\"@id\":\"https:\/\/www.emballagedigest.fr\/#website\",\"url\":\"https:\/\/www.emballagedigest.fr\/\",\"name\":\"Emballage Digest\",\"description\":\"Revue professionnelle sur les emballages\",\"publisher\":{\"@id\":\"https:\/\/www.emballagedigest.fr\/#organization\"},\"potentialAction\":[{\"@type\":\"SearchAction\",\"target\":{\"@type\":\"EntryPoint\",\"urlTemplate\":\"https:\/\/www.emballagedigest.fr\/?s={search_term_string}\"},\"query-input\":{\"@type\":\"PropertyValueSpecification\",\"valueRequired\":true,\"valueName\":\"search_term_string\"}}],\"inLanguage\":\"en-GB\"},{\"@type\":\"Organization\",\"@id\":\"https:\/\/www.emballagedigest.fr\/#organization\",\"name\":\"Emballage Digest\",\"url\":\"https:\/\/www.emballagedigest.fr\/\",\"logo\":{\"@type\":\"ImageObject\",\"inLanguage\":\"en-GB\",\"@id\":\"https:\/\/www.emballagedigest.fr\/#\/schema\/logo\/image\/\",\"url\":\"https:\/\/www.emballagedigest.fr\/wp-content\/uploads\/2022\/07\/logo-ed.png\",\"contentUrl\":\"https:\/\/www.emballagedigest.fr\/wp-content\/uploads\/2022\/07\/logo-ed.png\",\"width\":379,\"height\":75,\"caption\":\"Emballage Digest\"},\"image\":{\"@id\":\"https:\/\/www.emballagedigest.fr\/#\/schema\/logo\/image\/\"}},{\"@type\":\"Person\",\"@id\":\"https:\/\/www.emballagedigest.fr\/#\/schema\/person\/76abe9f2b2ee4d3d520594c7a35da59f\",\"name\":\"Karine Duval\",\"image\":{\"@type\":\"ImageObject\",\"inLanguage\":\"en-GB\",\"@id\":\"https:\/\/www.emballagedigest.fr\/#\/schema\/person\/image\/\",\"url\":\"https:\/\/secure.gravatar.com\/avatar\/f552799261cdd2e076e6677d780ef07bdb13aa4c196ab75b39abcbcdcae2d4e5?s=96&d=mm&r=g\",\"contentUrl\":\"https:\/\/secure.gravatar.com\/avatar\/f552799261cdd2e076e6677d780ef07bdb13aa4c196ab75b39abcbcdcae2d4e5?s=96&d=mm&r=g\",\"caption\":\"Karine Duval\"},\"url\":\"https:\/\/www.emballagedigest.fr\/en\/author\/admin_karduv\/\"}]}<\/script>\n<!-- \/ Yoast SEO plugin. -->","yoast_head_json":{"title":"IMA technologies et SYNKRO: en accord parfait avec les besoins de l\u2019industrie du caf\u00e9 - Emballage Digest","robots":{"index":"index","follow":"follow","max-snippet":"max-snippet:-1","max-image-preview":"max-image-preview:large","max-video-preview":"max-video-preview:-1"},"canonical":"https:\/\/www.emballagedigest.fr\/en\/ima-technologies-et-synkro-en-accord-parfait-avec-les-besoins-de-lindustrie-du-cafe\/","og_locale":"en_GB","og_type":"article","og_title":"IMA technologies et SYNKRO: en accord parfait avec les besoins de l\u2019industrie du caf\u00e9 - Emballage Digest","og_description":"Engag\u00e9 dans un partenariat fort avec les acteurs du march\u00e9 du caf\u00e9, IMA Coffee, s\u2019attache \u00e0 r\u00e9pondre aux exigences les plus strictes de leurs activit\u00e9s. Expertise compl\u00e8te, technologies de pointe et fiabilit\u00e9 \u00e9prouv\u00e9e sont au c\u0153ur des solutions que l\u2019industriel italien d\u00e9veloppe pour permettre \u00e0 ses clients d\u2019am\u00e9liorer leurs performances et l\u2019excellence de leurs produits [&hellip;]","og_url":"https:\/\/www.emballagedigest.fr\/en\/ima-technologies-et-synkro-en-accord-parfait-avec-les-besoins-de-lindustrie-du-cafe\/","og_site_name":"Emballage Digest","article_published_time":"2025-07-03T10:15:34+00:00","article_modified_time":"2025-09-03T08:53:30+00:00","og_image":[{"width":800,"height":600,"url":"https:\/\/www.emballagedigest.fr\/wp-content\/uploads\/2025\/07\/IMA1.jpg","type":"image\/jpeg"}],"author":"Karine Duval","twitter_card":"summary_large_image","twitter_misc":{"Written by":"Karine Duval","Estimated reading time":"3 minutes"},"schema":{"@context":"https:\/\/schema.org","@graph":[{"@type":"Article","@id":"https:\/\/www.emballagedigest.fr\/ima-technologies-et-synkro-en-accord-parfait-avec-les-besoins-de-lindustrie-du-cafe\/#article","isPartOf":{"@id":"https:\/\/www.emballagedigest.fr\/ima-technologies-et-synkro-en-accord-parfait-avec-les-besoins-de-lindustrie-du-cafe\/"},"author":{"name":"Karine Duval","@id":"https:\/\/www.emballagedigest.fr\/#\/schema\/person\/76abe9f2b2ee4d3d520594c7a35da59f"},"headline":"IMA technologies et SYNKRO: en accord parfait avec les besoins de l\u2019industrie du caf\u00e9","datePublished":"2025-07-03T10:15:34+00:00","dateModified":"2025-09-03T08:53:30+00:00","mainEntityOfPage":{"@id":"https:\/\/www.emballagedigest.fr\/ima-technologies-et-synkro-en-accord-parfait-avec-les-besoins-de-lindustrie-du-cafe\/"},"wordCount":393,"publisher":{"@id":"https:\/\/www.emballagedigest.fr\/#organization"},"image":{"@id":"https:\/\/www.emballagedigest.fr\/ima-technologies-et-synkro-en-accord-parfait-avec-les-besoins-de-lindustrie-du-cafe\/#primaryimage"},"thumbnailUrl":"https:\/\/www.emballagedigest.fr\/wp-content\/uploads\/2025\/07\/IMA1.jpg","articleSection":["Alimentaire","Article entier","Machines","Packaging"],"inLanguage":"en-GB"},{"@type":"WebPage","@id":"https:\/\/www.emballagedigest.fr\/ima-technologies-et-synkro-en-accord-parfait-avec-les-besoins-de-lindustrie-du-cafe\/","url":"https:\/\/www.emballagedigest.fr\/ima-technologies-et-synkro-en-accord-parfait-avec-les-besoins-de-lindustrie-du-cafe\/","name":"IMA technologies et SYNKRO: en accord parfait avec les besoins de l\u2019industrie du caf\u00e9 - Emballage Digest","isPartOf":{"@id":"https:\/\/www.emballagedigest.fr\/#website"},"primaryImageOfPage":{"@id":"https:\/\/www.emballagedigest.fr\/ima-technologies-et-synkro-en-accord-parfait-avec-les-besoins-de-lindustrie-du-cafe\/#primaryimage"},"image":{"@id":"https:\/\/www.emballagedigest.fr\/ima-technologies-et-synkro-en-accord-parfait-avec-les-besoins-de-lindustrie-du-cafe\/#primaryimage"},"thumbnailUrl":"https:\/\/www.emballagedigest.fr\/wp-content\/uploads\/2025\/07\/IMA1.jpg","datePublished":"2025-07-03T10:15:34+00:00","dateModified":"2025-09-03T08:53:30+00:00","breadcrumb":{"@id":"https:\/\/www.emballagedigest.fr\/ima-technologies-et-synkro-en-accord-parfait-avec-les-besoins-de-lindustrie-du-cafe\/#breadcrumb"},"inLanguage":"en-GB","potentialAction":[{"@type":"ReadAction","target":["https:\/\/www.emballagedigest.fr\/ima-technologies-et-synkro-en-accord-parfait-avec-les-besoins-de-lindustrie-du-cafe\/"]}]},{"@type":"ImageObject","inLanguage":"en-GB","@id":"https:\/\/www.emballagedigest.fr\/ima-technologies-et-synkro-en-accord-parfait-avec-les-besoins-de-lindustrie-du-cafe\/#primaryimage","url":"https:\/\/www.emballagedigest.fr\/wp-content\/uploads\/2025\/07\/IMA1.jpg","contentUrl":"https:\/\/www.emballagedigest.fr\/wp-content\/uploads\/2025\/07\/IMA1.jpg","width":800,"height":600},{"@type":"BreadcrumbList","@id":"https:\/\/www.emballagedigest.fr\/ima-technologies-et-synkro-en-accord-parfait-avec-les-besoins-de-lindustrie-du-cafe\/#breadcrumb","itemListElement":[{"@type":"ListItem","position":1,"name":"Accueil","item":"https:\/\/www.emballagedigest.fr\/"},{"@type":"ListItem","position":2,"name":"IMA technologies et SYNKRO: en accord parfait avec les besoins de l\u2019industrie du caf\u00e9"}]},{"@type":"WebSite","@id":"https:\/\/www.emballagedigest.fr\/#website","url":"https:\/\/www.emballagedigest.fr\/","name":"Emballage Digest","description":"Revue professionnelle sur les emballages","publisher":{"@id":"https:\/\/www.emballagedigest.fr\/#organization"},"potentialAction":[{"@type":"SearchAction","target":{"@type":"EntryPoint","urlTemplate":"https:\/\/www.emballagedigest.fr\/?s={search_term_string}"},"query-input":{"@type":"PropertyValueSpecification","valueRequired":true,"valueName":"search_term_string"}}],"inLanguage":"en-GB"},{"@type":"Organization","@id":"https:\/\/www.emballagedigest.fr\/#organization","name":"Emballage Digest","url":"https:\/\/www.emballagedigest.fr\/","logo":{"@type":"ImageObject","inLanguage":"en-GB","@id":"https:\/\/www.emballagedigest.fr\/#\/schema\/logo\/image\/","url":"https:\/\/www.emballagedigest.fr\/wp-content\/uploads\/2022\/07\/logo-ed.png","contentUrl":"https:\/\/www.emballagedigest.fr\/wp-content\/uploads\/2022\/07\/logo-ed.png","width":379,"height":75,"caption":"Emballage Digest"},"image":{"@id":"https:\/\/www.emballagedigest.fr\/#\/schema\/logo\/image\/"}},{"@type":"Person","@id":"https:\/\/www.emballagedigest.fr\/#\/schema\/person\/76abe9f2b2ee4d3d520594c7a35da59f","name":"Karine Duval","image":{"@type":"ImageObject","inLanguage":"en-GB","@id":"https:\/\/www.emballagedigest.fr\/#\/schema\/person\/image\/","url":"https:\/\/secure.gravatar.com\/avatar\/f552799261cdd2e076e6677d780ef07bdb13aa4c196ab75b39abcbcdcae2d4e5?s=96&d=mm&r=g","contentUrl":"https:\/\/secure.gravatar.com\/avatar\/f552799261cdd2e076e6677d780ef07bdb13aa4c196ab75b39abcbcdcae2d4e5?s=96&d=mm&r=g","caption":"Karine Duval"},"url":"https:\/\/www.emballagedigest.fr\/en\/author\/admin_karduv\/"}]}},"_links":{"self":[{"href":"https:\/\/www.emballagedigest.fr\/en\/wp-json\/wp\/v2\/posts\/44971","targetHints":{"allow":["GET"]}}],"collection":[{"href":"https:\/\/www.emballagedigest.fr\/en\/wp-json\/wp\/v2\/posts"}],"about":[{"href":"https:\/\/www.emballagedigest.fr\/en\/wp-json\/wp\/v2\/types\/post"}],"author":[{"embeddable":true,"href":"https:\/\/www.emballagedigest.fr\/en\/wp-json\/wp\/v2\/users\/2"}],"replies":[{"embeddable":true,"href":"https:\/\/www.emballagedigest.fr\/en\/wp-json\/wp\/v2\/comments?post=44971"}],"version-history":[{"count":2,"href":"https:\/\/www.emballagedigest.fr\/en\/wp-json\/wp\/v2\/posts\/44971\/revisions"}],"predecessor-version":[{"id":44975,"href":"https:\/\/www.emballagedigest.fr\/en\/wp-json\/wp\/v2\/posts\/44971\/revisions\/44975"}],"wp:featuredmedia":[{"embeddable":true,"href":"https:\/\/www.emballagedigest.fr\/en\/wp-json\/wp\/v2\/media\/44972"}],"wp:attachment":[{"href":"https:\/\/www.emballagedigest.fr\/en\/wp-json\/wp\/v2\/media?parent=44971"}],"wp:term":[{"taxonomy":"category","embeddable":true,"href":"https:\/\/www.emballagedigest.fr\/en\/wp-json\/wp\/v2\/categories?post=44971"},{"taxonomy":"post_tag","embeddable":true,"href":"https:\/\/www.emballagedigest.fr\/en\/wp-json\/wp\/v2\/tags?post=44971"}],"curies":[{"name":"wp","href":"https:\/\/api.w.org\/{rel}","templated":true}]}}