{"id":44988,"date":"2025-07-04T00:23:21","date_gmt":"2025-07-03T22:23:21","guid":{"rendered":"https:\/\/www.emballagedigest.fr\/?p=44988"},"modified":"2025-07-17T09:43:18","modified_gmt":"2025-07-17T07:43:18","slug":"heidelberg-et-gallus-devoilent-de-nouvelles-solutions-sur-labelexpo-2025","status":"publish","type":"post","link":"https:\/\/www.emballagedigest.fr\/en\/heidelberg-et-gallus-devoilent-de-nouvelles-solutions-sur-labelexpo-2025\/","title":{"rendered":"Heidelberg et Gallus pr\u00e9senteront de nouvelles solutions sur Labelexpo 2025"},"content":{"rendered":"<p><strong>\u00c0 Labelexpo Europe 2025, Heidelberger et Gallus d\u00e9voileront un nouveau chapitre de leur vision de l\u2019impression intelligente et connect\u00e9e avec le lancement de deux nouvelles solutions de machines \u00e0 destination du march\u00e9 des \u00e9tiquettes.<\/strong><\/p>\n\n\n\n<p>Alors que l\u2019industrie des \u00e9tiquettes est confront\u00e9e \u00e0 une demande croissante pour des tirages plus courts et des d\u00e9lais d\u2019ex\u00e9cution plus rapides, les transformateurs sont mis au d\u00e9fi de maintenir la productivit\u00e9 et la rentabilit\u00e9 tout en naviguant dans la dynamique complexe du march\u00e9 et en resserrant les marges. Le march\u00e9 de l\u2019impression d\u2019\u00e9tiquettes num\u00e9rique devant d\u00e9passer la barre des 20 milliards de dollars au cours des dix prochaines ann\u00e9es*, le segment repr\u00e9sente un moteur cl\u00e9 de l\u2019innovation et de la cr\u00e9ation de valeur au sein des industries des emballages et de l\u2019impression. La pr\u00e9sence conjointe de Heidelberg et de Gallus au salon refl\u00e8te leur engagement \u00e0 tirer parti de cette dynamique dans le cadre de leur strat\u00e9gie de croissance pour le segment des emballages et des \u00e9tiquettes \u2013 pr\u00e9sentant de nouvelles technologies et des solutions de bout en bout qui favorisent l\u2019efficacit\u00e9, la productivit\u00e9 et la qualit\u00e9, pour r\u00e9pondre \u00e0 l\u2019\u00e9volution des exigences des propri\u00e9taires de marques et des transformateurs.<\/p>\n\n\n\n<p>\u00ab En tant que fournisseur de solutions compl\u00e8tes et int\u00e9grateur de syst\u00e8mes pour des solutions num\u00e9riques et conventionnelles, nous sommes id\u00e9alement plac\u00e9s pour r\u00e9pondre aux tendances changeantes du march\u00e9 et satisfaire les divers besoins des clients sur l\u2019ensemble des segments. Nos clients b\u00e9n\u00e9ficient d\u2019un \u00e9cosyst\u00e8me parfaitement int\u00e9gr\u00e9 qui fournit des solutions de bout en bout ax\u00e9es sur une efficacit\u00e9, une productivit\u00e9 et une qualit\u00e9 maximales \u2013 et Labelexpo constitue la plate-forme id\u00e9ale pour partager cette vision et renforcer notre r\u00e9seau mondial en pleine croissance \u00bb, explique David Schmedding, directeur de la technologie et des ventes chez Heidelberg.<\/p>\n\n\n\n<figure class=\"wp-block-image size-full is-resized\"><img loading=\"lazy\" decoding=\"async\" width=\"800\" height=\"478\" src=\"https:\/\/www.emballagedigest.fr\/wp-content\/uploads\/2025\/07\/Gallus2.jpg\" alt=\"\" class=\"wp-image-44990\" style=\"width:840px;height:auto\" srcset=\"https:\/\/www.emballagedigest.fr\/wp-content\/uploads\/2025\/07\/Gallus2.jpg 800w, https:\/\/www.emballagedigest.fr\/wp-content\/uploads\/2025\/07\/Gallus2-300x179.jpg 300w, https:\/\/www.emballagedigest.fr\/wp-content\/uploads\/2025\/07\/Gallus2-768x459.jpg 768w, https:\/\/www.emballagedigest.fr\/wp-content\/uploads\/2025\/07\/Gallus2-18x12.jpg 18w\" sizes=\"auto, (max-width: 800px) 100vw, 800px\" \/><\/figure>\n\n\n\n<p>Les visiteurs d\u00e9couvriront par eux-m\u00eames comment, \u00e9tay\u00e9es par le concept System to Compose de Gallus, les innovations existantes et nouvelles lanc\u00e9es lors du salon permettront aux transformateurs de p\u00e9renniser leurs activit\u00e9s, avec les solutions modulaires de Gallus con\u00e7ues pour fonctionner sans faille non seulement au sein de son propre \u00e9cosyst\u00e8me, mais \u00e9galement aux c\u00f4t\u00e9s de technologies partenaires compl\u00e9mentaires sur toute la cha\u00eene de production. Ces collaborations d\u00e9montrent l\u2019engagement de l\u2019entreprise envers l\u2019avancement de l\u2019ensemble de l\u2019industrie gr\u00e2ce \u00e0 un objectif commun, \u00e0 une vision et \u00e0 un \u00e9cosyst\u00e8me d\u2019impression connect\u00e9 de bout en bout. Le stand pr\u00e9sentera une gamme robuste et unifi\u00e9e de technologies et d\u2019\u00e9chantillons, y compris les innovations offset \u00e0 feuilles pour la production efficace d\u2019\u00e9tiquettes \u00e0 colle humide et dans le moule, Heidelberg Prinect, Gallus Screeny, Gallus Services et Gallus Classics.<\/p>\n\n\n\n<p>Les prochaines annonces du salon s\u2019appuient sur la dynamique des derniers d\u00e9veloppements de Gallus, y compris le lancement r\u00e9cent de sa nouvelle technologie Gallus MatteJet pour la Gallus One. D\u00e9velopp\u00e9e au Gallus Experience Center et lanc\u00e9e en d\u00e9but d\u2019ann\u00e9e pour la production d\u2019\u00e9tiquettes num\u00e9riques rentables en ligne avec une finition mate haut de gamme, la solution a d\u00e9j\u00e0 \u00e9t\u00e9 chaleureusement accueillie par le march\u00e9. MatteJet a suivi \u00e0 son tour les innovations marquantes pr\u00e9c\u00e9dentes telles que la Gallus One et l\u2019\u00e9volution continue de la plate-forme modulaire System to Compose. Collectivement, ces lancements refl\u00e8tent l\u2019objectif de Gallus de relever les d\u00e9fis des clients, d\u2019\u00e9liminer les obstacles \u00e0 l\u2019adoption du num\u00e9rique et de soutenir la transformation \u00e0 long terme de l\u2019industrie de l\u2019impression d\u2019\u00e9tiquettes.<\/p>\n\n\n\n<p>\u2022 Future Market Insights (2024) \u00ab Digital Label Printing Market Size, Share, Trends &amp; Forecast by 2034 \u00bb, Future Market Insights, avril. Disponible \u00e0 l\u2019adresse : https:\/\/www.futuremarketinsights.com\/reports\/digital-label-printing-market Insights, avril. Disponible \u00e0 l\u2019adresse : <strong><a href=\"https:\/\/www.futuremarketinsights.com\/reports\/digital-label-printing-market\">https:\/\/www.futuremarketinsights.com\/reports\/digital-label-printing-market<\/a><\/strong><\/p>","protected":false},"excerpt":{"rendered":"<p>\u00c0 Labelexpo Europe 2025, Heidelberger et Gallus d\u00e9voileront un nouveau chapitre de leur vision de l\u2019impression intelligente et connect\u00e9e avec le lancement de deux nouvelles solutions de machines \u00e0 destination du march\u00e9 des \u00e9tiquettes. Alors que l\u2019industrie des \u00e9tiquettes est confront\u00e9e \u00e0 une demande croissante pour des tirages plus courts et des d\u00e9lais d\u2019ex\u00e9cution plus [&hellip;]<\/p>","protected":false},"author":2,"featured_media":44989,"comment_status":"closed","ping_status":"closed","sticky":false,"template":"","format":"standard","meta":{"_acf_changed":false,"inline_featured_image":false,"iawp_total_views":2,"footnotes":""},"categories":[28,9],"tags":[],"class_list":["post-44988","post","type-post","status-publish","format-standard","has-post-thumbnail","hentry","category-article-entier","category-materiel"],"acf":[],"yoast_head":"<!-- This site is optimized with the Yoast SEO plugin v24.4 - https:\/\/yoast.com\/wordpress\/plugins\/seo\/ -->\n<title>Heidelberg et Gallus pr\u00e9senteront de nouvelles solutions sur Labelexpo 2025 - Emballage Digest<\/title>\n<meta name=\"robots\" content=\"index, follow, max-snippet:-1, max-image-preview:large, max-video-preview:-1\" \/>\n<link rel=\"canonical\" href=\"https:\/\/www.emballagedigest.fr\/en\/heidelberg-et-gallus-devoilent-de-nouvelles-solutions-sur-labelexpo-2025\/\" \/>\n<meta property=\"og:locale\" content=\"en_GB\" \/>\n<meta property=\"og:type\" content=\"article\" \/>\n<meta property=\"og:title\" content=\"Heidelberg et Gallus pr\u00e9senteront de nouvelles solutions sur Labelexpo 2025 - Emballage Digest\" \/>\n<meta property=\"og:description\" content=\"\u00c0 Labelexpo Europe 2025, Heidelberger et Gallus d\u00e9voileront un nouveau chapitre de leur vision de l\u2019impression intelligente et connect\u00e9e avec le lancement de deux nouvelles solutions de machines \u00e0 destination du march\u00e9 des \u00e9tiquettes. Alors que l\u2019industrie des \u00e9tiquettes est confront\u00e9e \u00e0 une demande croissante pour des tirages plus courts et des d\u00e9lais d\u2019ex\u00e9cution plus [&hellip;]\" \/>\n<meta property=\"og:url\" content=\"https:\/\/www.emballagedigest.fr\/en\/heidelberg-et-gallus-devoilent-de-nouvelles-solutions-sur-labelexpo-2025\/\" \/>\n<meta property=\"og:site_name\" content=\"Emballage Digest\" \/>\n<meta property=\"article:published_time\" content=\"2025-07-03T22:23:21+00:00\" \/>\n<meta property=\"article:modified_time\" content=\"2025-07-17T07:43:18+00:00\" \/>\n<meta property=\"og:image\" content=\"https:\/\/www.emballagedigest.fr\/wp-content\/uploads\/2025\/07\/Gallus1.jpg\" \/>\n\t<meta property=\"og:image:width\" content=\"800\" \/>\n\t<meta property=\"og:image:height\" content=\"533\" \/>\n\t<meta property=\"og:image:type\" content=\"image\/jpeg\" \/>\n<meta name=\"author\" content=\"Karine Duval\" \/>\n<meta name=\"twitter:card\" content=\"summary_large_image\" \/>\n<meta name=\"twitter:label1\" content=\"Written by\" \/>\n\t<meta name=\"twitter:data1\" content=\"Karine Duval\" \/>\n\t<meta name=\"twitter:label2\" content=\"Estimated reading time\" \/>\n\t<meta name=\"twitter:data2\" content=\"4 minutes\" \/>\n<script type=\"application\/ld+json\" class=\"yoast-schema-graph\">{\"@context\":\"https:\/\/schema.org\",\"@graph\":[{\"@type\":\"Article\",\"@id\":\"https:\/\/www.emballagedigest.fr\/heidelberg-et-gallus-devoilent-de-nouvelles-solutions-sur-labelexpo-2025\/#article\",\"isPartOf\":{\"@id\":\"https:\/\/www.emballagedigest.fr\/heidelberg-et-gallus-devoilent-de-nouvelles-solutions-sur-labelexpo-2025\/\"},\"author\":{\"name\":\"Karine Duval\",\"@id\":\"https:\/\/www.emballagedigest.fr\/#\/schema\/person\/76abe9f2b2ee4d3d520594c7a35da59f\"},\"headline\":\"Heidelberg et Gallus pr\u00e9senteront de nouvelles solutions sur Labelexpo 2025\",\"datePublished\":\"2025-07-03T22:23:21+00:00\",\"dateModified\":\"2025-07-17T07:43:18+00:00\",\"mainEntityOfPage\":{\"@id\":\"https:\/\/www.emballagedigest.fr\/heidelberg-et-gallus-devoilent-de-nouvelles-solutions-sur-labelexpo-2025\/\"},\"wordCount\":667,\"publisher\":{\"@id\":\"https:\/\/www.emballagedigest.fr\/#organization\"},\"image\":{\"@id\":\"https:\/\/www.emballagedigest.fr\/heidelberg-et-gallus-devoilent-de-nouvelles-solutions-sur-labelexpo-2025\/#primaryimage\"},\"thumbnailUrl\":\"https:\/\/www.emballagedigest.fr\/wp-content\/uploads\/2025\/07\/Gallus1.jpg\",\"articleSection\":[\"Article entier\",\"Mat\u00e9riel\"],\"inLanguage\":\"en-GB\"},{\"@type\":\"WebPage\",\"@id\":\"https:\/\/www.emballagedigest.fr\/heidelberg-et-gallus-devoilent-de-nouvelles-solutions-sur-labelexpo-2025\/\",\"url\":\"https:\/\/www.emballagedigest.fr\/heidelberg-et-gallus-devoilent-de-nouvelles-solutions-sur-labelexpo-2025\/\",\"name\":\"Heidelberg et Gallus pr\u00e9senteront de nouvelles solutions sur Labelexpo 2025 - Emballage Digest\",\"isPartOf\":{\"@id\":\"https:\/\/www.emballagedigest.fr\/#website\"},\"primaryImageOfPage\":{\"@id\":\"https:\/\/www.emballagedigest.fr\/heidelberg-et-gallus-devoilent-de-nouvelles-solutions-sur-labelexpo-2025\/#primaryimage\"},\"image\":{\"@id\":\"https:\/\/www.emballagedigest.fr\/heidelberg-et-gallus-devoilent-de-nouvelles-solutions-sur-labelexpo-2025\/#primaryimage\"},\"thumbnailUrl\":\"https:\/\/www.emballagedigest.fr\/wp-content\/uploads\/2025\/07\/Gallus1.jpg\",\"datePublished\":\"2025-07-03T22:23:21+00:00\",\"dateModified\":\"2025-07-17T07:43:18+00:00\",\"breadcrumb\":{\"@id\":\"https:\/\/www.emballagedigest.fr\/heidelberg-et-gallus-devoilent-de-nouvelles-solutions-sur-labelexpo-2025\/#breadcrumb\"},\"inLanguage\":\"en-GB\",\"potentialAction\":[{\"@type\":\"ReadAction\",\"target\":[\"https:\/\/www.emballagedigest.fr\/heidelberg-et-gallus-devoilent-de-nouvelles-solutions-sur-labelexpo-2025\/\"]}]},{\"@type\":\"ImageObject\",\"inLanguage\":\"en-GB\",\"@id\":\"https:\/\/www.emballagedigest.fr\/heidelberg-et-gallus-devoilent-de-nouvelles-solutions-sur-labelexpo-2025\/#primaryimage\",\"url\":\"https:\/\/www.emballagedigest.fr\/wp-content\/uploads\/2025\/07\/Gallus1.jpg\",\"contentUrl\":\"https:\/\/www.emballagedigest.fr\/wp-content\/uploads\/2025\/07\/Gallus1.jpg\",\"width\":800,\"height\":533},{\"@type\":\"BreadcrumbList\",\"@id\":\"https:\/\/www.emballagedigest.fr\/heidelberg-et-gallus-devoilent-de-nouvelles-solutions-sur-labelexpo-2025\/#breadcrumb\",\"itemListElement\":[{\"@type\":\"ListItem\",\"position\":1,\"name\":\"Accueil\",\"item\":\"https:\/\/www.emballagedigest.fr\/\"},{\"@type\":\"ListItem\",\"position\":2,\"name\":\"Heidelberg et Gallus pr\u00e9senteront de nouvelles solutions sur Labelexpo 2025\"}]},{\"@type\":\"WebSite\",\"@id\":\"https:\/\/www.emballagedigest.fr\/#website\",\"url\":\"https:\/\/www.emballagedigest.fr\/\",\"name\":\"Emballage Digest\",\"description\":\"Revue professionnelle sur les emballages\",\"publisher\":{\"@id\":\"https:\/\/www.emballagedigest.fr\/#organization\"},\"potentialAction\":[{\"@type\":\"SearchAction\",\"target\":{\"@type\":\"EntryPoint\",\"urlTemplate\":\"https:\/\/www.emballagedigest.fr\/?s={search_term_string}\"},\"query-input\":{\"@type\":\"PropertyValueSpecification\",\"valueRequired\":true,\"valueName\":\"search_term_string\"}}],\"inLanguage\":\"en-GB\"},{\"@type\":\"Organization\",\"@id\":\"https:\/\/www.emballagedigest.fr\/#organization\",\"name\":\"Emballage Digest\",\"url\":\"https:\/\/www.emballagedigest.fr\/\",\"logo\":{\"@type\":\"ImageObject\",\"inLanguage\":\"en-GB\",\"@id\":\"https:\/\/www.emballagedigest.fr\/#\/schema\/logo\/image\/\",\"url\":\"https:\/\/www.emballagedigest.fr\/wp-content\/uploads\/2022\/07\/logo-ed.png\",\"contentUrl\":\"https:\/\/www.emballagedigest.fr\/wp-content\/uploads\/2022\/07\/logo-ed.png\",\"width\":379,\"height\":75,\"caption\":\"Emballage Digest\"},\"image\":{\"@id\":\"https:\/\/www.emballagedigest.fr\/#\/schema\/logo\/image\/\"}},{\"@type\":\"Person\",\"@id\":\"https:\/\/www.emballagedigest.fr\/#\/schema\/person\/76abe9f2b2ee4d3d520594c7a35da59f\",\"name\":\"Karine Duval\",\"image\":{\"@type\":\"ImageObject\",\"inLanguage\":\"en-GB\",\"@id\":\"https:\/\/www.emballagedigest.fr\/#\/schema\/person\/image\/\",\"url\":\"https:\/\/secure.gravatar.com\/avatar\/f552799261cdd2e076e6677d780ef07bdb13aa4c196ab75b39abcbcdcae2d4e5?s=96&d=mm&r=g\",\"contentUrl\":\"https:\/\/secure.gravatar.com\/avatar\/f552799261cdd2e076e6677d780ef07bdb13aa4c196ab75b39abcbcdcae2d4e5?s=96&d=mm&r=g\",\"caption\":\"Karine Duval\"},\"url\":\"https:\/\/www.emballagedigest.fr\/en\/author\/admin_karduv\/\"}]}<\/script>\n<!-- \/ Yoast SEO plugin. -->","yoast_head_json":{"title":"Heidelberg et Gallus pr\u00e9senteront de nouvelles solutions sur Labelexpo 2025 - Emballage Digest","robots":{"index":"index","follow":"follow","max-snippet":"max-snippet:-1","max-image-preview":"max-image-preview:large","max-video-preview":"max-video-preview:-1"},"canonical":"https:\/\/www.emballagedigest.fr\/en\/heidelberg-et-gallus-devoilent-de-nouvelles-solutions-sur-labelexpo-2025\/","og_locale":"en_GB","og_type":"article","og_title":"Heidelberg et Gallus pr\u00e9senteront de nouvelles solutions sur Labelexpo 2025 - Emballage Digest","og_description":"\u00c0 Labelexpo Europe 2025, Heidelberger et Gallus d\u00e9voileront un nouveau chapitre de leur vision de l\u2019impression intelligente et connect\u00e9e avec le lancement de deux nouvelles solutions de machines \u00e0 destination du march\u00e9 des \u00e9tiquettes. Alors que l\u2019industrie des \u00e9tiquettes est confront\u00e9e \u00e0 une demande croissante pour des tirages plus courts et des d\u00e9lais d\u2019ex\u00e9cution plus [&hellip;]","og_url":"https:\/\/www.emballagedigest.fr\/en\/heidelberg-et-gallus-devoilent-de-nouvelles-solutions-sur-labelexpo-2025\/","og_site_name":"Emballage Digest","article_published_time":"2025-07-03T22:23:21+00:00","article_modified_time":"2025-07-17T07:43:18+00:00","og_image":[{"width":800,"height":533,"url":"https:\/\/www.emballagedigest.fr\/wp-content\/uploads\/2025\/07\/Gallus1.jpg","type":"image\/jpeg"}],"author":"Karine Duval","twitter_card":"summary_large_image","twitter_misc":{"Written by":"Karine Duval","Estimated reading time":"4 minutes"},"schema":{"@context":"https:\/\/schema.org","@graph":[{"@type":"Article","@id":"https:\/\/www.emballagedigest.fr\/heidelberg-et-gallus-devoilent-de-nouvelles-solutions-sur-labelexpo-2025\/#article","isPartOf":{"@id":"https:\/\/www.emballagedigest.fr\/heidelberg-et-gallus-devoilent-de-nouvelles-solutions-sur-labelexpo-2025\/"},"author":{"name":"Karine Duval","@id":"https:\/\/www.emballagedigest.fr\/#\/schema\/person\/76abe9f2b2ee4d3d520594c7a35da59f"},"headline":"Heidelberg et Gallus pr\u00e9senteront de nouvelles solutions sur Labelexpo 2025","datePublished":"2025-07-03T22:23:21+00:00","dateModified":"2025-07-17T07:43:18+00:00","mainEntityOfPage":{"@id":"https:\/\/www.emballagedigest.fr\/heidelberg-et-gallus-devoilent-de-nouvelles-solutions-sur-labelexpo-2025\/"},"wordCount":667,"publisher":{"@id":"https:\/\/www.emballagedigest.fr\/#organization"},"image":{"@id":"https:\/\/www.emballagedigest.fr\/heidelberg-et-gallus-devoilent-de-nouvelles-solutions-sur-labelexpo-2025\/#primaryimage"},"thumbnailUrl":"https:\/\/www.emballagedigest.fr\/wp-content\/uploads\/2025\/07\/Gallus1.jpg","articleSection":["Article entier","Mat\u00e9riel"],"inLanguage":"en-GB"},{"@type":"WebPage","@id":"https:\/\/www.emballagedigest.fr\/heidelberg-et-gallus-devoilent-de-nouvelles-solutions-sur-labelexpo-2025\/","url":"https:\/\/www.emballagedigest.fr\/heidelberg-et-gallus-devoilent-de-nouvelles-solutions-sur-labelexpo-2025\/","name":"Heidelberg et Gallus pr\u00e9senteront de nouvelles solutions sur Labelexpo 2025 - Emballage Digest","isPartOf":{"@id":"https:\/\/www.emballagedigest.fr\/#website"},"primaryImageOfPage":{"@id":"https:\/\/www.emballagedigest.fr\/heidelberg-et-gallus-devoilent-de-nouvelles-solutions-sur-labelexpo-2025\/#primaryimage"},"image":{"@id":"https:\/\/www.emballagedigest.fr\/heidelberg-et-gallus-devoilent-de-nouvelles-solutions-sur-labelexpo-2025\/#primaryimage"},"thumbnailUrl":"https:\/\/www.emballagedigest.fr\/wp-content\/uploads\/2025\/07\/Gallus1.jpg","datePublished":"2025-07-03T22:23:21+00:00","dateModified":"2025-07-17T07:43:18+00:00","breadcrumb":{"@id":"https:\/\/www.emballagedigest.fr\/heidelberg-et-gallus-devoilent-de-nouvelles-solutions-sur-labelexpo-2025\/#breadcrumb"},"inLanguage":"en-GB","potentialAction":[{"@type":"ReadAction","target":["https:\/\/www.emballagedigest.fr\/heidelberg-et-gallus-devoilent-de-nouvelles-solutions-sur-labelexpo-2025\/"]}]},{"@type":"ImageObject","inLanguage":"en-GB","@id":"https:\/\/www.emballagedigest.fr\/heidelberg-et-gallus-devoilent-de-nouvelles-solutions-sur-labelexpo-2025\/#primaryimage","url":"https:\/\/www.emballagedigest.fr\/wp-content\/uploads\/2025\/07\/Gallus1.jpg","contentUrl":"https:\/\/www.emballagedigest.fr\/wp-content\/uploads\/2025\/07\/Gallus1.jpg","width":800,"height":533},{"@type":"BreadcrumbList","@id":"https:\/\/www.emballagedigest.fr\/heidelberg-et-gallus-devoilent-de-nouvelles-solutions-sur-labelexpo-2025\/#breadcrumb","itemListElement":[{"@type":"ListItem","position":1,"name":"Accueil","item":"https:\/\/www.emballagedigest.fr\/"},{"@type":"ListItem","position":2,"name":"Heidelberg et Gallus pr\u00e9senteront de nouvelles solutions sur Labelexpo 2025"}]},{"@type":"WebSite","@id":"https:\/\/www.emballagedigest.fr\/#website","url":"https:\/\/www.emballagedigest.fr\/","name":"Emballage Digest","description":"Revue professionnelle sur les emballages","publisher":{"@id":"https:\/\/www.emballagedigest.fr\/#organization"},"potentialAction":[{"@type":"SearchAction","target":{"@type":"EntryPoint","urlTemplate":"https:\/\/www.emballagedigest.fr\/?s={search_term_string}"},"query-input":{"@type":"PropertyValueSpecification","valueRequired":true,"valueName":"search_term_string"}}],"inLanguage":"en-GB"},{"@type":"Organization","@id":"https:\/\/www.emballagedigest.fr\/#organization","name":"Emballage Digest","url":"https:\/\/www.emballagedigest.fr\/","logo":{"@type":"ImageObject","inLanguage":"en-GB","@id":"https:\/\/www.emballagedigest.fr\/#\/schema\/logo\/image\/","url":"https:\/\/www.emballagedigest.fr\/wp-content\/uploads\/2022\/07\/logo-ed.png","contentUrl":"https:\/\/www.emballagedigest.fr\/wp-content\/uploads\/2022\/07\/logo-ed.png","width":379,"height":75,"caption":"Emballage Digest"},"image":{"@id":"https:\/\/www.emballagedigest.fr\/#\/schema\/logo\/image\/"}},{"@type":"Person","@id":"https:\/\/www.emballagedigest.fr\/#\/schema\/person\/76abe9f2b2ee4d3d520594c7a35da59f","name":"Karine Duval","image":{"@type":"ImageObject","inLanguage":"en-GB","@id":"https:\/\/www.emballagedigest.fr\/#\/schema\/person\/image\/","url":"https:\/\/secure.gravatar.com\/avatar\/f552799261cdd2e076e6677d780ef07bdb13aa4c196ab75b39abcbcdcae2d4e5?s=96&d=mm&r=g","contentUrl":"https:\/\/secure.gravatar.com\/avatar\/f552799261cdd2e076e6677d780ef07bdb13aa4c196ab75b39abcbcdcae2d4e5?s=96&d=mm&r=g","caption":"Karine Duval"},"url":"https:\/\/www.emballagedigest.fr\/en\/author\/admin_karduv\/"}]}},"_links":{"self":[{"href":"https:\/\/www.emballagedigest.fr\/en\/wp-json\/wp\/v2\/posts\/44988","targetHints":{"allow":["GET"]}}],"collection":[{"href":"https:\/\/www.emballagedigest.fr\/en\/wp-json\/wp\/v2\/posts"}],"about":[{"href":"https:\/\/www.emballagedigest.fr\/en\/wp-json\/wp\/v2\/types\/post"}],"author":[{"embeddable":true,"href":"https:\/\/www.emballagedigest.fr\/en\/wp-json\/wp\/v2\/users\/2"}],"replies":[{"embeddable":true,"href":"https:\/\/www.emballagedigest.fr\/en\/wp-json\/wp\/v2\/comments?post=44988"}],"version-history":[{"count":2,"href":"https:\/\/www.emballagedigest.fr\/en\/wp-json\/wp\/v2\/posts\/44988\/revisions"}],"predecessor-version":[{"id":45134,"href":"https:\/\/www.emballagedigest.fr\/en\/wp-json\/wp\/v2\/posts\/44988\/revisions\/45134"}],"wp:featuredmedia":[{"embeddable":true,"href":"https:\/\/www.emballagedigest.fr\/en\/wp-json\/wp\/v2\/media\/44989"}],"wp:attachment":[{"href":"https:\/\/www.emballagedigest.fr\/en\/wp-json\/wp\/v2\/media?parent=44988"}],"wp:term":[{"taxonomy":"category","embeddable":true,"href":"https:\/\/www.emballagedigest.fr\/en\/wp-json\/wp\/v2\/categories?post=44988"},{"taxonomy":"post_tag","embeddable":true,"href":"https:\/\/www.emballagedigest.fr\/en\/wp-json\/wp\/v2\/tags?post=44988"}],"curies":[{"name":"wp","href":"https:\/\/api.w.org\/{rel}","templated":true}]}}