{"id":45031,"date":"2025-06-30T16:25:10","date_gmt":"2025-06-30T14:25:10","guid":{"rendered":"https:\/\/www.emballagedigest.fr\/?p=45031"},"modified":"2025-07-04T16:27:01","modified_gmt":"2025-07-04T14:27:01","slug":"repenser-la-gestion-des-dechets-vers-un-modele-100-ressource","status":"publish","type":"post","link":"https:\/\/www.emballagedigest.fr\/en\/repenser-la-gestion-des-dechets-vers-un-modele-100-ressource\/","title":{"rendered":"Repenser la gestion des d\u00e9chets :vers un mod\u00e8le 100% ressource"},"content":{"rendered":"<p><strong>Alors que nous sommes confront\u00e9s aux tensions \u00e9cologiques, \u00e9conomiques et r\u00e9glementaires, la gestion des d\u00e9chets n\u2019est plus une simple obligation logistique pour les entreprises : elle devient un levier strat\u00e9gique, un marqueur d\u2019engagement et un r\u00e9v\u00e9lateur de performance. En \u00cele-de-France comme ailleurs, les entreprises sont confront\u00e9es \u00e0 un imp\u00e9ratif de transformation : tendre vers le 100% ressource, prouver leur exemplarit\u00e9 sur l\u2019ensemble de la cha\u00eene de valeur et int\u00e9grer une logique circulaire profonde dans leur fonctionnement.<\/strong><\/p>\n\n\n\n<p>Le tri et le recyclage \u00e0 la source sont aujourd\u2019hui les pierres angulaires d\u2019une politique responsable. Gobelets, biod\u00e9chets, essuie-mains, papiers, cartons, verre, canettes, etc\u2026 : chaque flux doit \u00eatre trait\u00e9 avec rigueur, pr\u00e9cision et transparence. Cela implique de repenser la gestion des d\u00e9chets comme un parcours global, int\u00e9gr\u00e9, sur-mesure. Il ne s\u2019agit plus de \u00ab jeter proprement&nbsp;\u00bb, mais d\u2019optimiser \u00e0 la source, valoriser notamment en r\u00e9emploi, tracer et r\u00e9injecter dans la cha\u00eene \u00e9conomique.<\/p>\n\n\n\n<p>Ce changement de paradigme exige un accompagnement agile, par des acteurs capables de r\u00e9pondre aux sp\u00e9cificit\u00e9s de chaque m\u00e9tier, de chaque site, de chaque organisation. L\u2019\u00e9poque des solutions standards est r\u00e9volue. Aujourd\u2019hui, les entreprises cherchent un interlocuteur unique, capable d\u2019orchestrer tous les maillons de la cha\u00eene : collecte, tri, revalorisation, reporting RSE et conformit\u00e9 r\u00e9glementaire. Les entreprises doivent pouvoir s\u2019appuyer sur des partenaires capables de faire \u00e9voluer leur dispositif en temps r\u00e9el, en fonction des \u00e9volutions r\u00e9glementaires, des contraintes op\u00e9rationnelles ou des ambitions environnementales avec une r\u00e9elle agilit\u00e9. La flexibilit\u00e9 dans l\u2019ex\u00e9cution est aussi strat\u00e9gique que la solidit\u00e9 des infrastructures.<\/p>\n\n\n\n<p>C\u2019est l\u00e0 que l\u2019innovation devient d\u00e9cisive. Dans ce domaine, il ne s\u2019agit pas seulement de traiter des flux classiques : il faut aussi savoir g\u00e9rer des mat\u00e9riaux complexes comme les cintres plastiques, les polybags, ou d\u2019autres r\u00e9sidus composites auparavant difficilement recyclables. R\u00e9pondre \u00e0 ces d\u00e9fis suppose une approche pionni\u00e8re, qui combine expertise terrain et ing\u00e9nierie environnementale, avec un objectif clair : \u00e9viter autant que possible l\u2019enfouissement ou l\u2019incin\u00e9ration, et privil\u00e9gier des fili\u00e8res de r\u00e9emploi et de recyclage 100% fran\u00e7aises, tra\u00e7ables et vertueuses ou encore de nouveaux process de traitement.<\/p>\n\n\n\n<p>La tra\u00e7abilit\u00e9, justement, est l\u2019un des piliers de cette r\u00e9volution silencieuse. Il ne suffit plus de \u00ab&nbsp;faire du recyclage&nbsp;\u00bb : il faut le prouver, le quantifier, l\u2019analyser, l\u2019optimiser. Les entreprises les plus engag\u00e9es exigent aujourd\u2019hui une granularit\u00e9 extr\u00eame dans le suivi des flux \u2014 jusqu\u2019\u00e0 200 grammes pr\u00e8s. L\u00e0 o\u00f9 certains se contentent encore d\u2019approximations, les plus responsables veulent des indicateurs fiables, exploitables, pour piloter leur strat\u00e9gie RSE avec pr\u00e9cision.<\/p>\n\n\n\n<p>Car derri\u00e8re la gestion des d\u00e9chets, ce sont aussi des \u00e9conomies tangibles qui se dessinent. En s\u2019attaquant aux gisements \u00e0 la source, en r\u00e9duisant les volumes r\u00e9siduels, en maximisant les circuits courts de recyclage, les entreprises peuvent all\u00e9ger leurs co\u00fbts de traitement tout en r\u00e9pondant \u00e0 des obligations r\u00e9glementaires de plus en plus strictes. Le tri et le recyclage \u00e0 la source ne sont pas une contrainte, mais un investissement rationnel surtout dans un contexte de hausse inexorable du prix de traitement final des d\u00e9chets ultimes, porteur de valeur \u00e0 long terme.<\/p>\n\n\n\n<p>Nous entrons dans une \u00e8re o\u00f9 la mati\u00e8re ne se gaspille plus, elle se transforme. Et cette transformation doit \u00eatre accompagn\u00e9e avec exigence et cr\u00e9ativit\u00e9. Le r\u00f4le des gestionnaires de d\u00e9chets n\u2019est plus uniquement technique : il est aussi strat\u00e9gique, car il conditionne l\u2019image, la performance environnementale, et parfois m\u00eame la comp\u00e9titivit\u00e9 des entreprises qu\u2019ils accompagnent.<\/p>\n\n\n\n<p>Construire progressivement un avenir 100% ressource, c\u2019est possible. Cela demande de l\u2019audace, de la m\u00e9thode, et un partenaire de confiance. Un partenaire qui conjugue l\u2019excellence op\u00e9rationnelle \u00e0 une \u00e9thique de responsabilit\u00e9. Un partenaire pour qui chaque gramme compte. Un partenaire qui croit, comme nous, que recycler, c\u2019est d\u00e9j\u00e0 b\u00e2tir demain&nbsp;<\/p>","protected":false},"excerpt":{"rendered":"<p>Alors que nous sommes confront\u00e9s aux tensions \u00e9cologiques, \u00e9conomiques et r\u00e9glementaires, la gestion des d\u00e9chets n\u2019est plus une simple obligation logistique pour les entreprises : elle devient un levier strat\u00e9gique, un marqueur d\u2019engagement et un r\u00e9v\u00e9lateur de performance. En \u00cele-de-France comme ailleurs, les entreprises sont confront\u00e9es \u00e0 un imp\u00e9ratif de transformation : tendre vers le [&hellip;]<\/p>","protected":false},"author":2,"featured_media":45032,"comment_status":"closed","ping_status":"closed","sticky":false,"template":"","format":"standard","meta":{"_acf_changed":false,"inline_featured_image":false,"iawp_total_views":2,"footnotes":""},"categories":[28,26,10,65],"tags":[],"class_list":["post-45031","post","type-post","status-publish","format-standard","has-post-thumbnail","hentry","category-article-entier","category-laterale","category-materiaux","category-vu-dans-le-mag"],"acf":[],"yoast_head":"<!-- This site is optimized with the Yoast SEO plugin v24.4 - https:\/\/yoast.com\/wordpress\/plugins\/seo\/ -->\n<title>Repenser la gestion des d\u00e9chets :vers un mod\u00e8le 100% ressource - Emballage Digest<\/title>\n<meta name=\"robots\" content=\"index, follow, max-snippet:-1, max-image-preview:large, max-video-preview:-1\" \/>\n<link rel=\"canonical\" href=\"https:\/\/www.emballagedigest.fr\/en\/repenser-la-gestion-des-dechets-vers-un-modele-100-ressource\/\" \/>\n<meta property=\"og:locale\" content=\"en_GB\" \/>\n<meta property=\"og:type\" content=\"article\" \/>\n<meta property=\"og:title\" content=\"Repenser la gestion des d\u00e9chets :vers un mod\u00e8le 100% ressource - Emballage Digest\" \/>\n<meta property=\"og:description\" content=\"Alors que nous sommes confront\u00e9s aux tensions \u00e9cologiques, \u00e9conomiques et r\u00e9glementaires, la gestion des d\u00e9chets n\u2019est plus une simple obligation logistique pour les entreprises : elle devient un levier strat\u00e9gique, un marqueur d\u2019engagement et un r\u00e9v\u00e9lateur de performance. En \u00cele-de-France comme ailleurs, les entreprises sont confront\u00e9es \u00e0 un imp\u00e9ratif de transformation : tendre vers le [&hellip;]\" \/>\n<meta property=\"og:url\" content=\"https:\/\/www.emballagedigest.fr\/en\/repenser-la-gestion-des-dechets-vers-un-modele-100-ressource\/\" \/>\n<meta property=\"og:site_name\" content=\"Emballage Digest\" \/>\n<meta property=\"article:published_time\" content=\"2025-06-30T14:25:10+00:00\" \/>\n<meta property=\"article:modified_time\" content=\"2025-07-04T14:27:01+00:00\" \/>\n<meta property=\"og:image\" content=\"https:\/\/www.emballagedigest.fr\/wp-content\/uploads\/2025\/07\/Matthieu.jpg\" \/>\n\t<meta property=\"og:image:width\" content=\"800\" \/>\n\t<meta property=\"og:image:height\" content=\"566\" \/>\n\t<meta property=\"og:image:type\" content=\"image\/jpeg\" \/>\n<meta name=\"author\" content=\"Karine Duval\" \/>\n<meta name=\"twitter:card\" content=\"summary_large_image\" \/>\n<meta name=\"twitter:label1\" content=\"Written by\" \/>\n\t<meta name=\"twitter:data1\" content=\"Karine Duval\" \/>\n\t<meta name=\"twitter:label2\" content=\"Estimated reading time\" \/>\n\t<meta name=\"twitter:data2\" content=\"4 minutes\" \/>\n<script type=\"application\/ld+json\" class=\"yoast-schema-graph\">{\"@context\":\"https:\/\/schema.org\",\"@graph\":[{\"@type\":\"Article\",\"@id\":\"https:\/\/www.emballagedigest.fr\/repenser-la-gestion-des-dechets-vers-un-modele-100-ressource\/#article\",\"isPartOf\":{\"@id\":\"https:\/\/www.emballagedigest.fr\/repenser-la-gestion-des-dechets-vers-un-modele-100-ressource\/\"},\"author\":{\"name\":\"Karine Duval\",\"@id\":\"https:\/\/www.emballagedigest.fr\/#\/schema\/person\/76abe9f2b2ee4d3d520594c7a35da59f\"},\"headline\":\"Repenser la gestion des d\u00e9chets :vers un mod\u00e8le 100% ressource\",\"datePublished\":\"2025-06-30T14:25:10+00:00\",\"dateModified\":\"2025-07-04T14:27:01+00:00\",\"mainEntityOfPage\":{\"@id\":\"https:\/\/www.emballagedigest.fr\/repenser-la-gestion-des-dechets-vers-un-modele-100-ressource\/\"},\"wordCount\":701,\"publisher\":{\"@id\":\"https:\/\/www.emballagedigest.fr\/#organization\"},\"image\":{\"@id\":\"https:\/\/www.emballagedigest.fr\/repenser-la-gestion-des-dechets-vers-un-modele-100-ressource\/#primaryimage\"},\"thumbnailUrl\":\"https:\/\/www.emballagedigest.fr\/wp-content\/uploads\/2025\/07\/Matthieu.jpg\",\"articleSection\":[\"Article entier\",\"Barre lat\u00e9rale\",\"Mat\u00e9riaux\",\"Vu dans le mag\"],\"inLanguage\":\"en-GB\"},{\"@type\":\"WebPage\",\"@id\":\"https:\/\/www.emballagedigest.fr\/repenser-la-gestion-des-dechets-vers-un-modele-100-ressource\/\",\"url\":\"https:\/\/www.emballagedigest.fr\/repenser-la-gestion-des-dechets-vers-un-modele-100-ressource\/\",\"name\":\"Repenser la gestion des d\u00e9chets :vers un mod\u00e8le 100% ressource - Emballage Digest\",\"isPartOf\":{\"@id\":\"https:\/\/www.emballagedigest.fr\/#website\"},\"primaryImageOfPage\":{\"@id\":\"https:\/\/www.emballagedigest.fr\/repenser-la-gestion-des-dechets-vers-un-modele-100-ressource\/#primaryimage\"},\"image\":{\"@id\":\"https:\/\/www.emballagedigest.fr\/repenser-la-gestion-des-dechets-vers-un-modele-100-ressource\/#primaryimage\"},\"thumbnailUrl\":\"https:\/\/www.emballagedigest.fr\/wp-content\/uploads\/2025\/07\/Matthieu.jpg\",\"datePublished\":\"2025-06-30T14:25:10+00:00\",\"dateModified\":\"2025-07-04T14:27:01+00:00\",\"breadcrumb\":{\"@id\":\"https:\/\/www.emballagedigest.fr\/repenser-la-gestion-des-dechets-vers-un-modele-100-ressource\/#breadcrumb\"},\"inLanguage\":\"en-GB\",\"potentialAction\":[{\"@type\":\"ReadAction\",\"target\":[\"https:\/\/www.emballagedigest.fr\/repenser-la-gestion-des-dechets-vers-un-modele-100-ressource\/\"]}]},{\"@type\":\"ImageObject\",\"inLanguage\":\"en-GB\",\"@id\":\"https:\/\/www.emballagedigest.fr\/repenser-la-gestion-des-dechets-vers-un-modele-100-ressource\/#primaryimage\",\"url\":\"https:\/\/www.emballagedigest.fr\/wp-content\/uploads\/2025\/07\/Matthieu.jpg\",\"contentUrl\":\"https:\/\/www.emballagedigest.fr\/wp-content\/uploads\/2025\/07\/Matthieu.jpg\",\"width\":800,\"height\":566},{\"@type\":\"BreadcrumbList\",\"@id\":\"https:\/\/www.emballagedigest.fr\/repenser-la-gestion-des-dechets-vers-un-modele-100-ressource\/#breadcrumb\",\"itemListElement\":[{\"@type\":\"ListItem\",\"position\":1,\"name\":\"Accueil\",\"item\":\"https:\/\/www.emballagedigest.fr\/\"},{\"@type\":\"ListItem\",\"position\":2,\"name\":\"Repenser la gestion des d\u00e9chets :vers un mod\u00e8le 100% ressource\"}]},{\"@type\":\"WebSite\",\"@id\":\"https:\/\/www.emballagedigest.fr\/#website\",\"url\":\"https:\/\/www.emballagedigest.fr\/\",\"name\":\"Emballage Digest\",\"description\":\"Revue professionnelle sur les emballages\",\"publisher\":{\"@id\":\"https:\/\/www.emballagedigest.fr\/#organization\"},\"potentialAction\":[{\"@type\":\"SearchAction\",\"target\":{\"@type\":\"EntryPoint\",\"urlTemplate\":\"https:\/\/www.emballagedigest.fr\/?s={search_term_string}\"},\"query-input\":{\"@type\":\"PropertyValueSpecification\",\"valueRequired\":true,\"valueName\":\"search_term_string\"}}],\"inLanguage\":\"en-GB\"},{\"@type\":\"Organization\",\"@id\":\"https:\/\/www.emballagedigest.fr\/#organization\",\"name\":\"Emballage Digest\",\"url\":\"https:\/\/www.emballagedigest.fr\/\",\"logo\":{\"@type\":\"ImageObject\",\"inLanguage\":\"en-GB\",\"@id\":\"https:\/\/www.emballagedigest.fr\/#\/schema\/logo\/image\/\",\"url\":\"https:\/\/www.emballagedigest.fr\/wp-content\/uploads\/2022\/07\/logo-ed.png\",\"contentUrl\":\"https:\/\/www.emballagedigest.fr\/wp-content\/uploads\/2022\/07\/logo-ed.png\",\"width\":379,\"height\":75,\"caption\":\"Emballage Digest\"},\"image\":{\"@id\":\"https:\/\/www.emballagedigest.fr\/#\/schema\/logo\/image\/\"}},{\"@type\":\"Person\",\"@id\":\"https:\/\/www.emballagedigest.fr\/#\/schema\/person\/76abe9f2b2ee4d3d520594c7a35da59f\",\"name\":\"Karine Duval\",\"image\":{\"@type\":\"ImageObject\",\"inLanguage\":\"en-GB\",\"@id\":\"https:\/\/www.emballagedigest.fr\/#\/schema\/person\/image\/\",\"url\":\"https:\/\/secure.gravatar.com\/avatar\/f552799261cdd2e076e6677d780ef07bdb13aa4c196ab75b39abcbcdcae2d4e5?s=96&d=mm&r=g\",\"contentUrl\":\"https:\/\/secure.gravatar.com\/avatar\/f552799261cdd2e076e6677d780ef07bdb13aa4c196ab75b39abcbcdcae2d4e5?s=96&d=mm&r=g\",\"caption\":\"Karine Duval\"},\"url\":\"https:\/\/www.emballagedigest.fr\/en\/author\/admin_karduv\/\"}]}<\/script>\n<!-- \/ Yoast SEO plugin. -->","yoast_head_json":{"title":"Repenser la gestion des d\u00e9chets :vers un mod\u00e8le 100% ressource - Emballage Digest","robots":{"index":"index","follow":"follow","max-snippet":"max-snippet:-1","max-image-preview":"max-image-preview:large","max-video-preview":"max-video-preview:-1"},"canonical":"https:\/\/www.emballagedigest.fr\/en\/repenser-la-gestion-des-dechets-vers-un-modele-100-ressource\/","og_locale":"en_GB","og_type":"article","og_title":"Repenser la gestion des d\u00e9chets :vers un mod\u00e8le 100% ressource - Emballage Digest","og_description":"Alors que nous sommes confront\u00e9s aux tensions \u00e9cologiques, \u00e9conomiques et r\u00e9glementaires, la gestion des d\u00e9chets n\u2019est plus une simple obligation logistique pour les entreprises : elle devient un levier strat\u00e9gique, un marqueur d\u2019engagement et un r\u00e9v\u00e9lateur de performance. En \u00cele-de-France comme ailleurs, les entreprises sont confront\u00e9es \u00e0 un imp\u00e9ratif de transformation : tendre vers le [&hellip;]","og_url":"https:\/\/www.emballagedigest.fr\/en\/repenser-la-gestion-des-dechets-vers-un-modele-100-ressource\/","og_site_name":"Emballage Digest","article_published_time":"2025-06-30T14:25:10+00:00","article_modified_time":"2025-07-04T14:27:01+00:00","og_image":[{"width":800,"height":566,"url":"https:\/\/www.emballagedigest.fr\/wp-content\/uploads\/2025\/07\/Matthieu.jpg","type":"image\/jpeg"}],"author":"Karine Duval","twitter_card":"summary_large_image","twitter_misc":{"Written by":"Karine Duval","Estimated reading time":"4 minutes"},"schema":{"@context":"https:\/\/schema.org","@graph":[{"@type":"Article","@id":"https:\/\/www.emballagedigest.fr\/repenser-la-gestion-des-dechets-vers-un-modele-100-ressource\/#article","isPartOf":{"@id":"https:\/\/www.emballagedigest.fr\/repenser-la-gestion-des-dechets-vers-un-modele-100-ressource\/"},"author":{"name":"Karine Duval","@id":"https:\/\/www.emballagedigest.fr\/#\/schema\/person\/76abe9f2b2ee4d3d520594c7a35da59f"},"headline":"Repenser la gestion des d\u00e9chets :vers un mod\u00e8le 100% ressource","datePublished":"2025-06-30T14:25:10+00:00","dateModified":"2025-07-04T14:27:01+00:00","mainEntityOfPage":{"@id":"https:\/\/www.emballagedigest.fr\/repenser-la-gestion-des-dechets-vers-un-modele-100-ressource\/"},"wordCount":701,"publisher":{"@id":"https:\/\/www.emballagedigest.fr\/#organization"},"image":{"@id":"https:\/\/www.emballagedigest.fr\/repenser-la-gestion-des-dechets-vers-un-modele-100-ressource\/#primaryimage"},"thumbnailUrl":"https:\/\/www.emballagedigest.fr\/wp-content\/uploads\/2025\/07\/Matthieu.jpg","articleSection":["Article entier","Barre lat\u00e9rale","Mat\u00e9riaux","Vu dans le mag"],"inLanguage":"en-GB"},{"@type":"WebPage","@id":"https:\/\/www.emballagedigest.fr\/repenser-la-gestion-des-dechets-vers-un-modele-100-ressource\/","url":"https:\/\/www.emballagedigest.fr\/repenser-la-gestion-des-dechets-vers-un-modele-100-ressource\/","name":"Repenser la gestion des d\u00e9chets :vers un mod\u00e8le 100% ressource - Emballage Digest","isPartOf":{"@id":"https:\/\/www.emballagedigest.fr\/#website"},"primaryImageOfPage":{"@id":"https:\/\/www.emballagedigest.fr\/repenser-la-gestion-des-dechets-vers-un-modele-100-ressource\/#primaryimage"},"image":{"@id":"https:\/\/www.emballagedigest.fr\/repenser-la-gestion-des-dechets-vers-un-modele-100-ressource\/#primaryimage"},"thumbnailUrl":"https:\/\/www.emballagedigest.fr\/wp-content\/uploads\/2025\/07\/Matthieu.jpg","datePublished":"2025-06-30T14:25:10+00:00","dateModified":"2025-07-04T14:27:01+00:00","breadcrumb":{"@id":"https:\/\/www.emballagedigest.fr\/repenser-la-gestion-des-dechets-vers-un-modele-100-ressource\/#breadcrumb"},"inLanguage":"en-GB","potentialAction":[{"@type":"ReadAction","target":["https:\/\/www.emballagedigest.fr\/repenser-la-gestion-des-dechets-vers-un-modele-100-ressource\/"]}]},{"@type":"ImageObject","inLanguage":"en-GB","@id":"https:\/\/www.emballagedigest.fr\/repenser-la-gestion-des-dechets-vers-un-modele-100-ressource\/#primaryimage","url":"https:\/\/www.emballagedigest.fr\/wp-content\/uploads\/2025\/07\/Matthieu.jpg","contentUrl":"https:\/\/www.emballagedigest.fr\/wp-content\/uploads\/2025\/07\/Matthieu.jpg","width":800,"height":566},{"@type":"BreadcrumbList","@id":"https:\/\/www.emballagedigest.fr\/repenser-la-gestion-des-dechets-vers-un-modele-100-ressource\/#breadcrumb","itemListElement":[{"@type":"ListItem","position":1,"name":"Accueil","item":"https:\/\/www.emballagedigest.fr\/"},{"@type":"ListItem","position":2,"name":"Repenser la gestion des d\u00e9chets :vers un mod\u00e8le 100% ressource"}]},{"@type":"WebSite","@id":"https:\/\/www.emballagedigest.fr\/#website","url":"https:\/\/www.emballagedigest.fr\/","name":"Emballage Digest","description":"Revue professionnelle sur les emballages","publisher":{"@id":"https:\/\/www.emballagedigest.fr\/#organization"},"potentialAction":[{"@type":"SearchAction","target":{"@type":"EntryPoint","urlTemplate":"https:\/\/www.emballagedigest.fr\/?s={search_term_string}"},"query-input":{"@type":"PropertyValueSpecification","valueRequired":true,"valueName":"search_term_string"}}],"inLanguage":"en-GB"},{"@type":"Organization","@id":"https:\/\/www.emballagedigest.fr\/#organization","name":"Emballage Digest","url":"https:\/\/www.emballagedigest.fr\/","logo":{"@type":"ImageObject","inLanguage":"en-GB","@id":"https:\/\/www.emballagedigest.fr\/#\/schema\/logo\/image\/","url":"https:\/\/www.emballagedigest.fr\/wp-content\/uploads\/2022\/07\/logo-ed.png","contentUrl":"https:\/\/www.emballagedigest.fr\/wp-content\/uploads\/2022\/07\/logo-ed.png","width":379,"height":75,"caption":"Emballage Digest"},"image":{"@id":"https:\/\/www.emballagedigest.fr\/#\/schema\/logo\/image\/"}},{"@type":"Person","@id":"https:\/\/www.emballagedigest.fr\/#\/schema\/person\/76abe9f2b2ee4d3d520594c7a35da59f","name":"Karine Duval","image":{"@type":"ImageObject","inLanguage":"en-GB","@id":"https:\/\/www.emballagedigest.fr\/#\/schema\/person\/image\/","url":"https:\/\/secure.gravatar.com\/avatar\/f552799261cdd2e076e6677d780ef07bdb13aa4c196ab75b39abcbcdcae2d4e5?s=96&d=mm&r=g","contentUrl":"https:\/\/secure.gravatar.com\/avatar\/f552799261cdd2e076e6677d780ef07bdb13aa4c196ab75b39abcbcdcae2d4e5?s=96&d=mm&r=g","caption":"Karine Duval"},"url":"https:\/\/www.emballagedigest.fr\/en\/author\/admin_karduv\/"}]}},"_links":{"self":[{"href":"https:\/\/www.emballagedigest.fr\/en\/wp-json\/wp\/v2\/posts\/45031","targetHints":{"allow":["GET"]}}],"collection":[{"href":"https:\/\/www.emballagedigest.fr\/en\/wp-json\/wp\/v2\/posts"}],"about":[{"href":"https:\/\/www.emballagedigest.fr\/en\/wp-json\/wp\/v2\/types\/post"}],"author":[{"embeddable":true,"href":"https:\/\/www.emballagedigest.fr\/en\/wp-json\/wp\/v2\/users\/2"}],"replies":[{"embeddable":true,"href":"https:\/\/www.emballagedigest.fr\/en\/wp-json\/wp\/v2\/comments?post=45031"}],"version-history":[{"count":1,"href":"https:\/\/www.emballagedigest.fr\/en\/wp-json\/wp\/v2\/posts\/45031\/revisions"}],"predecessor-version":[{"id":45033,"href":"https:\/\/www.emballagedigest.fr\/en\/wp-json\/wp\/v2\/posts\/45031\/revisions\/45033"}],"wp:featuredmedia":[{"embeddable":true,"href":"https:\/\/www.emballagedigest.fr\/en\/wp-json\/wp\/v2\/media\/45032"}],"wp:attachment":[{"href":"https:\/\/www.emballagedigest.fr\/en\/wp-json\/wp\/v2\/media?parent=45031"}],"wp:term":[{"taxonomy":"category","embeddable":true,"href":"https:\/\/www.emballagedigest.fr\/en\/wp-json\/wp\/v2\/categories?post=45031"},{"taxonomy":"post_tag","embeddable":true,"href":"https:\/\/www.emballagedigest.fr\/en\/wp-json\/wp\/v2\/tags?post=45031"}],"curies":[{"name":"wp","href":"https:\/\/api.w.org\/{rel}","templated":true}]}}