{"id":45034,"date":"2025-06-30T16:27:16","date_gmt":"2025-06-30T14:27:16","guid":{"rendered":"https:\/\/www.emballagedigest.fr\/?p=45034"},"modified":"2025-07-04T16:29:31","modified_gmt":"2025-07-04T14:29:31","slug":"couverts-compostables-pour-creme-glacee","status":"publish","type":"post","link":"https:\/\/www.emballagedigest.fr\/en\/couverts-compostables-pour-creme-glacee\/","title":{"rendered":"Couverts compostables pour cr\u00e8me glac\u00e9e"},"content":{"rendered":"<p><strong>Parmi les innovations d\u00e9voil\u00e9es par ADBioplastics sur le salon Greenplast 2025 \u00e0 Milan, les visiteurs ont pu d\u00e9couvrir des couverts compostables destin\u00e9s \u00e0 l\u2019industrie de la cr\u00e8me glac\u00e9e. Mais aussi un flacon biosourc\u00e9 et compostable de 500 ml pour gel douche et shampoing pour b\u00e9b\u00e9, d\u00e9velopp\u00e9 en collaboration avec Nua Cosmetics, Provei Global et ITC Packaging. <\/strong><\/p>\n\n\n\n<p>Ce flacon, \u00e9quip\u00e9 d\u2019un bouchon doseur en PLA-Premium, offre une alternative \u00e9cologique aux bouteilles en PET. Une autre solution innovante est le BioLoop Band, un filament en PLA-Premium qui remplace les fermetures \u00e0 bande torsad\u00e9e traditionnelles. Il r\u00e9duit la consommation de mati\u00e8re jusqu\u2019\u00e0 55%, est r\u00e9sistant aux chocs et \u00e0 la torsion, et compostable. L\u2019Italie, leader en r\u00e9glementation des mati\u00e8res compostables, vise \u00e0 remplacer 90% des plastiques fossiles d\u2019ici 2045. Depuis 2018, le pays interdit les sacs en plastique non compostables et encourage l\u2019utilisation de bioplastiques durables \u00e0 travers des incitations fiscales. L\u2019Italie a d\u00e9j\u00e0 d\u00e9pass\u00e9 ses objectifs de recyclage pour les bioplastiques compostables fix\u00e9s pour 2030.<\/p>\n\n\n\n<p><\/p>","protected":false},"excerpt":{"rendered":"<p>Parmi les innovations d\u00e9voil\u00e9es par ADBioplastics sur le salon Greenplast 2025 \u00e0 Milan, les visiteurs ont pu d\u00e9couvrir des couverts compostables destin\u00e9s \u00e0 l\u2019industrie de la cr\u00e8me glac\u00e9e. Mais aussi un flacon biosourc\u00e9 et compostable de 500 ml pour gel douche et shampoing pour b\u00e9b\u00e9, d\u00e9velopp\u00e9 en collaboration avec Nua Cosmetics, Provei Global et ITC [&hellip;]<\/p>","protected":false},"author":2,"featured_media":45035,"comment_status":"closed","ping_status":"closed","sticky":false,"template":"","format":"standard","meta":{"_acf_changed":false,"inline_featured_image":false,"iawp_total_views":0,"footnotes":""},"categories":[5,28,26,81,65],"tags":[],"class_list":["post-45034","post","type-post","status-publish","format-standard","has-post-thumbnail","hentry","category-alimentaire","category-article-entier","category-laterale","category-packaging","category-vu-dans-le-mag"],"acf":[],"yoast_head":"<!-- This site is optimized with the Yoast SEO plugin v24.4 - https:\/\/yoast.com\/wordpress\/plugins\/seo\/ -->\n<title>Couverts compostables pour cr\u00e8me glac\u00e9e - Emballage Digest<\/title>\n<meta name=\"robots\" content=\"index, follow, max-snippet:-1, max-image-preview:large, max-video-preview:-1\" \/>\n<link rel=\"canonical\" href=\"https:\/\/www.emballagedigest.fr\/en\/couverts-compostables-pour-creme-glacee\/\" \/>\n<meta property=\"og:locale\" content=\"en_GB\" \/>\n<meta property=\"og:type\" content=\"article\" \/>\n<meta property=\"og:title\" content=\"Couverts compostables pour cr\u00e8me glac\u00e9e - Emballage Digest\" \/>\n<meta property=\"og:description\" content=\"Parmi les innovations d\u00e9voil\u00e9es par ADBioplastics sur le salon Greenplast 2025 \u00e0 Milan, les visiteurs ont pu d\u00e9couvrir des couverts compostables destin\u00e9s \u00e0 l\u2019industrie de la cr\u00e8me glac\u00e9e. Mais aussi un flacon biosourc\u00e9 et compostable de 500 ml pour gel douche et shampoing pour b\u00e9b\u00e9, d\u00e9velopp\u00e9 en collaboration avec Nua Cosmetics, Provei Global et ITC [&hellip;]\" \/>\n<meta property=\"og:url\" content=\"https:\/\/www.emballagedigest.fr\/en\/couverts-compostables-pour-creme-glacee\/\" \/>\n<meta property=\"og:site_name\" content=\"Emballage Digest\" \/>\n<meta property=\"article:published_time\" content=\"2025-06-30T14:27:16+00:00\" \/>\n<meta property=\"article:modified_time\" content=\"2025-07-04T14:29:31+00:00\" \/>\n<meta property=\"og:image\" content=\"https:\/\/www.emballagedigest.fr\/wp-content\/uploads\/2025\/07\/ADBioplastics.jpg\" \/>\n\t<meta property=\"og:image:width\" content=\"800\" \/>\n\t<meta property=\"og:image:height\" content=\"533\" \/>\n\t<meta property=\"og:image:type\" content=\"image\/jpeg\" \/>\n<meta name=\"author\" content=\"Karine Duval\" \/>\n<meta name=\"twitter:card\" content=\"summary_large_image\" \/>\n<meta name=\"twitter:label1\" content=\"Written by\" \/>\n\t<meta name=\"twitter:data1\" content=\"Karine Duval\" \/>\n\t<meta name=\"twitter:label2\" content=\"Estimated reading time\" \/>\n\t<meta name=\"twitter:data2\" content=\"2 minutes\" \/>\n<script type=\"application\/ld+json\" class=\"yoast-schema-graph\">{\"@context\":\"https:\/\/schema.org\",\"@graph\":[{\"@type\":\"Article\",\"@id\":\"https:\/\/www.emballagedigest.fr\/couverts-compostables-pour-creme-glacee\/#article\",\"isPartOf\":{\"@id\":\"https:\/\/www.emballagedigest.fr\/couverts-compostables-pour-creme-glacee\/\"},\"author\":{\"name\":\"Karine Duval\",\"@id\":\"https:\/\/www.emballagedigest.fr\/#\/schema\/person\/76abe9f2b2ee4d3d520594c7a35da59f\"},\"headline\":\"Couverts compostables pour cr\u00e8me glac\u00e9e\",\"datePublished\":\"2025-06-30T14:27:16+00:00\",\"dateModified\":\"2025-07-04T14:29:31+00:00\",\"mainEntityOfPage\":{\"@id\":\"https:\/\/www.emballagedigest.fr\/couverts-compostables-pour-creme-glacee\/\"},\"wordCount\":180,\"publisher\":{\"@id\":\"https:\/\/www.emballagedigest.fr\/#organization\"},\"image\":{\"@id\":\"https:\/\/www.emballagedigest.fr\/couverts-compostables-pour-creme-glacee\/#primaryimage\"},\"thumbnailUrl\":\"https:\/\/www.emballagedigest.fr\/wp-content\/uploads\/2025\/07\/ADBioplastics.jpg\",\"articleSection\":[\"Alimentaire\",\"Article entier\",\"Barre lat\u00e9rale\",\"Packaging\",\"Vu dans le mag\"],\"inLanguage\":\"en-GB\"},{\"@type\":\"WebPage\",\"@id\":\"https:\/\/www.emballagedigest.fr\/couverts-compostables-pour-creme-glacee\/\",\"url\":\"https:\/\/www.emballagedigest.fr\/couverts-compostables-pour-creme-glacee\/\",\"name\":\"Couverts compostables pour cr\u00e8me glac\u00e9e - Emballage Digest\",\"isPartOf\":{\"@id\":\"https:\/\/www.emballagedigest.fr\/#website\"},\"primaryImageOfPage\":{\"@id\":\"https:\/\/www.emballagedigest.fr\/couverts-compostables-pour-creme-glacee\/#primaryimage\"},\"image\":{\"@id\":\"https:\/\/www.emballagedigest.fr\/couverts-compostables-pour-creme-glacee\/#primaryimage\"},\"thumbnailUrl\":\"https:\/\/www.emballagedigest.fr\/wp-content\/uploads\/2025\/07\/ADBioplastics.jpg\",\"datePublished\":\"2025-06-30T14:27:16+00:00\",\"dateModified\":\"2025-07-04T14:29:31+00:00\",\"breadcrumb\":{\"@id\":\"https:\/\/www.emballagedigest.fr\/couverts-compostables-pour-creme-glacee\/#breadcrumb\"},\"inLanguage\":\"en-GB\",\"potentialAction\":[{\"@type\":\"ReadAction\",\"target\":[\"https:\/\/www.emballagedigest.fr\/couverts-compostables-pour-creme-glacee\/\"]}]},{\"@type\":\"ImageObject\",\"inLanguage\":\"en-GB\",\"@id\":\"https:\/\/www.emballagedigest.fr\/couverts-compostables-pour-creme-glacee\/#primaryimage\",\"url\":\"https:\/\/www.emballagedigest.fr\/wp-content\/uploads\/2025\/07\/ADBioplastics.jpg\",\"contentUrl\":\"https:\/\/www.emballagedigest.fr\/wp-content\/uploads\/2025\/07\/ADBioplastics.jpg\",\"width\":800,\"height\":533},{\"@type\":\"BreadcrumbList\",\"@id\":\"https:\/\/www.emballagedigest.fr\/couverts-compostables-pour-creme-glacee\/#breadcrumb\",\"itemListElement\":[{\"@type\":\"ListItem\",\"position\":1,\"name\":\"Accueil\",\"item\":\"https:\/\/www.emballagedigest.fr\/\"},{\"@type\":\"ListItem\",\"position\":2,\"name\":\"Couverts compostables pour cr\u00e8me glac\u00e9e\"}]},{\"@type\":\"WebSite\",\"@id\":\"https:\/\/www.emballagedigest.fr\/#website\",\"url\":\"https:\/\/www.emballagedigest.fr\/\",\"name\":\"Emballage Digest\",\"description\":\"Revue professionnelle sur les emballages\",\"publisher\":{\"@id\":\"https:\/\/www.emballagedigest.fr\/#organization\"},\"potentialAction\":[{\"@type\":\"SearchAction\",\"target\":{\"@type\":\"EntryPoint\",\"urlTemplate\":\"https:\/\/www.emballagedigest.fr\/?s={search_term_string}\"},\"query-input\":{\"@type\":\"PropertyValueSpecification\",\"valueRequired\":true,\"valueName\":\"search_term_string\"}}],\"inLanguage\":\"en-GB\"},{\"@type\":\"Organization\",\"@id\":\"https:\/\/www.emballagedigest.fr\/#organization\",\"name\":\"Emballage Digest\",\"url\":\"https:\/\/www.emballagedigest.fr\/\",\"logo\":{\"@type\":\"ImageObject\",\"inLanguage\":\"en-GB\",\"@id\":\"https:\/\/www.emballagedigest.fr\/#\/schema\/logo\/image\/\",\"url\":\"https:\/\/www.emballagedigest.fr\/wp-content\/uploads\/2022\/07\/logo-ed.png\",\"contentUrl\":\"https:\/\/www.emballagedigest.fr\/wp-content\/uploads\/2022\/07\/logo-ed.png\",\"width\":379,\"height\":75,\"caption\":\"Emballage Digest\"},\"image\":{\"@id\":\"https:\/\/www.emballagedigest.fr\/#\/schema\/logo\/image\/\"}},{\"@type\":\"Person\",\"@id\":\"https:\/\/www.emballagedigest.fr\/#\/schema\/person\/76abe9f2b2ee4d3d520594c7a35da59f\",\"name\":\"Karine Duval\",\"image\":{\"@type\":\"ImageObject\",\"inLanguage\":\"en-GB\",\"@id\":\"https:\/\/www.emballagedigest.fr\/#\/schema\/person\/image\/\",\"url\":\"https:\/\/secure.gravatar.com\/avatar\/f552799261cdd2e076e6677d780ef07bdb13aa4c196ab75b39abcbcdcae2d4e5?s=96&d=mm&r=g\",\"contentUrl\":\"https:\/\/secure.gravatar.com\/avatar\/f552799261cdd2e076e6677d780ef07bdb13aa4c196ab75b39abcbcdcae2d4e5?s=96&d=mm&r=g\",\"caption\":\"Karine Duval\"},\"url\":\"https:\/\/www.emballagedigest.fr\/en\/author\/admin_karduv\/\"}]}<\/script>\n<!-- \/ Yoast SEO plugin. -->","yoast_head_json":{"title":"Couverts compostables pour cr\u00e8me glac\u00e9e - Emballage Digest","robots":{"index":"index","follow":"follow","max-snippet":"max-snippet:-1","max-image-preview":"max-image-preview:large","max-video-preview":"max-video-preview:-1"},"canonical":"https:\/\/www.emballagedigest.fr\/en\/couverts-compostables-pour-creme-glacee\/","og_locale":"en_GB","og_type":"article","og_title":"Couverts compostables pour cr\u00e8me glac\u00e9e - Emballage Digest","og_description":"Parmi les innovations d\u00e9voil\u00e9es par ADBioplastics sur le salon Greenplast 2025 \u00e0 Milan, les visiteurs ont pu d\u00e9couvrir des couverts compostables destin\u00e9s \u00e0 l\u2019industrie de la cr\u00e8me glac\u00e9e. Mais aussi un flacon biosourc\u00e9 et compostable de 500 ml pour gel douche et shampoing pour b\u00e9b\u00e9, d\u00e9velopp\u00e9 en collaboration avec Nua Cosmetics, Provei Global et ITC [&hellip;]","og_url":"https:\/\/www.emballagedigest.fr\/en\/couverts-compostables-pour-creme-glacee\/","og_site_name":"Emballage Digest","article_published_time":"2025-06-30T14:27:16+00:00","article_modified_time":"2025-07-04T14:29:31+00:00","og_image":[{"width":800,"height":533,"url":"https:\/\/www.emballagedigest.fr\/wp-content\/uploads\/2025\/07\/ADBioplastics.jpg","type":"image\/jpeg"}],"author":"Karine Duval","twitter_card":"summary_large_image","twitter_misc":{"Written by":"Karine Duval","Estimated reading time":"2 minutes"},"schema":{"@context":"https:\/\/schema.org","@graph":[{"@type":"Article","@id":"https:\/\/www.emballagedigest.fr\/couverts-compostables-pour-creme-glacee\/#article","isPartOf":{"@id":"https:\/\/www.emballagedigest.fr\/couverts-compostables-pour-creme-glacee\/"},"author":{"name":"Karine Duval","@id":"https:\/\/www.emballagedigest.fr\/#\/schema\/person\/76abe9f2b2ee4d3d520594c7a35da59f"},"headline":"Couverts compostables pour cr\u00e8me glac\u00e9e","datePublished":"2025-06-30T14:27:16+00:00","dateModified":"2025-07-04T14:29:31+00:00","mainEntityOfPage":{"@id":"https:\/\/www.emballagedigest.fr\/couverts-compostables-pour-creme-glacee\/"},"wordCount":180,"publisher":{"@id":"https:\/\/www.emballagedigest.fr\/#organization"},"image":{"@id":"https:\/\/www.emballagedigest.fr\/couverts-compostables-pour-creme-glacee\/#primaryimage"},"thumbnailUrl":"https:\/\/www.emballagedigest.fr\/wp-content\/uploads\/2025\/07\/ADBioplastics.jpg","articleSection":["Alimentaire","Article entier","Barre lat\u00e9rale","Packaging","Vu dans le mag"],"inLanguage":"en-GB"},{"@type":"WebPage","@id":"https:\/\/www.emballagedigest.fr\/couverts-compostables-pour-creme-glacee\/","url":"https:\/\/www.emballagedigest.fr\/couverts-compostables-pour-creme-glacee\/","name":"Couverts compostables pour cr\u00e8me glac\u00e9e - Emballage Digest","isPartOf":{"@id":"https:\/\/www.emballagedigest.fr\/#website"},"primaryImageOfPage":{"@id":"https:\/\/www.emballagedigest.fr\/couverts-compostables-pour-creme-glacee\/#primaryimage"},"image":{"@id":"https:\/\/www.emballagedigest.fr\/couverts-compostables-pour-creme-glacee\/#primaryimage"},"thumbnailUrl":"https:\/\/www.emballagedigest.fr\/wp-content\/uploads\/2025\/07\/ADBioplastics.jpg","datePublished":"2025-06-30T14:27:16+00:00","dateModified":"2025-07-04T14:29:31+00:00","breadcrumb":{"@id":"https:\/\/www.emballagedigest.fr\/couverts-compostables-pour-creme-glacee\/#breadcrumb"},"inLanguage":"en-GB","potentialAction":[{"@type":"ReadAction","target":["https:\/\/www.emballagedigest.fr\/couverts-compostables-pour-creme-glacee\/"]}]},{"@type":"ImageObject","inLanguage":"en-GB","@id":"https:\/\/www.emballagedigest.fr\/couverts-compostables-pour-creme-glacee\/#primaryimage","url":"https:\/\/www.emballagedigest.fr\/wp-content\/uploads\/2025\/07\/ADBioplastics.jpg","contentUrl":"https:\/\/www.emballagedigest.fr\/wp-content\/uploads\/2025\/07\/ADBioplastics.jpg","width":800,"height":533},{"@type":"BreadcrumbList","@id":"https:\/\/www.emballagedigest.fr\/couverts-compostables-pour-creme-glacee\/#breadcrumb","itemListElement":[{"@type":"ListItem","position":1,"name":"Accueil","item":"https:\/\/www.emballagedigest.fr\/"},{"@type":"ListItem","position":2,"name":"Couverts compostables pour cr\u00e8me glac\u00e9e"}]},{"@type":"WebSite","@id":"https:\/\/www.emballagedigest.fr\/#website","url":"https:\/\/www.emballagedigest.fr\/","name":"Emballage Digest","description":"Revue professionnelle sur les emballages","publisher":{"@id":"https:\/\/www.emballagedigest.fr\/#organization"},"potentialAction":[{"@type":"SearchAction","target":{"@type":"EntryPoint","urlTemplate":"https:\/\/www.emballagedigest.fr\/?s={search_term_string}"},"query-input":{"@type":"PropertyValueSpecification","valueRequired":true,"valueName":"search_term_string"}}],"inLanguage":"en-GB"},{"@type":"Organization","@id":"https:\/\/www.emballagedigest.fr\/#organization","name":"Emballage Digest","url":"https:\/\/www.emballagedigest.fr\/","logo":{"@type":"ImageObject","inLanguage":"en-GB","@id":"https:\/\/www.emballagedigest.fr\/#\/schema\/logo\/image\/","url":"https:\/\/www.emballagedigest.fr\/wp-content\/uploads\/2022\/07\/logo-ed.png","contentUrl":"https:\/\/www.emballagedigest.fr\/wp-content\/uploads\/2022\/07\/logo-ed.png","width":379,"height":75,"caption":"Emballage Digest"},"image":{"@id":"https:\/\/www.emballagedigest.fr\/#\/schema\/logo\/image\/"}},{"@type":"Person","@id":"https:\/\/www.emballagedigest.fr\/#\/schema\/person\/76abe9f2b2ee4d3d520594c7a35da59f","name":"Karine Duval","image":{"@type":"ImageObject","inLanguage":"en-GB","@id":"https:\/\/www.emballagedigest.fr\/#\/schema\/person\/image\/","url":"https:\/\/secure.gravatar.com\/avatar\/f552799261cdd2e076e6677d780ef07bdb13aa4c196ab75b39abcbcdcae2d4e5?s=96&d=mm&r=g","contentUrl":"https:\/\/secure.gravatar.com\/avatar\/f552799261cdd2e076e6677d780ef07bdb13aa4c196ab75b39abcbcdcae2d4e5?s=96&d=mm&r=g","caption":"Karine Duval"},"url":"https:\/\/www.emballagedigest.fr\/en\/author\/admin_karduv\/"}]}},"_links":{"self":[{"href":"https:\/\/www.emballagedigest.fr\/en\/wp-json\/wp\/v2\/posts\/45034","targetHints":{"allow":["GET"]}}],"collection":[{"href":"https:\/\/www.emballagedigest.fr\/en\/wp-json\/wp\/v2\/posts"}],"about":[{"href":"https:\/\/www.emballagedigest.fr\/en\/wp-json\/wp\/v2\/types\/post"}],"author":[{"embeddable":true,"href":"https:\/\/www.emballagedigest.fr\/en\/wp-json\/wp\/v2\/users\/2"}],"replies":[{"embeddable":true,"href":"https:\/\/www.emballagedigest.fr\/en\/wp-json\/wp\/v2\/comments?post=45034"}],"version-history":[{"count":1,"href":"https:\/\/www.emballagedigest.fr\/en\/wp-json\/wp\/v2\/posts\/45034\/revisions"}],"predecessor-version":[{"id":45036,"href":"https:\/\/www.emballagedigest.fr\/en\/wp-json\/wp\/v2\/posts\/45034\/revisions\/45036"}],"wp:featuredmedia":[{"embeddable":true,"href":"https:\/\/www.emballagedigest.fr\/en\/wp-json\/wp\/v2\/media\/45035"}],"wp:attachment":[{"href":"https:\/\/www.emballagedigest.fr\/en\/wp-json\/wp\/v2\/media?parent=45034"}],"wp:term":[{"taxonomy":"category","embeddable":true,"href":"https:\/\/www.emballagedigest.fr\/en\/wp-json\/wp\/v2\/categories?post=45034"},{"taxonomy":"post_tag","embeddable":true,"href":"https:\/\/www.emballagedigest.fr\/en\/wp-json\/wp\/v2\/tags?post=45034"}],"curies":[{"name":"wp","href":"https:\/\/api.w.org\/{rel}","templated":true}]}}