{"id":45039,"date":"2025-06-30T16:30:51","date_gmt":"2025-06-30T14:30:51","guid":{"rendered":"https:\/\/www.emballagedigest.fr\/?p=45039"},"modified":"2025-07-04T16:32:44","modified_gmt":"2025-07-04T14:32:44","slug":"quand-la-boite-cadeau-prend-des-allures-de-sac","status":"publish","type":"post","link":"https:\/\/www.emballagedigest.fr\/en\/quand-la-boite-cadeau-prend-des-allures-de-sac\/","title":{"rendered":"Quand la boite cadeau prend des allures de sac"},"content":{"rendered":"<p><strong>Rissmann pr\u00e9sente un nouveau sac cadeau \u00e9labor\u00e9, confectionn\u00e9 \u00e0 partir d\u2019une seule pi\u00e8ce de papier issu de for\u00eats g\u00e9r\u00e9es durablement, sans collage, qui devrait inspirer les marques les plus embl\u00e9matiques. <\/strong><\/p>\n\n\n\n<p>Ce mod\u00e8le arbore un d\u00e9cor scintillant, en parfaite ad\u00e9quation avec les tendances actuelles. Un ruban cadeau ajoute une touche de d\u00e9licatesse \u00e0 ce \u00abit bag\u00bb, enti\u00e8rement personnalisable. Propos\u00e9 en diff\u00e9rentes tailles, le sac Cadeau est livr\u00e9 \u00e0 plat pour optimiser l\u2019exp\u00e9dition et le stockage et peut \u00eatre fabriqu\u00e9 en Europe, en Am\u00e9rique ou en Asie.<\/p>\n\n\n\n<p><\/p>","protected":false},"excerpt":{"rendered":"<p>Rissmann pr\u00e9sente un nouveau sac cadeau \u00e9labor\u00e9, confectionn\u00e9 \u00e0 partir d\u2019une seule pi\u00e8ce de papier issu de for\u00eats g\u00e9r\u00e9es durablement, sans collage, qui devrait inspirer les marques les plus embl\u00e9matiques. Ce mod\u00e8le arbore un d\u00e9cor scintillant, en parfaite ad\u00e9quation avec les tendances actuelles. Un ruban cadeau ajoute une touche de d\u00e9licatesse \u00e0 ce \u00abit bag\u00bb, [&hellip;]<\/p>","protected":false},"author":2,"featured_media":45040,"comment_status":"closed","ping_status":"closed","sticky":false,"template":"","format":"standard","meta":{"_acf_changed":false,"inline_featured_image":false,"iawp_total_views":2,"footnotes":""},"categories":[28,26,10,6,65],"tags":[],"class_list":["post-45039","post","type-post","status-publish","format-standard","has-post-thumbnail","hentry","category-article-entier","category-laterale","category-materiaux","category-parfumerie-cosmetique","category-vu-dans-le-mag"],"acf":[],"yoast_head":"<!-- This site is optimized with the Yoast SEO plugin v24.4 - https:\/\/yoast.com\/wordpress\/plugins\/seo\/ -->\n<title>Quand la boite cadeau prend des allures de sac - Emballage Digest<\/title>\n<meta name=\"robots\" content=\"index, follow, max-snippet:-1, max-image-preview:large, max-video-preview:-1\" \/>\n<link rel=\"canonical\" href=\"https:\/\/www.emballagedigest.fr\/en\/quand-la-boite-cadeau-prend-des-allures-de-sac\/\" \/>\n<meta property=\"og:locale\" content=\"en_GB\" \/>\n<meta property=\"og:type\" content=\"article\" \/>\n<meta property=\"og:title\" content=\"Quand la boite cadeau prend des allures de sac - Emballage Digest\" \/>\n<meta property=\"og:description\" content=\"Rissmann pr\u00e9sente un nouveau sac cadeau \u00e9labor\u00e9, confectionn\u00e9 \u00e0 partir d\u2019une seule pi\u00e8ce de papier issu de for\u00eats g\u00e9r\u00e9es durablement, sans collage, qui devrait inspirer les marques les plus embl\u00e9matiques. Ce mod\u00e8le arbore un d\u00e9cor scintillant, en parfaite ad\u00e9quation avec les tendances actuelles. Un ruban cadeau ajoute une touche de d\u00e9licatesse \u00e0 ce \u00abit bag\u00bb, [&hellip;]\" \/>\n<meta property=\"og:url\" content=\"https:\/\/www.emballagedigest.fr\/en\/quand-la-boite-cadeau-prend-des-allures-de-sac\/\" \/>\n<meta property=\"og:site_name\" content=\"Emballage Digest\" \/>\n<meta property=\"article:published_time\" content=\"2025-06-30T14:30:51+00:00\" \/>\n<meta property=\"article:modified_time\" content=\"2025-07-04T14:32:44+00:00\" \/>\n<meta property=\"og:image\" content=\"https:\/\/www.emballagedigest.fr\/wp-content\/uploads\/2025\/07\/RISSMANN.jpg\" \/>\n\t<meta property=\"og:image:width\" content=\"800\" \/>\n\t<meta property=\"og:image:height\" content=\"571\" \/>\n\t<meta property=\"og:image:type\" content=\"image\/jpeg\" \/>\n<meta name=\"author\" content=\"Karine Duval\" \/>\n<meta name=\"twitter:card\" content=\"summary_large_image\" \/>\n<meta name=\"twitter:label1\" content=\"Written by\" \/>\n\t<meta name=\"twitter:data1\" content=\"Karine Duval\" \/>\n\t<meta name=\"twitter:label2\" content=\"Estimated reading time\" \/>\n\t<meta name=\"twitter:data2\" content=\"1 minute\" \/>\n<script type=\"application\/ld+json\" class=\"yoast-schema-graph\">{\"@context\":\"https:\/\/schema.org\",\"@graph\":[{\"@type\":\"Article\",\"@id\":\"https:\/\/www.emballagedigest.fr\/quand-la-boite-cadeau-prend-des-allures-de-sac\/#article\",\"isPartOf\":{\"@id\":\"https:\/\/www.emballagedigest.fr\/quand-la-boite-cadeau-prend-des-allures-de-sac\/\"},\"author\":{\"name\":\"Karine Duval\",\"@id\":\"https:\/\/www.emballagedigest.fr\/#\/schema\/person\/76abe9f2b2ee4d3d520594c7a35da59f\"},\"headline\":\"Quand la boite cadeau prend des allures de sac\",\"datePublished\":\"2025-06-30T14:30:51+00:00\",\"dateModified\":\"2025-07-04T14:32:44+00:00\",\"mainEntityOfPage\":{\"@id\":\"https:\/\/www.emballagedigest.fr\/quand-la-boite-cadeau-prend-des-allures-de-sac\/\"},\"wordCount\":107,\"publisher\":{\"@id\":\"https:\/\/www.emballagedigest.fr\/#organization\"},\"image\":{\"@id\":\"https:\/\/www.emballagedigest.fr\/quand-la-boite-cadeau-prend-des-allures-de-sac\/#primaryimage\"},\"thumbnailUrl\":\"https:\/\/www.emballagedigest.fr\/wp-content\/uploads\/2025\/07\/RISSMANN.jpg\",\"articleSection\":[\"Article entier\",\"Barre lat\u00e9rale\",\"Mat\u00e9riaux\",\"Parfumerie &amp; Cosm\u00e9tique\",\"Vu dans le mag\"],\"inLanguage\":\"en-GB\"},{\"@type\":\"WebPage\",\"@id\":\"https:\/\/www.emballagedigest.fr\/quand-la-boite-cadeau-prend-des-allures-de-sac\/\",\"url\":\"https:\/\/www.emballagedigest.fr\/quand-la-boite-cadeau-prend-des-allures-de-sac\/\",\"name\":\"Quand la boite cadeau prend des allures de sac - Emballage Digest\",\"isPartOf\":{\"@id\":\"https:\/\/www.emballagedigest.fr\/#website\"},\"primaryImageOfPage\":{\"@id\":\"https:\/\/www.emballagedigest.fr\/quand-la-boite-cadeau-prend-des-allures-de-sac\/#primaryimage\"},\"image\":{\"@id\":\"https:\/\/www.emballagedigest.fr\/quand-la-boite-cadeau-prend-des-allures-de-sac\/#primaryimage\"},\"thumbnailUrl\":\"https:\/\/www.emballagedigest.fr\/wp-content\/uploads\/2025\/07\/RISSMANN.jpg\",\"datePublished\":\"2025-06-30T14:30:51+00:00\",\"dateModified\":\"2025-07-04T14:32:44+00:00\",\"breadcrumb\":{\"@id\":\"https:\/\/www.emballagedigest.fr\/quand-la-boite-cadeau-prend-des-allures-de-sac\/#breadcrumb\"},\"inLanguage\":\"en-GB\",\"potentialAction\":[{\"@type\":\"ReadAction\",\"target\":[\"https:\/\/www.emballagedigest.fr\/quand-la-boite-cadeau-prend-des-allures-de-sac\/\"]}]},{\"@type\":\"ImageObject\",\"inLanguage\":\"en-GB\",\"@id\":\"https:\/\/www.emballagedigest.fr\/quand-la-boite-cadeau-prend-des-allures-de-sac\/#primaryimage\",\"url\":\"https:\/\/www.emballagedigest.fr\/wp-content\/uploads\/2025\/07\/RISSMANN.jpg\",\"contentUrl\":\"https:\/\/www.emballagedigest.fr\/wp-content\/uploads\/2025\/07\/RISSMANN.jpg\",\"width\":800,\"height\":571},{\"@type\":\"BreadcrumbList\",\"@id\":\"https:\/\/www.emballagedigest.fr\/quand-la-boite-cadeau-prend-des-allures-de-sac\/#breadcrumb\",\"itemListElement\":[{\"@type\":\"ListItem\",\"position\":1,\"name\":\"Accueil\",\"item\":\"https:\/\/www.emballagedigest.fr\/\"},{\"@type\":\"ListItem\",\"position\":2,\"name\":\"Quand la boite cadeau prend des allures de sac\"}]},{\"@type\":\"WebSite\",\"@id\":\"https:\/\/www.emballagedigest.fr\/#website\",\"url\":\"https:\/\/www.emballagedigest.fr\/\",\"name\":\"Emballage Digest\",\"description\":\"Revue professionnelle sur les emballages\",\"publisher\":{\"@id\":\"https:\/\/www.emballagedigest.fr\/#organization\"},\"potentialAction\":[{\"@type\":\"SearchAction\",\"target\":{\"@type\":\"EntryPoint\",\"urlTemplate\":\"https:\/\/www.emballagedigest.fr\/?s={search_term_string}\"},\"query-input\":{\"@type\":\"PropertyValueSpecification\",\"valueRequired\":true,\"valueName\":\"search_term_string\"}}],\"inLanguage\":\"en-GB\"},{\"@type\":\"Organization\",\"@id\":\"https:\/\/www.emballagedigest.fr\/#organization\",\"name\":\"Emballage Digest\",\"url\":\"https:\/\/www.emballagedigest.fr\/\",\"logo\":{\"@type\":\"ImageObject\",\"inLanguage\":\"en-GB\",\"@id\":\"https:\/\/www.emballagedigest.fr\/#\/schema\/logo\/image\/\",\"url\":\"https:\/\/www.emballagedigest.fr\/wp-content\/uploads\/2022\/07\/logo-ed.png\",\"contentUrl\":\"https:\/\/www.emballagedigest.fr\/wp-content\/uploads\/2022\/07\/logo-ed.png\",\"width\":379,\"height\":75,\"caption\":\"Emballage Digest\"},\"image\":{\"@id\":\"https:\/\/www.emballagedigest.fr\/#\/schema\/logo\/image\/\"}},{\"@type\":\"Person\",\"@id\":\"https:\/\/www.emballagedigest.fr\/#\/schema\/person\/76abe9f2b2ee4d3d520594c7a35da59f\",\"name\":\"Karine Duval\",\"image\":{\"@type\":\"ImageObject\",\"inLanguage\":\"en-GB\",\"@id\":\"https:\/\/www.emballagedigest.fr\/#\/schema\/person\/image\/\",\"url\":\"https:\/\/secure.gravatar.com\/avatar\/f552799261cdd2e076e6677d780ef07bdb13aa4c196ab75b39abcbcdcae2d4e5?s=96&d=mm&r=g\",\"contentUrl\":\"https:\/\/secure.gravatar.com\/avatar\/f552799261cdd2e076e6677d780ef07bdb13aa4c196ab75b39abcbcdcae2d4e5?s=96&d=mm&r=g\",\"caption\":\"Karine Duval\"},\"url\":\"https:\/\/www.emballagedigest.fr\/en\/author\/admin_karduv\/\"}]}<\/script>\n<!-- \/ Yoast SEO plugin. -->","yoast_head_json":{"title":"Quand la boite cadeau prend des allures de sac - Emballage Digest","robots":{"index":"index","follow":"follow","max-snippet":"max-snippet:-1","max-image-preview":"max-image-preview:large","max-video-preview":"max-video-preview:-1"},"canonical":"https:\/\/www.emballagedigest.fr\/en\/quand-la-boite-cadeau-prend-des-allures-de-sac\/","og_locale":"en_GB","og_type":"article","og_title":"Quand la boite cadeau prend des allures de sac - Emballage Digest","og_description":"Rissmann pr\u00e9sente un nouveau sac cadeau \u00e9labor\u00e9, confectionn\u00e9 \u00e0 partir d\u2019une seule pi\u00e8ce de papier issu de for\u00eats g\u00e9r\u00e9es durablement, sans collage, qui devrait inspirer les marques les plus embl\u00e9matiques. Ce mod\u00e8le arbore un d\u00e9cor scintillant, en parfaite ad\u00e9quation avec les tendances actuelles. Un ruban cadeau ajoute une touche de d\u00e9licatesse \u00e0 ce \u00abit bag\u00bb, [&hellip;]","og_url":"https:\/\/www.emballagedigest.fr\/en\/quand-la-boite-cadeau-prend-des-allures-de-sac\/","og_site_name":"Emballage Digest","article_published_time":"2025-06-30T14:30:51+00:00","article_modified_time":"2025-07-04T14:32:44+00:00","og_image":[{"width":800,"height":571,"url":"https:\/\/www.emballagedigest.fr\/wp-content\/uploads\/2025\/07\/RISSMANN.jpg","type":"image\/jpeg"}],"author":"Karine Duval","twitter_card":"summary_large_image","twitter_misc":{"Written by":"Karine Duval","Estimated reading time":"1 minute"},"schema":{"@context":"https:\/\/schema.org","@graph":[{"@type":"Article","@id":"https:\/\/www.emballagedigest.fr\/quand-la-boite-cadeau-prend-des-allures-de-sac\/#article","isPartOf":{"@id":"https:\/\/www.emballagedigest.fr\/quand-la-boite-cadeau-prend-des-allures-de-sac\/"},"author":{"name":"Karine Duval","@id":"https:\/\/www.emballagedigest.fr\/#\/schema\/person\/76abe9f2b2ee4d3d520594c7a35da59f"},"headline":"Quand la boite cadeau prend des allures de sac","datePublished":"2025-06-30T14:30:51+00:00","dateModified":"2025-07-04T14:32:44+00:00","mainEntityOfPage":{"@id":"https:\/\/www.emballagedigest.fr\/quand-la-boite-cadeau-prend-des-allures-de-sac\/"},"wordCount":107,"publisher":{"@id":"https:\/\/www.emballagedigest.fr\/#organization"},"image":{"@id":"https:\/\/www.emballagedigest.fr\/quand-la-boite-cadeau-prend-des-allures-de-sac\/#primaryimage"},"thumbnailUrl":"https:\/\/www.emballagedigest.fr\/wp-content\/uploads\/2025\/07\/RISSMANN.jpg","articleSection":["Article entier","Barre lat\u00e9rale","Mat\u00e9riaux","Parfumerie &amp; Cosm\u00e9tique","Vu dans le mag"],"inLanguage":"en-GB"},{"@type":"WebPage","@id":"https:\/\/www.emballagedigest.fr\/quand-la-boite-cadeau-prend-des-allures-de-sac\/","url":"https:\/\/www.emballagedigest.fr\/quand-la-boite-cadeau-prend-des-allures-de-sac\/","name":"Quand la boite cadeau prend des allures de sac - Emballage Digest","isPartOf":{"@id":"https:\/\/www.emballagedigest.fr\/#website"},"primaryImageOfPage":{"@id":"https:\/\/www.emballagedigest.fr\/quand-la-boite-cadeau-prend-des-allures-de-sac\/#primaryimage"},"image":{"@id":"https:\/\/www.emballagedigest.fr\/quand-la-boite-cadeau-prend-des-allures-de-sac\/#primaryimage"},"thumbnailUrl":"https:\/\/www.emballagedigest.fr\/wp-content\/uploads\/2025\/07\/RISSMANN.jpg","datePublished":"2025-06-30T14:30:51+00:00","dateModified":"2025-07-04T14:32:44+00:00","breadcrumb":{"@id":"https:\/\/www.emballagedigest.fr\/quand-la-boite-cadeau-prend-des-allures-de-sac\/#breadcrumb"},"inLanguage":"en-GB","potentialAction":[{"@type":"ReadAction","target":["https:\/\/www.emballagedigest.fr\/quand-la-boite-cadeau-prend-des-allures-de-sac\/"]}]},{"@type":"ImageObject","inLanguage":"en-GB","@id":"https:\/\/www.emballagedigest.fr\/quand-la-boite-cadeau-prend-des-allures-de-sac\/#primaryimage","url":"https:\/\/www.emballagedigest.fr\/wp-content\/uploads\/2025\/07\/RISSMANN.jpg","contentUrl":"https:\/\/www.emballagedigest.fr\/wp-content\/uploads\/2025\/07\/RISSMANN.jpg","width":800,"height":571},{"@type":"BreadcrumbList","@id":"https:\/\/www.emballagedigest.fr\/quand-la-boite-cadeau-prend-des-allures-de-sac\/#breadcrumb","itemListElement":[{"@type":"ListItem","position":1,"name":"Accueil","item":"https:\/\/www.emballagedigest.fr\/"},{"@type":"ListItem","position":2,"name":"Quand la boite cadeau prend des allures de sac"}]},{"@type":"WebSite","@id":"https:\/\/www.emballagedigest.fr\/#website","url":"https:\/\/www.emballagedigest.fr\/","name":"Emballage Digest","description":"Revue professionnelle sur les emballages","publisher":{"@id":"https:\/\/www.emballagedigest.fr\/#organization"},"potentialAction":[{"@type":"SearchAction","target":{"@type":"EntryPoint","urlTemplate":"https:\/\/www.emballagedigest.fr\/?s={search_term_string}"},"query-input":{"@type":"PropertyValueSpecification","valueRequired":true,"valueName":"search_term_string"}}],"inLanguage":"en-GB"},{"@type":"Organization","@id":"https:\/\/www.emballagedigest.fr\/#organization","name":"Emballage Digest","url":"https:\/\/www.emballagedigest.fr\/","logo":{"@type":"ImageObject","inLanguage":"en-GB","@id":"https:\/\/www.emballagedigest.fr\/#\/schema\/logo\/image\/","url":"https:\/\/www.emballagedigest.fr\/wp-content\/uploads\/2022\/07\/logo-ed.png","contentUrl":"https:\/\/www.emballagedigest.fr\/wp-content\/uploads\/2022\/07\/logo-ed.png","width":379,"height":75,"caption":"Emballage Digest"},"image":{"@id":"https:\/\/www.emballagedigest.fr\/#\/schema\/logo\/image\/"}},{"@type":"Person","@id":"https:\/\/www.emballagedigest.fr\/#\/schema\/person\/76abe9f2b2ee4d3d520594c7a35da59f","name":"Karine Duval","image":{"@type":"ImageObject","inLanguage":"en-GB","@id":"https:\/\/www.emballagedigest.fr\/#\/schema\/person\/image\/","url":"https:\/\/secure.gravatar.com\/avatar\/f552799261cdd2e076e6677d780ef07bdb13aa4c196ab75b39abcbcdcae2d4e5?s=96&d=mm&r=g","contentUrl":"https:\/\/secure.gravatar.com\/avatar\/f552799261cdd2e076e6677d780ef07bdb13aa4c196ab75b39abcbcdcae2d4e5?s=96&d=mm&r=g","caption":"Karine Duval"},"url":"https:\/\/www.emballagedigest.fr\/en\/author\/admin_karduv\/"}]}},"_links":{"self":[{"href":"https:\/\/www.emballagedigest.fr\/en\/wp-json\/wp\/v2\/posts\/45039","targetHints":{"allow":["GET"]}}],"collection":[{"href":"https:\/\/www.emballagedigest.fr\/en\/wp-json\/wp\/v2\/posts"}],"about":[{"href":"https:\/\/www.emballagedigest.fr\/en\/wp-json\/wp\/v2\/types\/post"}],"author":[{"embeddable":true,"href":"https:\/\/www.emballagedigest.fr\/en\/wp-json\/wp\/v2\/users\/2"}],"replies":[{"embeddable":true,"href":"https:\/\/www.emballagedigest.fr\/en\/wp-json\/wp\/v2\/comments?post=45039"}],"version-history":[{"count":1,"href":"https:\/\/www.emballagedigest.fr\/en\/wp-json\/wp\/v2\/posts\/45039\/revisions"}],"predecessor-version":[{"id":45041,"href":"https:\/\/www.emballagedigest.fr\/en\/wp-json\/wp\/v2\/posts\/45039\/revisions\/45041"}],"wp:featuredmedia":[{"embeddable":true,"href":"https:\/\/www.emballagedigest.fr\/en\/wp-json\/wp\/v2\/media\/45040"}],"wp:attachment":[{"href":"https:\/\/www.emballagedigest.fr\/en\/wp-json\/wp\/v2\/media?parent=45039"}],"wp:term":[{"taxonomy":"category","embeddable":true,"href":"https:\/\/www.emballagedigest.fr\/en\/wp-json\/wp\/v2\/categories?post=45039"},{"taxonomy":"post_tag","embeddable":true,"href":"https:\/\/www.emballagedigest.fr\/en\/wp-json\/wp\/v2\/tags?post=45039"}],"curies":[{"name":"wp","href":"https:\/\/api.w.org\/{rel}","templated":true}]}}