{"id":45063,"date":"2025-07-07T08:00:14","date_gmt":"2025-07-07T06:00:14","guid":{"rendered":"https:\/\/www.emballagedigest.fr\/?p=45063"},"modified":"2025-07-08T08:53:45","modified_gmt":"2025-07-08T06:53:45","slug":"eds-emballage-soffre-une-extension-logistique-en-vendee","status":"publish","type":"post","link":"https:\/\/www.emballagedigest.fr\/en\/eds-emballage-soffre-une-extension-logistique-en-vendee\/","title":{"rendered":"EDS Emballage s\u2019offre une extension logistique en Vend\u00e9e"},"content":{"rendered":"<p><strong>EDS Emballage a officiellement inaugur\u00e9 une nouvelle extension de son site logistique situ\u00e9 \u00e0 Saint-Philbert-de-Bouaine (Vend\u00e9e). D\u2019une surface de 4 800 m\u00b2, ce nouvel espace est enti\u00e8rement d\u00e9di\u00e9 au stockage et \u00e0 la logistique, portant la capacit\u00e9 totale du site \u00e0 9 000 m\u00b2 et 6 570 emplacements palettes.<\/strong><\/p>\n\n\n\n<p>Sp\u00e9cialis\u00e9e dans la distribution de solutions d\u2019emballage pour l\u2019ensemble des rayons frais de la grande distribution (boucherie, poissonnerie, traiteur, r\u00f4tisserie, cr\u00e8merie, fra\u00eeche d\u00e9coupe), EDS Emballage renforce ainsi ses moyens logistiques pour accompagner sa croissance et celle de ses clients.<\/p>\n\n\n\n<p>R\u00e9alis\u00e9e en moins d\u2019un an, l\u2019extension a mobilis\u00e9 exclusivement des entreprises vend\u00e9ennes, renfor\u00e7ant l\u2019ancrage local de l\u2019entreprise. Le projet s\u2019inscrit dans une dynamique de d\u00e9veloppement continue : en dix ans, plus de 10 millions d\u2019euros ont \u00e9t\u00e9 investis pour moderniser les infrastructures.<\/p>\n\n\n\n<figure class=\"wp-block-image size-full is-resized\"><img loading=\"lazy\" decoding=\"async\" width=\"800\" height=\"452\" src=\"https:\/\/www.emballagedigest.fr\/wp-content\/uploads\/2025\/07\/EDS2.jpg\" alt=\"\" class=\"wp-image-45065\" style=\"width:840px;height:auto\" srcset=\"https:\/\/www.emballagedigest.fr\/wp-content\/uploads\/2025\/07\/EDS2.jpg 800w, https:\/\/www.emballagedigest.fr\/wp-content\/uploads\/2025\/07\/EDS2-300x170.jpg 300w, https:\/\/www.emballagedigest.fr\/wp-content\/uploads\/2025\/07\/EDS2-768x434.jpg 768w, https:\/\/www.emballagedigest.fr\/wp-content\/uploads\/2025\/07\/EDS2-18x10.jpg 18w\" sizes=\"auto, (max-width: 800px) 100vw, 800px\" \/><\/figure>\n\n\n\n<p>Cette inauguration s\u2019est d\u00e9roul\u00e9e en pr\u00e9sence des collaborateurs et de leurs familles, mais aussi de nombreuses personnalit\u00e9s locales, dont Lydie Bernard (vice-pr\u00e9sidente de la R\u00e9gion Pays de la Loire), Alain Leboeuf (pr\u00e9sident du D\u00e9partement de la Vend\u00e9e), Antoine Ch\u00e9reau (pr\u00e9sident de Terres de Montaigu) et Francis Breton (maire de Saint-Philbert-de-Bouaine).<\/p>\n\n\n\n<p>Sous la pr\u00e9sidence d\u2019Emmanuel de Misouard, EDS Emballage poursuit son d\u00e9veloppement autour de trois axes strat\u00e9giques : l\u2019innovation, avec des solutions d\u2019emballage toujours plus performantes et adapt\u00e9es aux enjeux des rayons frais ; l\u2019environnement, avec plus de 95 % des r\u00e9f\u00e9rences propos\u00e9es en monomati\u00e8re recyclable ; et le service client, gr\u00e2ce \u00e0 un accompagnement personnalis\u00e9 et \u00e0 une majorit\u00e9 des commandes pass\u00e9es par t\u00e9l\u00e9phone, pour plus de proximit\u00e9 et de r\u00e9activit\u00e9.<\/p>","protected":false},"excerpt":{"rendered":"<p>EDS Emballage a officiellement inaugur\u00e9 une nouvelle extension de son site logistique situ\u00e9 \u00e0 Saint-Philbert-de-Bouaine (Vend\u00e9e). D\u2019une surface de 4 800 m\u00b2, ce nouvel espace est enti\u00e8rement d\u00e9di\u00e9 au stockage et \u00e0 la logistique, portant la capacit\u00e9 totale du site \u00e0 9 000 m\u00b2 et 6 570 emplacements palettes. Sp\u00e9cialis\u00e9e dans la distribution de solutions [&hellip;]<\/p>","protected":false},"author":2,"featured_media":45064,"comment_status":"closed","ping_status":"closed","sticky":false,"template":"","format":"standard","meta":{"_acf_changed":false,"inline_featured_image":false,"iawp_total_views":6,"footnotes":""},"categories":[5,28,81],"tags":[],"class_list":["post-45063","post","type-post","status-publish","format-standard","has-post-thumbnail","hentry","category-alimentaire","category-article-entier","category-packaging"],"acf":[],"yoast_head":"<!-- This site is optimized with the Yoast SEO plugin v24.4 - https:\/\/yoast.com\/wordpress\/plugins\/seo\/ -->\n<title>EDS Emballage s\u2019offre une extension logistique en Vend\u00e9e - Emballage Digest<\/title>\n<meta name=\"robots\" content=\"index, follow, max-snippet:-1, max-image-preview:large, max-video-preview:-1\" \/>\n<link rel=\"canonical\" href=\"https:\/\/www.emballagedigest.fr\/en\/eds-emballage-soffre-une-extension-logistique-en-vendee\/\" \/>\n<meta property=\"og:locale\" content=\"en_GB\" \/>\n<meta property=\"og:type\" content=\"article\" \/>\n<meta property=\"og:title\" content=\"EDS Emballage s\u2019offre une extension logistique en Vend\u00e9e - Emballage Digest\" \/>\n<meta property=\"og:description\" content=\"EDS Emballage a officiellement inaugur\u00e9 une nouvelle extension de son site logistique situ\u00e9 \u00e0 Saint-Philbert-de-Bouaine (Vend\u00e9e). D\u2019une surface de 4 800 m\u00b2, ce nouvel espace est enti\u00e8rement d\u00e9di\u00e9 au stockage et \u00e0 la logistique, portant la capacit\u00e9 totale du site \u00e0 9 000 m\u00b2 et 6 570 emplacements palettes. Sp\u00e9cialis\u00e9e dans la distribution de solutions [&hellip;]\" \/>\n<meta property=\"og:url\" content=\"https:\/\/www.emballagedigest.fr\/en\/eds-emballage-soffre-une-extension-logistique-en-vendee\/\" \/>\n<meta property=\"og:site_name\" content=\"Emballage Digest\" \/>\n<meta property=\"article:published_time\" content=\"2025-07-07T06:00:14+00:00\" \/>\n<meta property=\"article:modified_time\" content=\"2025-07-08T06:53:45+00:00\" \/>\n<meta property=\"og:image\" content=\"https:\/\/www.emballagedigest.fr\/wp-content\/uploads\/2025\/07\/EDS1.jpg\" \/>\n\t<meta property=\"og:image:width\" content=\"800\" \/>\n\t<meta property=\"og:image:height\" content=\"580\" \/>\n\t<meta property=\"og:image:type\" content=\"image\/jpeg\" \/>\n<meta name=\"author\" content=\"Karine Duval\" \/>\n<meta name=\"twitter:card\" content=\"summary_large_image\" \/>\n<meta name=\"twitter:label1\" content=\"Written by\" \/>\n\t<meta name=\"twitter:data1\" content=\"Karine Duval\" \/>\n\t<meta name=\"twitter:label2\" content=\"Estimated reading time\" \/>\n\t<meta name=\"twitter:data2\" content=\"2 minutes\" \/>\n<script type=\"application\/ld+json\" class=\"yoast-schema-graph\">{\"@context\":\"https:\/\/schema.org\",\"@graph\":[{\"@type\":\"Article\",\"@id\":\"https:\/\/www.emballagedigest.fr\/eds-emballage-soffre-une-extension-logistique-en-vendee\/#article\",\"isPartOf\":{\"@id\":\"https:\/\/www.emballagedigest.fr\/eds-emballage-soffre-une-extension-logistique-en-vendee\/\"},\"author\":{\"name\":\"Karine Duval\",\"@id\":\"https:\/\/www.emballagedigest.fr\/#\/schema\/person\/76abe9f2b2ee4d3d520594c7a35da59f\"},\"headline\":\"EDS Emballage s\u2019offre une extension logistique en Vend\u00e9e\",\"datePublished\":\"2025-07-07T06:00:14+00:00\",\"dateModified\":\"2025-07-08T06:53:45+00:00\",\"mainEntityOfPage\":{\"@id\":\"https:\/\/www.emballagedigest.fr\/eds-emballage-soffre-une-extension-logistique-en-vendee\/\"},\"wordCount\":295,\"publisher\":{\"@id\":\"https:\/\/www.emballagedigest.fr\/#organization\"},\"image\":{\"@id\":\"https:\/\/www.emballagedigest.fr\/eds-emballage-soffre-une-extension-logistique-en-vendee\/#primaryimage\"},\"thumbnailUrl\":\"https:\/\/www.emballagedigest.fr\/wp-content\/uploads\/2025\/07\/EDS1.jpg\",\"articleSection\":[\"Alimentaire\",\"Article entier\",\"Packaging\"],\"inLanguage\":\"en-GB\"},{\"@type\":\"WebPage\",\"@id\":\"https:\/\/www.emballagedigest.fr\/eds-emballage-soffre-une-extension-logistique-en-vendee\/\",\"url\":\"https:\/\/www.emballagedigest.fr\/eds-emballage-soffre-une-extension-logistique-en-vendee\/\",\"name\":\"EDS Emballage s\u2019offre une extension logistique en Vend\u00e9e - Emballage Digest\",\"isPartOf\":{\"@id\":\"https:\/\/www.emballagedigest.fr\/#website\"},\"primaryImageOfPage\":{\"@id\":\"https:\/\/www.emballagedigest.fr\/eds-emballage-soffre-une-extension-logistique-en-vendee\/#primaryimage\"},\"image\":{\"@id\":\"https:\/\/www.emballagedigest.fr\/eds-emballage-soffre-une-extension-logistique-en-vendee\/#primaryimage\"},\"thumbnailUrl\":\"https:\/\/www.emballagedigest.fr\/wp-content\/uploads\/2025\/07\/EDS1.jpg\",\"datePublished\":\"2025-07-07T06:00:14+00:00\",\"dateModified\":\"2025-07-08T06:53:45+00:00\",\"breadcrumb\":{\"@id\":\"https:\/\/www.emballagedigest.fr\/eds-emballage-soffre-une-extension-logistique-en-vendee\/#breadcrumb\"},\"inLanguage\":\"en-GB\",\"potentialAction\":[{\"@type\":\"ReadAction\",\"target\":[\"https:\/\/www.emballagedigest.fr\/eds-emballage-soffre-une-extension-logistique-en-vendee\/\"]}]},{\"@type\":\"ImageObject\",\"inLanguage\":\"en-GB\",\"@id\":\"https:\/\/www.emballagedigest.fr\/eds-emballage-soffre-une-extension-logistique-en-vendee\/#primaryimage\",\"url\":\"https:\/\/www.emballagedigest.fr\/wp-content\/uploads\/2025\/07\/EDS1.jpg\",\"contentUrl\":\"https:\/\/www.emballagedigest.fr\/wp-content\/uploads\/2025\/07\/EDS1.jpg\",\"width\":800,\"height\":580},{\"@type\":\"BreadcrumbList\",\"@id\":\"https:\/\/www.emballagedigest.fr\/eds-emballage-soffre-une-extension-logistique-en-vendee\/#breadcrumb\",\"itemListElement\":[{\"@type\":\"ListItem\",\"position\":1,\"name\":\"Accueil\",\"item\":\"https:\/\/www.emballagedigest.fr\/\"},{\"@type\":\"ListItem\",\"position\":2,\"name\":\"EDS Emballage s\u2019offre une extension logistique en Vend\u00e9e\"}]},{\"@type\":\"WebSite\",\"@id\":\"https:\/\/www.emballagedigest.fr\/#website\",\"url\":\"https:\/\/www.emballagedigest.fr\/\",\"name\":\"Emballage Digest\",\"description\":\"Revue professionnelle sur les emballages\",\"publisher\":{\"@id\":\"https:\/\/www.emballagedigest.fr\/#organization\"},\"potentialAction\":[{\"@type\":\"SearchAction\",\"target\":{\"@type\":\"EntryPoint\",\"urlTemplate\":\"https:\/\/www.emballagedigest.fr\/?s={search_term_string}\"},\"query-input\":{\"@type\":\"PropertyValueSpecification\",\"valueRequired\":true,\"valueName\":\"search_term_string\"}}],\"inLanguage\":\"en-GB\"},{\"@type\":\"Organization\",\"@id\":\"https:\/\/www.emballagedigest.fr\/#organization\",\"name\":\"Emballage Digest\",\"url\":\"https:\/\/www.emballagedigest.fr\/\",\"logo\":{\"@type\":\"ImageObject\",\"inLanguage\":\"en-GB\",\"@id\":\"https:\/\/www.emballagedigest.fr\/#\/schema\/logo\/image\/\",\"url\":\"https:\/\/www.emballagedigest.fr\/wp-content\/uploads\/2022\/07\/logo-ed.png\",\"contentUrl\":\"https:\/\/www.emballagedigest.fr\/wp-content\/uploads\/2022\/07\/logo-ed.png\",\"width\":379,\"height\":75,\"caption\":\"Emballage Digest\"},\"image\":{\"@id\":\"https:\/\/www.emballagedigest.fr\/#\/schema\/logo\/image\/\"}},{\"@type\":\"Person\",\"@id\":\"https:\/\/www.emballagedigest.fr\/#\/schema\/person\/76abe9f2b2ee4d3d520594c7a35da59f\",\"name\":\"Karine Duval\",\"image\":{\"@type\":\"ImageObject\",\"inLanguage\":\"en-GB\",\"@id\":\"https:\/\/www.emballagedigest.fr\/#\/schema\/person\/image\/\",\"url\":\"https:\/\/secure.gravatar.com\/avatar\/f552799261cdd2e076e6677d780ef07bdb13aa4c196ab75b39abcbcdcae2d4e5?s=96&d=mm&r=g\",\"contentUrl\":\"https:\/\/secure.gravatar.com\/avatar\/f552799261cdd2e076e6677d780ef07bdb13aa4c196ab75b39abcbcdcae2d4e5?s=96&d=mm&r=g\",\"caption\":\"Karine Duval\"},\"url\":\"https:\/\/www.emballagedigest.fr\/en\/author\/admin_karduv\/\"}]}<\/script>\n<!-- \/ Yoast SEO plugin. -->","yoast_head_json":{"title":"EDS Emballage s\u2019offre une extension logistique en Vend\u00e9e - Emballage Digest","robots":{"index":"index","follow":"follow","max-snippet":"max-snippet:-1","max-image-preview":"max-image-preview:large","max-video-preview":"max-video-preview:-1"},"canonical":"https:\/\/www.emballagedigest.fr\/en\/eds-emballage-soffre-une-extension-logistique-en-vendee\/","og_locale":"en_GB","og_type":"article","og_title":"EDS Emballage s\u2019offre une extension logistique en Vend\u00e9e - Emballage Digest","og_description":"EDS Emballage a officiellement inaugur\u00e9 une nouvelle extension de son site logistique situ\u00e9 \u00e0 Saint-Philbert-de-Bouaine (Vend\u00e9e). D\u2019une surface de 4 800 m\u00b2, ce nouvel espace est enti\u00e8rement d\u00e9di\u00e9 au stockage et \u00e0 la logistique, portant la capacit\u00e9 totale du site \u00e0 9 000 m\u00b2 et 6 570 emplacements palettes. Sp\u00e9cialis\u00e9e dans la distribution de solutions [&hellip;]","og_url":"https:\/\/www.emballagedigest.fr\/en\/eds-emballage-soffre-une-extension-logistique-en-vendee\/","og_site_name":"Emballage Digest","article_published_time":"2025-07-07T06:00:14+00:00","article_modified_time":"2025-07-08T06:53:45+00:00","og_image":[{"width":800,"height":580,"url":"https:\/\/www.emballagedigest.fr\/wp-content\/uploads\/2025\/07\/EDS1.jpg","type":"image\/jpeg"}],"author":"Karine Duval","twitter_card":"summary_large_image","twitter_misc":{"Written by":"Karine Duval","Estimated reading time":"2 minutes"},"schema":{"@context":"https:\/\/schema.org","@graph":[{"@type":"Article","@id":"https:\/\/www.emballagedigest.fr\/eds-emballage-soffre-une-extension-logistique-en-vendee\/#article","isPartOf":{"@id":"https:\/\/www.emballagedigest.fr\/eds-emballage-soffre-une-extension-logistique-en-vendee\/"},"author":{"name":"Karine Duval","@id":"https:\/\/www.emballagedigest.fr\/#\/schema\/person\/76abe9f2b2ee4d3d520594c7a35da59f"},"headline":"EDS Emballage s\u2019offre une extension logistique en Vend\u00e9e","datePublished":"2025-07-07T06:00:14+00:00","dateModified":"2025-07-08T06:53:45+00:00","mainEntityOfPage":{"@id":"https:\/\/www.emballagedigest.fr\/eds-emballage-soffre-une-extension-logistique-en-vendee\/"},"wordCount":295,"publisher":{"@id":"https:\/\/www.emballagedigest.fr\/#organization"},"image":{"@id":"https:\/\/www.emballagedigest.fr\/eds-emballage-soffre-une-extension-logistique-en-vendee\/#primaryimage"},"thumbnailUrl":"https:\/\/www.emballagedigest.fr\/wp-content\/uploads\/2025\/07\/EDS1.jpg","articleSection":["Alimentaire","Article entier","Packaging"],"inLanguage":"en-GB"},{"@type":"WebPage","@id":"https:\/\/www.emballagedigest.fr\/eds-emballage-soffre-une-extension-logistique-en-vendee\/","url":"https:\/\/www.emballagedigest.fr\/eds-emballage-soffre-une-extension-logistique-en-vendee\/","name":"EDS Emballage s\u2019offre une extension logistique en Vend\u00e9e - Emballage Digest","isPartOf":{"@id":"https:\/\/www.emballagedigest.fr\/#website"},"primaryImageOfPage":{"@id":"https:\/\/www.emballagedigest.fr\/eds-emballage-soffre-une-extension-logistique-en-vendee\/#primaryimage"},"image":{"@id":"https:\/\/www.emballagedigest.fr\/eds-emballage-soffre-une-extension-logistique-en-vendee\/#primaryimage"},"thumbnailUrl":"https:\/\/www.emballagedigest.fr\/wp-content\/uploads\/2025\/07\/EDS1.jpg","datePublished":"2025-07-07T06:00:14+00:00","dateModified":"2025-07-08T06:53:45+00:00","breadcrumb":{"@id":"https:\/\/www.emballagedigest.fr\/eds-emballage-soffre-une-extension-logistique-en-vendee\/#breadcrumb"},"inLanguage":"en-GB","potentialAction":[{"@type":"ReadAction","target":["https:\/\/www.emballagedigest.fr\/eds-emballage-soffre-une-extension-logistique-en-vendee\/"]}]},{"@type":"ImageObject","inLanguage":"en-GB","@id":"https:\/\/www.emballagedigest.fr\/eds-emballage-soffre-une-extension-logistique-en-vendee\/#primaryimage","url":"https:\/\/www.emballagedigest.fr\/wp-content\/uploads\/2025\/07\/EDS1.jpg","contentUrl":"https:\/\/www.emballagedigest.fr\/wp-content\/uploads\/2025\/07\/EDS1.jpg","width":800,"height":580},{"@type":"BreadcrumbList","@id":"https:\/\/www.emballagedigest.fr\/eds-emballage-soffre-une-extension-logistique-en-vendee\/#breadcrumb","itemListElement":[{"@type":"ListItem","position":1,"name":"Accueil","item":"https:\/\/www.emballagedigest.fr\/"},{"@type":"ListItem","position":2,"name":"EDS Emballage s\u2019offre une extension logistique en Vend\u00e9e"}]},{"@type":"WebSite","@id":"https:\/\/www.emballagedigest.fr\/#website","url":"https:\/\/www.emballagedigest.fr\/","name":"Emballage Digest","description":"Revue professionnelle sur les emballages","publisher":{"@id":"https:\/\/www.emballagedigest.fr\/#organization"},"potentialAction":[{"@type":"SearchAction","target":{"@type":"EntryPoint","urlTemplate":"https:\/\/www.emballagedigest.fr\/?s={search_term_string}"},"query-input":{"@type":"PropertyValueSpecification","valueRequired":true,"valueName":"search_term_string"}}],"inLanguage":"en-GB"},{"@type":"Organization","@id":"https:\/\/www.emballagedigest.fr\/#organization","name":"Emballage Digest","url":"https:\/\/www.emballagedigest.fr\/","logo":{"@type":"ImageObject","inLanguage":"en-GB","@id":"https:\/\/www.emballagedigest.fr\/#\/schema\/logo\/image\/","url":"https:\/\/www.emballagedigest.fr\/wp-content\/uploads\/2022\/07\/logo-ed.png","contentUrl":"https:\/\/www.emballagedigest.fr\/wp-content\/uploads\/2022\/07\/logo-ed.png","width":379,"height":75,"caption":"Emballage Digest"},"image":{"@id":"https:\/\/www.emballagedigest.fr\/#\/schema\/logo\/image\/"}},{"@type":"Person","@id":"https:\/\/www.emballagedigest.fr\/#\/schema\/person\/76abe9f2b2ee4d3d520594c7a35da59f","name":"Karine Duval","image":{"@type":"ImageObject","inLanguage":"en-GB","@id":"https:\/\/www.emballagedigest.fr\/#\/schema\/person\/image\/","url":"https:\/\/secure.gravatar.com\/avatar\/f552799261cdd2e076e6677d780ef07bdb13aa4c196ab75b39abcbcdcae2d4e5?s=96&d=mm&r=g","contentUrl":"https:\/\/secure.gravatar.com\/avatar\/f552799261cdd2e076e6677d780ef07bdb13aa4c196ab75b39abcbcdcae2d4e5?s=96&d=mm&r=g","caption":"Karine Duval"},"url":"https:\/\/www.emballagedigest.fr\/en\/author\/admin_karduv\/"}]}},"_links":{"self":[{"href":"https:\/\/www.emballagedigest.fr\/en\/wp-json\/wp\/v2\/posts\/45063","targetHints":{"allow":["GET"]}}],"collection":[{"href":"https:\/\/www.emballagedigest.fr\/en\/wp-json\/wp\/v2\/posts"}],"about":[{"href":"https:\/\/www.emballagedigest.fr\/en\/wp-json\/wp\/v2\/types\/post"}],"author":[{"embeddable":true,"href":"https:\/\/www.emballagedigest.fr\/en\/wp-json\/wp\/v2\/users\/2"}],"replies":[{"embeddable":true,"href":"https:\/\/www.emballagedigest.fr\/en\/wp-json\/wp\/v2\/comments?post=45063"}],"version-history":[{"count":1,"href":"https:\/\/www.emballagedigest.fr\/en\/wp-json\/wp\/v2\/posts\/45063\/revisions"}],"predecessor-version":[{"id":45066,"href":"https:\/\/www.emballagedigest.fr\/en\/wp-json\/wp\/v2\/posts\/45063\/revisions\/45066"}],"wp:featuredmedia":[{"embeddable":true,"href":"https:\/\/www.emballagedigest.fr\/en\/wp-json\/wp\/v2\/media\/45064"}],"wp:attachment":[{"href":"https:\/\/www.emballagedigest.fr\/en\/wp-json\/wp\/v2\/media?parent=45063"}],"wp:term":[{"taxonomy":"category","embeddable":true,"href":"https:\/\/www.emballagedigest.fr\/en\/wp-json\/wp\/v2\/categories?post=45063"},{"taxonomy":"post_tag","embeddable":true,"href":"https:\/\/www.emballagedigest.fr\/en\/wp-json\/wp\/v2\/tags?post=45063"}],"curies":[{"name":"wp","href":"https:\/\/api.w.org\/{rel}","templated":true}]}}