{"id":45067,"date":"2025-07-07T08:01:15","date_gmt":"2025-07-07T06:01:15","guid":{"rendered":"https:\/\/www.emballagedigest.fr\/?p=45067"},"modified":"2025-07-07T08:01:16","modified_gmt":"2025-07-07T06:01:16","slug":"citeo-soin-hygiene-obtient-son-agrement","status":"publish","type":"post","link":"https:\/\/www.emballagedigest.fr\/en\/citeo-soin-hygiene-obtient-son-agrement\/","title":{"rendered":"Citeo Soin &amp; Hygi\u00e8ne obtient son agr\u00e9ment"},"content":{"rendered":"<p><strong>Citeo Soin &amp; Hygi\u00e8ne obtient son premier agr\u00e9ment d\u2019\u00e9co-organisme sur la fili\u00e8re REP des Textiles Sanitaires \u00e0 Usage Unique, qui entre en vigueur d\u00e8s le 1er juillet. Cette reconnaissance par les pouvoirs publics marque une premi\u00e8re \u00e9tape dans la structuration d\u2019un dispositif pour r\u00e9duire l\u2019impact environnemental des lingettes et accompagner les metteurs en march\u00e9 dans leurs nouvelles obligations r\u00e9glementaires.<\/strong><\/p>\n\n\n\n<p>Chaque ann\u00e9e,&nbsp;trois milliards de lingettes jetables sont vendues en France, dont le m\u00e9susage cause des nuisances importantes pour les r\u00e9seaux d\u2019assainissement et l\u2019environnement. Pour faire face \u00e0 ces enjeux, la France se dote d\u2019une nouvelle&nbsp;fili\u00e8re de Responsabilit\u00e9 \u00c9largie du Producteur (REP)&nbsp;d\u00e9di\u00e9e aux&nbsp;Textiles Sanitaires \u00e0 Usage Unique (TSUU).&nbsp;Cette r\u00e9glementation concerne&nbsp;toutes les entreprises qui vendent ou importent des lingettes \u00e0 usage unique,&nbsp;qu\u2019elles soient destin\u00e9es aux particuliers ou aux professionnels, qu\u2019elles soient humides ou s\u00e8ches, en plastique ou en mat\u00e9riaux alternatifs.<\/p>\n\n\n\n<p>Citeo Soin &amp; Hygi\u00e8ne,&nbsp;filiale du Groupe Citeo&nbsp;cr\u00e9\u00e9e \u00e0 l\u2019initiative les metteurs en march\u00e9 de produits de soin et d\u2019hygi\u00e8ne,&nbsp;a pour ambition de&nbsp;soutenir tous les acteurs du secteur dans la mise en place de cette nouvelle fili\u00e8re li\u00e9e aux lingettes pour mieux sensibiliser aux impacts environnementaux du m\u00e9susages, \u00e0 la r\u00e9utilisation et \u00e0 la r\u00e9duction les lingettes.&nbsp;C\u2019est dans cette logique que Citeo Soin &amp; Hygi\u00e8ne a candidat\u00e9 \u00e0 l\u2019agr\u00e9ment d\u2019\u00e9co-organisme, pour&nbsp;mettre son expertise au service des entreprises, les&nbsp;accompagner dans leur transition&nbsp;et les aider \u00e0&nbsp;remplir leurs nouvelles obligations.&nbsp;<\/p>\n\n\n\n<p>L\u2019agr\u00e9ment de Citeo Soin &amp; Hygi\u00e8ne&nbsp;marque le lancement d\u2019un dispositif concret, fond\u00e9 sur l\u2019\u00e9conomie circulaire, la responsabilit\u00e9 collective, et la pr\u00e9servation des ressources naturelles. En tant qu\u2019\u00e9co-organisme agr\u00e9\u00e9, Citeo Soin &amp; Hygi\u00e8ne interviendra aupr\u00e8s des&nbsp;collectivit\u00e9s locales, acteurs cl\u00e9s de la mise en \u0153uvre de la nouvelle fili\u00e8re, en leur apportant un&nbsp;soutien op\u00e9rationnel et financier&nbsp;\u00e0 travers : le&nbsp;financement d\u2019actions de nettoiement&nbsp;li\u00e9es \u00e0 la pollution des r\u00e9seaux d\u2019eau et d\u2019assainissement par les lingettes usag\u00e9es&nbsp;; l\u2019accompagnement \u00e0 la sensibilisation&nbsp;des citoyens&nbsp;; le soutien \u00e0&nbsp;l\u2019innovation et \u00e0 la recherche&nbsp;de solutions plus durables.<\/p>\n\n\n\n<p>Ces initiatives s\u2019inscrivent dans les&nbsp;grands objectifs du cahier des charges de la fili\u00e8re, auxquels Citeo Soin &amp; Hygi\u00e8ne s\u2019engage \u00e0 r\u00e9pondre : favoriser la conception de produits \u00e0 moindre impact environnemental&nbsp;; soutenir la recherche et l\u2019innovation autour de la r\u00e9duction des d\u00e9chets pour d\u00e9velopper des alternatives r\u00e9utilisables et r\u00e9duire de 15 % les volumes mis sur le march\u00e9 d\u2019ici 2030&nbsp;; contribuer au financement du nettoiement des d\u00e9chets issus des lingettes dans les r\u00e9seaux d\u2019eau et d\u2019assainissement et mener des campagnes d\u2019information \u00e0 l\u2019\u00e9chelle nationale et locale pour encourager les bons gestes de tri et de pr\u00e9vention.<\/p>","protected":false},"excerpt":{"rendered":"<p>Citeo Soin &amp; Hygi\u00e8ne obtient son premier agr\u00e9ment d\u2019\u00e9co-organisme sur la fili\u00e8re REP des Textiles Sanitaires \u00e0 Usage Unique, qui entre en vigueur d\u00e8s le 1er juillet. Cette reconnaissance par les pouvoirs publics marque une premi\u00e8re \u00e9tape dans la structuration d\u2019un dispositif pour r\u00e9duire l\u2019impact environnemental des lingettes et accompagner les metteurs en march\u00e9 dans [&hellip;]<\/p>","protected":false},"author":2,"featured_media":45068,"comment_status":"closed","ping_status":"closed","sticky":false,"template":"","format":"standard","meta":{"_acf_changed":false,"inline_featured_image":false,"iawp_total_views":12,"footnotes":""},"categories":[28,10],"tags":[],"class_list":["post-45067","post","type-post","status-publish","format-standard","has-post-thumbnail","hentry","category-article-entier","category-materiaux"],"acf":[],"yoast_head":"<!-- This site is optimized with the Yoast SEO plugin v24.4 - https:\/\/yoast.com\/wordpress\/plugins\/seo\/ -->\n<title>Citeo Soin &amp; Hygi\u00e8ne obtient son agr\u00e9ment - Emballage Digest<\/title>\n<meta name=\"robots\" content=\"index, follow, max-snippet:-1, max-image-preview:large, max-video-preview:-1\" \/>\n<link rel=\"canonical\" href=\"https:\/\/www.emballagedigest.fr\/en\/citeo-soin-hygiene-obtient-son-agrement\/\" \/>\n<meta property=\"og:locale\" content=\"en_GB\" \/>\n<meta property=\"og:type\" content=\"article\" \/>\n<meta property=\"og:title\" content=\"Citeo Soin &amp; Hygi\u00e8ne obtient son agr\u00e9ment - Emballage Digest\" \/>\n<meta property=\"og:description\" content=\"Citeo Soin &amp; Hygi\u00e8ne obtient son premier agr\u00e9ment d\u2019\u00e9co-organisme sur la fili\u00e8re REP des Textiles Sanitaires \u00e0 Usage Unique, qui entre en vigueur d\u00e8s le 1er juillet. Cette reconnaissance par les pouvoirs publics marque une premi\u00e8re \u00e9tape dans la structuration d\u2019un dispositif pour r\u00e9duire l\u2019impact environnemental des lingettes et accompagner les metteurs en march\u00e9 dans [&hellip;]\" \/>\n<meta property=\"og:url\" content=\"https:\/\/www.emballagedigest.fr\/en\/citeo-soin-hygiene-obtient-son-agrement\/\" \/>\n<meta property=\"og:site_name\" content=\"Emballage Digest\" \/>\n<meta property=\"article:published_time\" content=\"2025-07-07T06:01:15+00:00\" \/>\n<meta property=\"article:modified_time\" content=\"2025-07-07T06:01:16+00:00\" \/>\n<meta property=\"og:image\" content=\"https:\/\/www.emballagedigest.fr\/wp-content\/uploads\/2025\/07\/citeo.jpg\" \/>\n\t<meta property=\"og:image:width\" content=\"800\" \/>\n\t<meta property=\"og:image:height\" content=\"583\" \/>\n\t<meta property=\"og:image:type\" content=\"image\/jpeg\" \/>\n<meta name=\"author\" content=\"Karine Duval\" \/>\n<meta name=\"twitter:card\" content=\"summary_large_image\" \/>\n<meta name=\"twitter:label1\" content=\"Written by\" \/>\n\t<meta name=\"twitter:data1\" content=\"Karine Duval\" \/>\n\t<meta name=\"twitter:label2\" content=\"Estimated reading time\" \/>\n\t<meta name=\"twitter:data2\" content=\"3 minutes\" \/>\n<script type=\"application\/ld+json\" class=\"yoast-schema-graph\">{\"@context\":\"https:\/\/schema.org\",\"@graph\":[{\"@type\":\"Article\",\"@id\":\"https:\/\/www.emballagedigest.fr\/citeo-soin-hygiene-obtient-son-agrement\/#article\",\"isPartOf\":{\"@id\":\"https:\/\/www.emballagedigest.fr\/citeo-soin-hygiene-obtient-son-agrement\/\"},\"author\":{\"name\":\"Karine Duval\",\"@id\":\"https:\/\/www.emballagedigest.fr\/#\/schema\/person\/76abe9f2b2ee4d3d520594c7a35da59f\"},\"headline\":\"Citeo Soin &amp; Hygi\u00e8ne obtient son agr\u00e9ment\",\"datePublished\":\"2025-07-07T06:01:15+00:00\",\"dateModified\":\"2025-07-07T06:01:16+00:00\",\"mainEntityOfPage\":{\"@id\":\"https:\/\/www.emballagedigest.fr\/citeo-soin-hygiene-obtient-son-agrement\/\"},\"wordCount\":530,\"publisher\":{\"@id\":\"https:\/\/www.emballagedigest.fr\/#organization\"},\"image\":{\"@id\":\"https:\/\/www.emballagedigest.fr\/citeo-soin-hygiene-obtient-son-agrement\/#primaryimage\"},\"thumbnailUrl\":\"https:\/\/www.emballagedigest.fr\/wp-content\/uploads\/2025\/07\/citeo.jpg\",\"articleSection\":[\"Article entier\",\"Mat\u00e9riaux\"],\"inLanguage\":\"en-GB\"},{\"@type\":\"WebPage\",\"@id\":\"https:\/\/www.emballagedigest.fr\/citeo-soin-hygiene-obtient-son-agrement\/\",\"url\":\"https:\/\/www.emballagedigest.fr\/citeo-soin-hygiene-obtient-son-agrement\/\",\"name\":\"Citeo Soin &amp; Hygi\u00e8ne obtient son agr\u00e9ment - Emballage Digest\",\"isPartOf\":{\"@id\":\"https:\/\/www.emballagedigest.fr\/#website\"},\"primaryImageOfPage\":{\"@id\":\"https:\/\/www.emballagedigest.fr\/citeo-soin-hygiene-obtient-son-agrement\/#primaryimage\"},\"image\":{\"@id\":\"https:\/\/www.emballagedigest.fr\/citeo-soin-hygiene-obtient-son-agrement\/#primaryimage\"},\"thumbnailUrl\":\"https:\/\/www.emballagedigest.fr\/wp-content\/uploads\/2025\/07\/citeo.jpg\",\"datePublished\":\"2025-07-07T06:01:15+00:00\",\"dateModified\":\"2025-07-07T06:01:16+00:00\",\"breadcrumb\":{\"@id\":\"https:\/\/www.emballagedigest.fr\/citeo-soin-hygiene-obtient-son-agrement\/#breadcrumb\"},\"inLanguage\":\"en-GB\",\"potentialAction\":[{\"@type\":\"ReadAction\",\"target\":[\"https:\/\/www.emballagedigest.fr\/citeo-soin-hygiene-obtient-son-agrement\/\"]}]},{\"@type\":\"ImageObject\",\"inLanguage\":\"en-GB\",\"@id\":\"https:\/\/www.emballagedigest.fr\/citeo-soin-hygiene-obtient-son-agrement\/#primaryimage\",\"url\":\"https:\/\/www.emballagedigest.fr\/wp-content\/uploads\/2025\/07\/citeo.jpg\",\"contentUrl\":\"https:\/\/www.emballagedigest.fr\/wp-content\/uploads\/2025\/07\/citeo.jpg\",\"width\":800,\"height\":583},{\"@type\":\"BreadcrumbList\",\"@id\":\"https:\/\/www.emballagedigest.fr\/citeo-soin-hygiene-obtient-son-agrement\/#breadcrumb\",\"itemListElement\":[{\"@type\":\"ListItem\",\"position\":1,\"name\":\"Accueil\",\"item\":\"https:\/\/www.emballagedigest.fr\/\"},{\"@type\":\"ListItem\",\"position\":2,\"name\":\"Citeo Soin &amp; Hygi\u00e8ne obtient son agr\u00e9ment\"}]},{\"@type\":\"WebSite\",\"@id\":\"https:\/\/www.emballagedigest.fr\/#website\",\"url\":\"https:\/\/www.emballagedigest.fr\/\",\"name\":\"Emballage Digest\",\"description\":\"Revue professionnelle sur les emballages\",\"publisher\":{\"@id\":\"https:\/\/www.emballagedigest.fr\/#organization\"},\"potentialAction\":[{\"@type\":\"SearchAction\",\"target\":{\"@type\":\"EntryPoint\",\"urlTemplate\":\"https:\/\/www.emballagedigest.fr\/?s={search_term_string}\"},\"query-input\":{\"@type\":\"PropertyValueSpecification\",\"valueRequired\":true,\"valueName\":\"search_term_string\"}}],\"inLanguage\":\"en-GB\"},{\"@type\":\"Organization\",\"@id\":\"https:\/\/www.emballagedigest.fr\/#organization\",\"name\":\"Emballage Digest\",\"url\":\"https:\/\/www.emballagedigest.fr\/\",\"logo\":{\"@type\":\"ImageObject\",\"inLanguage\":\"en-GB\",\"@id\":\"https:\/\/www.emballagedigest.fr\/#\/schema\/logo\/image\/\",\"url\":\"https:\/\/www.emballagedigest.fr\/wp-content\/uploads\/2022\/07\/logo-ed.png\",\"contentUrl\":\"https:\/\/www.emballagedigest.fr\/wp-content\/uploads\/2022\/07\/logo-ed.png\",\"width\":379,\"height\":75,\"caption\":\"Emballage Digest\"},\"image\":{\"@id\":\"https:\/\/www.emballagedigest.fr\/#\/schema\/logo\/image\/\"}},{\"@type\":\"Person\",\"@id\":\"https:\/\/www.emballagedigest.fr\/#\/schema\/person\/76abe9f2b2ee4d3d520594c7a35da59f\",\"name\":\"Karine Duval\",\"image\":{\"@type\":\"ImageObject\",\"inLanguage\":\"en-GB\",\"@id\":\"https:\/\/www.emballagedigest.fr\/#\/schema\/person\/image\/\",\"url\":\"https:\/\/secure.gravatar.com\/avatar\/f552799261cdd2e076e6677d780ef07bdb13aa4c196ab75b39abcbcdcae2d4e5?s=96&d=mm&r=g\",\"contentUrl\":\"https:\/\/secure.gravatar.com\/avatar\/f552799261cdd2e076e6677d780ef07bdb13aa4c196ab75b39abcbcdcae2d4e5?s=96&d=mm&r=g\",\"caption\":\"Karine Duval\"},\"url\":\"https:\/\/www.emballagedigest.fr\/en\/author\/admin_karduv\/\"}]}<\/script>\n<!-- \/ Yoast SEO plugin. -->","yoast_head_json":{"title":"Citeo Soin &amp; Hygi\u00e8ne obtient son agr\u00e9ment - Emballage Digest","robots":{"index":"index","follow":"follow","max-snippet":"max-snippet:-1","max-image-preview":"max-image-preview:large","max-video-preview":"max-video-preview:-1"},"canonical":"https:\/\/www.emballagedigest.fr\/en\/citeo-soin-hygiene-obtient-son-agrement\/","og_locale":"en_GB","og_type":"article","og_title":"Citeo Soin &amp; Hygi\u00e8ne obtient son agr\u00e9ment - Emballage Digest","og_description":"Citeo Soin &amp; Hygi\u00e8ne obtient son premier agr\u00e9ment d\u2019\u00e9co-organisme sur la fili\u00e8re REP des Textiles Sanitaires \u00e0 Usage Unique, qui entre en vigueur d\u00e8s le 1er juillet. Cette reconnaissance par les pouvoirs publics marque une premi\u00e8re \u00e9tape dans la structuration d\u2019un dispositif pour r\u00e9duire l\u2019impact environnemental des lingettes et accompagner les metteurs en march\u00e9 dans [&hellip;]","og_url":"https:\/\/www.emballagedigest.fr\/en\/citeo-soin-hygiene-obtient-son-agrement\/","og_site_name":"Emballage Digest","article_published_time":"2025-07-07T06:01:15+00:00","article_modified_time":"2025-07-07T06:01:16+00:00","og_image":[{"width":800,"height":583,"url":"https:\/\/www.emballagedigest.fr\/wp-content\/uploads\/2025\/07\/citeo.jpg","type":"image\/jpeg"}],"author":"Karine Duval","twitter_card":"summary_large_image","twitter_misc":{"Written by":"Karine Duval","Estimated reading time":"3 minutes"},"schema":{"@context":"https:\/\/schema.org","@graph":[{"@type":"Article","@id":"https:\/\/www.emballagedigest.fr\/citeo-soin-hygiene-obtient-son-agrement\/#article","isPartOf":{"@id":"https:\/\/www.emballagedigest.fr\/citeo-soin-hygiene-obtient-son-agrement\/"},"author":{"name":"Karine Duval","@id":"https:\/\/www.emballagedigest.fr\/#\/schema\/person\/76abe9f2b2ee4d3d520594c7a35da59f"},"headline":"Citeo Soin &amp; Hygi\u00e8ne obtient son agr\u00e9ment","datePublished":"2025-07-07T06:01:15+00:00","dateModified":"2025-07-07T06:01:16+00:00","mainEntityOfPage":{"@id":"https:\/\/www.emballagedigest.fr\/citeo-soin-hygiene-obtient-son-agrement\/"},"wordCount":530,"publisher":{"@id":"https:\/\/www.emballagedigest.fr\/#organization"},"image":{"@id":"https:\/\/www.emballagedigest.fr\/citeo-soin-hygiene-obtient-son-agrement\/#primaryimage"},"thumbnailUrl":"https:\/\/www.emballagedigest.fr\/wp-content\/uploads\/2025\/07\/citeo.jpg","articleSection":["Article entier","Mat\u00e9riaux"],"inLanguage":"en-GB"},{"@type":"WebPage","@id":"https:\/\/www.emballagedigest.fr\/citeo-soin-hygiene-obtient-son-agrement\/","url":"https:\/\/www.emballagedigest.fr\/citeo-soin-hygiene-obtient-son-agrement\/","name":"Citeo Soin &amp; Hygi\u00e8ne obtient son agr\u00e9ment - Emballage Digest","isPartOf":{"@id":"https:\/\/www.emballagedigest.fr\/#website"},"primaryImageOfPage":{"@id":"https:\/\/www.emballagedigest.fr\/citeo-soin-hygiene-obtient-son-agrement\/#primaryimage"},"image":{"@id":"https:\/\/www.emballagedigest.fr\/citeo-soin-hygiene-obtient-son-agrement\/#primaryimage"},"thumbnailUrl":"https:\/\/www.emballagedigest.fr\/wp-content\/uploads\/2025\/07\/citeo.jpg","datePublished":"2025-07-07T06:01:15+00:00","dateModified":"2025-07-07T06:01:16+00:00","breadcrumb":{"@id":"https:\/\/www.emballagedigest.fr\/citeo-soin-hygiene-obtient-son-agrement\/#breadcrumb"},"inLanguage":"en-GB","potentialAction":[{"@type":"ReadAction","target":["https:\/\/www.emballagedigest.fr\/citeo-soin-hygiene-obtient-son-agrement\/"]}]},{"@type":"ImageObject","inLanguage":"en-GB","@id":"https:\/\/www.emballagedigest.fr\/citeo-soin-hygiene-obtient-son-agrement\/#primaryimage","url":"https:\/\/www.emballagedigest.fr\/wp-content\/uploads\/2025\/07\/citeo.jpg","contentUrl":"https:\/\/www.emballagedigest.fr\/wp-content\/uploads\/2025\/07\/citeo.jpg","width":800,"height":583},{"@type":"BreadcrumbList","@id":"https:\/\/www.emballagedigest.fr\/citeo-soin-hygiene-obtient-son-agrement\/#breadcrumb","itemListElement":[{"@type":"ListItem","position":1,"name":"Accueil","item":"https:\/\/www.emballagedigest.fr\/"},{"@type":"ListItem","position":2,"name":"Citeo Soin &amp; Hygi\u00e8ne obtient son agr\u00e9ment"}]},{"@type":"WebSite","@id":"https:\/\/www.emballagedigest.fr\/#website","url":"https:\/\/www.emballagedigest.fr\/","name":"Emballage Digest","description":"Revue professionnelle sur les emballages","publisher":{"@id":"https:\/\/www.emballagedigest.fr\/#organization"},"potentialAction":[{"@type":"SearchAction","target":{"@type":"EntryPoint","urlTemplate":"https:\/\/www.emballagedigest.fr\/?s={search_term_string}"},"query-input":{"@type":"PropertyValueSpecification","valueRequired":true,"valueName":"search_term_string"}}],"inLanguage":"en-GB"},{"@type":"Organization","@id":"https:\/\/www.emballagedigest.fr\/#organization","name":"Emballage Digest","url":"https:\/\/www.emballagedigest.fr\/","logo":{"@type":"ImageObject","inLanguage":"en-GB","@id":"https:\/\/www.emballagedigest.fr\/#\/schema\/logo\/image\/","url":"https:\/\/www.emballagedigest.fr\/wp-content\/uploads\/2022\/07\/logo-ed.png","contentUrl":"https:\/\/www.emballagedigest.fr\/wp-content\/uploads\/2022\/07\/logo-ed.png","width":379,"height":75,"caption":"Emballage Digest"},"image":{"@id":"https:\/\/www.emballagedigest.fr\/#\/schema\/logo\/image\/"}},{"@type":"Person","@id":"https:\/\/www.emballagedigest.fr\/#\/schema\/person\/76abe9f2b2ee4d3d520594c7a35da59f","name":"Karine Duval","image":{"@type":"ImageObject","inLanguage":"en-GB","@id":"https:\/\/www.emballagedigest.fr\/#\/schema\/person\/image\/","url":"https:\/\/secure.gravatar.com\/avatar\/f552799261cdd2e076e6677d780ef07bdb13aa4c196ab75b39abcbcdcae2d4e5?s=96&d=mm&r=g","contentUrl":"https:\/\/secure.gravatar.com\/avatar\/f552799261cdd2e076e6677d780ef07bdb13aa4c196ab75b39abcbcdcae2d4e5?s=96&d=mm&r=g","caption":"Karine Duval"},"url":"https:\/\/www.emballagedigest.fr\/en\/author\/admin_karduv\/"}]}},"_links":{"self":[{"href":"https:\/\/www.emballagedigest.fr\/en\/wp-json\/wp\/v2\/posts\/45067","targetHints":{"allow":["GET"]}}],"collection":[{"href":"https:\/\/www.emballagedigest.fr\/en\/wp-json\/wp\/v2\/posts"}],"about":[{"href":"https:\/\/www.emballagedigest.fr\/en\/wp-json\/wp\/v2\/types\/post"}],"author":[{"embeddable":true,"href":"https:\/\/www.emballagedigest.fr\/en\/wp-json\/wp\/v2\/users\/2"}],"replies":[{"embeddable":true,"href":"https:\/\/www.emballagedigest.fr\/en\/wp-json\/wp\/v2\/comments?post=45067"}],"version-history":[{"count":1,"href":"https:\/\/www.emballagedigest.fr\/en\/wp-json\/wp\/v2\/posts\/45067\/revisions"}],"predecessor-version":[{"id":45069,"href":"https:\/\/www.emballagedigest.fr\/en\/wp-json\/wp\/v2\/posts\/45067\/revisions\/45069"}],"wp:featuredmedia":[{"embeddable":true,"href":"https:\/\/www.emballagedigest.fr\/en\/wp-json\/wp\/v2\/media\/45068"}],"wp:attachment":[{"href":"https:\/\/www.emballagedigest.fr\/en\/wp-json\/wp\/v2\/media?parent=45067"}],"wp:term":[{"taxonomy":"category","embeddable":true,"href":"https:\/\/www.emballagedigest.fr\/en\/wp-json\/wp\/v2\/categories?post=45067"},{"taxonomy":"post_tag","embeddable":true,"href":"https:\/\/www.emballagedigest.fr\/en\/wp-json\/wp\/v2\/tags?post=45067"}],"curies":[{"name":"wp","href":"https:\/\/api.w.org\/{rel}","templated":true}]}}