{"id":45076,"date":"2025-07-08T08:56:12","date_gmt":"2025-07-08T06:56:12","guid":{"rendered":"https:\/\/www.emballagedigest.fr\/?p=45076"},"modified":"2025-07-08T08:56:14","modified_gmt":"2025-07-08T06:56:14","slug":"neopac-nomme-un-nouveau-directeur-commercial-monde","status":"publish","type":"post","link":"https:\/\/www.emballagedigest.fr\/en\/neopac-nomme-un-nouveau-directeur-commercial-monde\/","title":{"rendered":"Neopac nomme un nouveau directeur commercial monde"},"content":{"rendered":"<p><strong>Neopac, fournisseur mondial de solutions d&#8217;emballage et de dosage pour les industries pharmaceutique, cosm\u00e9tique et d&rsquo;hygi\u00e8ne bucco-dentaire, a nomm\u00e9 Bernd Steiner au poste de Chief Sales Officer (CSO) et membre de la direction ex\u00e9cutive \u00e0 compter du 18 ao\u00fbt 2025. \u00c0 ce titre, il sera responsable du d\u00e9veloppement strat\u00e9gique et de la gestion des activit\u00e9s de vente de Neopac dans le monde entier.<\/strong><\/p>\n\n\n\n<p>Avec plus de 30 ans d&rsquo;exp\u00e9rience dans l&rsquo;industrie du plastique et de l&#8217;emballage, Bernd Steiner apporte une exp\u00e9rience solide dans les domaines de la gestion des ventes internationales, du d\u00e9veloppement commercial et des strat\u00e9gies de solutions orient\u00e9es client. \u00ab&nbsp;Sa capacit\u00e9 av\u00e9r\u00e9e \u00e0 favoriser une croissance durable et \u00e0 adapter les strat\u00e9gies de vente \u00e0 l&rsquo;\u00e9volution des exigences du march\u00e9 contribuera de mani\u00e8re significative \u00e0 l&rsquo;expansion mondiale de Neopac&nbsp;\u00bb, indique le fabricant dans un communiqu\u00e9.<\/p>\n\n\n\n<p>\u00ab Je suis tr\u00e8s heureux de rejoindre Neopac, une entreprise reconnue pour ses solutions d&#8217;emballage durables et de haute qualit\u00e9, ainsi que pour son fort engagement envers ses clients \u00bb, d\u00e9clare Bernd Steiner. \u00ab Avec l\u2019\u00e9quipe, je me r\u00e9jouis de soutenir nos clients et partenaires dans le monde entier avec des concepts d&#8217;emballage innovants \u00bb.<\/p>\n\n\n\n<p>Bernd Steiner succ\u00e8de \u00e0 Martina Christiansen, actuelle directrice des ventes, qui prendra sa retraite au printemps 2026. Au cours de ses 16 ann\u00e9es \u00e0 ce poste, elle a jou\u00e9 un r\u00f4le cl\u00e9 dans le d\u00e9veloppement de la pr\u00e9sence de Neopac sur les march\u00e9s europ\u00e9ens, am\u00e9ricains et asiatiques.<\/p>\n\n\n\n<p>\u00ab Nous nous r\u00e9jouissons de collaborer avec Bernd, dont la vision internationale et le leadership strat\u00e9gique permettront de porter notre organisation commerciale \u00e0 un niveau sup\u00e9rieur \u00bb, d\u00e9clare Manfred Zurkirch, pdg du groupe Neopac. \u00ab En m\u00eame temps, nous adressons \u00e0 Martina Christiansen nos plus sinc\u00e8res remerciements pour sa contribution inestimable et ses nombreuses ann\u00e9es d&rsquo;engagement \u00bb.<\/p>","protected":false},"excerpt":{"rendered":"<p>Neopac, fournisseur mondial de solutions d&#8217;emballage et de dosage pour les industries pharmaceutique, cosm\u00e9tique et d&rsquo;hygi\u00e8ne bucco-dentaire, a nomm\u00e9 Bernd Steiner au poste de Chief Sales Officer (CSO) et membre de la direction ex\u00e9cutive \u00e0 compter du 18 ao\u00fbt 2025. \u00c0 ce titre, il sera responsable du d\u00e9veloppement strat\u00e9gique et de la gestion des activit\u00e9s [&hellip;]<\/p>","protected":false},"author":2,"featured_media":45077,"comment_status":"closed","ping_status":"closed","sticky":false,"template":"","format":"standard","meta":{"_acf_changed":false,"inline_featured_image":false,"iawp_total_views":1,"footnotes":""},"categories":[28,76,81,7],"tags":[],"class_list":["post-45076","post","type-post","status-publish","format-standard","has-post-thumbnail","hentry","category-article-entier","category-nomination","category-packaging","category-pharmacie"],"acf":[],"yoast_head":"<!-- This site is optimized with the Yoast SEO plugin v24.4 - https:\/\/yoast.com\/wordpress\/plugins\/seo\/ -->\n<title>Neopac nomme un nouveau directeur commercial monde - Emballage Digest<\/title>\n<meta name=\"robots\" content=\"index, follow, max-snippet:-1, max-image-preview:large, max-video-preview:-1\" \/>\n<link rel=\"canonical\" href=\"https:\/\/www.emballagedigest.fr\/en\/neopac-nomme-un-nouveau-directeur-commercial-monde\/\" \/>\n<meta property=\"og:locale\" content=\"en_GB\" \/>\n<meta property=\"og:type\" content=\"article\" \/>\n<meta property=\"og:title\" content=\"Neopac nomme un nouveau directeur commercial monde - Emballage Digest\" \/>\n<meta property=\"og:description\" content=\"Neopac, fournisseur mondial de solutions d&#8217;emballage et de dosage pour les industries pharmaceutique, cosm\u00e9tique et d&rsquo;hygi\u00e8ne bucco-dentaire, a nomm\u00e9 Bernd Steiner au poste de Chief Sales Officer (CSO) et membre de la direction ex\u00e9cutive \u00e0 compter du 18 ao\u00fbt 2025. \u00c0 ce titre, il sera responsable du d\u00e9veloppement strat\u00e9gique et de la gestion des activit\u00e9s [&hellip;]\" \/>\n<meta property=\"og:url\" content=\"https:\/\/www.emballagedigest.fr\/en\/neopac-nomme-un-nouveau-directeur-commercial-monde\/\" \/>\n<meta property=\"og:site_name\" content=\"Emballage Digest\" \/>\n<meta property=\"article:published_time\" content=\"2025-07-08T06:56:12+00:00\" \/>\n<meta property=\"article:modified_time\" content=\"2025-07-08T06:56:14+00:00\" \/>\n<meta property=\"og:image\" content=\"https:\/\/www.emballagedigest.fr\/wp-content\/uploads\/2025\/07\/Neopac.jpg\" \/>\n\t<meta property=\"og:image:width\" content=\"800\" \/>\n\t<meta property=\"og:image:height\" content=\"578\" \/>\n\t<meta property=\"og:image:type\" content=\"image\/jpeg\" \/>\n<meta name=\"author\" content=\"Karine Duval\" \/>\n<meta name=\"twitter:card\" content=\"summary_large_image\" \/>\n<meta name=\"twitter:label1\" content=\"Written by\" \/>\n\t<meta name=\"twitter:data1\" content=\"Karine Duval\" \/>\n\t<meta name=\"twitter:label2\" content=\"Estimated reading time\" \/>\n\t<meta name=\"twitter:data2\" content=\"2 minutes\" \/>\n<script type=\"application\/ld+json\" class=\"yoast-schema-graph\">{\"@context\":\"https:\/\/schema.org\",\"@graph\":[{\"@type\":\"Article\",\"@id\":\"https:\/\/www.emballagedigest.fr\/neopac-nomme-un-nouveau-directeur-commercial-monde\/#article\",\"isPartOf\":{\"@id\":\"https:\/\/www.emballagedigest.fr\/neopac-nomme-un-nouveau-directeur-commercial-monde\/\"},\"author\":{\"name\":\"Karine Duval\",\"@id\":\"https:\/\/www.emballagedigest.fr\/#\/schema\/person\/76abe9f2b2ee4d3d520594c7a35da59f\"},\"headline\":\"Neopac nomme un nouveau directeur commercial monde\",\"datePublished\":\"2025-07-08T06:56:12+00:00\",\"dateModified\":\"2025-07-08T06:56:14+00:00\",\"mainEntityOfPage\":{\"@id\":\"https:\/\/www.emballagedigest.fr\/neopac-nomme-un-nouveau-directeur-commercial-monde\/\"},\"wordCount\":327,\"publisher\":{\"@id\":\"https:\/\/www.emballagedigest.fr\/#organization\"},\"image\":{\"@id\":\"https:\/\/www.emballagedigest.fr\/neopac-nomme-un-nouveau-directeur-commercial-monde\/#primaryimage\"},\"thumbnailUrl\":\"https:\/\/www.emballagedigest.fr\/wp-content\/uploads\/2025\/07\/Neopac.jpg\",\"articleSection\":[\"Article entier\",\"Nomination\",\"Packaging\",\"Pharmacie\"],\"inLanguage\":\"en-GB\"},{\"@type\":\"WebPage\",\"@id\":\"https:\/\/www.emballagedigest.fr\/neopac-nomme-un-nouveau-directeur-commercial-monde\/\",\"url\":\"https:\/\/www.emballagedigest.fr\/neopac-nomme-un-nouveau-directeur-commercial-monde\/\",\"name\":\"Neopac nomme un nouveau directeur commercial monde - Emballage Digest\",\"isPartOf\":{\"@id\":\"https:\/\/www.emballagedigest.fr\/#website\"},\"primaryImageOfPage\":{\"@id\":\"https:\/\/www.emballagedigest.fr\/neopac-nomme-un-nouveau-directeur-commercial-monde\/#primaryimage\"},\"image\":{\"@id\":\"https:\/\/www.emballagedigest.fr\/neopac-nomme-un-nouveau-directeur-commercial-monde\/#primaryimage\"},\"thumbnailUrl\":\"https:\/\/www.emballagedigest.fr\/wp-content\/uploads\/2025\/07\/Neopac.jpg\",\"datePublished\":\"2025-07-08T06:56:12+00:00\",\"dateModified\":\"2025-07-08T06:56:14+00:00\",\"breadcrumb\":{\"@id\":\"https:\/\/www.emballagedigest.fr\/neopac-nomme-un-nouveau-directeur-commercial-monde\/#breadcrumb\"},\"inLanguage\":\"en-GB\",\"potentialAction\":[{\"@type\":\"ReadAction\",\"target\":[\"https:\/\/www.emballagedigest.fr\/neopac-nomme-un-nouveau-directeur-commercial-monde\/\"]}]},{\"@type\":\"ImageObject\",\"inLanguage\":\"en-GB\",\"@id\":\"https:\/\/www.emballagedigest.fr\/neopac-nomme-un-nouveau-directeur-commercial-monde\/#primaryimage\",\"url\":\"https:\/\/www.emballagedigest.fr\/wp-content\/uploads\/2025\/07\/Neopac.jpg\",\"contentUrl\":\"https:\/\/www.emballagedigest.fr\/wp-content\/uploads\/2025\/07\/Neopac.jpg\",\"width\":800,\"height\":578},{\"@type\":\"BreadcrumbList\",\"@id\":\"https:\/\/www.emballagedigest.fr\/neopac-nomme-un-nouveau-directeur-commercial-monde\/#breadcrumb\",\"itemListElement\":[{\"@type\":\"ListItem\",\"position\":1,\"name\":\"Accueil\",\"item\":\"https:\/\/www.emballagedigest.fr\/\"},{\"@type\":\"ListItem\",\"position\":2,\"name\":\"Neopac nomme un nouveau directeur commercial monde\"}]},{\"@type\":\"WebSite\",\"@id\":\"https:\/\/www.emballagedigest.fr\/#website\",\"url\":\"https:\/\/www.emballagedigest.fr\/\",\"name\":\"Emballage Digest\",\"description\":\"Revue professionnelle sur les emballages\",\"publisher\":{\"@id\":\"https:\/\/www.emballagedigest.fr\/#organization\"},\"potentialAction\":[{\"@type\":\"SearchAction\",\"target\":{\"@type\":\"EntryPoint\",\"urlTemplate\":\"https:\/\/www.emballagedigest.fr\/?s={search_term_string}\"},\"query-input\":{\"@type\":\"PropertyValueSpecification\",\"valueRequired\":true,\"valueName\":\"search_term_string\"}}],\"inLanguage\":\"en-GB\"},{\"@type\":\"Organization\",\"@id\":\"https:\/\/www.emballagedigest.fr\/#organization\",\"name\":\"Emballage Digest\",\"url\":\"https:\/\/www.emballagedigest.fr\/\",\"logo\":{\"@type\":\"ImageObject\",\"inLanguage\":\"en-GB\",\"@id\":\"https:\/\/www.emballagedigest.fr\/#\/schema\/logo\/image\/\",\"url\":\"https:\/\/www.emballagedigest.fr\/wp-content\/uploads\/2022\/07\/logo-ed.png\",\"contentUrl\":\"https:\/\/www.emballagedigest.fr\/wp-content\/uploads\/2022\/07\/logo-ed.png\",\"width\":379,\"height\":75,\"caption\":\"Emballage Digest\"},\"image\":{\"@id\":\"https:\/\/www.emballagedigest.fr\/#\/schema\/logo\/image\/\"}},{\"@type\":\"Person\",\"@id\":\"https:\/\/www.emballagedigest.fr\/#\/schema\/person\/76abe9f2b2ee4d3d520594c7a35da59f\",\"name\":\"Karine Duval\",\"image\":{\"@type\":\"ImageObject\",\"inLanguage\":\"en-GB\",\"@id\":\"https:\/\/www.emballagedigest.fr\/#\/schema\/person\/image\/\",\"url\":\"https:\/\/secure.gravatar.com\/avatar\/f552799261cdd2e076e6677d780ef07bdb13aa4c196ab75b39abcbcdcae2d4e5?s=96&d=mm&r=g\",\"contentUrl\":\"https:\/\/secure.gravatar.com\/avatar\/f552799261cdd2e076e6677d780ef07bdb13aa4c196ab75b39abcbcdcae2d4e5?s=96&d=mm&r=g\",\"caption\":\"Karine Duval\"},\"url\":\"https:\/\/www.emballagedigest.fr\/en\/author\/admin_karduv\/\"}]}<\/script>\n<!-- \/ Yoast SEO plugin. -->","yoast_head_json":{"title":"Neopac nomme un nouveau directeur commercial monde - Emballage Digest","robots":{"index":"index","follow":"follow","max-snippet":"max-snippet:-1","max-image-preview":"max-image-preview:large","max-video-preview":"max-video-preview:-1"},"canonical":"https:\/\/www.emballagedigest.fr\/en\/neopac-nomme-un-nouveau-directeur-commercial-monde\/","og_locale":"en_GB","og_type":"article","og_title":"Neopac nomme un nouveau directeur commercial monde - Emballage Digest","og_description":"Neopac, fournisseur mondial de solutions d&#8217;emballage et de dosage pour les industries pharmaceutique, cosm\u00e9tique et d&rsquo;hygi\u00e8ne bucco-dentaire, a nomm\u00e9 Bernd Steiner au poste de Chief Sales Officer (CSO) et membre de la direction ex\u00e9cutive \u00e0 compter du 18 ao\u00fbt 2025. \u00c0 ce titre, il sera responsable du d\u00e9veloppement strat\u00e9gique et de la gestion des activit\u00e9s [&hellip;]","og_url":"https:\/\/www.emballagedigest.fr\/en\/neopac-nomme-un-nouveau-directeur-commercial-monde\/","og_site_name":"Emballage Digest","article_published_time":"2025-07-08T06:56:12+00:00","article_modified_time":"2025-07-08T06:56:14+00:00","og_image":[{"width":800,"height":578,"url":"https:\/\/www.emballagedigest.fr\/wp-content\/uploads\/2025\/07\/Neopac.jpg","type":"image\/jpeg"}],"author":"Karine Duval","twitter_card":"summary_large_image","twitter_misc":{"Written by":"Karine Duval","Estimated reading time":"2 minutes"},"schema":{"@context":"https:\/\/schema.org","@graph":[{"@type":"Article","@id":"https:\/\/www.emballagedigest.fr\/neopac-nomme-un-nouveau-directeur-commercial-monde\/#article","isPartOf":{"@id":"https:\/\/www.emballagedigest.fr\/neopac-nomme-un-nouveau-directeur-commercial-monde\/"},"author":{"name":"Karine Duval","@id":"https:\/\/www.emballagedigest.fr\/#\/schema\/person\/76abe9f2b2ee4d3d520594c7a35da59f"},"headline":"Neopac nomme un nouveau directeur commercial monde","datePublished":"2025-07-08T06:56:12+00:00","dateModified":"2025-07-08T06:56:14+00:00","mainEntityOfPage":{"@id":"https:\/\/www.emballagedigest.fr\/neopac-nomme-un-nouveau-directeur-commercial-monde\/"},"wordCount":327,"publisher":{"@id":"https:\/\/www.emballagedigest.fr\/#organization"},"image":{"@id":"https:\/\/www.emballagedigest.fr\/neopac-nomme-un-nouveau-directeur-commercial-monde\/#primaryimage"},"thumbnailUrl":"https:\/\/www.emballagedigest.fr\/wp-content\/uploads\/2025\/07\/Neopac.jpg","articleSection":["Article entier","Nomination","Packaging","Pharmacie"],"inLanguage":"en-GB"},{"@type":"WebPage","@id":"https:\/\/www.emballagedigest.fr\/neopac-nomme-un-nouveau-directeur-commercial-monde\/","url":"https:\/\/www.emballagedigest.fr\/neopac-nomme-un-nouveau-directeur-commercial-monde\/","name":"Neopac nomme un nouveau directeur commercial monde - Emballage Digest","isPartOf":{"@id":"https:\/\/www.emballagedigest.fr\/#website"},"primaryImageOfPage":{"@id":"https:\/\/www.emballagedigest.fr\/neopac-nomme-un-nouveau-directeur-commercial-monde\/#primaryimage"},"image":{"@id":"https:\/\/www.emballagedigest.fr\/neopac-nomme-un-nouveau-directeur-commercial-monde\/#primaryimage"},"thumbnailUrl":"https:\/\/www.emballagedigest.fr\/wp-content\/uploads\/2025\/07\/Neopac.jpg","datePublished":"2025-07-08T06:56:12+00:00","dateModified":"2025-07-08T06:56:14+00:00","breadcrumb":{"@id":"https:\/\/www.emballagedigest.fr\/neopac-nomme-un-nouveau-directeur-commercial-monde\/#breadcrumb"},"inLanguage":"en-GB","potentialAction":[{"@type":"ReadAction","target":["https:\/\/www.emballagedigest.fr\/neopac-nomme-un-nouveau-directeur-commercial-monde\/"]}]},{"@type":"ImageObject","inLanguage":"en-GB","@id":"https:\/\/www.emballagedigest.fr\/neopac-nomme-un-nouveau-directeur-commercial-monde\/#primaryimage","url":"https:\/\/www.emballagedigest.fr\/wp-content\/uploads\/2025\/07\/Neopac.jpg","contentUrl":"https:\/\/www.emballagedigest.fr\/wp-content\/uploads\/2025\/07\/Neopac.jpg","width":800,"height":578},{"@type":"BreadcrumbList","@id":"https:\/\/www.emballagedigest.fr\/neopac-nomme-un-nouveau-directeur-commercial-monde\/#breadcrumb","itemListElement":[{"@type":"ListItem","position":1,"name":"Accueil","item":"https:\/\/www.emballagedigest.fr\/"},{"@type":"ListItem","position":2,"name":"Neopac nomme un nouveau directeur commercial monde"}]},{"@type":"WebSite","@id":"https:\/\/www.emballagedigest.fr\/#website","url":"https:\/\/www.emballagedigest.fr\/","name":"Emballage Digest","description":"Revue professionnelle sur les emballages","publisher":{"@id":"https:\/\/www.emballagedigest.fr\/#organization"},"potentialAction":[{"@type":"SearchAction","target":{"@type":"EntryPoint","urlTemplate":"https:\/\/www.emballagedigest.fr\/?s={search_term_string}"},"query-input":{"@type":"PropertyValueSpecification","valueRequired":true,"valueName":"search_term_string"}}],"inLanguage":"en-GB"},{"@type":"Organization","@id":"https:\/\/www.emballagedigest.fr\/#organization","name":"Emballage Digest","url":"https:\/\/www.emballagedigest.fr\/","logo":{"@type":"ImageObject","inLanguage":"en-GB","@id":"https:\/\/www.emballagedigest.fr\/#\/schema\/logo\/image\/","url":"https:\/\/www.emballagedigest.fr\/wp-content\/uploads\/2022\/07\/logo-ed.png","contentUrl":"https:\/\/www.emballagedigest.fr\/wp-content\/uploads\/2022\/07\/logo-ed.png","width":379,"height":75,"caption":"Emballage Digest"},"image":{"@id":"https:\/\/www.emballagedigest.fr\/#\/schema\/logo\/image\/"}},{"@type":"Person","@id":"https:\/\/www.emballagedigest.fr\/#\/schema\/person\/76abe9f2b2ee4d3d520594c7a35da59f","name":"Karine Duval","image":{"@type":"ImageObject","inLanguage":"en-GB","@id":"https:\/\/www.emballagedigest.fr\/#\/schema\/person\/image\/","url":"https:\/\/secure.gravatar.com\/avatar\/f552799261cdd2e076e6677d780ef07bdb13aa4c196ab75b39abcbcdcae2d4e5?s=96&d=mm&r=g","contentUrl":"https:\/\/secure.gravatar.com\/avatar\/f552799261cdd2e076e6677d780ef07bdb13aa4c196ab75b39abcbcdcae2d4e5?s=96&d=mm&r=g","caption":"Karine Duval"},"url":"https:\/\/www.emballagedigest.fr\/en\/author\/admin_karduv\/"}]}},"_links":{"self":[{"href":"https:\/\/www.emballagedigest.fr\/en\/wp-json\/wp\/v2\/posts\/45076","targetHints":{"allow":["GET"]}}],"collection":[{"href":"https:\/\/www.emballagedigest.fr\/en\/wp-json\/wp\/v2\/posts"}],"about":[{"href":"https:\/\/www.emballagedigest.fr\/en\/wp-json\/wp\/v2\/types\/post"}],"author":[{"embeddable":true,"href":"https:\/\/www.emballagedigest.fr\/en\/wp-json\/wp\/v2\/users\/2"}],"replies":[{"embeddable":true,"href":"https:\/\/www.emballagedigest.fr\/en\/wp-json\/wp\/v2\/comments?post=45076"}],"version-history":[{"count":1,"href":"https:\/\/www.emballagedigest.fr\/en\/wp-json\/wp\/v2\/posts\/45076\/revisions"}],"predecessor-version":[{"id":45078,"href":"https:\/\/www.emballagedigest.fr\/en\/wp-json\/wp\/v2\/posts\/45076\/revisions\/45078"}],"wp:featuredmedia":[{"embeddable":true,"href":"https:\/\/www.emballagedigest.fr\/en\/wp-json\/wp\/v2\/media\/45077"}],"wp:attachment":[{"href":"https:\/\/www.emballagedigest.fr\/en\/wp-json\/wp\/v2\/media?parent=45076"}],"wp:term":[{"taxonomy":"category","embeddable":true,"href":"https:\/\/www.emballagedigest.fr\/en\/wp-json\/wp\/v2\/categories?post=45076"},{"taxonomy":"post_tag","embeddable":true,"href":"https:\/\/www.emballagedigest.fr\/en\/wp-json\/wp\/v2\/tags?post=45076"}],"curies":[{"name":"wp","href":"https:\/\/api.w.org\/{rel}","templated":true}]}}