{"id":45084,"date":"2025-07-09T08:26:49","date_gmt":"2025-07-09T06:26:49","guid":{"rendered":"https:\/\/www.emballagedigest.fr\/?p=45084"},"modified":"2025-07-09T08:26:51","modified_gmt":"2025-07-09T06:26:51","slug":"werner-mertz-depasse-le-seuil-du-milliard-de-flacons-fabriques-en-pcr","status":"publish","type":"post","link":"https:\/\/www.emballagedigest.fr\/en\/werner-mertz-depasse-le-seuil-du-milliard-de-flacons-fabriques-en-pcr\/","title":{"rendered":"Werner &amp; Mertz d\u00e9passe le seuil du milliard de flacons fabriqu\u00e9s en PCR"},"content":{"rendered":"<p><strong>Le groupe familial ind\u00e9pendant Werner &amp; Mertz, fabricant de produits d\u2019entretien \u00e9cologiques, avec sa marque Rainett en France, a battu un nouveau record mondial le 23 juin : depuis le lancement de son Initiative Recyclate en 2012, l\u2019entreprise a mis sur ses march\u00e9s un milliard de flacons en rPET fabriqu\u00e9s 100% \u00e0 partir de plastique recycl\u00e9.<\/strong><\/p>\n\n\n\n<p>Bas\u00e9 \u00e0 Mayence (Allemagne), le groupe est connu du grand public en France \u00e0 travers sa marque Rainett, experte de l\u2019entretien m\u00e9nager \u00e9cologique depuis plus de 30 ans. \u00c0 travers toutes ses marques en Europe, dont Frosch en Allemagne et Rainett en France, Werner &amp; Mertz d\u00e9montre qu\u2019il est possible de proposer des produits efficaces, durables, mais \u00e9galement \u00e9conomes en ressources \u2013 et ce sans compromis sur la qualit\u00e9, la performance ou encore l\u2019exp\u00e9rience sensorielle. \u00ab Nous ne fabriquons pas des produits aust\u00e8res pour un march\u00e9 de niche. Nous sommes sp\u00e9cialis\u00e9s dans la d\u00e9mocratisation d\u2019un mode de vie durable. La cl\u00e9, c\u2019est l\u2019attractivit\u00e9 de nos produits. Pour cela, nous misons sur la combinaison parfaite entre efficacit\u00e9 \u00e9cologique maximale et accessibilit\u00e9 au plus grand nombre \u00bb, d\u00e9clare Reinhard Schneider, CEO du groupe Werner &amp; Mertz.<\/p>\n\n\n\n<figure class=\"wp-block-image size-full\"><img loading=\"lazy\" decoding=\"async\" width=\"800\" height=\"500\" src=\"https:\/\/www.emballagedigest.fr\/wp-content\/uploads\/2025\/07\/rainett2.jpg\" alt=\"\" class=\"wp-image-45085\" srcset=\"https:\/\/www.emballagedigest.fr\/wp-content\/uploads\/2025\/07\/rainett2.jpg 800w, https:\/\/www.emballagedigest.fr\/wp-content\/uploads\/2025\/07\/rainett2-300x188.jpg 300w, https:\/\/www.emballagedigest.fr\/wp-content\/uploads\/2025\/07\/rainett2-768x480.jpg 768w, https:\/\/www.emballagedigest.fr\/wp-content\/uploads\/2025\/07\/rainett2-18x12.jpg 18w\" sizes=\"auto, (max-width: 800px) 100vw, 800px\" \/><\/figure>\n\n\n\n<p>Lanc\u00e9e en 2012 en partenariat avec l\u2019ONG Nabu et des acteurs industriels engag\u00e9s tout au long de la cha\u00eene de valeur \u2013 Alpla, Mondi, et plus r\u00e9cemment l\u2019entreprise de gestion des d\u00e9chets PreZero \u2013, l\u2019Initiative Recyclate a permis de structurer en Allemagne une fili\u00e8re de recyclage en boucle ferm\u00e9e, fond\u00e9e sur des plastiques issus majoritairement du tri s\u00e9lectif des m\u00e9nages (le \u00ab bac jaune \u00bb).<\/p>\n\n\n\n<p>Ainsi, en 2014, les premiers flacons Rainett en plastique 100 % recycl\u00e9, dont 20 % issu du tri s\u00e9lectif, voient le jour. En 2021, la part de PCR dans les bouteilles en rPET monte \u00e0 50%, puis \u00e0 75% en 2023. Le groupe franchit un nouveau cap en juin 2025 : les flacons Rainett en rPET sont d\u00e9sormais fabriqu\u00e9s \u00e0 partir de 100% de mati\u00e8re issue du bac jaune. Gr\u00e2ce \u00e0 des standards techniques \u00e9lev\u00e9s et un contr\u00f4le rigoureux des flux de mati\u00e8res, le fabricant a su d\u00e9montrer la faisabilit\u00e9 industrielle d\u2019emballages 100 % recycl\u00e9s.<\/p>\n\n\n\n<p>\u00ab Ce nouveau cap symbolique d\u00e9montre qu\u2019il est possible de concr\u00e9tiser des objectifs ambitieux en mati\u00e8re de circularit\u00e9 tout en garantissant un mod\u00e8le accessible \u00e0 tous. En mati\u00e8re de responsabilit\u00e9, les actes comptent plus que les mots \u00bb, comment Benoit Fraumont, Directeur G\u00e9n\u00e9ral France et B\u00e9n\u00e9lux.<\/p>","protected":false},"excerpt":{"rendered":"<p>Le groupe familial ind\u00e9pendant Werner &amp; Mertz, fabricant de produits d\u2019entretien \u00e9cologiques, avec sa marque Rainett en France, a battu un nouveau record mondial le 23 juin : depuis le lancement de son Initiative Recyclate en 2012, l\u2019entreprise a mis sur ses march\u00e9s un milliard de flacons en rPET fabriqu\u00e9s 100% \u00e0 partir de plastique [&hellip;]<\/p>","protected":false},"author":2,"featured_media":45086,"comment_status":"closed","ping_status":"closed","sticky":false,"template":"","format":"standard","meta":{"_acf_changed":false,"inline_featured_image":false,"iawp_total_views":3,"footnotes":""},"categories":[28,4],"tags":[],"class_list":["post-45084","post","type-post","status-publish","format-standard","has-post-thumbnail","hentry","category-article-entier","category-lineaires"],"acf":[],"yoast_head":"<!-- This site is optimized with the Yoast SEO plugin v24.4 - https:\/\/yoast.com\/wordpress\/plugins\/seo\/ -->\n<title>Werner &amp; Mertz d\u00e9passe le seuil du milliard de flacons fabriqu\u00e9s en PCR - Emballage Digest<\/title>\n<meta name=\"robots\" content=\"index, follow, max-snippet:-1, max-image-preview:large, max-video-preview:-1\" \/>\n<link rel=\"canonical\" href=\"https:\/\/www.emballagedigest.fr\/en\/werner-mertz-depasse-le-seuil-du-milliard-de-flacons-fabriques-en-pcr\/\" \/>\n<meta property=\"og:locale\" content=\"en_GB\" \/>\n<meta property=\"og:type\" content=\"article\" \/>\n<meta property=\"og:title\" content=\"Werner &amp; Mertz d\u00e9passe le seuil du milliard de flacons fabriqu\u00e9s en PCR - Emballage Digest\" \/>\n<meta property=\"og:description\" content=\"Le groupe familial ind\u00e9pendant Werner &amp; Mertz, fabricant de produits d\u2019entretien \u00e9cologiques, avec sa marque Rainett en France, a battu un nouveau record mondial le 23 juin : depuis le lancement de son Initiative Recyclate en 2012, l\u2019entreprise a mis sur ses march\u00e9s un milliard de flacons en rPET fabriqu\u00e9s 100% \u00e0 partir de plastique [&hellip;]\" \/>\n<meta property=\"og:url\" content=\"https:\/\/www.emballagedigest.fr\/en\/werner-mertz-depasse-le-seuil-du-milliard-de-flacons-fabriques-en-pcr\/\" \/>\n<meta property=\"og:site_name\" content=\"Emballage Digest\" \/>\n<meta property=\"article:published_time\" content=\"2025-07-09T06:26:49+00:00\" \/>\n<meta property=\"article:modified_time\" content=\"2025-07-09T06:26:51+00:00\" \/>\n<meta property=\"og:image\" content=\"https:\/\/www.emballagedigest.fr\/wp-content\/uploads\/2025\/07\/rainett1.jpg\" \/>\n\t<meta property=\"og:image:width\" content=\"800\" \/>\n\t<meta property=\"og:image:height\" content=\"533\" \/>\n\t<meta property=\"og:image:type\" content=\"image\/jpeg\" \/>\n<meta name=\"author\" content=\"Karine Duval\" \/>\n<meta name=\"twitter:card\" content=\"summary_large_image\" \/>\n<meta name=\"twitter:label1\" content=\"Written by\" \/>\n\t<meta name=\"twitter:data1\" content=\"Karine Duval\" \/>\n\t<meta name=\"twitter:label2\" content=\"Estimated reading time\" \/>\n\t<meta name=\"twitter:data2\" content=\"3 minutes\" \/>\n<script type=\"application\/ld+json\" class=\"yoast-schema-graph\">{\"@context\":\"https:\/\/schema.org\",\"@graph\":[{\"@type\":\"Article\",\"@id\":\"https:\/\/www.emballagedigest.fr\/werner-mertz-depasse-le-seuil-du-milliard-de-flacons-fabriques-en-pcr\/#article\",\"isPartOf\":{\"@id\":\"https:\/\/www.emballagedigest.fr\/werner-mertz-depasse-le-seuil-du-milliard-de-flacons-fabriques-en-pcr\/\"},\"author\":{\"name\":\"Karine Duval\",\"@id\":\"https:\/\/www.emballagedigest.fr\/#\/schema\/person\/76abe9f2b2ee4d3d520594c7a35da59f\"},\"headline\":\"Werner &amp; Mertz d\u00e9passe le seuil du milliard de flacons fabriqu\u00e9s en PCR\",\"datePublished\":\"2025-07-09T06:26:49+00:00\",\"dateModified\":\"2025-07-09T06:26:51+00:00\",\"mainEntityOfPage\":{\"@id\":\"https:\/\/www.emballagedigest.fr\/werner-mertz-depasse-le-seuil-du-milliard-de-flacons-fabriques-en-pcr\/\"},\"wordCount\":426,\"publisher\":{\"@id\":\"https:\/\/www.emballagedigest.fr\/#organization\"},\"image\":{\"@id\":\"https:\/\/www.emballagedigest.fr\/werner-mertz-depasse-le-seuil-du-milliard-de-flacons-fabriques-en-pcr\/#primaryimage\"},\"thumbnailUrl\":\"https:\/\/www.emballagedigest.fr\/wp-content\/uploads\/2025\/07\/rainett1.jpg\",\"articleSection\":[\"Article entier\",\"Lin\u00e9aires\"],\"inLanguage\":\"en-GB\"},{\"@type\":\"WebPage\",\"@id\":\"https:\/\/www.emballagedigest.fr\/werner-mertz-depasse-le-seuil-du-milliard-de-flacons-fabriques-en-pcr\/\",\"url\":\"https:\/\/www.emballagedigest.fr\/werner-mertz-depasse-le-seuil-du-milliard-de-flacons-fabriques-en-pcr\/\",\"name\":\"Werner &amp; Mertz d\u00e9passe le seuil du milliard de flacons fabriqu\u00e9s en PCR - Emballage Digest\",\"isPartOf\":{\"@id\":\"https:\/\/www.emballagedigest.fr\/#website\"},\"primaryImageOfPage\":{\"@id\":\"https:\/\/www.emballagedigest.fr\/werner-mertz-depasse-le-seuil-du-milliard-de-flacons-fabriques-en-pcr\/#primaryimage\"},\"image\":{\"@id\":\"https:\/\/www.emballagedigest.fr\/werner-mertz-depasse-le-seuil-du-milliard-de-flacons-fabriques-en-pcr\/#primaryimage\"},\"thumbnailUrl\":\"https:\/\/www.emballagedigest.fr\/wp-content\/uploads\/2025\/07\/rainett1.jpg\",\"datePublished\":\"2025-07-09T06:26:49+00:00\",\"dateModified\":\"2025-07-09T06:26:51+00:00\",\"breadcrumb\":{\"@id\":\"https:\/\/www.emballagedigest.fr\/werner-mertz-depasse-le-seuil-du-milliard-de-flacons-fabriques-en-pcr\/#breadcrumb\"},\"inLanguage\":\"en-GB\",\"potentialAction\":[{\"@type\":\"ReadAction\",\"target\":[\"https:\/\/www.emballagedigest.fr\/werner-mertz-depasse-le-seuil-du-milliard-de-flacons-fabriques-en-pcr\/\"]}]},{\"@type\":\"ImageObject\",\"inLanguage\":\"en-GB\",\"@id\":\"https:\/\/www.emballagedigest.fr\/werner-mertz-depasse-le-seuil-du-milliard-de-flacons-fabriques-en-pcr\/#primaryimage\",\"url\":\"https:\/\/www.emballagedigest.fr\/wp-content\/uploads\/2025\/07\/rainett1.jpg\",\"contentUrl\":\"https:\/\/www.emballagedigest.fr\/wp-content\/uploads\/2025\/07\/rainett1.jpg\",\"width\":800,\"height\":533},{\"@type\":\"BreadcrumbList\",\"@id\":\"https:\/\/www.emballagedigest.fr\/werner-mertz-depasse-le-seuil-du-milliard-de-flacons-fabriques-en-pcr\/#breadcrumb\",\"itemListElement\":[{\"@type\":\"ListItem\",\"position\":1,\"name\":\"Accueil\",\"item\":\"https:\/\/www.emballagedigest.fr\/\"},{\"@type\":\"ListItem\",\"position\":2,\"name\":\"Werner &amp; Mertz d\u00e9passe le seuil du milliard de flacons fabriqu\u00e9s en PCR\"}]},{\"@type\":\"WebSite\",\"@id\":\"https:\/\/www.emballagedigest.fr\/#website\",\"url\":\"https:\/\/www.emballagedigest.fr\/\",\"name\":\"Emballage Digest\",\"description\":\"Revue professionnelle sur les emballages\",\"publisher\":{\"@id\":\"https:\/\/www.emballagedigest.fr\/#organization\"},\"potentialAction\":[{\"@type\":\"SearchAction\",\"target\":{\"@type\":\"EntryPoint\",\"urlTemplate\":\"https:\/\/www.emballagedigest.fr\/?s={search_term_string}\"},\"query-input\":{\"@type\":\"PropertyValueSpecification\",\"valueRequired\":true,\"valueName\":\"search_term_string\"}}],\"inLanguage\":\"en-GB\"},{\"@type\":\"Organization\",\"@id\":\"https:\/\/www.emballagedigest.fr\/#organization\",\"name\":\"Emballage Digest\",\"url\":\"https:\/\/www.emballagedigest.fr\/\",\"logo\":{\"@type\":\"ImageObject\",\"inLanguage\":\"en-GB\",\"@id\":\"https:\/\/www.emballagedigest.fr\/#\/schema\/logo\/image\/\",\"url\":\"https:\/\/www.emballagedigest.fr\/wp-content\/uploads\/2022\/07\/logo-ed.png\",\"contentUrl\":\"https:\/\/www.emballagedigest.fr\/wp-content\/uploads\/2022\/07\/logo-ed.png\",\"width\":379,\"height\":75,\"caption\":\"Emballage Digest\"},\"image\":{\"@id\":\"https:\/\/www.emballagedigest.fr\/#\/schema\/logo\/image\/\"}},{\"@type\":\"Person\",\"@id\":\"https:\/\/www.emballagedigest.fr\/#\/schema\/person\/76abe9f2b2ee4d3d520594c7a35da59f\",\"name\":\"Karine Duval\",\"image\":{\"@type\":\"ImageObject\",\"inLanguage\":\"en-GB\",\"@id\":\"https:\/\/www.emballagedigest.fr\/#\/schema\/person\/image\/\",\"url\":\"https:\/\/secure.gravatar.com\/avatar\/f552799261cdd2e076e6677d780ef07bdb13aa4c196ab75b39abcbcdcae2d4e5?s=96&d=mm&r=g\",\"contentUrl\":\"https:\/\/secure.gravatar.com\/avatar\/f552799261cdd2e076e6677d780ef07bdb13aa4c196ab75b39abcbcdcae2d4e5?s=96&d=mm&r=g\",\"caption\":\"Karine Duval\"},\"url\":\"https:\/\/www.emballagedigest.fr\/en\/author\/admin_karduv\/\"}]}<\/script>\n<!-- \/ Yoast SEO plugin. -->","yoast_head_json":{"title":"Werner &amp; Mertz d\u00e9passe le seuil du milliard de flacons fabriqu\u00e9s en PCR - Emballage Digest","robots":{"index":"index","follow":"follow","max-snippet":"max-snippet:-1","max-image-preview":"max-image-preview:large","max-video-preview":"max-video-preview:-1"},"canonical":"https:\/\/www.emballagedigest.fr\/en\/werner-mertz-depasse-le-seuil-du-milliard-de-flacons-fabriques-en-pcr\/","og_locale":"en_GB","og_type":"article","og_title":"Werner &amp; Mertz d\u00e9passe le seuil du milliard de flacons fabriqu\u00e9s en PCR - Emballage Digest","og_description":"Le groupe familial ind\u00e9pendant Werner &amp; Mertz, fabricant de produits d\u2019entretien \u00e9cologiques, avec sa marque Rainett en France, a battu un nouveau record mondial le 23 juin : depuis le lancement de son Initiative Recyclate en 2012, l\u2019entreprise a mis sur ses march\u00e9s un milliard de flacons en rPET fabriqu\u00e9s 100% \u00e0 partir de plastique [&hellip;]","og_url":"https:\/\/www.emballagedigest.fr\/en\/werner-mertz-depasse-le-seuil-du-milliard-de-flacons-fabriques-en-pcr\/","og_site_name":"Emballage Digest","article_published_time":"2025-07-09T06:26:49+00:00","article_modified_time":"2025-07-09T06:26:51+00:00","og_image":[{"width":800,"height":533,"url":"https:\/\/www.emballagedigest.fr\/wp-content\/uploads\/2025\/07\/rainett1.jpg","type":"image\/jpeg"}],"author":"Karine Duval","twitter_card":"summary_large_image","twitter_misc":{"Written by":"Karine Duval","Estimated reading time":"3 minutes"},"schema":{"@context":"https:\/\/schema.org","@graph":[{"@type":"Article","@id":"https:\/\/www.emballagedigest.fr\/werner-mertz-depasse-le-seuil-du-milliard-de-flacons-fabriques-en-pcr\/#article","isPartOf":{"@id":"https:\/\/www.emballagedigest.fr\/werner-mertz-depasse-le-seuil-du-milliard-de-flacons-fabriques-en-pcr\/"},"author":{"name":"Karine Duval","@id":"https:\/\/www.emballagedigest.fr\/#\/schema\/person\/76abe9f2b2ee4d3d520594c7a35da59f"},"headline":"Werner &amp; Mertz d\u00e9passe le seuil du milliard de flacons fabriqu\u00e9s en PCR","datePublished":"2025-07-09T06:26:49+00:00","dateModified":"2025-07-09T06:26:51+00:00","mainEntityOfPage":{"@id":"https:\/\/www.emballagedigest.fr\/werner-mertz-depasse-le-seuil-du-milliard-de-flacons-fabriques-en-pcr\/"},"wordCount":426,"publisher":{"@id":"https:\/\/www.emballagedigest.fr\/#organization"},"image":{"@id":"https:\/\/www.emballagedigest.fr\/werner-mertz-depasse-le-seuil-du-milliard-de-flacons-fabriques-en-pcr\/#primaryimage"},"thumbnailUrl":"https:\/\/www.emballagedigest.fr\/wp-content\/uploads\/2025\/07\/rainett1.jpg","articleSection":["Article entier","Lin\u00e9aires"],"inLanguage":"en-GB"},{"@type":"WebPage","@id":"https:\/\/www.emballagedigest.fr\/werner-mertz-depasse-le-seuil-du-milliard-de-flacons-fabriques-en-pcr\/","url":"https:\/\/www.emballagedigest.fr\/werner-mertz-depasse-le-seuil-du-milliard-de-flacons-fabriques-en-pcr\/","name":"Werner &amp; Mertz d\u00e9passe le seuil du milliard de flacons fabriqu\u00e9s en PCR - Emballage Digest","isPartOf":{"@id":"https:\/\/www.emballagedigest.fr\/#website"},"primaryImageOfPage":{"@id":"https:\/\/www.emballagedigest.fr\/werner-mertz-depasse-le-seuil-du-milliard-de-flacons-fabriques-en-pcr\/#primaryimage"},"image":{"@id":"https:\/\/www.emballagedigest.fr\/werner-mertz-depasse-le-seuil-du-milliard-de-flacons-fabriques-en-pcr\/#primaryimage"},"thumbnailUrl":"https:\/\/www.emballagedigest.fr\/wp-content\/uploads\/2025\/07\/rainett1.jpg","datePublished":"2025-07-09T06:26:49+00:00","dateModified":"2025-07-09T06:26:51+00:00","breadcrumb":{"@id":"https:\/\/www.emballagedigest.fr\/werner-mertz-depasse-le-seuil-du-milliard-de-flacons-fabriques-en-pcr\/#breadcrumb"},"inLanguage":"en-GB","potentialAction":[{"@type":"ReadAction","target":["https:\/\/www.emballagedigest.fr\/werner-mertz-depasse-le-seuil-du-milliard-de-flacons-fabriques-en-pcr\/"]}]},{"@type":"ImageObject","inLanguage":"en-GB","@id":"https:\/\/www.emballagedigest.fr\/werner-mertz-depasse-le-seuil-du-milliard-de-flacons-fabriques-en-pcr\/#primaryimage","url":"https:\/\/www.emballagedigest.fr\/wp-content\/uploads\/2025\/07\/rainett1.jpg","contentUrl":"https:\/\/www.emballagedigest.fr\/wp-content\/uploads\/2025\/07\/rainett1.jpg","width":800,"height":533},{"@type":"BreadcrumbList","@id":"https:\/\/www.emballagedigest.fr\/werner-mertz-depasse-le-seuil-du-milliard-de-flacons-fabriques-en-pcr\/#breadcrumb","itemListElement":[{"@type":"ListItem","position":1,"name":"Accueil","item":"https:\/\/www.emballagedigest.fr\/"},{"@type":"ListItem","position":2,"name":"Werner &amp; Mertz d\u00e9passe le seuil du milliard de flacons fabriqu\u00e9s en PCR"}]},{"@type":"WebSite","@id":"https:\/\/www.emballagedigest.fr\/#website","url":"https:\/\/www.emballagedigest.fr\/","name":"Emballage Digest","description":"Revue professionnelle sur les emballages","publisher":{"@id":"https:\/\/www.emballagedigest.fr\/#organization"},"potentialAction":[{"@type":"SearchAction","target":{"@type":"EntryPoint","urlTemplate":"https:\/\/www.emballagedigest.fr\/?s={search_term_string}"},"query-input":{"@type":"PropertyValueSpecification","valueRequired":true,"valueName":"search_term_string"}}],"inLanguage":"en-GB"},{"@type":"Organization","@id":"https:\/\/www.emballagedigest.fr\/#organization","name":"Emballage Digest","url":"https:\/\/www.emballagedigest.fr\/","logo":{"@type":"ImageObject","inLanguage":"en-GB","@id":"https:\/\/www.emballagedigest.fr\/#\/schema\/logo\/image\/","url":"https:\/\/www.emballagedigest.fr\/wp-content\/uploads\/2022\/07\/logo-ed.png","contentUrl":"https:\/\/www.emballagedigest.fr\/wp-content\/uploads\/2022\/07\/logo-ed.png","width":379,"height":75,"caption":"Emballage Digest"},"image":{"@id":"https:\/\/www.emballagedigest.fr\/#\/schema\/logo\/image\/"}},{"@type":"Person","@id":"https:\/\/www.emballagedigest.fr\/#\/schema\/person\/76abe9f2b2ee4d3d520594c7a35da59f","name":"Karine Duval","image":{"@type":"ImageObject","inLanguage":"en-GB","@id":"https:\/\/www.emballagedigest.fr\/#\/schema\/person\/image\/","url":"https:\/\/secure.gravatar.com\/avatar\/f552799261cdd2e076e6677d780ef07bdb13aa4c196ab75b39abcbcdcae2d4e5?s=96&d=mm&r=g","contentUrl":"https:\/\/secure.gravatar.com\/avatar\/f552799261cdd2e076e6677d780ef07bdb13aa4c196ab75b39abcbcdcae2d4e5?s=96&d=mm&r=g","caption":"Karine Duval"},"url":"https:\/\/www.emballagedigest.fr\/en\/author\/admin_karduv\/"}]}},"_links":{"self":[{"href":"https:\/\/www.emballagedigest.fr\/en\/wp-json\/wp\/v2\/posts\/45084","targetHints":{"allow":["GET"]}}],"collection":[{"href":"https:\/\/www.emballagedigest.fr\/en\/wp-json\/wp\/v2\/posts"}],"about":[{"href":"https:\/\/www.emballagedigest.fr\/en\/wp-json\/wp\/v2\/types\/post"}],"author":[{"embeddable":true,"href":"https:\/\/www.emballagedigest.fr\/en\/wp-json\/wp\/v2\/users\/2"}],"replies":[{"embeddable":true,"href":"https:\/\/www.emballagedigest.fr\/en\/wp-json\/wp\/v2\/comments?post=45084"}],"version-history":[{"count":1,"href":"https:\/\/www.emballagedigest.fr\/en\/wp-json\/wp\/v2\/posts\/45084\/revisions"}],"predecessor-version":[{"id":45087,"href":"https:\/\/www.emballagedigest.fr\/en\/wp-json\/wp\/v2\/posts\/45084\/revisions\/45087"}],"wp:featuredmedia":[{"embeddable":true,"href":"https:\/\/www.emballagedigest.fr\/en\/wp-json\/wp\/v2\/media\/45086"}],"wp:attachment":[{"href":"https:\/\/www.emballagedigest.fr\/en\/wp-json\/wp\/v2\/media?parent=45084"}],"wp:term":[{"taxonomy":"category","embeddable":true,"href":"https:\/\/www.emballagedigest.fr\/en\/wp-json\/wp\/v2\/categories?post=45084"},{"taxonomy":"post_tag","embeddable":true,"href":"https:\/\/www.emballagedigest.fr\/en\/wp-json\/wp\/v2\/tags?post=45084"}],"curies":[{"name":"wp","href":"https:\/\/api.w.org\/{rel}","templated":true}]}}