{"id":45089,"date":"2025-07-10T08:53:56","date_gmt":"2025-07-10T06:53:56","guid":{"rendered":"https:\/\/www.emballagedigest.fr\/?p=45089"},"modified":"2025-07-11T00:04:46","modified_gmt":"2025-07-10T22:04:46","slug":"la-k-2025-prepare-sa-prochaine-edition","status":"publish","type":"post","link":"https:\/\/www.emballagedigest.fr\/en\/la-k-2025-prepare-sa-prochaine-edition\/","title":{"rendered":"La K 2025 pr\u00e9pare sa prochaine \u00e9dition"},"content":{"rendered":"<p><strong>Du 8 au 15 octobre 2025, le salon K rassemblera \u00e0 D\u00fcsseldorf l&rsquo;industrie internationale des mati\u00e8res plastiques et du caoutchouc. Avec son slogan \u00ab The Power of Plastics! Green &#8211; Smart &#8211; Responsible \u00bb, l\u2019\u00e9v\u00e9nement affiche d\u00e9j\u00e0 complet depuis mai 2024 avec plus de 3000 exposants et s\u2019\u00e9tendra sur plus de 177 000 m\u00b2 de surface d&rsquo;exposition nette dans les 18 halls du salon.<\/strong><\/p>\n\n\n\n<p>Avec un taux de satisfaction de 98 % des visiteurs et un public international (71% des visiteurs), le salon K est le rendez-vous des produits en plastique et en caoutchouc, attirant les professionnels des secteurs de la construction automobile, de l&#8217;emballage, de l&rsquo;\u00e9lectrotechnique, de l&rsquo;\u00e9lectronique, de la communication, de la construction, de la technologie m\u00e9dicale ou de l&rsquo;a\u00e9rospatiale. La r\u00e9partition des halls se fait selon trois grandes th\u00e9matiques&nbsp;: Machines et \u00e9quipements (Halls 1, 3-4, 8b et 9-17), Mati\u00e8res premi\u00e8res et auxiliaires (Halls 5, 6, 7, 7a, 8a, 8b) et Semi-produits, pi\u00e8ces techniques et produits en mati\u00e8res plastiques renforc\u00e9es (Halls 5, 6, 7, 7a, 8a, 8b).<\/p>\n\n\n\n<p>En 2025, ce sont \u00e0 nouveau surtout les fournisseurs europ\u00e9ens qui seront fortement repr\u00e9sent\u00e9s, en particulier ceux d&rsquo;Allemagne, d&rsquo;Italie, de Turquie, d&rsquo;Autriche ainsi que des Pays-Bas, de Suisse et d&rsquo;Espagne. En m\u00eame temps, K montre clairement les changements sur le march\u00e9 mondial : si le nombre et la surface d&rsquo;exposition des entreprises d&rsquo;Asie (Chine, Inde, Ta\u00efwan) restent \u00e0 un niveau \u00e9lev\u00e9 et constant depuis des ann\u00e9es, les \u00c9tats-Unis seront repr\u00e9sent\u00e9s par un groupe d&rsquo;exposants plus important.<\/p>\n\n\n\n<p>Plusieurs th\u00e8mes seront abord\u00e9s en fils conducteur de cette \u00e9dition 2025, \u00e0 savoir l\u2019\u00e9conomie circulaire (recyclage, r\u00e9utilisation, r\u00e9duction des d\u00e9chets plastiques) avec \u00ab&nbsp;Shaping the circular economy&nbsp;\u00bb&nbsp;; la transformation num\u00e9rique des industriels avec \u00ab&nbsp;Embracing digitalization&nbsp;\u00bb, la responsabilit\u00e9 sociale et l\u2019avenir des jeunes talents du secteur avec \u00ab&nbsp;Caring about people&nbsp;\u00bb.<\/p>\n\n\n\n<p>D\u2019autres temps forts sont attendus. Comme l\u2019Exposition sp\u00e9ciale Plastics shape the Future organis\u00e9e par Plastics Europe Deutschland et de Messe D\u00fcsseldorf&nbsp;; le forum VDMA (F\u00e9d\u00e9ration allemande des constructeurs de machines et d&rsquo;installations) sous le th\u00e8me \u00ab The Power of Plastics \u00bb&nbsp;; la Rubberstreet, la vitrine d&rsquo;innovation et de performance du secteur des \u00e9lastom\u00e8res, parrain\u00e9e par le wdk (f\u00e9d\u00e9ration \u00e9conomique de l&rsquo;industrie allemande du caoutchouc)&nbsp;; la Start-up Zone reconduite et \u00e9largie en 2025 afin d&rsquo;offrir une plateforme propre au plus grand nombre possible de nouveaux venus&nbsp;; la zone Science Campus rassemblant les derni\u00e8res recherches d\u2019universit\u00e9s, de grandes \u00e9coles et des instituts sur les mati\u00e8res plastiques&nbsp;; le Young Talents Lounge, invitant \u00e9tudiants et les jeunes actifs \u00e0 d\u00e9couvrir les m\u00e9tiers de la plasturgie et enfin, Women in Plastics, un \u00e9v\u00e9nement de r\u00e9seautage sp\u00e9cialement destin\u00e9 aux femmes tiendra sa premi\u00e8re \u00e9dition au salon K 2025.<\/p>","protected":false},"excerpt":{"rendered":"<p>Du 8 au 15 octobre 2025, le salon K rassemblera \u00e0 D\u00fcsseldorf l&rsquo;industrie internationale des mati\u00e8res plastiques et du caoutchouc. Avec son slogan \u00ab The Power of Plastics! Green &#8211; Smart &#8211; Responsible \u00bb, l\u2019\u00e9v\u00e9nement affiche d\u00e9j\u00e0 complet depuis mai 2024 avec plus de 3000 exposants et s\u2019\u00e9tendra sur plus de 177 000 m\u00b2 de [&hellip;]<\/p>","protected":false},"author":2,"featured_media":45090,"comment_status":"closed","ping_status":"closed","sticky":false,"template":"","format":"standard","meta":{"_acf_changed":false,"inline_featured_image":false,"iawp_total_views":2,"footnotes":""},"categories":[28,10,72],"tags":[],"class_list":["post-45089","post","type-post","status-publish","format-standard","has-post-thumbnail","hentry","category-article-entier","category-materiaux","category-salon"],"acf":[],"yoast_head":"<!-- This site is optimized with the Yoast SEO plugin v24.4 - https:\/\/yoast.com\/wordpress\/plugins\/seo\/ -->\n<title>La K 2025 pr\u00e9pare sa prochaine \u00e9dition - Emballage Digest<\/title>\n<meta name=\"robots\" content=\"index, follow, max-snippet:-1, max-image-preview:large, max-video-preview:-1\" \/>\n<link rel=\"canonical\" href=\"https:\/\/www.emballagedigest.fr\/en\/la-k-2025-prepare-sa-prochaine-edition\/\" \/>\n<meta property=\"og:locale\" content=\"en_GB\" \/>\n<meta property=\"og:type\" content=\"article\" \/>\n<meta property=\"og:title\" content=\"La K 2025 pr\u00e9pare sa prochaine \u00e9dition - Emballage Digest\" \/>\n<meta property=\"og:description\" content=\"Du 8 au 15 octobre 2025, le salon K rassemblera \u00e0 D\u00fcsseldorf l&rsquo;industrie internationale des mati\u00e8res plastiques et du caoutchouc. Avec son slogan \u00ab The Power of Plastics! Green &#8211; Smart &#8211; Responsible \u00bb, l\u2019\u00e9v\u00e9nement affiche d\u00e9j\u00e0 complet depuis mai 2024 avec plus de 3000 exposants et s\u2019\u00e9tendra sur plus de 177 000 m\u00b2 de [&hellip;]\" \/>\n<meta property=\"og:url\" content=\"https:\/\/www.emballagedigest.fr\/en\/la-k-2025-prepare-sa-prochaine-edition\/\" \/>\n<meta property=\"og:site_name\" content=\"Emballage Digest\" \/>\n<meta property=\"article:published_time\" content=\"2025-07-10T06:53:56+00:00\" \/>\n<meta property=\"article:modified_time\" content=\"2025-07-10T22:04:46+00:00\" \/>\n<meta property=\"og:image\" content=\"https:\/\/www.emballagedigest.fr\/wp-content\/uploads\/2025\/07\/K2025.jpg\" \/>\n\t<meta property=\"og:image:width\" content=\"800\" \/>\n\t<meta property=\"og:image:height\" content=\"533\" \/>\n\t<meta property=\"og:image:type\" content=\"image\/jpeg\" \/>\n<meta name=\"author\" content=\"Karine Duval\" \/>\n<meta name=\"twitter:card\" content=\"summary_large_image\" \/>\n<meta name=\"twitter:label1\" content=\"Written by\" \/>\n\t<meta name=\"twitter:data1\" content=\"Karine Duval\" \/>\n\t<meta name=\"twitter:label2\" content=\"Estimated reading time\" \/>\n\t<meta name=\"twitter:data2\" content=\"3 minutes\" \/>\n<script type=\"application\/ld+json\" class=\"yoast-schema-graph\">{\"@context\":\"https:\/\/schema.org\",\"@graph\":[{\"@type\":\"Article\",\"@id\":\"https:\/\/www.emballagedigest.fr\/la-k-2025-prepare-sa-prochaine-edition\/#article\",\"isPartOf\":{\"@id\":\"https:\/\/www.emballagedigest.fr\/la-k-2025-prepare-sa-prochaine-edition\/\"},\"author\":{\"name\":\"Karine Duval\",\"@id\":\"https:\/\/www.emballagedigest.fr\/#\/schema\/person\/76abe9f2b2ee4d3d520594c7a35da59f\"},\"headline\":\"La K 2025 pr\u00e9pare sa prochaine \u00e9dition\",\"datePublished\":\"2025-07-10T06:53:56+00:00\",\"dateModified\":\"2025-07-10T22:04:46+00:00\",\"mainEntityOfPage\":{\"@id\":\"https:\/\/www.emballagedigest.fr\/la-k-2025-prepare-sa-prochaine-edition\/\"},\"wordCount\":493,\"publisher\":{\"@id\":\"https:\/\/www.emballagedigest.fr\/#organization\"},\"image\":{\"@id\":\"https:\/\/www.emballagedigest.fr\/la-k-2025-prepare-sa-prochaine-edition\/#primaryimage\"},\"thumbnailUrl\":\"https:\/\/www.emballagedigest.fr\/wp-content\/uploads\/2025\/07\/K2025.jpg\",\"articleSection\":[\"Article entier\",\"Mat\u00e9riaux\",\"Salon\"],\"inLanguage\":\"en-GB\"},{\"@type\":\"WebPage\",\"@id\":\"https:\/\/www.emballagedigest.fr\/la-k-2025-prepare-sa-prochaine-edition\/\",\"url\":\"https:\/\/www.emballagedigest.fr\/la-k-2025-prepare-sa-prochaine-edition\/\",\"name\":\"La K 2025 pr\u00e9pare sa prochaine \u00e9dition - Emballage Digest\",\"isPartOf\":{\"@id\":\"https:\/\/www.emballagedigest.fr\/#website\"},\"primaryImageOfPage\":{\"@id\":\"https:\/\/www.emballagedigest.fr\/la-k-2025-prepare-sa-prochaine-edition\/#primaryimage\"},\"image\":{\"@id\":\"https:\/\/www.emballagedigest.fr\/la-k-2025-prepare-sa-prochaine-edition\/#primaryimage\"},\"thumbnailUrl\":\"https:\/\/www.emballagedigest.fr\/wp-content\/uploads\/2025\/07\/K2025.jpg\",\"datePublished\":\"2025-07-10T06:53:56+00:00\",\"dateModified\":\"2025-07-10T22:04:46+00:00\",\"breadcrumb\":{\"@id\":\"https:\/\/www.emballagedigest.fr\/la-k-2025-prepare-sa-prochaine-edition\/#breadcrumb\"},\"inLanguage\":\"en-GB\",\"potentialAction\":[{\"@type\":\"ReadAction\",\"target\":[\"https:\/\/www.emballagedigest.fr\/la-k-2025-prepare-sa-prochaine-edition\/\"]}]},{\"@type\":\"ImageObject\",\"inLanguage\":\"en-GB\",\"@id\":\"https:\/\/www.emballagedigest.fr\/la-k-2025-prepare-sa-prochaine-edition\/#primaryimage\",\"url\":\"https:\/\/www.emballagedigest.fr\/wp-content\/uploads\/2025\/07\/K2025.jpg\",\"contentUrl\":\"https:\/\/www.emballagedigest.fr\/wp-content\/uploads\/2025\/07\/K2025.jpg\",\"width\":800,\"height\":533},{\"@type\":\"BreadcrumbList\",\"@id\":\"https:\/\/www.emballagedigest.fr\/la-k-2025-prepare-sa-prochaine-edition\/#breadcrumb\",\"itemListElement\":[{\"@type\":\"ListItem\",\"position\":1,\"name\":\"Accueil\",\"item\":\"https:\/\/www.emballagedigest.fr\/\"},{\"@type\":\"ListItem\",\"position\":2,\"name\":\"La K 2025 pr\u00e9pare sa prochaine \u00e9dition\"}]},{\"@type\":\"WebSite\",\"@id\":\"https:\/\/www.emballagedigest.fr\/#website\",\"url\":\"https:\/\/www.emballagedigest.fr\/\",\"name\":\"Emballage Digest\",\"description\":\"Revue professionnelle sur les emballages\",\"publisher\":{\"@id\":\"https:\/\/www.emballagedigest.fr\/#organization\"},\"potentialAction\":[{\"@type\":\"SearchAction\",\"target\":{\"@type\":\"EntryPoint\",\"urlTemplate\":\"https:\/\/www.emballagedigest.fr\/?s={search_term_string}\"},\"query-input\":{\"@type\":\"PropertyValueSpecification\",\"valueRequired\":true,\"valueName\":\"search_term_string\"}}],\"inLanguage\":\"en-GB\"},{\"@type\":\"Organization\",\"@id\":\"https:\/\/www.emballagedigest.fr\/#organization\",\"name\":\"Emballage Digest\",\"url\":\"https:\/\/www.emballagedigest.fr\/\",\"logo\":{\"@type\":\"ImageObject\",\"inLanguage\":\"en-GB\",\"@id\":\"https:\/\/www.emballagedigest.fr\/#\/schema\/logo\/image\/\",\"url\":\"https:\/\/www.emballagedigest.fr\/wp-content\/uploads\/2022\/07\/logo-ed.png\",\"contentUrl\":\"https:\/\/www.emballagedigest.fr\/wp-content\/uploads\/2022\/07\/logo-ed.png\",\"width\":379,\"height\":75,\"caption\":\"Emballage Digest\"},\"image\":{\"@id\":\"https:\/\/www.emballagedigest.fr\/#\/schema\/logo\/image\/\"}},{\"@type\":\"Person\",\"@id\":\"https:\/\/www.emballagedigest.fr\/#\/schema\/person\/76abe9f2b2ee4d3d520594c7a35da59f\",\"name\":\"Karine Duval\",\"image\":{\"@type\":\"ImageObject\",\"inLanguage\":\"en-GB\",\"@id\":\"https:\/\/www.emballagedigest.fr\/#\/schema\/person\/image\/\",\"url\":\"https:\/\/secure.gravatar.com\/avatar\/f552799261cdd2e076e6677d780ef07bdb13aa4c196ab75b39abcbcdcae2d4e5?s=96&d=mm&r=g\",\"contentUrl\":\"https:\/\/secure.gravatar.com\/avatar\/f552799261cdd2e076e6677d780ef07bdb13aa4c196ab75b39abcbcdcae2d4e5?s=96&d=mm&r=g\",\"caption\":\"Karine Duval\"},\"url\":\"https:\/\/www.emballagedigest.fr\/en\/author\/admin_karduv\/\"}]}<\/script>\n<!-- \/ Yoast SEO plugin. -->","yoast_head_json":{"title":"La K 2025 pr\u00e9pare sa prochaine \u00e9dition - Emballage Digest","robots":{"index":"index","follow":"follow","max-snippet":"max-snippet:-1","max-image-preview":"max-image-preview:large","max-video-preview":"max-video-preview:-1"},"canonical":"https:\/\/www.emballagedigest.fr\/en\/la-k-2025-prepare-sa-prochaine-edition\/","og_locale":"en_GB","og_type":"article","og_title":"La K 2025 pr\u00e9pare sa prochaine \u00e9dition - Emballage Digest","og_description":"Du 8 au 15 octobre 2025, le salon K rassemblera \u00e0 D\u00fcsseldorf l&rsquo;industrie internationale des mati\u00e8res plastiques et du caoutchouc. Avec son slogan \u00ab The Power of Plastics! Green &#8211; Smart &#8211; Responsible \u00bb, l\u2019\u00e9v\u00e9nement affiche d\u00e9j\u00e0 complet depuis mai 2024 avec plus de 3000 exposants et s\u2019\u00e9tendra sur plus de 177 000 m\u00b2 de [&hellip;]","og_url":"https:\/\/www.emballagedigest.fr\/en\/la-k-2025-prepare-sa-prochaine-edition\/","og_site_name":"Emballage Digest","article_published_time":"2025-07-10T06:53:56+00:00","article_modified_time":"2025-07-10T22:04:46+00:00","og_image":[{"width":800,"height":533,"url":"https:\/\/www.emballagedigest.fr\/wp-content\/uploads\/2025\/07\/K2025.jpg","type":"image\/jpeg"}],"author":"Karine Duval","twitter_card":"summary_large_image","twitter_misc":{"Written by":"Karine Duval","Estimated reading time":"3 minutes"},"schema":{"@context":"https:\/\/schema.org","@graph":[{"@type":"Article","@id":"https:\/\/www.emballagedigest.fr\/la-k-2025-prepare-sa-prochaine-edition\/#article","isPartOf":{"@id":"https:\/\/www.emballagedigest.fr\/la-k-2025-prepare-sa-prochaine-edition\/"},"author":{"name":"Karine Duval","@id":"https:\/\/www.emballagedigest.fr\/#\/schema\/person\/76abe9f2b2ee4d3d520594c7a35da59f"},"headline":"La K 2025 pr\u00e9pare sa prochaine \u00e9dition","datePublished":"2025-07-10T06:53:56+00:00","dateModified":"2025-07-10T22:04:46+00:00","mainEntityOfPage":{"@id":"https:\/\/www.emballagedigest.fr\/la-k-2025-prepare-sa-prochaine-edition\/"},"wordCount":493,"publisher":{"@id":"https:\/\/www.emballagedigest.fr\/#organization"},"image":{"@id":"https:\/\/www.emballagedigest.fr\/la-k-2025-prepare-sa-prochaine-edition\/#primaryimage"},"thumbnailUrl":"https:\/\/www.emballagedigest.fr\/wp-content\/uploads\/2025\/07\/K2025.jpg","articleSection":["Article entier","Mat\u00e9riaux","Salon"],"inLanguage":"en-GB"},{"@type":"WebPage","@id":"https:\/\/www.emballagedigest.fr\/la-k-2025-prepare-sa-prochaine-edition\/","url":"https:\/\/www.emballagedigest.fr\/la-k-2025-prepare-sa-prochaine-edition\/","name":"La K 2025 pr\u00e9pare sa prochaine \u00e9dition - Emballage Digest","isPartOf":{"@id":"https:\/\/www.emballagedigest.fr\/#website"},"primaryImageOfPage":{"@id":"https:\/\/www.emballagedigest.fr\/la-k-2025-prepare-sa-prochaine-edition\/#primaryimage"},"image":{"@id":"https:\/\/www.emballagedigest.fr\/la-k-2025-prepare-sa-prochaine-edition\/#primaryimage"},"thumbnailUrl":"https:\/\/www.emballagedigest.fr\/wp-content\/uploads\/2025\/07\/K2025.jpg","datePublished":"2025-07-10T06:53:56+00:00","dateModified":"2025-07-10T22:04:46+00:00","breadcrumb":{"@id":"https:\/\/www.emballagedigest.fr\/la-k-2025-prepare-sa-prochaine-edition\/#breadcrumb"},"inLanguage":"en-GB","potentialAction":[{"@type":"ReadAction","target":["https:\/\/www.emballagedigest.fr\/la-k-2025-prepare-sa-prochaine-edition\/"]}]},{"@type":"ImageObject","inLanguage":"en-GB","@id":"https:\/\/www.emballagedigest.fr\/la-k-2025-prepare-sa-prochaine-edition\/#primaryimage","url":"https:\/\/www.emballagedigest.fr\/wp-content\/uploads\/2025\/07\/K2025.jpg","contentUrl":"https:\/\/www.emballagedigest.fr\/wp-content\/uploads\/2025\/07\/K2025.jpg","width":800,"height":533},{"@type":"BreadcrumbList","@id":"https:\/\/www.emballagedigest.fr\/la-k-2025-prepare-sa-prochaine-edition\/#breadcrumb","itemListElement":[{"@type":"ListItem","position":1,"name":"Accueil","item":"https:\/\/www.emballagedigest.fr\/"},{"@type":"ListItem","position":2,"name":"La K 2025 pr\u00e9pare sa prochaine \u00e9dition"}]},{"@type":"WebSite","@id":"https:\/\/www.emballagedigest.fr\/#website","url":"https:\/\/www.emballagedigest.fr\/","name":"Emballage Digest","description":"Revue professionnelle sur les emballages","publisher":{"@id":"https:\/\/www.emballagedigest.fr\/#organization"},"potentialAction":[{"@type":"SearchAction","target":{"@type":"EntryPoint","urlTemplate":"https:\/\/www.emballagedigest.fr\/?s={search_term_string}"},"query-input":{"@type":"PropertyValueSpecification","valueRequired":true,"valueName":"search_term_string"}}],"inLanguage":"en-GB"},{"@type":"Organization","@id":"https:\/\/www.emballagedigest.fr\/#organization","name":"Emballage Digest","url":"https:\/\/www.emballagedigest.fr\/","logo":{"@type":"ImageObject","inLanguage":"en-GB","@id":"https:\/\/www.emballagedigest.fr\/#\/schema\/logo\/image\/","url":"https:\/\/www.emballagedigest.fr\/wp-content\/uploads\/2022\/07\/logo-ed.png","contentUrl":"https:\/\/www.emballagedigest.fr\/wp-content\/uploads\/2022\/07\/logo-ed.png","width":379,"height":75,"caption":"Emballage Digest"},"image":{"@id":"https:\/\/www.emballagedigest.fr\/#\/schema\/logo\/image\/"}},{"@type":"Person","@id":"https:\/\/www.emballagedigest.fr\/#\/schema\/person\/76abe9f2b2ee4d3d520594c7a35da59f","name":"Karine Duval","image":{"@type":"ImageObject","inLanguage":"en-GB","@id":"https:\/\/www.emballagedigest.fr\/#\/schema\/person\/image\/","url":"https:\/\/secure.gravatar.com\/avatar\/f552799261cdd2e076e6677d780ef07bdb13aa4c196ab75b39abcbcdcae2d4e5?s=96&d=mm&r=g","contentUrl":"https:\/\/secure.gravatar.com\/avatar\/f552799261cdd2e076e6677d780ef07bdb13aa4c196ab75b39abcbcdcae2d4e5?s=96&d=mm&r=g","caption":"Karine Duval"},"url":"https:\/\/www.emballagedigest.fr\/en\/author\/admin_karduv\/"}]}},"_links":{"self":[{"href":"https:\/\/www.emballagedigest.fr\/en\/wp-json\/wp\/v2\/posts\/45089","targetHints":{"allow":["GET"]}}],"collection":[{"href":"https:\/\/www.emballagedigest.fr\/en\/wp-json\/wp\/v2\/posts"}],"about":[{"href":"https:\/\/www.emballagedigest.fr\/en\/wp-json\/wp\/v2\/types\/post"}],"author":[{"embeddable":true,"href":"https:\/\/www.emballagedigest.fr\/en\/wp-json\/wp\/v2\/users\/2"}],"replies":[{"embeddable":true,"href":"https:\/\/www.emballagedigest.fr\/en\/wp-json\/wp\/v2\/comments?post=45089"}],"version-history":[{"count":1,"href":"https:\/\/www.emballagedigest.fr\/en\/wp-json\/wp\/v2\/posts\/45089\/revisions"}],"predecessor-version":[{"id":45091,"href":"https:\/\/www.emballagedigest.fr\/en\/wp-json\/wp\/v2\/posts\/45089\/revisions\/45091"}],"wp:featuredmedia":[{"embeddable":true,"href":"https:\/\/www.emballagedigest.fr\/en\/wp-json\/wp\/v2\/media\/45090"}],"wp:attachment":[{"href":"https:\/\/www.emballagedigest.fr\/en\/wp-json\/wp\/v2\/media?parent=45089"}],"wp:term":[{"taxonomy":"category","embeddable":true,"href":"https:\/\/www.emballagedigest.fr\/en\/wp-json\/wp\/v2\/categories?post=45089"},{"taxonomy":"post_tag","embeddable":true,"href":"https:\/\/www.emballagedigest.fr\/en\/wp-json\/wp\/v2\/tags?post=45089"}],"curies":[{"name":"wp","href":"https:\/\/api.w.org\/{rel}","templated":true}]}}