{"id":45097,"date":"2025-07-11T00:06:32","date_gmt":"2025-07-10T22:06:32","guid":{"rendered":"https:\/\/www.emballagedigest.fr\/?p=45097"},"modified":"2025-07-15T00:50:41","modified_gmt":"2025-07-14T22:50:41","slug":"berlin-packaging-annonce-lacquisition-de-cosmei","status":"publish","type":"post","link":"https:\/\/www.emballagedigest.fr\/en\/berlin-packaging-annonce-lacquisition-de-cosmei\/","title":{"rendered":"Berlin Packaging annonce l&rsquo;acquisition de Cosmei"},"content":{"rendered":"<p><strong>Berlin Packaging \u00e9tend sa pr\u00e9sence dans le secteur de la beaut\u00e9 et des cosm\u00e9tiques avec l&rsquo;acquisition de Cosmei, une entreprise italienne reconnue pour ses solutions d&#8217;emballage avant-gardistes et son approche agile ax\u00e9e sur le design.<\/strong><\/p>\n\n\n\n<p>Fond\u00e9e par Michele Cicchetti et bas\u00e9e \u00e0 Bagnolo Cremasco, dans la Cosmetic Valley italienne, Cosmei&nbsp;s&rsquo;est fait une place de choix dans les segments ind\u00e9pendant, prestige et masstige. La force de l&rsquo;entreprise r\u00e9side dans le d\u00e9veloppement d&#8217;emballages innovants, allant des essentiels rationalis\u00e9s aux designs sur mesure \u00e0 fort impact, cr\u00e9\u00e9s en \u00e9troite collaboration avec les marques de beaut\u00e9.<\/p>\n\n\n\n<p>\u00ab Nous sommes ravis d&rsquo;\u00e9largir notre portefeuille de produits et d&rsquo;approfondir notre expertise en mati\u00e8re de cosm\u00e9tiques dans le secteur de la beaut\u00e9 gr\u00e2ce \u00e0 cette collaboration avec Cosmei, un partenaire r\u00e9put\u00e9 pour son innovation et sa fiabilit\u00e9. Unis par un engagement commun en faveur de l&rsquo;innovation et de la durabilit\u00e9, ce partenariat avec un leader du march\u00e9 italien nous permettra de r\u00e9pondre aux besoins de nos clients avec encore plus d&rsquo;attention et de soin \u00bb, a d\u00e9clar\u00e9 Marcel Schr\u00f6der, pr\u00e9sident de Berlin Packaging EMEA.<\/p>\n\n\n\n<p>En plus de son si\u00e8ge en Italie, Cosmei&nbsp;exploite un bureau d&rsquo;approvisionnement \u00e0 Guangzhou, en Chine, am\u00e9liorant ainsi ses capacit\u00e9s de cha\u00eene d&rsquo;approvisionnement mondiale et favorisant les relations strat\u00e9giques avec les partenaires cl\u00e9s de la r\u00e9gion.<\/p>\n\n\n\n<p>\u00ab Cosmei est une entreprise jeune et dynamique qui a gagn\u00e9 sa place sur le march\u00e9 gr\u00e2ce \u00e0 une approche distinctive et passionn\u00e9e de la conception et du d\u00e9veloppement d&#8217;emballages \u00bb, a d\u00e9clar\u00e9 Michele Cicchetti, fondateur de Cosmei. \u00ab En unissant nos forces \u00e0 celles de Berlin Packaging, nous pourrons renforcer nos capacit\u00e9s et apporter encore plus de valeur au march\u00e9 mondial de la beaut\u00e9 et des cosm\u00e9tiques \u00bb.<\/p>","protected":false},"excerpt":{"rendered":"<p>Berlin Packaging \u00e9tend sa pr\u00e9sence dans le secteur de la beaut\u00e9 et des cosm\u00e9tiques avec l&rsquo;acquisition de Cosmei, une entreprise italienne reconnue pour ses solutions d&#8217;emballage avant-gardistes et son approche agile ax\u00e9e sur le design. Fond\u00e9e par Michele Cicchetti et bas\u00e9e \u00e0 Bagnolo Cremasco, dans la Cosmetic Valley italienne, Cosmei&nbsp;s&rsquo;est fait une place de choix [&hellip;]<\/p>","protected":false},"author":2,"featured_media":45098,"comment_status":"closed","ping_status":"closed","sticky":false,"template":"","format":"standard","meta":{"_acf_changed":false,"inline_featured_image":false,"iawp_total_views":8,"footnotes":""},"categories":[28,81,6],"tags":[],"class_list":["post-45097","post","type-post","status-publish","format-standard","has-post-thumbnail","hentry","category-article-entier","category-packaging","category-parfumerie-cosmetique"],"acf":[],"yoast_head":"<!-- This site is optimized with the Yoast SEO plugin v24.4 - https:\/\/yoast.com\/wordpress\/plugins\/seo\/ -->\n<title>Berlin Packaging annonce l&#039;acquisition de Cosmei - Emballage Digest<\/title>\n<meta name=\"robots\" content=\"index, follow, max-snippet:-1, max-image-preview:large, max-video-preview:-1\" \/>\n<link rel=\"canonical\" href=\"https:\/\/www.emballagedigest.fr\/en\/berlin-packaging-annonce-lacquisition-de-cosmei\/\" \/>\n<meta property=\"og:locale\" content=\"en_GB\" \/>\n<meta property=\"og:type\" content=\"article\" \/>\n<meta property=\"og:title\" content=\"Berlin Packaging annonce l&#039;acquisition de Cosmei - Emballage Digest\" \/>\n<meta property=\"og:description\" content=\"Berlin Packaging \u00e9tend sa pr\u00e9sence dans le secteur de la beaut\u00e9 et des cosm\u00e9tiques avec l&rsquo;acquisition de Cosmei, une entreprise italienne reconnue pour ses solutions d&#8217;emballage avant-gardistes et son approche agile ax\u00e9e sur le design. Fond\u00e9e par Michele Cicchetti et bas\u00e9e \u00e0 Bagnolo Cremasco, dans la Cosmetic Valley italienne, Cosmei&nbsp;s&rsquo;est fait une place de choix [&hellip;]\" \/>\n<meta property=\"og:url\" content=\"https:\/\/www.emballagedigest.fr\/en\/berlin-packaging-annonce-lacquisition-de-cosmei\/\" \/>\n<meta property=\"og:site_name\" content=\"Emballage Digest\" \/>\n<meta property=\"article:published_time\" content=\"2025-07-10T22:06:32+00:00\" \/>\n<meta property=\"article:modified_time\" content=\"2025-07-14T22:50:41+00:00\" \/>\n<meta property=\"og:image\" content=\"https:\/\/www.emballagedigest.fr\/wp-content\/uploads\/2025\/07\/Berlin.jpg\" \/>\n\t<meta property=\"og:image:width\" content=\"800\" \/>\n\t<meta property=\"og:image:height\" content=\"600\" \/>\n\t<meta property=\"og:image:type\" content=\"image\/jpeg\" \/>\n<meta name=\"author\" content=\"Karine Duval\" \/>\n<meta name=\"twitter:card\" content=\"summary_large_image\" \/>\n<meta name=\"twitter:label1\" content=\"Written by\" \/>\n\t<meta name=\"twitter:data1\" content=\"Karine Duval\" \/>\n\t<meta name=\"twitter:label2\" content=\"Estimated reading time\" \/>\n\t<meta name=\"twitter:data2\" content=\"2 minutes\" \/>\n<script type=\"application\/ld+json\" class=\"yoast-schema-graph\">{\"@context\":\"https:\/\/schema.org\",\"@graph\":[{\"@type\":\"Article\",\"@id\":\"https:\/\/www.emballagedigest.fr\/berlin-packaging-annonce-lacquisition-de-cosmei\/#article\",\"isPartOf\":{\"@id\":\"https:\/\/www.emballagedigest.fr\/berlin-packaging-annonce-lacquisition-de-cosmei\/\"},\"author\":{\"name\":\"Karine Duval\",\"@id\":\"https:\/\/www.emballagedigest.fr\/#\/schema\/person\/76abe9f2b2ee4d3d520594c7a35da59f\"},\"headline\":\"Berlin Packaging annonce l&rsquo;acquisition de Cosmei\",\"datePublished\":\"2025-07-10T22:06:32+00:00\",\"dateModified\":\"2025-07-14T22:50:41+00:00\",\"mainEntityOfPage\":{\"@id\":\"https:\/\/www.emballagedigest.fr\/berlin-packaging-annonce-lacquisition-de-cosmei\/\"},\"wordCount\":323,\"publisher\":{\"@id\":\"https:\/\/www.emballagedigest.fr\/#organization\"},\"image\":{\"@id\":\"https:\/\/www.emballagedigest.fr\/berlin-packaging-annonce-lacquisition-de-cosmei\/#primaryimage\"},\"thumbnailUrl\":\"https:\/\/www.emballagedigest.fr\/wp-content\/uploads\/2025\/07\/Berlin.jpg\",\"articleSection\":[\"Article entier\",\"Packaging\",\"Parfumerie &amp; Cosm\u00e9tique\"],\"inLanguage\":\"en-GB\"},{\"@type\":\"WebPage\",\"@id\":\"https:\/\/www.emballagedigest.fr\/berlin-packaging-annonce-lacquisition-de-cosmei\/\",\"url\":\"https:\/\/www.emballagedigest.fr\/berlin-packaging-annonce-lacquisition-de-cosmei\/\",\"name\":\"Berlin Packaging annonce l'acquisition de Cosmei - Emballage Digest\",\"isPartOf\":{\"@id\":\"https:\/\/www.emballagedigest.fr\/#website\"},\"primaryImageOfPage\":{\"@id\":\"https:\/\/www.emballagedigest.fr\/berlin-packaging-annonce-lacquisition-de-cosmei\/#primaryimage\"},\"image\":{\"@id\":\"https:\/\/www.emballagedigest.fr\/berlin-packaging-annonce-lacquisition-de-cosmei\/#primaryimage\"},\"thumbnailUrl\":\"https:\/\/www.emballagedigest.fr\/wp-content\/uploads\/2025\/07\/Berlin.jpg\",\"datePublished\":\"2025-07-10T22:06:32+00:00\",\"dateModified\":\"2025-07-14T22:50:41+00:00\",\"breadcrumb\":{\"@id\":\"https:\/\/www.emballagedigest.fr\/berlin-packaging-annonce-lacquisition-de-cosmei\/#breadcrumb\"},\"inLanguage\":\"en-GB\",\"potentialAction\":[{\"@type\":\"ReadAction\",\"target\":[\"https:\/\/www.emballagedigest.fr\/berlin-packaging-annonce-lacquisition-de-cosmei\/\"]}]},{\"@type\":\"ImageObject\",\"inLanguage\":\"en-GB\",\"@id\":\"https:\/\/www.emballagedigest.fr\/berlin-packaging-annonce-lacquisition-de-cosmei\/#primaryimage\",\"url\":\"https:\/\/www.emballagedigest.fr\/wp-content\/uploads\/2025\/07\/Berlin.jpg\",\"contentUrl\":\"https:\/\/www.emballagedigest.fr\/wp-content\/uploads\/2025\/07\/Berlin.jpg\",\"width\":800,\"height\":600},{\"@type\":\"BreadcrumbList\",\"@id\":\"https:\/\/www.emballagedigest.fr\/berlin-packaging-annonce-lacquisition-de-cosmei\/#breadcrumb\",\"itemListElement\":[{\"@type\":\"ListItem\",\"position\":1,\"name\":\"Accueil\",\"item\":\"https:\/\/www.emballagedigest.fr\/\"},{\"@type\":\"ListItem\",\"position\":2,\"name\":\"Berlin Packaging annonce l&rsquo;acquisition de Cosmei\"}]},{\"@type\":\"WebSite\",\"@id\":\"https:\/\/www.emballagedigest.fr\/#website\",\"url\":\"https:\/\/www.emballagedigest.fr\/\",\"name\":\"Emballage Digest\",\"description\":\"Revue professionnelle sur les emballages\",\"publisher\":{\"@id\":\"https:\/\/www.emballagedigest.fr\/#organization\"},\"potentialAction\":[{\"@type\":\"SearchAction\",\"target\":{\"@type\":\"EntryPoint\",\"urlTemplate\":\"https:\/\/www.emballagedigest.fr\/?s={search_term_string}\"},\"query-input\":{\"@type\":\"PropertyValueSpecification\",\"valueRequired\":true,\"valueName\":\"search_term_string\"}}],\"inLanguage\":\"en-GB\"},{\"@type\":\"Organization\",\"@id\":\"https:\/\/www.emballagedigest.fr\/#organization\",\"name\":\"Emballage Digest\",\"url\":\"https:\/\/www.emballagedigest.fr\/\",\"logo\":{\"@type\":\"ImageObject\",\"inLanguage\":\"en-GB\",\"@id\":\"https:\/\/www.emballagedigest.fr\/#\/schema\/logo\/image\/\",\"url\":\"https:\/\/www.emballagedigest.fr\/wp-content\/uploads\/2022\/07\/logo-ed.png\",\"contentUrl\":\"https:\/\/www.emballagedigest.fr\/wp-content\/uploads\/2022\/07\/logo-ed.png\",\"width\":379,\"height\":75,\"caption\":\"Emballage Digest\"},\"image\":{\"@id\":\"https:\/\/www.emballagedigest.fr\/#\/schema\/logo\/image\/\"}},{\"@type\":\"Person\",\"@id\":\"https:\/\/www.emballagedigest.fr\/#\/schema\/person\/76abe9f2b2ee4d3d520594c7a35da59f\",\"name\":\"Karine Duval\",\"image\":{\"@type\":\"ImageObject\",\"inLanguage\":\"en-GB\",\"@id\":\"https:\/\/www.emballagedigest.fr\/#\/schema\/person\/image\/\",\"url\":\"https:\/\/secure.gravatar.com\/avatar\/f552799261cdd2e076e6677d780ef07bdb13aa4c196ab75b39abcbcdcae2d4e5?s=96&d=mm&r=g\",\"contentUrl\":\"https:\/\/secure.gravatar.com\/avatar\/f552799261cdd2e076e6677d780ef07bdb13aa4c196ab75b39abcbcdcae2d4e5?s=96&d=mm&r=g\",\"caption\":\"Karine Duval\"},\"url\":\"https:\/\/www.emballagedigest.fr\/en\/author\/admin_karduv\/\"}]}<\/script>\n<!-- \/ Yoast SEO plugin. -->","yoast_head_json":{"title":"Berlin Packaging annonce l'acquisition de Cosmei - Emballage Digest","robots":{"index":"index","follow":"follow","max-snippet":"max-snippet:-1","max-image-preview":"max-image-preview:large","max-video-preview":"max-video-preview:-1"},"canonical":"https:\/\/www.emballagedigest.fr\/en\/berlin-packaging-annonce-lacquisition-de-cosmei\/","og_locale":"en_GB","og_type":"article","og_title":"Berlin Packaging annonce l'acquisition de Cosmei - Emballage Digest","og_description":"Berlin Packaging \u00e9tend sa pr\u00e9sence dans le secteur de la beaut\u00e9 et des cosm\u00e9tiques avec l&rsquo;acquisition de Cosmei, une entreprise italienne reconnue pour ses solutions d&#8217;emballage avant-gardistes et son approche agile ax\u00e9e sur le design. Fond\u00e9e par Michele Cicchetti et bas\u00e9e \u00e0 Bagnolo Cremasco, dans la Cosmetic Valley italienne, Cosmei&nbsp;s&rsquo;est fait une place de choix [&hellip;]","og_url":"https:\/\/www.emballagedigest.fr\/en\/berlin-packaging-annonce-lacquisition-de-cosmei\/","og_site_name":"Emballage Digest","article_published_time":"2025-07-10T22:06:32+00:00","article_modified_time":"2025-07-14T22:50:41+00:00","og_image":[{"width":800,"height":600,"url":"https:\/\/www.emballagedigest.fr\/wp-content\/uploads\/2025\/07\/Berlin.jpg","type":"image\/jpeg"}],"author":"Karine Duval","twitter_card":"summary_large_image","twitter_misc":{"Written by":"Karine Duval","Estimated reading time":"2 minutes"},"schema":{"@context":"https:\/\/schema.org","@graph":[{"@type":"Article","@id":"https:\/\/www.emballagedigest.fr\/berlin-packaging-annonce-lacquisition-de-cosmei\/#article","isPartOf":{"@id":"https:\/\/www.emballagedigest.fr\/berlin-packaging-annonce-lacquisition-de-cosmei\/"},"author":{"name":"Karine Duval","@id":"https:\/\/www.emballagedigest.fr\/#\/schema\/person\/76abe9f2b2ee4d3d520594c7a35da59f"},"headline":"Berlin Packaging annonce l&rsquo;acquisition de Cosmei","datePublished":"2025-07-10T22:06:32+00:00","dateModified":"2025-07-14T22:50:41+00:00","mainEntityOfPage":{"@id":"https:\/\/www.emballagedigest.fr\/berlin-packaging-annonce-lacquisition-de-cosmei\/"},"wordCount":323,"publisher":{"@id":"https:\/\/www.emballagedigest.fr\/#organization"},"image":{"@id":"https:\/\/www.emballagedigest.fr\/berlin-packaging-annonce-lacquisition-de-cosmei\/#primaryimage"},"thumbnailUrl":"https:\/\/www.emballagedigest.fr\/wp-content\/uploads\/2025\/07\/Berlin.jpg","articleSection":["Article entier","Packaging","Parfumerie &amp; Cosm\u00e9tique"],"inLanguage":"en-GB"},{"@type":"WebPage","@id":"https:\/\/www.emballagedigest.fr\/berlin-packaging-annonce-lacquisition-de-cosmei\/","url":"https:\/\/www.emballagedigest.fr\/berlin-packaging-annonce-lacquisition-de-cosmei\/","name":"Berlin Packaging annonce l'acquisition de Cosmei - Emballage Digest","isPartOf":{"@id":"https:\/\/www.emballagedigest.fr\/#website"},"primaryImageOfPage":{"@id":"https:\/\/www.emballagedigest.fr\/berlin-packaging-annonce-lacquisition-de-cosmei\/#primaryimage"},"image":{"@id":"https:\/\/www.emballagedigest.fr\/berlin-packaging-annonce-lacquisition-de-cosmei\/#primaryimage"},"thumbnailUrl":"https:\/\/www.emballagedigest.fr\/wp-content\/uploads\/2025\/07\/Berlin.jpg","datePublished":"2025-07-10T22:06:32+00:00","dateModified":"2025-07-14T22:50:41+00:00","breadcrumb":{"@id":"https:\/\/www.emballagedigest.fr\/berlin-packaging-annonce-lacquisition-de-cosmei\/#breadcrumb"},"inLanguage":"en-GB","potentialAction":[{"@type":"ReadAction","target":["https:\/\/www.emballagedigest.fr\/berlin-packaging-annonce-lacquisition-de-cosmei\/"]}]},{"@type":"ImageObject","inLanguage":"en-GB","@id":"https:\/\/www.emballagedigest.fr\/berlin-packaging-annonce-lacquisition-de-cosmei\/#primaryimage","url":"https:\/\/www.emballagedigest.fr\/wp-content\/uploads\/2025\/07\/Berlin.jpg","contentUrl":"https:\/\/www.emballagedigest.fr\/wp-content\/uploads\/2025\/07\/Berlin.jpg","width":800,"height":600},{"@type":"BreadcrumbList","@id":"https:\/\/www.emballagedigest.fr\/berlin-packaging-annonce-lacquisition-de-cosmei\/#breadcrumb","itemListElement":[{"@type":"ListItem","position":1,"name":"Accueil","item":"https:\/\/www.emballagedigest.fr\/"},{"@type":"ListItem","position":2,"name":"Berlin Packaging annonce l&rsquo;acquisition de Cosmei"}]},{"@type":"WebSite","@id":"https:\/\/www.emballagedigest.fr\/#website","url":"https:\/\/www.emballagedigest.fr\/","name":"Emballage Digest","description":"Revue professionnelle sur les emballages","publisher":{"@id":"https:\/\/www.emballagedigest.fr\/#organization"},"potentialAction":[{"@type":"SearchAction","target":{"@type":"EntryPoint","urlTemplate":"https:\/\/www.emballagedigest.fr\/?s={search_term_string}"},"query-input":{"@type":"PropertyValueSpecification","valueRequired":true,"valueName":"search_term_string"}}],"inLanguage":"en-GB"},{"@type":"Organization","@id":"https:\/\/www.emballagedigest.fr\/#organization","name":"Emballage Digest","url":"https:\/\/www.emballagedigest.fr\/","logo":{"@type":"ImageObject","inLanguage":"en-GB","@id":"https:\/\/www.emballagedigest.fr\/#\/schema\/logo\/image\/","url":"https:\/\/www.emballagedigest.fr\/wp-content\/uploads\/2022\/07\/logo-ed.png","contentUrl":"https:\/\/www.emballagedigest.fr\/wp-content\/uploads\/2022\/07\/logo-ed.png","width":379,"height":75,"caption":"Emballage Digest"},"image":{"@id":"https:\/\/www.emballagedigest.fr\/#\/schema\/logo\/image\/"}},{"@type":"Person","@id":"https:\/\/www.emballagedigest.fr\/#\/schema\/person\/76abe9f2b2ee4d3d520594c7a35da59f","name":"Karine Duval","image":{"@type":"ImageObject","inLanguage":"en-GB","@id":"https:\/\/www.emballagedigest.fr\/#\/schema\/person\/image\/","url":"https:\/\/secure.gravatar.com\/avatar\/f552799261cdd2e076e6677d780ef07bdb13aa4c196ab75b39abcbcdcae2d4e5?s=96&d=mm&r=g","contentUrl":"https:\/\/secure.gravatar.com\/avatar\/f552799261cdd2e076e6677d780ef07bdb13aa4c196ab75b39abcbcdcae2d4e5?s=96&d=mm&r=g","caption":"Karine Duval"},"url":"https:\/\/www.emballagedigest.fr\/en\/author\/admin_karduv\/"}]}},"_links":{"self":[{"href":"https:\/\/www.emballagedigest.fr\/en\/wp-json\/wp\/v2\/posts\/45097","targetHints":{"allow":["GET"]}}],"collection":[{"href":"https:\/\/www.emballagedigest.fr\/en\/wp-json\/wp\/v2\/posts"}],"about":[{"href":"https:\/\/www.emballagedigest.fr\/en\/wp-json\/wp\/v2\/types\/post"}],"author":[{"embeddable":true,"href":"https:\/\/www.emballagedigest.fr\/en\/wp-json\/wp\/v2\/users\/2"}],"replies":[{"embeddable":true,"href":"https:\/\/www.emballagedigest.fr\/en\/wp-json\/wp\/v2\/comments?post=45097"}],"version-history":[{"count":1,"href":"https:\/\/www.emballagedigest.fr\/en\/wp-json\/wp\/v2\/posts\/45097\/revisions"}],"predecessor-version":[{"id":45099,"href":"https:\/\/www.emballagedigest.fr\/en\/wp-json\/wp\/v2\/posts\/45097\/revisions\/45099"}],"wp:featuredmedia":[{"embeddable":true,"href":"https:\/\/www.emballagedigest.fr\/en\/wp-json\/wp\/v2\/media\/45098"}],"wp:attachment":[{"href":"https:\/\/www.emballagedigest.fr\/en\/wp-json\/wp\/v2\/media?parent=45097"}],"wp:term":[{"taxonomy":"category","embeddable":true,"href":"https:\/\/www.emballagedigest.fr\/en\/wp-json\/wp\/v2\/categories?post=45097"},{"taxonomy":"post_tag","embeddable":true,"href":"https:\/\/www.emballagedigest.fr\/en\/wp-json\/wp\/v2\/tags?post=45097"}],"curies":[{"name":"wp","href":"https:\/\/api.w.org\/{rel}","templated":true}]}}