{"id":45194,"date":"2025-07-24T01:12:32","date_gmt":"2025-07-23T23:12:32","guid":{"rendered":"https:\/\/www.emballagedigest.fr\/?p=45194"},"modified":"2025-07-25T08:26:25","modified_gmt":"2025-07-25T06:26:25","slug":"logistique-accro-opte-pour-le-reemploi-avec-gamma-wopla","status":"publish","type":"post","link":"https:\/\/www.emballagedigest.fr\/en\/logistique-accro-opte-pour-le-reemploi-avec-gamma-wopla\/","title":{"rendered":"Logistique : Accro opte pour le r\u00e9emploi avec Gamma-Wopla"},"content":{"rendered":"<p><strong>Accro, marque du groupe Nxtfood, jeune entreprise fran\u00e7aise sp\u00e9cialiste des alternatives v\u00e9g\u00e9tales \u00e0 la viande, s\u2019associe \u00e0 Gamma-Wopla, fabricant europ\u00e9en de bacs plastiques r\u00e9utilisables pour d\u00e9ployer des alternatives aux emballages \u00e0 usage unique.<\/strong><\/p>\n\n\n\n<p>Fond\u00e9e en 2019 et implant\u00e9e \u00e0 Vitry-en-Artois dans la R\u00e9gion Hauts-de-France, Accro d\u00e9veloppe et commercialise une gamme innovante de produits v\u00e9g\u00e9taux, pens\u00e9s pour remplacer les viandes traditionnelles tout en r\u00e9duisant l\u2019impact environnemental. L\u2019entreprise s\u2019appuie sur une technologie de pointe, l\u2019extrusion humide, pour concevoir des produits \u00e0 la texture et au go\u00fbt proches de la viande, tout en n\u2019utilisant que des prot\u00e9ines v\u00e9g\u00e9tales fran\u00e7aises, issues notamment de pois et de bl\u00e9. Avec une usine de 4 500 m\u00b2, une \u00e9quipe pass\u00e9e de 5 \u00e0 117 collaborateurs en quatre ans, et une capacit\u00e9 de production de 5 000 tonnes par an, Accro conna\u00eet une forte croissance. Ses produits, commercialis\u00e9s en food service comme en grande distribution, sont aujourd\u2019hui disponibles en 25 r\u00e9f\u00e9rences, couvrant des saveurs tels que le b\u0153uf, la volaille, le porc et m\u00eame le poisson.<\/p>\n\n\n\n<p>D\u00e8s ses d\u00e9buts industriels, Accro s\u2019est confront\u00e9e \u00e0 un usage massif du carton pour stocker et d\u00e9placer ses produits semi-finis et surgel\u00e9s. Ce mode de fonctionnement, contraire aux principes RSE de l\u2019entreprise, s\u2019est vite r\u00e9v\u00e9l\u00e9 limit\u00e9 sur les plans \u00e9cologiques, \u00e9conomiques et op\u00e9rationnels. \u00ab Utiliser du carton, m\u00eame recycl\u00e9, n\u2019avait aucun sens pour nous, compte tenu de nos valeurs fortes bas\u00e9es sur un environnement durable \u00bb, souligne Gilles Guerlet, directeur industriel chez Accro. \u00ab Nous avions besoin d\u2019un contenant qui soit \u00e0 la fois r\u00e9utilisable, fiable et adapt\u00e9 \u00e0 notre environnement de production. Gamma-Wopla a su nous \u00e9couter et co-construire la solution id\u00e9ale, sans jamais nous imposer une r\u00e9ponse standardis\u00e9e \u00bb. <\/p>\n\n\n\n<p>Gamma-Wopla a r\u00e9pondu \u00e0 cette demande en proposant un bac plastique 600 x 400 x 200 mm, empilable, encastrable, r\u00e9sistant aux lavages haute temp\u00e9rature ainsi qu\u2019au stockage en froid positif et n\u00e9gatif. \u00c0 ce jour, plus de 15 000 bacs sont en service dans les ateliers d\u2019Accro. Ces bacs fournis par Gamma-Wopla ont une particularit\u00e9 : ils sont bicolores. Cette sp\u00e9cificit\u00e9 fait toute la diff\u00e9rence lors de leur utilisation, puisqu\u2019il suffit d\u2019inverser les couleurs pour les embo\u00eeter, ou d\u2019aligner les m\u00eames couleurs pour les empiler. Ces bacs ont \u00e9t\u00e9 int\u00e9gr\u00e9s de mani\u00e8re transverse dans toute l\u2019organisation industrielle d\u2019Accro. Ils permettent de stocker les produits \u00e0 diff\u00e9rents stades de transformation, qu\u2019il s\u2019agisse de produits bruts, de semi-finis ou de produits finis. Certains bacs sont utilis\u00e9s d\u00e8s la sortie de ligne de production pour conserver des \u00e9minc\u00e9s v\u00e9g\u00e9taux, d\u2019autres sont affect\u00e9s aux \u00e9tapes de marinade ou de conditionnement en frais ou surgel\u00e9. Lorsqu\u2019un produit est pr\u00eat, il peut \u00eatre conditionn\u00e9 directement dans ces contenants, puis stock\u00e9 en froid n\u00e9gatif, en interne ou chez un prestataire logistique voisin.<\/p>\n\n\n\n<figure class=\"wp-block-image size-large\"><img loading=\"lazy\" decoding=\"async\" width=\"1024\" height=\"681\" src=\"https:\/\/www.emballagedigest.fr\/wp-content\/uploads\/2025\/07\/ACCRO_GW_Partenariat-1024x681.jpg\" alt=\"\" class=\"wp-image-45190\" srcset=\"https:\/\/www.emballagedigest.fr\/wp-content\/uploads\/2025\/07\/ACCRO_GW_Partenariat-1024x681.jpg 1024w, https:\/\/www.emballagedigest.fr\/wp-content\/uploads\/2025\/07\/ACCRO_GW_Partenariat-300x200.jpg 300w, https:\/\/www.emballagedigest.fr\/wp-content\/uploads\/2025\/07\/ACCRO_GW_Partenariat-768x511.jpg 768w, https:\/\/www.emballagedigest.fr\/wp-content\/uploads\/2025\/07\/ACCRO_GW_Partenariat-18x12.jpg 18w, https:\/\/www.emballagedigest.fr\/wp-content\/uploads\/2025\/07\/ACCRO_GW_Partenariat.jpg 1500w\" sizes=\"auto, (max-width: 1024px) 100vw, 1024px\" \/><figcaption class=\"wp-element-caption\">Gilles Guerlet, directeur industriel chez Accro &amp; F\u00e9lix Meurillon, responsable de production chez Accro.<\/figcaption><\/figure>\n\n\n\n<p>Les bacs Gamma-Wopla circulent ensuite entre le site d\u2019Accro et son prestataire selon un syst\u00e8me de navettes. Le prestataire assure uniquement le stockage frigorifique ; toutes les commandes sont pr\u00e9par\u00e9es sur la base des instructions d\u2019Accro. En parall\u00e8le, les bacs sont aussi utilis\u00e9s pour distinguer les flux internes. Un code couleur permet d\u2019identifier imm\u00e9diatement s\u2019il s\u2019agit de produits de production, de prototypes R&amp;D ou de pr\u00e9l\u00e8vements qualit\u00e9. Cette logique \u00e9vite toute confusion et renforce la s\u00e9curit\u00e9 sanitaire. Chaque bac est compatible avec les palettes plastiques Smart-Flow s\u00e9lectionn\u00e9es \u00e9galement par Accro, qui assurent un transport s\u00e9curis\u00e9 m\u00eame dans des environnements froids et humides. Le partenariat repose sur une relation de proximit\u00e9, de confiance et de r\u00e9activit\u00e9. L\u2019usine Gamma-Wopla se situe \u00e0 70 km du site d\u2019Accro, ce qui facilite les livraisons rapides (2 \u00e0 3 semaines en moyenne) et les ajustements au fil de la croissance de l\u2019entreprise.<\/p>\n\n\n\n<p>Le retour sur investissement a \u00e9t\u00e9 tr\u00e8s vite mesurable : 10 \u00e0 12 utilisations ont suffi \u00e0 rentabiliser les bacs, compar\u00e9 \u00e0 l\u2019achat r\u00e9current de cartons \u00e9pais co\u00fbteux et jetables. \u00c0 l\u2019\u00e9chelle d\u2019Accro, cela repr\u00e9sente une \u00e9conomie substantielle, tout en r\u00e9duisant les d\u00e9chets industriels.<\/p>","protected":false},"excerpt":{"rendered":"<p>Accro, marque du groupe Nxtfood, jeune entreprise fran\u00e7aise sp\u00e9cialiste des alternatives v\u00e9g\u00e9tales \u00e0 la viande, s\u2019associe \u00e0 Gamma-Wopla, fabricant europ\u00e9en de bacs plastiques r\u00e9utilisables pour d\u00e9ployer des alternatives aux emballages \u00e0 usage unique. Fond\u00e9e en 2019 et implant\u00e9e \u00e0 Vitry-en-Artois dans la R\u00e9gion Hauts-de-France, Accro d\u00e9veloppe et commercialise une gamme innovante de produits v\u00e9g\u00e9taux, pens\u00e9s [&hellip;]<\/p>","protected":false},"author":3,"featured_media":45192,"comment_status":"closed","ping_status":"closed","sticky":false,"template":"","format":"standard","meta":{"_acf_changed":false,"inline_featured_image":false,"iawp_total_views":5,"footnotes":""},"categories":[28,11,8],"tags":[],"class_list":["post-45194","post","type-post","status-publish","format-standard","has-post-thumbnail","hentry","category-article-entier","category-emballages","category-industrie"],"acf":[],"yoast_head":"<!-- This site is optimized with the Yoast SEO plugin v24.4 - https:\/\/yoast.com\/wordpress\/plugins\/seo\/ -->\n<title>Logistique : Accro opte pour le r\u00e9emploi avec Gamma-Wopla - Emballage Digest<\/title>\n<meta name=\"robots\" content=\"index, follow, max-snippet:-1, max-image-preview:large, max-video-preview:-1\" \/>\n<link rel=\"canonical\" href=\"https:\/\/www.emballagedigest.fr\/en\/logistique-accro-opte-pour-le-reemploi-avec-gamma-wopla\/\" \/>\n<meta property=\"og:locale\" content=\"en_GB\" \/>\n<meta property=\"og:type\" content=\"article\" \/>\n<meta property=\"og:title\" content=\"Logistique : Accro opte pour le r\u00e9emploi avec Gamma-Wopla - Emballage Digest\" \/>\n<meta property=\"og:description\" content=\"Accro, marque du groupe Nxtfood, jeune entreprise fran\u00e7aise sp\u00e9cialiste des alternatives v\u00e9g\u00e9tales \u00e0 la viande, s\u2019associe \u00e0 Gamma-Wopla, fabricant europ\u00e9en de bacs plastiques r\u00e9utilisables pour d\u00e9ployer des alternatives aux emballages \u00e0 usage unique. Fond\u00e9e en 2019 et implant\u00e9e \u00e0 Vitry-en-Artois dans la R\u00e9gion Hauts-de-France, Accro d\u00e9veloppe et commercialise une gamme innovante de produits v\u00e9g\u00e9taux, pens\u00e9s [&hellip;]\" \/>\n<meta property=\"og:url\" content=\"https:\/\/www.emballagedigest.fr\/en\/logistique-accro-opte-pour-le-reemploi-avec-gamma-wopla\/\" \/>\n<meta property=\"og:site_name\" content=\"Emballage Digest\" \/>\n<meta property=\"article:published_time\" content=\"2025-07-23T23:12:32+00:00\" \/>\n<meta property=\"article:modified_time\" content=\"2025-07-25T06:26:25+00:00\" \/>\n<meta property=\"og:image\" content=\"https:\/\/www.emballagedigest.fr\/wp-content\/uploads\/2025\/07\/ACCRO_GW_Emballage-1-2.jpg\" \/>\n\t<meta property=\"og:image:width\" content=\"1500\" \/>\n\t<meta property=\"og:image:height\" content=\"1014\" \/>\n\t<meta property=\"og:image:type\" content=\"image\/jpeg\" \/>\n<meta name=\"author\" content=\"Doria Maiz\" \/>\n<meta name=\"twitter:card\" content=\"summary_large_image\" \/>\n<meta name=\"twitter:label1\" content=\"Written by\" \/>\n\t<meta name=\"twitter:data1\" content=\"Doria Maiz\" \/>\n\t<meta name=\"twitter:label2\" content=\"Estimated reading time\" \/>\n\t<meta name=\"twitter:data2\" content=\"4 minutes\" \/>\n<script type=\"application\/ld+json\" class=\"yoast-schema-graph\">{\"@context\":\"https:\/\/schema.org\",\"@graph\":[{\"@type\":\"Article\",\"@id\":\"https:\/\/www.emballagedigest.fr\/logistique-accro-opte-pour-le-reemploi-avec-gamma-wopla\/#article\",\"isPartOf\":{\"@id\":\"https:\/\/www.emballagedigest.fr\/logistique-accro-opte-pour-le-reemploi-avec-gamma-wopla\/\"},\"author\":{\"name\":\"Doria Maiz\",\"@id\":\"https:\/\/www.emballagedigest.fr\/#\/schema\/person\/3aab00a16f4538367d9b3419c982ab4f\"},\"headline\":\"Logistique : Accro opte pour le r\u00e9emploi avec Gamma-Wopla\",\"datePublished\":\"2025-07-23T23:12:32+00:00\",\"dateModified\":\"2025-07-25T06:26:25+00:00\",\"mainEntityOfPage\":{\"@id\":\"https:\/\/www.emballagedigest.fr\/logistique-accro-opte-pour-le-reemploi-avec-gamma-wopla\/\"},\"wordCount\":743,\"publisher\":{\"@id\":\"https:\/\/www.emballagedigest.fr\/#organization\"},\"image\":{\"@id\":\"https:\/\/www.emballagedigest.fr\/logistique-accro-opte-pour-le-reemploi-avec-gamma-wopla\/#primaryimage\"},\"thumbnailUrl\":\"https:\/\/www.emballagedigest.fr\/wp-content\/uploads\/2025\/07\/ACCRO_GW_Emballage-1-2.jpg\",\"articleSection\":[\"Article entier\",\"Emballages\",\"Industrie\"],\"inLanguage\":\"en-GB\"},{\"@type\":\"WebPage\",\"@id\":\"https:\/\/www.emballagedigest.fr\/logistique-accro-opte-pour-le-reemploi-avec-gamma-wopla\/\",\"url\":\"https:\/\/www.emballagedigest.fr\/logistique-accro-opte-pour-le-reemploi-avec-gamma-wopla\/\",\"name\":\"Logistique : Accro opte pour le r\u00e9emploi avec Gamma-Wopla - Emballage Digest\",\"isPartOf\":{\"@id\":\"https:\/\/www.emballagedigest.fr\/#website\"},\"primaryImageOfPage\":{\"@id\":\"https:\/\/www.emballagedigest.fr\/logistique-accro-opte-pour-le-reemploi-avec-gamma-wopla\/#primaryimage\"},\"image\":{\"@id\":\"https:\/\/www.emballagedigest.fr\/logistique-accro-opte-pour-le-reemploi-avec-gamma-wopla\/#primaryimage\"},\"thumbnailUrl\":\"https:\/\/www.emballagedigest.fr\/wp-content\/uploads\/2025\/07\/ACCRO_GW_Emballage-1-2.jpg\",\"datePublished\":\"2025-07-23T23:12:32+00:00\",\"dateModified\":\"2025-07-25T06:26:25+00:00\",\"breadcrumb\":{\"@id\":\"https:\/\/www.emballagedigest.fr\/logistique-accro-opte-pour-le-reemploi-avec-gamma-wopla\/#breadcrumb\"},\"inLanguage\":\"en-GB\",\"potentialAction\":[{\"@type\":\"ReadAction\",\"target\":[\"https:\/\/www.emballagedigest.fr\/logistique-accro-opte-pour-le-reemploi-avec-gamma-wopla\/\"]}]},{\"@type\":\"ImageObject\",\"inLanguage\":\"en-GB\",\"@id\":\"https:\/\/www.emballagedigest.fr\/logistique-accro-opte-pour-le-reemploi-avec-gamma-wopla\/#primaryimage\",\"url\":\"https:\/\/www.emballagedigest.fr\/wp-content\/uploads\/2025\/07\/ACCRO_GW_Emballage-1-2.jpg\",\"contentUrl\":\"https:\/\/www.emballagedigest.fr\/wp-content\/uploads\/2025\/07\/ACCRO_GW_Emballage-1-2.jpg\",\"width\":1500,\"height\":1014,\"caption\":\"ACCRO pour GAMMA-WOPLA - 25 avril 2025\"},{\"@type\":\"BreadcrumbList\",\"@id\":\"https:\/\/www.emballagedigest.fr\/logistique-accro-opte-pour-le-reemploi-avec-gamma-wopla\/#breadcrumb\",\"itemListElement\":[{\"@type\":\"ListItem\",\"position\":1,\"name\":\"Accueil\",\"item\":\"https:\/\/www.emballagedigest.fr\/\"},{\"@type\":\"ListItem\",\"position\":2,\"name\":\"Logistique : Accro opte pour le r\u00e9emploi avec Gamma-Wopla\"}]},{\"@type\":\"WebSite\",\"@id\":\"https:\/\/www.emballagedigest.fr\/#website\",\"url\":\"https:\/\/www.emballagedigest.fr\/\",\"name\":\"Emballage Digest\",\"description\":\"Revue professionnelle sur les emballages\",\"publisher\":{\"@id\":\"https:\/\/www.emballagedigest.fr\/#organization\"},\"potentialAction\":[{\"@type\":\"SearchAction\",\"target\":{\"@type\":\"EntryPoint\",\"urlTemplate\":\"https:\/\/www.emballagedigest.fr\/?s={search_term_string}\"},\"query-input\":{\"@type\":\"PropertyValueSpecification\",\"valueRequired\":true,\"valueName\":\"search_term_string\"}}],\"inLanguage\":\"en-GB\"},{\"@type\":\"Organization\",\"@id\":\"https:\/\/www.emballagedigest.fr\/#organization\",\"name\":\"Emballage Digest\",\"url\":\"https:\/\/www.emballagedigest.fr\/\",\"logo\":{\"@type\":\"ImageObject\",\"inLanguage\":\"en-GB\",\"@id\":\"https:\/\/www.emballagedigest.fr\/#\/schema\/logo\/image\/\",\"url\":\"https:\/\/www.emballagedigest.fr\/wp-content\/uploads\/2022\/07\/logo-ed.png\",\"contentUrl\":\"https:\/\/www.emballagedigest.fr\/wp-content\/uploads\/2022\/07\/logo-ed.png\",\"width\":379,\"height\":75,\"caption\":\"Emballage Digest\"},\"image\":{\"@id\":\"https:\/\/www.emballagedigest.fr\/#\/schema\/logo\/image\/\"}},{\"@type\":\"Person\",\"@id\":\"https:\/\/www.emballagedigest.fr\/#\/schema\/person\/3aab00a16f4538367d9b3419c982ab4f\",\"name\":\"Doria Maiz\",\"image\":{\"@type\":\"ImageObject\",\"inLanguage\":\"en-GB\",\"@id\":\"https:\/\/www.emballagedigest.fr\/#\/schema\/person\/image\/\",\"url\":\"https:\/\/secure.gravatar.com\/avatar\/2b761151bcc60015625feb1703055a0f1f4ca8ab7d9ffade5ea6d9e57579d4ac?s=96&d=mm&r=g\",\"contentUrl\":\"https:\/\/secure.gravatar.com\/avatar\/2b761151bcc60015625feb1703055a0f1f4ca8ab7d9ffade5ea6d9e57579d4ac?s=96&d=mm&r=g\",\"caption\":\"Doria Maiz\"},\"url\":\"https:\/\/www.emballagedigest.fr\/en\/author\/admin_dormai\/\"}]}<\/script>\n<!-- \/ Yoast SEO plugin. -->","yoast_head_json":{"title":"Logistique : Accro opte pour le r\u00e9emploi avec Gamma-Wopla - Emballage Digest","robots":{"index":"index","follow":"follow","max-snippet":"max-snippet:-1","max-image-preview":"max-image-preview:large","max-video-preview":"max-video-preview:-1"},"canonical":"https:\/\/www.emballagedigest.fr\/en\/logistique-accro-opte-pour-le-reemploi-avec-gamma-wopla\/","og_locale":"en_GB","og_type":"article","og_title":"Logistique : Accro opte pour le r\u00e9emploi avec Gamma-Wopla - Emballage Digest","og_description":"Accro, marque du groupe Nxtfood, jeune entreprise fran\u00e7aise sp\u00e9cialiste des alternatives v\u00e9g\u00e9tales \u00e0 la viande, s\u2019associe \u00e0 Gamma-Wopla, fabricant europ\u00e9en de bacs plastiques r\u00e9utilisables pour d\u00e9ployer des alternatives aux emballages \u00e0 usage unique. Fond\u00e9e en 2019 et implant\u00e9e \u00e0 Vitry-en-Artois dans la R\u00e9gion Hauts-de-France, Accro d\u00e9veloppe et commercialise une gamme innovante de produits v\u00e9g\u00e9taux, pens\u00e9s [&hellip;]","og_url":"https:\/\/www.emballagedigest.fr\/en\/logistique-accro-opte-pour-le-reemploi-avec-gamma-wopla\/","og_site_name":"Emballage Digest","article_published_time":"2025-07-23T23:12:32+00:00","article_modified_time":"2025-07-25T06:26:25+00:00","og_image":[{"width":1500,"height":1014,"url":"https:\/\/www.emballagedigest.fr\/wp-content\/uploads\/2025\/07\/ACCRO_GW_Emballage-1-2.jpg","type":"image\/jpeg"}],"author":"Doria Maiz","twitter_card":"summary_large_image","twitter_misc":{"Written by":"Doria Maiz","Estimated reading time":"4 minutes"},"schema":{"@context":"https:\/\/schema.org","@graph":[{"@type":"Article","@id":"https:\/\/www.emballagedigest.fr\/logistique-accro-opte-pour-le-reemploi-avec-gamma-wopla\/#article","isPartOf":{"@id":"https:\/\/www.emballagedigest.fr\/logistique-accro-opte-pour-le-reemploi-avec-gamma-wopla\/"},"author":{"name":"Doria Maiz","@id":"https:\/\/www.emballagedigest.fr\/#\/schema\/person\/3aab00a16f4538367d9b3419c982ab4f"},"headline":"Logistique : Accro opte pour le r\u00e9emploi avec Gamma-Wopla","datePublished":"2025-07-23T23:12:32+00:00","dateModified":"2025-07-25T06:26:25+00:00","mainEntityOfPage":{"@id":"https:\/\/www.emballagedigest.fr\/logistique-accro-opte-pour-le-reemploi-avec-gamma-wopla\/"},"wordCount":743,"publisher":{"@id":"https:\/\/www.emballagedigest.fr\/#organization"},"image":{"@id":"https:\/\/www.emballagedigest.fr\/logistique-accro-opte-pour-le-reemploi-avec-gamma-wopla\/#primaryimage"},"thumbnailUrl":"https:\/\/www.emballagedigest.fr\/wp-content\/uploads\/2025\/07\/ACCRO_GW_Emballage-1-2.jpg","articleSection":["Article entier","Emballages","Industrie"],"inLanguage":"en-GB"},{"@type":"WebPage","@id":"https:\/\/www.emballagedigest.fr\/logistique-accro-opte-pour-le-reemploi-avec-gamma-wopla\/","url":"https:\/\/www.emballagedigest.fr\/logistique-accro-opte-pour-le-reemploi-avec-gamma-wopla\/","name":"Logistique : Accro opte pour le r\u00e9emploi avec Gamma-Wopla - Emballage Digest","isPartOf":{"@id":"https:\/\/www.emballagedigest.fr\/#website"},"primaryImageOfPage":{"@id":"https:\/\/www.emballagedigest.fr\/logistique-accro-opte-pour-le-reemploi-avec-gamma-wopla\/#primaryimage"},"image":{"@id":"https:\/\/www.emballagedigest.fr\/logistique-accro-opte-pour-le-reemploi-avec-gamma-wopla\/#primaryimage"},"thumbnailUrl":"https:\/\/www.emballagedigest.fr\/wp-content\/uploads\/2025\/07\/ACCRO_GW_Emballage-1-2.jpg","datePublished":"2025-07-23T23:12:32+00:00","dateModified":"2025-07-25T06:26:25+00:00","breadcrumb":{"@id":"https:\/\/www.emballagedigest.fr\/logistique-accro-opte-pour-le-reemploi-avec-gamma-wopla\/#breadcrumb"},"inLanguage":"en-GB","potentialAction":[{"@type":"ReadAction","target":["https:\/\/www.emballagedigest.fr\/logistique-accro-opte-pour-le-reemploi-avec-gamma-wopla\/"]}]},{"@type":"ImageObject","inLanguage":"en-GB","@id":"https:\/\/www.emballagedigest.fr\/logistique-accro-opte-pour-le-reemploi-avec-gamma-wopla\/#primaryimage","url":"https:\/\/www.emballagedigest.fr\/wp-content\/uploads\/2025\/07\/ACCRO_GW_Emballage-1-2.jpg","contentUrl":"https:\/\/www.emballagedigest.fr\/wp-content\/uploads\/2025\/07\/ACCRO_GW_Emballage-1-2.jpg","width":1500,"height":1014,"caption":"ACCRO pour GAMMA-WOPLA - 25 avril 2025"},{"@type":"BreadcrumbList","@id":"https:\/\/www.emballagedigest.fr\/logistique-accro-opte-pour-le-reemploi-avec-gamma-wopla\/#breadcrumb","itemListElement":[{"@type":"ListItem","position":1,"name":"Accueil","item":"https:\/\/www.emballagedigest.fr\/"},{"@type":"ListItem","position":2,"name":"Logistique : Accro opte pour le r\u00e9emploi avec Gamma-Wopla"}]},{"@type":"WebSite","@id":"https:\/\/www.emballagedigest.fr\/#website","url":"https:\/\/www.emballagedigest.fr\/","name":"Emballage Digest","description":"Revue professionnelle sur les emballages","publisher":{"@id":"https:\/\/www.emballagedigest.fr\/#organization"},"potentialAction":[{"@type":"SearchAction","target":{"@type":"EntryPoint","urlTemplate":"https:\/\/www.emballagedigest.fr\/?s={search_term_string}"},"query-input":{"@type":"PropertyValueSpecification","valueRequired":true,"valueName":"search_term_string"}}],"inLanguage":"en-GB"},{"@type":"Organization","@id":"https:\/\/www.emballagedigest.fr\/#organization","name":"Emballage Digest","url":"https:\/\/www.emballagedigest.fr\/","logo":{"@type":"ImageObject","inLanguage":"en-GB","@id":"https:\/\/www.emballagedigest.fr\/#\/schema\/logo\/image\/","url":"https:\/\/www.emballagedigest.fr\/wp-content\/uploads\/2022\/07\/logo-ed.png","contentUrl":"https:\/\/www.emballagedigest.fr\/wp-content\/uploads\/2022\/07\/logo-ed.png","width":379,"height":75,"caption":"Emballage Digest"},"image":{"@id":"https:\/\/www.emballagedigest.fr\/#\/schema\/logo\/image\/"}},{"@type":"Person","@id":"https:\/\/www.emballagedigest.fr\/#\/schema\/person\/3aab00a16f4538367d9b3419c982ab4f","name":"Doria Maiz","image":{"@type":"ImageObject","inLanguage":"en-GB","@id":"https:\/\/www.emballagedigest.fr\/#\/schema\/person\/image\/","url":"https:\/\/secure.gravatar.com\/avatar\/2b761151bcc60015625feb1703055a0f1f4ca8ab7d9ffade5ea6d9e57579d4ac?s=96&d=mm&r=g","contentUrl":"https:\/\/secure.gravatar.com\/avatar\/2b761151bcc60015625feb1703055a0f1f4ca8ab7d9ffade5ea6d9e57579d4ac?s=96&d=mm&r=g","caption":"Doria Maiz"},"url":"https:\/\/www.emballagedigest.fr\/en\/author\/admin_dormai\/"}]}},"_links":{"self":[{"href":"https:\/\/www.emballagedigest.fr\/en\/wp-json\/wp\/v2\/posts\/45194","targetHints":{"allow":["GET"]}}],"collection":[{"href":"https:\/\/www.emballagedigest.fr\/en\/wp-json\/wp\/v2\/posts"}],"about":[{"href":"https:\/\/www.emballagedigest.fr\/en\/wp-json\/wp\/v2\/types\/post"}],"author":[{"embeddable":true,"href":"https:\/\/www.emballagedigest.fr\/en\/wp-json\/wp\/v2\/users\/3"}],"replies":[{"embeddable":true,"href":"https:\/\/www.emballagedigest.fr\/en\/wp-json\/wp\/v2\/comments?post=45194"}],"version-history":[{"count":1,"href":"https:\/\/www.emballagedigest.fr\/en\/wp-json\/wp\/v2\/posts\/45194\/revisions"}],"predecessor-version":[{"id":45195,"href":"https:\/\/www.emballagedigest.fr\/en\/wp-json\/wp\/v2\/posts\/45194\/revisions\/45195"}],"wp:featuredmedia":[{"embeddable":true,"href":"https:\/\/www.emballagedigest.fr\/en\/wp-json\/wp\/v2\/media\/45192"}],"wp:attachment":[{"href":"https:\/\/www.emballagedigest.fr\/en\/wp-json\/wp\/v2\/media?parent=45194"}],"wp:term":[{"taxonomy":"category","embeddable":true,"href":"https:\/\/www.emballagedigest.fr\/en\/wp-json\/wp\/v2\/categories?post=45194"},{"taxonomy":"post_tag","embeddable":true,"href":"https:\/\/www.emballagedigest.fr\/en\/wp-json\/wp\/v2\/tags?post=45194"}],"curies":[{"name":"wp","href":"https:\/\/api.w.org\/{rel}","templated":true}]}}