{"id":45239,"date":"2025-08-22T09:02:01","date_gmt":"2025-08-22T07:02:01","guid":{"rendered":"https:\/\/www.emballagedigest.fr\/?p=45239"},"modified":"2025-08-25T00:15:42","modified_gmt":"2025-08-24T22:15:42","slug":"sabert-annonce-lacquisition-de-colpac","status":"publish","type":"post","link":"https:\/\/www.emballagedigest.fr\/en\/sabert-annonce-lacquisition-de-colpac\/","title":{"rendered":"Sabert annonce l\u2019acquisition de Colpac"},"content":{"rendered":"<p><strong>Sabert renforce son leadership europ\u00e9en en mati\u00e8re d&#8217;emballages alimentaires avec l\u2019acquisition de Colpac, concepteur et fabricant britannique de solutions d&#8217;emballage alimentaire en carton, export\u00e9es dans plus de 60 pays \u00e0 travers le monde dont la France.<\/strong><\/p>\n\n\n\n<p>Sabert Corporation Europe annonce l&rsquo;acquisition de Colpac, fabricant britannique de de solutions d&#8217;emballage en carton durable pour les march\u00e9s de la restauration et de la distribution. Fond\u00e9e en 1937 et bas\u00e9e \u00e0 Flitwick (Royaume-Uni), Colpac, qui compte plus d\u2019une centaine d\u2019employ\u00e9s, ma\u00eetrise l\u2019ensemble du processus de fabrication, depuis la conception et le design jusqu\u2019\u00e0 l\u2019impression et la production. L\u2019entreprise d\u00e9tient environ 200 brevets dans le secteur de l&#8217;emballage alimentaire et ses six principales gammes couvrent : les emballages pour sandwichs, plats froids \u00e0 emporter (salades, snacks), plats chauds \u00e0 emporter (dont la gamme Stagione), les packagings festifs, les emballages pour produits de boulangerie et p\u00e2tisserie, ainsi que des machines de scellage thermique pour garantir la fra\u00eecheur et la s\u00e9curit\u00e9 des aliments.<\/p>\n\n\n\n<p>Cette acquisition repr\u00e9sente une \u00e9tape strat\u00e9gique pour Sabert, car elle renforce consid\u00e9rablement sa pr\u00e9sence sur les march\u00e9s britannique, irlandais et europ\u00e9en, ainsi que son offre globale de carton dans l&rsquo;ensemble de ses canaux d&rsquo;exploitation. Elle permettra \u00e9galement d\u2019\u00e9largir la gamme de produits, d\u2019optimiser les canaux op\u00e9rationnels, de renforcer la conception et la flexibilit\u00e9, d\u2019am\u00e9liorer les capacit\u00e9s de fabrication, et de cr\u00e9er une plateforme plus solide en faveur de l\u2019innovation durable.<\/p>\n\n\n\n<p>\u00ab C\u2019est une \u00e9tape importante pour notre investissement continu en Europe et au Royaume-Uni, ainsi que dans notre volont\u00e9 d&rsquo;\u00e9largir notre portefeuille de produits et de solutions innovantes et durables. Les deux entreprises sont convaincues qu&rsquo;une culture de la durabilit\u00e9 et de la qualit\u00e9 ainsi que des niveaux de service \u00e9lev\u00e9s sont le fondement de l&rsquo;\u00e9tablissement de relations p\u00e9rennes avec nos clients. D\u00e9sormais, en tant qu&rsquo;\u00e9quipe unique, nous pouvons encore acc\u00e9l\u00e9rer nos efforts pour d\u00e9velopper et fournir des solutions durables et innovantes en tant que fournisseur d&#8217;emballages alimentaires de confiance pour nos clients \u00bb, d\u00e9clare Paul McCann, directeur g\u00e9n\u00e9ral de Sabert Corporation.<\/p>\n\n\n\n<p>L&rsquo;acquisition a \u00e9t\u00e9 officiellement finalis\u00e9e le 31 juillet 2025.<\/p>","protected":false},"excerpt":{"rendered":"<p>Sabert renforce son leadership europ\u00e9en en mati\u00e8re d&#8217;emballages alimentaires avec l\u2019acquisition de Colpac, concepteur et fabricant britannique de solutions d&#8217;emballage alimentaire en carton, export\u00e9es dans plus de 60 pays \u00e0 travers le monde dont la France. Sabert Corporation Europe annonce l&rsquo;acquisition de Colpac, fabricant britannique de de solutions d&#8217;emballage en carton durable pour les march\u00e9s [&hellip;]<\/p>","protected":false},"author":2,"featured_media":45240,"comment_status":"closed","ping_status":"closed","sticky":false,"template":"","format":"standard","meta":{"_acf_changed":false,"inline_featured_image":false,"iawp_total_views":3,"footnotes":""},"categories":[5,28,81],"tags":[],"class_list":["post-45239","post","type-post","status-publish","format-standard","has-post-thumbnail","hentry","category-alimentaire","category-article-entier","category-packaging"],"acf":[],"yoast_head":"<!-- This site is optimized with the Yoast SEO plugin v24.4 - https:\/\/yoast.com\/wordpress\/plugins\/seo\/ -->\n<title>Sabert annonce l\u2019acquisition de Colpac - Emballage Digest<\/title>\n<meta name=\"robots\" content=\"index, follow, max-snippet:-1, max-image-preview:large, max-video-preview:-1\" \/>\n<link rel=\"canonical\" href=\"https:\/\/www.emballagedigest.fr\/en\/sabert-annonce-lacquisition-de-colpac\/\" \/>\n<meta property=\"og:locale\" content=\"en_GB\" \/>\n<meta property=\"og:type\" content=\"article\" \/>\n<meta property=\"og:title\" content=\"Sabert annonce l\u2019acquisition de Colpac - Emballage Digest\" \/>\n<meta property=\"og:description\" content=\"Sabert renforce son leadership europ\u00e9en en mati\u00e8re d&#8217;emballages alimentaires avec l\u2019acquisition de Colpac, concepteur et fabricant britannique de solutions d&#8217;emballage alimentaire en carton, export\u00e9es dans plus de 60 pays \u00e0 travers le monde dont la France. Sabert Corporation Europe annonce l&rsquo;acquisition de Colpac, fabricant britannique de de solutions d&#8217;emballage en carton durable pour les march\u00e9s [&hellip;]\" \/>\n<meta property=\"og:url\" content=\"https:\/\/www.emballagedigest.fr\/en\/sabert-annonce-lacquisition-de-colpac\/\" \/>\n<meta property=\"og:site_name\" content=\"Emballage Digest\" \/>\n<meta property=\"article:published_time\" content=\"2025-08-22T07:02:01+00:00\" \/>\n<meta property=\"article:modified_time\" content=\"2025-08-24T22:15:42+00:00\" \/>\n<meta property=\"og:image\" content=\"https:\/\/www.emballagedigest.fr\/wp-content\/uploads\/2025\/08\/Sabert.jpg\" \/>\n\t<meta property=\"og:image:width\" content=\"800\" \/>\n\t<meta property=\"og:image:height\" content=\"600\" \/>\n\t<meta property=\"og:image:type\" content=\"image\/jpeg\" \/>\n<meta name=\"author\" content=\"Karine Duval\" \/>\n<meta name=\"twitter:card\" content=\"summary_large_image\" \/>\n<meta name=\"twitter:label1\" content=\"Written by\" \/>\n\t<meta name=\"twitter:data1\" content=\"Karine Duval\" \/>\n\t<meta name=\"twitter:label2\" content=\"Estimated reading time\" \/>\n\t<meta name=\"twitter:data2\" content=\"2 minutes\" \/>\n<script type=\"application\/ld+json\" class=\"yoast-schema-graph\">{\"@context\":\"https:\/\/schema.org\",\"@graph\":[{\"@type\":\"Article\",\"@id\":\"https:\/\/www.emballagedigest.fr\/sabert-annonce-lacquisition-de-colpac\/#article\",\"isPartOf\":{\"@id\":\"https:\/\/www.emballagedigest.fr\/sabert-annonce-lacquisition-de-colpac\/\"},\"author\":{\"name\":\"Karine Duval\",\"@id\":\"https:\/\/www.emballagedigest.fr\/#\/schema\/person\/76abe9f2b2ee4d3d520594c7a35da59f\"},\"headline\":\"Sabert annonce l\u2019acquisition de Colpac\",\"datePublished\":\"2025-08-22T07:02:01+00:00\",\"dateModified\":\"2025-08-24T22:15:42+00:00\",\"mainEntityOfPage\":{\"@id\":\"https:\/\/www.emballagedigest.fr\/sabert-annonce-lacquisition-de-colpac\/\"},\"wordCount\":388,\"publisher\":{\"@id\":\"https:\/\/www.emballagedigest.fr\/#organization\"},\"image\":{\"@id\":\"https:\/\/www.emballagedigest.fr\/sabert-annonce-lacquisition-de-colpac\/#primaryimage\"},\"thumbnailUrl\":\"https:\/\/www.emballagedigest.fr\/wp-content\/uploads\/2025\/08\/Sabert.jpg\",\"articleSection\":[\"Alimentaire\",\"Article entier\",\"Packaging\"],\"inLanguage\":\"en-GB\"},{\"@type\":\"WebPage\",\"@id\":\"https:\/\/www.emballagedigest.fr\/sabert-annonce-lacquisition-de-colpac\/\",\"url\":\"https:\/\/www.emballagedigest.fr\/sabert-annonce-lacquisition-de-colpac\/\",\"name\":\"Sabert annonce l\u2019acquisition de Colpac - Emballage Digest\",\"isPartOf\":{\"@id\":\"https:\/\/www.emballagedigest.fr\/#website\"},\"primaryImageOfPage\":{\"@id\":\"https:\/\/www.emballagedigest.fr\/sabert-annonce-lacquisition-de-colpac\/#primaryimage\"},\"image\":{\"@id\":\"https:\/\/www.emballagedigest.fr\/sabert-annonce-lacquisition-de-colpac\/#primaryimage\"},\"thumbnailUrl\":\"https:\/\/www.emballagedigest.fr\/wp-content\/uploads\/2025\/08\/Sabert.jpg\",\"datePublished\":\"2025-08-22T07:02:01+00:00\",\"dateModified\":\"2025-08-24T22:15:42+00:00\",\"breadcrumb\":{\"@id\":\"https:\/\/www.emballagedigest.fr\/sabert-annonce-lacquisition-de-colpac\/#breadcrumb\"},\"inLanguage\":\"en-GB\",\"potentialAction\":[{\"@type\":\"ReadAction\",\"target\":[\"https:\/\/www.emballagedigest.fr\/sabert-annonce-lacquisition-de-colpac\/\"]}]},{\"@type\":\"ImageObject\",\"inLanguage\":\"en-GB\",\"@id\":\"https:\/\/www.emballagedigest.fr\/sabert-annonce-lacquisition-de-colpac\/#primaryimage\",\"url\":\"https:\/\/www.emballagedigest.fr\/wp-content\/uploads\/2025\/08\/Sabert.jpg\",\"contentUrl\":\"https:\/\/www.emballagedigest.fr\/wp-content\/uploads\/2025\/08\/Sabert.jpg\",\"width\":800,\"height\":600},{\"@type\":\"BreadcrumbList\",\"@id\":\"https:\/\/www.emballagedigest.fr\/sabert-annonce-lacquisition-de-colpac\/#breadcrumb\",\"itemListElement\":[{\"@type\":\"ListItem\",\"position\":1,\"name\":\"Accueil\",\"item\":\"https:\/\/www.emballagedigest.fr\/\"},{\"@type\":\"ListItem\",\"position\":2,\"name\":\"Sabert annonce l\u2019acquisition de Colpac\"}]},{\"@type\":\"WebSite\",\"@id\":\"https:\/\/www.emballagedigest.fr\/#website\",\"url\":\"https:\/\/www.emballagedigest.fr\/\",\"name\":\"Emballage Digest\",\"description\":\"Revue professionnelle sur les emballages\",\"publisher\":{\"@id\":\"https:\/\/www.emballagedigest.fr\/#organization\"},\"potentialAction\":[{\"@type\":\"SearchAction\",\"target\":{\"@type\":\"EntryPoint\",\"urlTemplate\":\"https:\/\/www.emballagedigest.fr\/?s={search_term_string}\"},\"query-input\":{\"@type\":\"PropertyValueSpecification\",\"valueRequired\":true,\"valueName\":\"search_term_string\"}}],\"inLanguage\":\"en-GB\"},{\"@type\":\"Organization\",\"@id\":\"https:\/\/www.emballagedigest.fr\/#organization\",\"name\":\"Emballage Digest\",\"url\":\"https:\/\/www.emballagedigest.fr\/\",\"logo\":{\"@type\":\"ImageObject\",\"inLanguage\":\"en-GB\",\"@id\":\"https:\/\/www.emballagedigest.fr\/#\/schema\/logo\/image\/\",\"url\":\"https:\/\/www.emballagedigest.fr\/wp-content\/uploads\/2022\/07\/logo-ed.png\",\"contentUrl\":\"https:\/\/www.emballagedigest.fr\/wp-content\/uploads\/2022\/07\/logo-ed.png\",\"width\":379,\"height\":75,\"caption\":\"Emballage Digest\"},\"image\":{\"@id\":\"https:\/\/www.emballagedigest.fr\/#\/schema\/logo\/image\/\"}},{\"@type\":\"Person\",\"@id\":\"https:\/\/www.emballagedigest.fr\/#\/schema\/person\/76abe9f2b2ee4d3d520594c7a35da59f\",\"name\":\"Karine Duval\",\"image\":{\"@type\":\"ImageObject\",\"inLanguage\":\"en-GB\",\"@id\":\"https:\/\/www.emballagedigest.fr\/#\/schema\/person\/image\/\",\"url\":\"https:\/\/secure.gravatar.com\/avatar\/f552799261cdd2e076e6677d780ef07bdb13aa4c196ab75b39abcbcdcae2d4e5?s=96&d=mm&r=g\",\"contentUrl\":\"https:\/\/secure.gravatar.com\/avatar\/f552799261cdd2e076e6677d780ef07bdb13aa4c196ab75b39abcbcdcae2d4e5?s=96&d=mm&r=g\",\"caption\":\"Karine Duval\"},\"url\":\"https:\/\/www.emballagedigest.fr\/en\/author\/admin_karduv\/\"}]}<\/script>\n<!-- \/ Yoast SEO plugin. -->","yoast_head_json":{"title":"Sabert annonce l\u2019acquisition de Colpac - Emballage Digest","robots":{"index":"index","follow":"follow","max-snippet":"max-snippet:-1","max-image-preview":"max-image-preview:large","max-video-preview":"max-video-preview:-1"},"canonical":"https:\/\/www.emballagedigest.fr\/en\/sabert-annonce-lacquisition-de-colpac\/","og_locale":"en_GB","og_type":"article","og_title":"Sabert annonce l\u2019acquisition de Colpac - Emballage Digest","og_description":"Sabert renforce son leadership europ\u00e9en en mati\u00e8re d&#8217;emballages alimentaires avec l\u2019acquisition de Colpac, concepteur et fabricant britannique de solutions d&#8217;emballage alimentaire en carton, export\u00e9es dans plus de 60 pays \u00e0 travers le monde dont la France. Sabert Corporation Europe annonce l&rsquo;acquisition de Colpac, fabricant britannique de de solutions d&#8217;emballage en carton durable pour les march\u00e9s [&hellip;]","og_url":"https:\/\/www.emballagedigest.fr\/en\/sabert-annonce-lacquisition-de-colpac\/","og_site_name":"Emballage Digest","article_published_time":"2025-08-22T07:02:01+00:00","article_modified_time":"2025-08-24T22:15:42+00:00","og_image":[{"width":800,"height":600,"url":"https:\/\/www.emballagedigest.fr\/wp-content\/uploads\/2025\/08\/Sabert.jpg","type":"image\/jpeg"}],"author":"Karine Duval","twitter_card":"summary_large_image","twitter_misc":{"Written by":"Karine Duval","Estimated reading time":"2 minutes"},"schema":{"@context":"https:\/\/schema.org","@graph":[{"@type":"Article","@id":"https:\/\/www.emballagedigest.fr\/sabert-annonce-lacquisition-de-colpac\/#article","isPartOf":{"@id":"https:\/\/www.emballagedigest.fr\/sabert-annonce-lacquisition-de-colpac\/"},"author":{"name":"Karine Duval","@id":"https:\/\/www.emballagedigest.fr\/#\/schema\/person\/76abe9f2b2ee4d3d520594c7a35da59f"},"headline":"Sabert annonce l\u2019acquisition de Colpac","datePublished":"2025-08-22T07:02:01+00:00","dateModified":"2025-08-24T22:15:42+00:00","mainEntityOfPage":{"@id":"https:\/\/www.emballagedigest.fr\/sabert-annonce-lacquisition-de-colpac\/"},"wordCount":388,"publisher":{"@id":"https:\/\/www.emballagedigest.fr\/#organization"},"image":{"@id":"https:\/\/www.emballagedigest.fr\/sabert-annonce-lacquisition-de-colpac\/#primaryimage"},"thumbnailUrl":"https:\/\/www.emballagedigest.fr\/wp-content\/uploads\/2025\/08\/Sabert.jpg","articleSection":["Alimentaire","Article entier","Packaging"],"inLanguage":"en-GB"},{"@type":"WebPage","@id":"https:\/\/www.emballagedigest.fr\/sabert-annonce-lacquisition-de-colpac\/","url":"https:\/\/www.emballagedigest.fr\/sabert-annonce-lacquisition-de-colpac\/","name":"Sabert annonce l\u2019acquisition de Colpac - Emballage Digest","isPartOf":{"@id":"https:\/\/www.emballagedigest.fr\/#website"},"primaryImageOfPage":{"@id":"https:\/\/www.emballagedigest.fr\/sabert-annonce-lacquisition-de-colpac\/#primaryimage"},"image":{"@id":"https:\/\/www.emballagedigest.fr\/sabert-annonce-lacquisition-de-colpac\/#primaryimage"},"thumbnailUrl":"https:\/\/www.emballagedigest.fr\/wp-content\/uploads\/2025\/08\/Sabert.jpg","datePublished":"2025-08-22T07:02:01+00:00","dateModified":"2025-08-24T22:15:42+00:00","breadcrumb":{"@id":"https:\/\/www.emballagedigest.fr\/sabert-annonce-lacquisition-de-colpac\/#breadcrumb"},"inLanguage":"en-GB","potentialAction":[{"@type":"ReadAction","target":["https:\/\/www.emballagedigest.fr\/sabert-annonce-lacquisition-de-colpac\/"]}]},{"@type":"ImageObject","inLanguage":"en-GB","@id":"https:\/\/www.emballagedigest.fr\/sabert-annonce-lacquisition-de-colpac\/#primaryimage","url":"https:\/\/www.emballagedigest.fr\/wp-content\/uploads\/2025\/08\/Sabert.jpg","contentUrl":"https:\/\/www.emballagedigest.fr\/wp-content\/uploads\/2025\/08\/Sabert.jpg","width":800,"height":600},{"@type":"BreadcrumbList","@id":"https:\/\/www.emballagedigest.fr\/sabert-annonce-lacquisition-de-colpac\/#breadcrumb","itemListElement":[{"@type":"ListItem","position":1,"name":"Accueil","item":"https:\/\/www.emballagedigest.fr\/"},{"@type":"ListItem","position":2,"name":"Sabert annonce l\u2019acquisition de Colpac"}]},{"@type":"WebSite","@id":"https:\/\/www.emballagedigest.fr\/#website","url":"https:\/\/www.emballagedigest.fr\/","name":"Emballage Digest","description":"Revue professionnelle sur les emballages","publisher":{"@id":"https:\/\/www.emballagedigest.fr\/#organization"},"potentialAction":[{"@type":"SearchAction","target":{"@type":"EntryPoint","urlTemplate":"https:\/\/www.emballagedigest.fr\/?s={search_term_string}"},"query-input":{"@type":"PropertyValueSpecification","valueRequired":true,"valueName":"search_term_string"}}],"inLanguage":"en-GB"},{"@type":"Organization","@id":"https:\/\/www.emballagedigest.fr\/#organization","name":"Emballage Digest","url":"https:\/\/www.emballagedigest.fr\/","logo":{"@type":"ImageObject","inLanguage":"en-GB","@id":"https:\/\/www.emballagedigest.fr\/#\/schema\/logo\/image\/","url":"https:\/\/www.emballagedigest.fr\/wp-content\/uploads\/2022\/07\/logo-ed.png","contentUrl":"https:\/\/www.emballagedigest.fr\/wp-content\/uploads\/2022\/07\/logo-ed.png","width":379,"height":75,"caption":"Emballage Digest"},"image":{"@id":"https:\/\/www.emballagedigest.fr\/#\/schema\/logo\/image\/"}},{"@type":"Person","@id":"https:\/\/www.emballagedigest.fr\/#\/schema\/person\/76abe9f2b2ee4d3d520594c7a35da59f","name":"Karine Duval","image":{"@type":"ImageObject","inLanguage":"en-GB","@id":"https:\/\/www.emballagedigest.fr\/#\/schema\/person\/image\/","url":"https:\/\/secure.gravatar.com\/avatar\/f552799261cdd2e076e6677d780ef07bdb13aa4c196ab75b39abcbcdcae2d4e5?s=96&d=mm&r=g","contentUrl":"https:\/\/secure.gravatar.com\/avatar\/f552799261cdd2e076e6677d780ef07bdb13aa4c196ab75b39abcbcdcae2d4e5?s=96&d=mm&r=g","caption":"Karine Duval"},"url":"https:\/\/www.emballagedigest.fr\/en\/author\/admin_karduv\/"}]}},"_links":{"self":[{"href":"https:\/\/www.emballagedigest.fr\/en\/wp-json\/wp\/v2\/posts\/45239","targetHints":{"allow":["GET"]}}],"collection":[{"href":"https:\/\/www.emballagedigest.fr\/en\/wp-json\/wp\/v2\/posts"}],"about":[{"href":"https:\/\/www.emballagedigest.fr\/en\/wp-json\/wp\/v2\/types\/post"}],"author":[{"embeddable":true,"href":"https:\/\/www.emballagedigest.fr\/en\/wp-json\/wp\/v2\/users\/2"}],"replies":[{"embeddable":true,"href":"https:\/\/www.emballagedigest.fr\/en\/wp-json\/wp\/v2\/comments?post=45239"}],"version-history":[{"count":1,"href":"https:\/\/www.emballagedigest.fr\/en\/wp-json\/wp\/v2\/posts\/45239\/revisions"}],"predecessor-version":[{"id":45241,"href":"https:\/\/www.emballagedigest.fr\/en\/wp-json\/wp\/v2\/posts\/45239\/revisions\/45241"}],"wp:featuredmedia":[{"embeddable":true,"href":"https:\/\/www.emballagedigest.fr\/en\/wp-json\/wp\/v2\/media\/45240"}],"wp:attachment":[{"href":"https:\/\/www.emballagedigest.fr\/en\/wp-json\/wp\/v2\/media?parent=45239"}],"wp:term":[{"taxonomy":"category","embeddable":true,"href":"https:\/\/www.emballagedigest.fr\/en\/wp-json\/wp\/v2\/categories?post=45239"},{"taxonomy":"post_tag","embeddable":true,"href":"https:\/\/www.emballagedigest.fr\/en\/wp-json\/wp\/v2\/tags?post=45239"}],"curies":[{"name":"wp","href":"https:\/\/api.w.org\/{rel}","templated":true}]}}