{"id":45245,"date":"2025-08-25T00:17:32","date_gmt":"2025-08-24T22:17:32","guid":{"rendered":"https:\/\/www.emballagedigest.fr\/?p=45245"},"modified":"2025-08-26T00:31:51","modified_gmt":"2025-08-25T22:31:51","slug":"albea-reprend-amfora-packaging-en-amerique-latine","status":"publish","type":"post","link":"https:\/\/www.emballagedigest.fr\/en\/albea-reprend-amfora-packaging-en-amerique-latine\/","title":{"rendered":"Alb\u00e9a reprend Amfora Packaging en Am\u00e9rique Latine"},"content":{"rendered":"<p><strong>Le groupe Alb\u00e9a a annonc\u00e9 la signature d\u2019un accord en vue de l\u2019acquisition d\u2019Amfora Packaging, entreprise dans le domaine de l\u2019emballage, bas\u00e9e \u00e0 Bogota (Colombie) et op\u00e9rant en Colombie et au P\u00e9rou.<\/strong><\/p>\n\n\n\n<p>Amfora Packaging apporte \u00e0 Alb\u00e9a son savoir-faire en conception, d\u00e9veloppement et fabrication d\u2019emballages plastiques destin\u00e9s aux secteurs de la parfumerie, de la cosm\u00e9tique, des soins personnels et de la pharmacie. Cette op\u00e9ration permettra au Groupe d\u2019accro\u00eetre sa pr\u00e9sence en Am\u00e9rique latine.<\/p>\n\n\n\n<p>Fond\u00e9e par ACON en 2015, Amfora Packaging est n\u00e9e de la fusion de deux entreprises familiales, Intecplast \u00e0 Bogot\u00e1 et Pieriplast \u00e0 Lima. Cette acquisition repr\u00e9sente pour Alb\u00e9a une \u00e9tape strat\u00e9gique importante sur un march\u00e9 en forte croissance pour les produits de beaut\u00e9 et de soins personnels. Gr\u00e2ce \u00e0 la compl\u00e9mentarit\u00e9 de leurs expertises, Alb\u00e9a entend \u00e9largir son offre dans les segments du maquillage, des soins de la peau, de l\u2019hygi\u00e8ne et de la parfumerie.<\/p>\n\n\n\n<p>\u00ab Alb\u00e9a franchit une nouvelle \u00e9tape pour consolider son empreinte mondiale et soutenir ses op\u00e9rations d\u00e9j\u00e0 pr\u00e9sentes aux \u00c9tats-Unis et au Mexique \u00bb, d\u00e9clare Fran\u00e7ois Tassart, pdg du groupe Alb\u00e9a. \u00ab La forte proximit\u00e9 client d\u2019Amfora Packaging nous permettra de b\u00e9n\u00e9ficier d\u2019un acc\u00e8s direct aux acteurs cl\u00e9s de l\u2019industrie de la beaut\u00e9 et du soin. Nous pourrons continuer \u00e0 accompagner au mieux nos clients internationaux et r\u00e9pondre \u00e0 la demande croissante de sourcing local \u00bb.<\/p>\n\n\n\n<p><br>Bertrand de la Tour d\u2019Artaise, Directeur G\u00e9n\u00e9ral Adjoint Strat\u00e9gie et M&amp;A du groupe Alb\u00e9a, ajoute : \u00ab Cette acquisition repr\u00e9sente une avanc\u00e9e majeure dans notre ambition de devenir un leader de l\u2019emballage beaut\u00e9 \u00e0 l\u2019\u00e9chelle mondiale. Nous n\u2019aurions pu trouver un meilleur partenaire : nos deux entreprises partagent la m\u00eame passion du client, un engagement constant en faveur de l\u2019innovation et une culture commune ancr\u00e9e dans une vision entrepreneuriale responsable \u00bb.<\/p>","protected":false},"excerpt":{"rendered":"<p>Le groupe Alb\u00e9a a annonc\u00e9 la signature d\u2019un accord en vue de l\u2019acquisition d\u2019Amfora Packaging, entreprise dans le domaine de l\u2019emballage, bas\u00e9e \u00e0 Bogota (Colombie) et op\u00e9rant en Colombie et au P\u00e9rou. Amfora Packaging apporte \u00e0 Alb\u00e9a son savoir-faire en conception, d\u00e9veloppement et fabrication d\u2019emballages plastiques destin\u00e9s aux secteurs de la parfumerie, de la cosm\u00e9tique, [&hellip;]<\/p>","protected":false},"author":2,"featured_media":45246,"comment_status":"closed","ping_status":"closed","sticky":false,"template":"","format":"standard","meta":{"_acf_changed":false,"inline_featured_image":false,"iawp_total_views":12,"footnotes":""},"categories":[28,81,6],"tags":[],"class_list":["post-45245","post","type-post","status-publish","format-standard","has-post-thumbnail","hentry","category-article-entier","category-packaging","category-parfumerie-cosmetique"],"acf":[],"yoast_head":"<!-- This site is optimized with the Yoast SEO plugin v24.4 - https:\/\/yoast.com\/wordpress\/plugins\/seo\/ -->\n<title>Alb\u00e9a reprend Amfora Packaging en Am\u00e9rique Latine - Emballage Digest<\/title>\n<meta name=\"robots\" content=\"index, follow, max-snippet:-1, max-image-preview:large, max-video-preview:-1\" \/>\n<link rel=\"canonical\" href=\"https:\/\/www.emballagedigest.fr\/en\/albea-reprend-amfora-packaging-en-amerique-latine\/\" \/>\n<meta property=\"og:locale\" content=\"en_GB\" \/>\n<meta property=\"og:type\" content=\"article\" \/>\n<meta property=\"og:title\" content=\"Alb\u00e9a reprend Amfora Packaging en Am\u00e9rique Latine - Emballage Digest\" \/>\n<meta property=\"og:description\" content=\"Le groupe Alb\u00e9a a annonc\u00e9 la signature d\u2019un accord en vue de l\u2019acquisition d\u2019Amfora Packaging, entreprise dans le domaine de l\u2019emballage, bas\u00e9e \u00e0 Bogota (Colombie) et op\u00e9rant en Colombie et au P\u00e9rou. Amfora Packaging apporte \u00e0 Alb\u00e9a son savoir-faire en conception, d\u00e9veloppement et fabrication d\u2019emballages plastiques destin\u00e9s aux secteurs de la parfumerie, de la cosm\u00e9tique, [&hellip;]\" \/>\n<meta property=\"og:url\" content=\"https:\/\/www.emballagedigest.fr\/en\/albea-reprend-amfora-packaging-en-amerique-latine\/\" \/>\n<meta property=\"og:site_name\" content=\"Emballage Digest\" \/>\n<meta property=\"article:published_time\" content=\"2025-08-24T22:17:32+00:00\" \/>\n<meta property=\"article:modified_time\" content=\"2025-08-25T22:31:51+00:00\" \/>\n<meta property=\"og:image\" content=\"https:\/\/www.emballagedigest.fr\/wp-content\/uploads\/2025\/08\/Albea.jpg\" \/>\n\t<meta property=\"og:image:width\" content=\"800\" \/>\n\t<meta property=\"og:image:height\" content=\"551\" \/>\n\t<meta property=\"og:image:type\" content=\"image\/jpeg\" \/>\n<meta name=\"author\" content=\"Karine Duval\" \/>\n<meta name=\"twitter:card\" content=\"summary_large_image\" \/>\n<meta name=\"twitter:label1\" content=\"Written by\" \/>\n\t<meta name=\"twitter:data1\" content=\"Karine Duval\" \/>\n\t<meta name=\"twitter:label2\" content=\"Estimated reading time\" \/>\n\t<meta name=\"twitter:data2\" content=\"2 minutes\" \/>\n<script type=\"application\/ld+json\" class=\"yoast-schema-graph\">{\"@context\":\"https:\/\/schema.org\",\"@graph\":[{\"@type\":\"Article\",\"@id\":\"https:\/\/www.emballagedigest.fr\/albea-reprend-amfora-packaging-en-amerique-latine\/#article\",\"isPartOf\":{\"@id\":\"https:\/\/www.emballagedigest.fr\/albea-reprend-amfora-packaging-en-amerique-latine\/\"},\"author\":{\"name\":\"Karine Duval\",\"@id\":\"https:\/\/www.emballagedigest.fr\/#\/schema\/person\/76abe9f2b2ee4d3d520594c7a35da59f\"},\"headline\":\"Alb\u00e9a reprend Amfora Packaging en Am\u00e9rique Latine\",\"datePublished\":\"2025-08-24T22:17:32+00:00\",\"dateModified\":\"2025-08-25T22:31:51+00:00\",\"mainEntityOfPage\":{\"@id\":\"https:\/\/www.emballagedigest.fr\/albea-reprend-amfora-packaging-en-amerique-latine\/\"},\"wordCount\":344,\"publisher\":{\"@id\":\"https:\/\/www.emballagedigest.fr\/#organization\"},\"image\":{\"@id\":\"https:\/\/www.emballagedigest.fr\/albea-reprend-amfora-packaging-en-amerique-latine\/#primaryimage\"},\"thumbnailUrl\":\"https:\/\/www.emballagedigest.fr\/wp-content\/uploads\/2025\/08\/Albea.jpg\",\"articleSection\":[\"Article entier\",\"Packaging\",\"Parfumerie &amp; Cosm\u00e9tique\"],\"inLanguage\":\"en-GB\"},{\"@type\":\"WebPage\",\"@id\":\"https:\/\/www.emballagedigest.fr\/albea-reprend-amfora-packaging-en-amerique-latine\/\",\"url\":\"https:\/\/www.emballagedigest.fr\/albea-reprend-amfora-packaging-en-amerique-latine\/\",\"name\":\"Alb\u00e9a reprend Amfora Packaging en Am\u00e9rique Latine - Emballage Digest\",\"isPartOf\":{\"@id\":\"https:\/\/www.emballagedigest.fr\/#website\"},\"primaryImageOfPage\":{\"@id\":\"https:\/\/www.emballagedigest.fr\/albea-reprend-amfora-packaging-en-amerique-latine\/#primaryimage\"},\"image\":{\"@id\":\"https:\/\/www.emballagedigest.fr\/albea-reprend-amfora-packaging-en-amerique-latine\/#primaryimage\"},\"thumbnailUrl\":\"https:\/\/www.emballagedigest.fr\/wp-content\/uploads\/2025\/08\/Albea.jpg\",\"datePublished\":\"2025-08-24T22:17:32+00:00\",\"dateModified\":\"2025-08-25T22:31:51+00:00\",\"breadcrumb\":{\"@id\":\"https:\/\/www.emballagedigest.fr\/albea-reprend-amfora-packaging-en-amerique-latine\/#breadcrumb\"},\"inLanguage\":\"en-GB\",\"potentialAction\":[{\"@type\":\"ReadAction\",\"target\":[\"https:\/\/www.emballagedigest.fr\/albea-reprend-amfora-packaging-en-amerique-latine\/\"]}]},{\"@type\":\"ImageObject\",\"inLanguage\":\"en-GB\",\"@id\":\"https:\/\/www.emballagedigest.fr\/albea-reprend-amfora-packaging-en-amerique-latine\/#primaryimage\",\"url\":\"https:\/\/www.emballagedigest.fr\/wp-content\/uploads\/2025\/08\/Albea.jpg\",\"contentUrl\":\"https:\/\/www.emballagedigest.fr\/wp-content\/uploads\/2025\/08\/Albea.jpg\",\"width\":800,\"height\":551},{\"@type\":\"BreadcrumbList\",\"@id\":\"https:\/\/www.emballagedigest.fr\/albea-reprend-amfora-packaging-en-amerique-latine\/#breadcrumb\",\"itemListElement\":[{\"@type\":\"ListItem\",\"position\":1,\"name\":\"Accueil\",\"item\":\"https:\/\/www.emballagedigest.fr\/\"},{\"@type\":\"ListItem\",\"position\":2,\"name\":\"Alb\u00e9a reprend Amfora Packaging en Am\u00e9rique Latine\"}]},{\"@type\":\"WebSite\",\"@id\":\"https:\/\/www.emballagedigest.fr\/#website\",\"url\":\"https:\/\/www.emballagedigest.fr\/\",\"name\":\"Emballage Digest\",\"description\":\"Revue professionnelle sur les emballages\",\"publisher\":{\"@id\":\"https:\/\/www.emballagedigest.fr\/#organization\"},\"potentialAction\":[{\"@type\":\"SearchAction\",\"target\":{\"@type\":\"EntryPoint\",\"urlTemplate\":\"https:\/\/www.emballagedigest.fr\/?s={search_term_string}\"},\"query-input\":{\"@type\":\"PropertyValueSpecification\",\"valueRequired\":true,\"valueName\":\"search_term_string\"}}],\"inLanguage\":\"en-GB\"},{\"@type\":\"Organization\",\"@id\":\"https:\/\/www.emballagedigest.fr\/#organization\",\"name\":\"Emballage Digest\",\"url\":\"https:\/\/www.emballagedigest.fr\/\",\"logo\":{\"@type\":\"ImageObject\",\"inLanguage\":\"en-GB\",\"@id\":\"https:\/\/www.emballagedigest.fr\/#\/schema\/logo\/image\/\",\"url\":\"https:\/\/www.emballagedigest.fr\/wp-content\/uploads\/2022\/07\/logo-ed.png\",\"contentUrl\":\"https:\/\/www.emballagedigest.fr\/wp-content\/uploads\/2022\/07\/logo-ed.png\",\"width\":379,\"height\":75,\"caption\":\"Emballage Digest\"},\"image\":{\"@id\":\"https:\/\/www.emballagedigest.fr\/#\/schema\/logo\/image\/\"}},{\"@type\":\"Person\",\"@id\":\"https:\/\/www.emballagedigest.fr\/#\/schema\/person\/76abe9f2b2ee4d3d520594c7a35da59f\",\"name\":\"Karine Duval\",\"image\":{\"@type\":\"ImageObject\",\"inLanguage\":\"en-GB\",\"@id\":\"https:\/\/www.emballagedigest.fr\/#\/schema\/person\/image\/\",\"url\":\"https:\/\/secure.gravatar.com\/avatar\/f552799261cdd2e076e6677d780ef07bdb13aa4c196ab75b39abcbcdcae2d4e5?s=96&d=mm&r=g\",\"contentUrl\":\"https:\/\/secure.gravatar.com\/avatar\/f552799261cdd2e076e6677d780ef07bdb13aa4c196ab75b39abcbcdcae2d4e5?s=96&d=mm&r=g\",\"caption\":\"Karine Duval\"},\"url\":\"https:\/\/www.emballagedigest.fr\/en\/author\/admin_karduv\/\"}]}<\/script>\n<!-- \/ Yoast SEO plugin. -->","yoast_head_json":{"title":"Alb\u00e9a reprend Amfora Packaging en Am\u00e9rique Latine - Emballage Digest","robots":{"index":"index","follow":"follow","max-snippet":"max-snippet:-1","max-image-preview":"max-image-preview:large","max-video-preview":"max-video-preview:-1"},"canonical":"https:\/\/www.emballagedigest.fr\/en\/albea-reprend-amfora-packaging-en-amerique-latine\/","og_locale":"en_GB","og_type":"article","og_title":"Alb\u00e9a reprend Amfora Packaging en Am\u00e9rique Latine - Emballage Digest","og_description":"Le groupe Alb\u00e9a a annonc\u00e9 la signature d\u2019un accord en vue de l\u2019acquisition d\u2019Amfora Packaging, entreprise dans le domaine de l\u2019emballage, bas\u00e9e \u00e0 Bogota (Colombie) et op\u00e9rant en Colombie et au P\u00e9rou. Amfora Packaging apporte \u00e0 Alb\u00e9a son savoir-faire en conception, d\u00e9veloppement et fabrication d\u2019emballages plastiques destin\u00e9s aux secteurs de la parfumerie, de la cosm\u00e9tique, [&hellip;]","og_url":"https:\/\/www.emballagedigest.fr\/en\/albea-reprend-amfora-packaging-en-amerique-latine\/","og_site_name":"Emballage Digest","article_published_time":"2025-08-24T22:17:32+00:00","article_modified_time":"2025-08-25T22:31:51+00:00","og_image":[{"width":800,"height":551,"url":"https:\/\/www.emballagedigest.fr\/wp-content\/uploads\/2025\/08\/Albea.jpg","type":"image\/jpeg"}],"author":"Karine Duval","twitter_card":"summary_large_image","twitter_misc":{"Written by":"Karine Duval","Estimated reading time":"2 minutes"},"schema":{"@context":"https:\/\/schema.org","@graph":[{"@type":"Article","@id":"https:\/\/www.emballagedigest.fr\/albea-reprend-amfora-packaging-en-amerique-latine\/#article","isPartOf":{"@id":"https:\/\/www.emballagedigest.fr\/albea-reprend-amfora-packaging-en-amerique-latine\/"},"author":{"name":"Karine Duval","@id":"https:\/\/www.emballagedigest.fr\/#\/schema\/person\/76abe9f2b2ee4d3d520594c7a35da59f"},"headline":"Alb\u00e9a reprend Amfora Packaging en Am\u00e9rique Latine","datePublished":"2025-08-24T22:17:32+00:00","dateModified":"2025-08-25T22:31:51+00:00","mainEntityOfPage":{"@id":"https:\/\/www.emballagedigest.fr\/albea-reprend-amfora-packaging-en-amerique-latine\/"},"wordCount":344,"publisher":{"@id":"https:\/\/www.emballagedigest.fr\/#organization"},"image":{"@id":"https:\/\/www.emballagedigest.fr\/albea-reprend-amfora-packaging-en-amerique-latine\/#primaryimage"},"thumbnailUrl":"https:\/\/www.emballagedigest.fr\/wp-content\/uploads\/2025\/08\/Albea.jpg","articleSection":["Article entier","Packaging","Parfumerie &amp; Cosm\u00e9tique"],"inLanguage":"en-GB"},{"@type":"WebPage","@id":"https:\/\/www.emballagedigest.fr\/albea-reprend-amfora-packaging-en-amerique-latine\/","url":"https:\/\/www.emballagedigest.fr\/albea-reprend-amfora-packaging-en-amerique-latine\/","name":"Alb\u00e9a reprend Amfora Packaging en Am\u00e9rique Latine - Emballage Digest","isPartOf":{"@id":"https:\/\/www.emballagedigest.fr\/#website"},"primaryImageOfPage":{"@id":"https:\/\/www.emballagedigest.fr\/albea-reprend-amfora-packaging-en-amerique-latine\/#primaryimage"},"image":{"@id":"https:\/\/www.emballagedigest.fr\/albea-reprend-amfora-packaging-en-amerique-latine\/#primaryimage"},"thumbnailUrl":"https:\/\/www.emballagedigest.fr\/wp-content\/uploads\/2025\/08\/Albea.jpg","datePublished":"2025-08-24T22:17:32+00:00","dateModified":"2025-08-25T22:31:51+00:00","breadcrumb":{"@id":"https:\/\/www.emballagedigest.fr\/albea-reprend-amfora-packaging-en-amerique-latine\/#breadcrumb"},"inLanguage":"en-GB","potentialAction":[{"@type":"ReadAction","target":["https:\/\/www.emballagedigest.fr\/albea-reprend-amfora-packaging-en-amerique-latine\/"]}]},{"@type":"ImageObject","inLanguage":"en-GB","@id":"https:\/\/www.emballagedigest.fr\/albea-reprend-amfora-packaging-en-amerique-latine\/#primaryimage","url":"https:\/\/www.emballagedigest.fr\/wp-content\/uploads\/2025\/08\/Albea.jpg","contentUrl":"https:\/\/www.emballagedigest.fr\/wp-content\/uploads\/2025\/08\/Albea.jpg","width":800,"height":551},{"@type":"BreadcrumbList","@id":"https:\/\/www.emballagedigest.fr\/albea-reprend-amfora-packaging-en-amerique-latine\/#breadcrumb","itemListElement":[{"@type":"ListItem","position":1,"name":"Accueil","item":"https:\/\/www.emballagedigest.fr\/"},{"@type":"ListItem","position":2,"name":"Alb\u00e9a reprend Amfora Packaging en Am\u00e9rique Latine"}]},{"@type":"WebSite","@id":"https:\/\/www.emballagedigest.fr\/#website","url":"https:\/\/www.emballagedigest.fr\/","name":"Emballage Digest","description":"Revue professionnelle sur les emballages","publisher":{"@id":"https:\/\/www.emballagedigest.fr\/#organization"},"potentialAction":[{"@type":"SearchAction","target":{"@type":"EntryPoint","urlTemplate":"https:\/\/www.emballagedigest.fr\/?s={search_term_string}"},"query-input":{"@type":"PropertyValueSpecification","valueRequired":true,"valueName":"search_term_string"}}],"inLanguage":"en-GB"},{"@type":"Organization","@id":"https:\/\/www.emballagedigest.fr\/#organization","name":"Emballage Digest","url":"https:\/\/www.emballagedigest.fr\/","logo":{"@type":"ImageObject","inLanguage":"en-GB","@id":"https:\/\/www.emballagedigest.fr\/#\/schema\/logo\/image\/","url":"https:\/\/www.emballagedigest.fr\/wp-content\/uploads\/2022\/07\/logo-ed.png","contentUrl":"https:\/\/www.emballagedigest.fr\/wp-content\/uploads\/2022\/07\/logo-ed.png","width":379,"height":75,"caption":"Emballage Digest"},"image":{"@id":"https:\/\/www.emballagedigest.fr\/#\/schema\/logo\/image\/"}},{"@type":"Person","@id":"https:\/\/www.emballagedigest.fr\/#\/schema\/person\/76abe9f2b2ee4d3d520594c7a35da59f","name":"Karine Duval","image":{"@type":"ImageObject","inLanguage":"en-GB","@id":"https:\/\/www.emballagedigest.fr\/#\/schema\/person\/image\/","url":"https:\/\/secure.gravatar.com\/avatar\/f552799261cdd2e076e6677d780ef07bdb13aa4c196ab75b39abcbcdcae2d4e5?s=96&d=mm&r=g","contentUrl":"https:\/\/secure.gravatar.com\/avatar\/f552799261cdd2e076e6677d780ef07bdb13aa4c196ab75b39abcbcdcae2d4e5?s=96&d=mm&r=g","caption":"Karine Duval"},"url":"https:\/\/www.emballagedigest.fr\/en\/author\/admin_karduv\/"}]}},"_links":{"self":[{"href":"https:\/\/www.emballagedigest.fr\/en\/wp-json\/wp\/v2\/posts\/45245","targetHints":{"allow":["GET"]}}],"collection":[{"href":"https:\/\/www.emballagedigest.fr\/en\/wp-json\/wp\/v2\/posts"}],"about":[{"href":"https:\/\/www.emballagedigest.fr\/en\/wp-json\/wp\/v2\/types\/post"}],"author":[{"embeddable":true,"href":"https:\/\/www.emballagedigest.fr\/en\/wp-json\/wp\/v2\/users\/2"}],"replies":[{"embeddable":true,"href":"https:\/\/www.emballagedigest.fr\/en\/wp-json\/wp\/v2\/comments?post=45245"}],"version-history":[{"count":1,"href":"https:\/\/www.emballagedigest.fr\/en\/wp-json\/wp\/v2\/posts\/45245\/revisions"}],"predecessor-version":[{"id":45247,"href":"https:\/\/www.emballagedigest.fr\/en\/wp-json\/wp\/v2\/posts\/45245\/revisions\/45247"}],"wp:featuredmedia":[{"embeddable":true,"href":"https:\/\/www.emballagedigest.fr\/en\/wp-json\/wp\/v2\/media\/45246"}],"wp:attachment":[{"href":"https:\/\/www.emballagedigest.fr\/en\/wp-json\/wp\/v2\/media?parent=45245"}],"wp:term":[{"taxonomy":"category","embeddable":true,"href":"https:\/\/www.emballagedigest.fr\/en\/wp-json\/wp\/v2\/categories?post=45245"},{"taxonomy":"post_tag","embeddable":true,"href":"https:\/\/www.emballagedigest.fr\/en\/wp-json\/wp\/v2\/tags?post=45245"}],"curies":[{"name":"wp","href":"https:\/\/api.w.org\/{rel}","templated":true}]}}