{"id":45262,"date":"2025-08-27T00:05:58","date_gmt":"2025-08-26T22:05:58","guid":{"rendered":"https:\/\/www.emballagedigest.fr\/?p=45262"},"modified":"2025-08-28T00:11:37","modified_gmt":"2025-08-27T22:11:37","slug":"flugger-relooke-ses-pots-de-peinture-et-y-introduit-50-de-pcr","status":"publish","type":"post","link":"https:\/\/www.emballagedigest.fr\/en\/flugger-relooke-ses-pots-de-peinture-et-y-introduit-50-de-pcr\/","title":{"rendered":"Fl\u00fcgger relooke ses pots de peinture et y introduit 50% de PCR"},"content":{"rendered":"<p><strong>Fl\u00fcgger a lanc\u00e9, en partenariat avec Amcor, un nouveau pot de peinture plus \u00e9conome en mat\u00e9riaux et plus attrayant, compos\u00e9 \u00e0 50% de plastique recycl\u00e9 post-consommation (PCR) et dot\u00e9 d&rsquo;une couleur bleue personnalis\u00e9e qui correspond parfaitement \u00e0 l&rsquo;identit\u00e9 de marque du fabricant de peintures.<\/strong><\/p>\n\n\n\n<p>Ce nouveau pot s&rsquo;inscrit dans la strat\u00e9gie de Fl\u00fcgger visant \u00e0 r\u00e9duire l&rsquo;utilisation de plastique vierge en augmentant la part de mat\u00e9riaux recycl\u00e9s dans ses emballages sans compromettre la qualit\u00e9 des produits ni l&rsquo;exp\u00e9rience utilisateur. Il r\u00e9pond \u00e9galement aux exigences de plusieurs programmes d&rsquo;\u00e9tiquetage volontaires, tels que le label \u00e9cologique Nordic Swan, largement utilis\u00e9 en Scandinavie.<\/p>\n\n\n\n<p>Fl\u00fcgger utilise ce nouveau pot pour l&rsquo;ensemble de sa gamme de produits, destin\u00e9s aussi bien aux peintres professionnels qu&rsquo;aux particuliers. Casper Paggio Hansson Felt, responsable de la communication et de la culture chez Fl\u00fcgger, a d\u00e9clar\u00e9 : \u00ab nous voulions une solution qui allie qualit\u00e9 et esth\u00e9tique, tout en \u00e9tant fabriqu\u00e9e \u00e0 partir de mat\u00e9riaux recycl\u00e9s. L&rsquo;utilisation de 50% de PCR \u00e9tait un choix naturel : il s&rsquo;agit d&rsquo;une solution d&#8217;emballage \u00e9prouv\u00e9e que nous utilisons d\u00e9j\u00e0 pour d&rsquo;autres produits, d\u00e9velopp\u00e9e en collaboration avec Amcor, et qui nous aide \u00e0 r\u00e9pondre aux exigences de nos programmes d&rsquo;\u00e9co-\u00e9tiquetage \u00bb.<\/p>\n\n\n\n<p>En plus de r\u00e9pondre aux objectifs fonctionnels et de recyclabilit\u00e9, le nouveau conteneur favorise \u00e9galement la reconnaissance de la marque. Il contribue \u00e0 renforcer la reconnaissance de la marque Fl\u00fcgger, avec son design bleu distinctif et ses couvercles color\u00e9s. \u00ab Les commentaires des consommateurs et de nos partenaires d\u00e9taillants ont \u00e9t\u00e9 extr\u00eamement positifs, en particulier en ce qui concerne la couleur \u00bb, a d\u00e9clar\u00e9 Casper Paggio Hansson Felt. \u00ab Le conteneur bleu est visuellement attrayant et les couvercles de diff\u00e9rentes couleurs aident les utilisateurs \u00e0 identifier rapidement le type de peinture appropri\u00e9, ce qui ajoute une valeur pratique, en particulier pour nos clients professionnels. Le nouveau pot a \u00e9t\u00e9 lanc\u00e9 \u00e0 l&rsquo;automne 2024 et a \u00e9t\u00e9 d\u00e9ploy\u00e9 sur les march\u00e9s de Fl\u00fcgger en Europe et en Asie.<\/p>","protected":false},"excerpt":{"rendered":"<p>Fl\u00fcgger a lanc\u00e9, en partenariat avec Amcor, un nouveau pot de peinture plus \u00e9conome en mat\u00e9riaux et plus attrayant, compos\u00e9 \u00e0 50% de plastique recycl\u00e9 post-consommation (PCR) et dot\u00e9 d&rsquo;une couleur bleue personnalis\u00e9e qui correspond parfaitement \u00e0 l&rsquo;identit\u00e9 de marque du fabricant de peintures. Ce nouveau pot s&rsquo;inscrit dans la strat\u00e9gie de Fl\u00fcgger visant \u00e0 [&hellip;]<\/p>","protected":false},"author":2,"featured_media":45263,"comment_status":"closed","ping_status":"closed","sticky":false,"template":"","format":"standard","meta":{"_acf_changed":false,"inline_featured_image":false,"iawp_total_views":6,"footnotes":""},"categories":[28,4],"tags":[],"class_list":["post-45262","post","type-post","status-publish","format-standard","has-post-thumbnail","hentry","category-article-entier","category-lineaires"],"acf":[],"yoast_head":"<!-- This site is optimized with the Yoast SEO plugin v24.4 - https:\/\/yoast.com\/wordpress\/plugins\/seo\/ -->\n<title>Fl\u00fcgger relooke ses pots de peinture et y introduit 50% de PCR - Emballage Digest<\/title>\n<meta name=\"robots\" content=\"index, follow, max-snippet:-1, max-image-preview:large, max-video-preview:-1\" \/>\n<link rel=\"canonical\" href=\"https:\/\/www.emballagedigest.fr\/en\/flugger-relooke-ses-pots-de-peinture-et-y-introduit-50-de-pcr\/\" \/>\n<meta property=\"og:locale\" content=\"en_GB\" \/>\n<meta property=\"og:type\" content=\"article\" \/>\n<meta property=\"og:title\" content=\"Fl\u00fcgger relooke ses pots de peinture et y introduit 50% de PCR - Emballage Digest\" \/>\n<meta property=\"og:description\" content=\"Fl\u00fcgger a lanc\u00e9, en partenariat avec Amcor, un nouveau pot de peinture plus \u00e9conome en mat\u00e9riaux et plus attrayant, compos\u00e9 \u00e0 50% de plastique recycl\u00e9 post-consommation (PCR) et dot\u00e9 d&rsquo;une couleur bleue personnalis\u00e9e qui correspond parfaitement \u00e0 l&rsquo;identit\u00e9 de marque du fabricant de peintures. Ce nouveau pot s&rsquo;inscrit dans la strat\u00e9gie de Fl\u00fcgger visant \u00e0 [&hellip;]\" \/>\n<meta property=\"og:url\" content=\"https:\/\/www.emballagedigest.fr\/en\/flugger-relooke-ses-pots-de-peinture-et-y-introduit-50-de-pcr\/\" \/>\n<meta property=\"og:site_name\" content=\"Emballage Digest\" \/>\n<meta property=\"article:published_time\" content=\"2025-08-26T22:05:58+00:00\" \/>\n<meta property=\"article:modified_time\" content=\"2025-08-27T22:11:37+00:00\" \/>\n<meta property=\"og:image\" content=\"https:\/\/www.emballagedigest.fr\/wp-content\/uploads\/2025\/08\/FLUGGER.jpg\" \/>\n\t<meta property=\"og:image:width\" content=\"800\" \/>\n\t<meta property=\"og:image:height\" content=\"554\" \/>\n\t<meta property=\"og:image:type\" content=\"image\/jpeg\" \/>\n<meta name=\"author\" content=\"Karine Duval\" \/>\n<meta name=\"twitter:card\" content=\"summary_large_image\" \/>\n<meta name=\"twitter:label1\" content=\"Written by\" \/>\n\t<meta name=\"twitter:data1\" content=\"Karine Duval\" \/>\n\t<meta name=\"twitter:label2\" content=\"Estimated reading time\" \/>\n\t<meta name=\"twitter:data2\" content=\"2 minutes\" \/>\n<script type=\"application\/ld+json\" class=\"yoast-schema-graph\">{\"@context\":\"https:\/\/schema.org\",\"@graph\":[{\"@type\":\"Article\",\"@id\":\"https:\/\/www.emballagedigest.fr\/flugger-relooke-ses-pots-de-peinture-et-y-introduit-50-de-pcr\/#article\",\"isPartOf\":{\"@id\":\"https:\/\/www.emballagedigest.fr\/flugger-relooke-ses-pots-de-peinture-et-y-introduit-50-de-pcr\/\"},\"author\":{\"name\":\"Karine Duval\",\"@id\":\"https:\/\/www.emballagedigest.fr\/#\/schema\/person\/76abe9f2b2ee4d3d520594c7a35da59f\"},\"headline\":\"Fl\u00fcgger relooke ses pots de peinture et y introduit 50% de PCR\",\"datePublished\":\"2025-08-26T22:05:58+00:00\",\"dateModified\":\"2025-08-27T22:11:37+00:00\",\"mainEntityOfPage\":{\"@id\":\"https:\/\/www.emballagedigest.fr\/flugger-relooke-ses-pots-de-peinture-et-y-introduit-50-de-pcr\/\"},\"wordCount\":367,\"publisher\":{\"@id\":\"https:\/\/www.emballagedigest.fr\/#organization\"},\"image\":{\"@id\":\"https:\/\/www.emballagedigest.fr\/flugger-relooke-ses-pots-de-peinture-et-y-introduit-50-de-pcr\/#primaryimage\"},\"thumbnailUrl\":\"https:\/\/www.emballagedigest.fr\/wp-content\/uploads\/2025\/08\/FLUGGER.jpg\",\"articleSection\":[\"Article entier\",\"Lin\u00e9aires\"],\"inLanguage\":\"en-GB\"},{\"@type\":\"WebPage\",\"@id\":\"https:\/\/www.emballagedigest.fr\/flugger-relooke-ses-pots-de-peinture-et-y-introduit-50-de-pcr\/\",\"url\":\"https:\/\/www.emballagedigest.fr\/flugger-relooke-ses-pots-de-peinture-et-y-introduit-50-de-pcr\/\",\"name\":\"Fl\u00fcgger relooke ses pots de peinture et y introduit 50% de PCR - Emballage Digest\",\"isPartOf\":{\"@id\":\"https:\/\/www.emballagedigest.fr\/#website\"},\"primaryImageOfPage\":{\"@id\":\"https:\/\/www.emballagedigest.fr\/flugger-relooke-ses-pots-de-peinture-et-y-introduit-50-de-pcr\/#primaryimage\"},\"image\":{\"@id\":\"https:\/\/www.emballagedigest.fr\/flugger-relooke-ses-pots-de-peinture-et-y-introduit-50-de-pcr\/#primaryimage\"},\"thumbnailUrl\":\"https:\/\/www.emballagedigest.fr\/wp-content\/uploads\/2025\/08\/FLUGGER.jpg\",\"datePublished\":\"2025-08-26T22:05:58+00:00\",\"dateModified\":\"2025-08-27T22:11:37+00:00\",\"breadcrumb\":{\"@id\":\"https:\/\/www.emballagedigest.fr\/flugger-relooke-ses-pots-de-peinture-et-y-introduit-50-de-pcr\/#breadcrumb\"},\"inLanguage\":\"en-GB\",\"potentialAction\":[{\"@type\":\"ReadAction\",\"target\":[\"https:\/\/www.emballagedigest.fr\/flugger-relooke-ses-pots-de-peinture-et-y-introduit-50-de-pcr\/\"]}]},{\"@type\":\"ImageObject\",\"inLanguage\":\"en-GB\",\"@id\":\"https:\/\/www.emballagedigest.fr\/flugger-relooke-ses-pots-de-peinture-et-y-introduit-50-de-pcr\/#primaryimage\",\"url\":\"https:\/\/www.emballagedigest.fr\/wp-content\/uploads\/2025\/08\/FLUGGER.jpg\",\"contentUrl\":\"https:\/\/www.emballagedigest.fr\/wp-content\/uploads\/2025\/08\/FLUGGER.jpg\",\"width\":800,\"height\":554},{\"@type\":\"BreadcrumbList\",\"@id\":\"https:\/\/www.emballagedigest.fr\/flugger-relooke-ses-pots-de-peinture-et-y-introduit-50-de-pcr\/#breadcrumb\",\"itemListElement\":[{\"@type\":\"ListItem\",\"position\":1,\"name\":\"Accueil\",\"item\":\"https:\/\/www.emballagedigest.fr\/\"},{\"@type\":\"ListItem\",\"position\":2,\"name\":\"Fl\u00fcgger relooke ses pots de peinture et y introduit 50% de PCR\"}]},{\"@type\":\"WebSite\",\"@id\":\"https:\/\/www.emballagedigest.fr\/#website\",\"url\":\"https:\/\/www.emballagedigest.fr\/\",\"name\":\"Emballage Digest\",\"description\":\"Revue professionnelle sur les emballages\",\"publisher\":{\"@id\":\"https:\/\/www.emballagedigest.fr\/#organization\"},\"potentialAction\":[{\"@type\":\"SearchAction\",\"target\":{\"@type\":\"EntryPoint\",\"urlTemplate\":\"https:\/\/www.emballagedigest.fr\/?s={search_term_string}\"},\"query-input\":{\"@type\":\"PropertyValueSpecification\",\"valueRequired\":true,\"valueName\":\"search_term_string\"}}],\"inLanguage\":\"en-GB\"},{\"@type\":\"Organization\",\"@id\":\"https:\/\/www.emballagedigest.fr\/#organization\",\"name\":\"Emballage Digest\",\"url\":\"https:\/\/www.emballagedigest.fr\/\",\"logo\":{\"@type\":\"ImageObject\",\"inLanguage\":\"en-GB\",\"@id\":\"https:\/\/www.emballagedigest.fr\/#\/schema\/logo\/image\/\",\"url\":\"https:\/\/www.emballagedigest.fr\/wp-content\/uploads\/2022\/07\/logo-ed.png\",\"contentUrl\":\"https:\/\/www.emballagedigest.fr\/wp-content\/uploads\/2022\/07\/logo-ed.png\",\"width\":379,\"height\":75,\"caption\":\"Emballage Digest\"},\"image\":{\"@id\":\"https:\/\/www.emballagedigest.fr\/#\/schema\/logo\/image\/\"}},{\"@type\":\"Person\",\"@id\":\"https:\/\/www.emballagedigest.fr\/#\/schema\/person\/76abe9f2b2ee4d3d520594c7a35da59f\",\"name\":\"Karine Duval\",\"image\":{\"@type\":\"ImageObject\",\"inLanguage\":\"en-GB\",\"@id\":\"https:\/\/www.emballagedigest.fr\/#\/schema\/person\/image\/\",\"url\":\"https:\/\/secure.gravatar.com\/avatar\/f552799261cdd2e076e6677d780ef07bdb13aa4c196ab75b39abcbcdcae2d4e5?s=96&d=mm&r=g\",\"contentUrl\":\"https:\/\/secure.gravatar.com\/avatar\/f552799261cdd2e076e6677d780ef07bdb13aa4c196ab75b39abcbcdcae2d4e5?s=96&d=mm&r=g\",\"caption\":\"Karine Duval\"},\"url\":\"https:\/\/www.emballagedigest.fr\/en\/author\/admin_karduv\/\"}]}<\/script>\n<!-- \/ Yoast SEO plugin. -->","yoast_head_json":{"title":"Fl\u00fcgger relooke ses pots de peinture et y introduit 50% de PCR - Emballage Digest","robots":{"index":"index","follow":"follow","max-snippet":"max-snippet:-1","max-image-preview":"max-image-preview:large","max-video-preview":"max-video-preview:-1"},"canonical":"https:\/\/www.emballagedigest.fr\/en\/flugger-relooke-ses-pots-de-peinture-et-y-introduit-50-de-pcr\/","og_locale":"en_GB","og_type":"article","og_title":"Fl\u00fcgger relooke ses pots de peinture et y introduit 50% de PCR - Emballage Digest","og_description":"Fl\u00fcgger a lanc\u00e9, en partenariat avec Amcor, un nouveau pot de peinture plus \u00e9conome en mat\u00e9riaux et plus attrayant, compos\u00e9 \u00e0 50% de plastique recycl\u00e9 post-consommation (PCR) et dot\u00e9 d&rsquo;une couleur bleue personnalis\u00e9e qui correspond parfaitement \u00e0 l&rsquo;identit\u00e9 de marque du fabricant de peintures. Ce nouveau pot s&rsquo;inscrit dans la strat\u00e9gie de Fl\u00fcgger visant \u00e0 [&hellip;]","og_url":"https:\/\/www.emballagedigest.fr\/en\/flugger-relooke-ses-pots-de-peinture-et-y-introduit-50-de-pcr\/","og_site_name":"Emballage Digest","article_published_time":"2025-08-26T22:05:58+00:00","article_modified_time":"2025-08-27T22:11:37+00:00","og_image":[{"width":800,"height":554,"url":"https:\/\/www.emballagedigest.fr\/wp-content\/uploads\/2025\/08\/FLUGGER.jpg","type":"image\/jpeg"}],"author":"Karine Duval","twitter_card":"summary_large_image","twitter_misc":{"Written by":"Karine Duval","Estimated reading time":"2 minutes"},"schema":{"@context":"https:\/\/schema.org","@graph":[{"@type":"Article","@id":"https:\/\/www.emballagedigest.fr\/flugger-relooke-ses-pots-de-peinture-et-y-introduit-50-de-pcr\/#article","isPartOf":{"@id":"https:\/\/www.emballagedigest.fr\/flugger-relooke-ses-pots-de-peinture-et-y-introduit-50-de-pcr\/"},"author":{"name":"Karine Duval","@id":"https:\/\/www.emballagedigest.fr\/#\/schema\/person\/76abe9f2b2ee4d3d520594c7a35da59f"},"headline":"Fl\u00fcgger relooke ses pots de peinture et y introduit 50% de PCR","datePublished":"2025-08-26T22:05:58+00:00","dateModified":"2025-08-27T22:11:37+00:00","mainEntityOfPage":{"@id":"https:\/\/www.emballagedigest.fr\/flugger-relooke-ses-pots-de-peinture-et-y-introduit-50-de-pcr\/"},"wordCount":367,"publisher":{"@id":"https:\/\/www.emballagedigest.fr\/#organization"},"image":{"@id":"https:\/\/www.emballagedigest.fr\/flugger-relooke-ses-pots-de-peinture-et-y-introduit-50-de-pcr\/#primaryimage"},"thumbnailUrl":"https:\/\/www.emballagedigest.fr\/wp-content\/uploads\/2025\/08\/FLUGGER.jpg","articleSection":["Article entier","Lin\u00e9aires"],"inLanguage":"en-GB"},{"@type":"WebPage","@id":"https:\/\/www.emballagedigest.fr\/flugger-relooke-ses-pots-de-peinture-et-y-introduit-50-de-pcr\/","url":"https:\/\/www.emballagedigest.fr\/flugger-relooke-ses-pots-de-peinture-et-y-introduit-50-de-pcr\/","name":"Fl\u00fcgger relooke ses pots de peinture et y introduit 50% de PCR - Emballage Digest","isPartOf":{"@id":"https:\/\/www.emballagedigest.fr\/#website"},"primaryImageOfPage":{"@id":"https:\/\/www.emballagedigest.fr\/flugger-relooke-ses-pots-de-peinture-et-y-introduit-50-de-pcr\/#primaryimage"},"image":{"@id":"https:\/\/www.emballagedigest.fr\/flugger-relooke-ses-pots-de-peinture-et-y-introduit-50-de-pcr\/#primaryimage"},"thumbnailUrl":"https:\/\/www.emballagedigest.fr\/wp-content\/uploads\/2025\/08\/FLUGGER.jpg","datePublished":"2025-08-26T22:05:58+00:00","dateModified":"2025-08-27T22:11:37+00:00","breadcrumb":{"@id":"https:\/\/www.emballagedigest.fr\/flugger-relooke-ses-pots-de-peinture-et-y-introduit-50-de-pcr\/#breadcrumb"},"inLanguage":"en-GB","potentialAction":[{"@type":"ReadAction","target":["https:\/\/www.emballagedigest.fr\/flugger-relooke-ses-pots-de-peinture-et-y-introduit-50-de-pcr\/"]}]},{"@type":"ImageObject","inLanguage":"en-GB","@id":"https:\/\/www.emballagedigest.fr\/flugger-relooke-ses-pots-de-peinture-et-y-introduit-50-de-pcr\/#primaryimage","url":"https:\/\/www.emballagedigest.fr\/wp-content\/uploads\/2025\/08\/FLUGGER.jpg","contentUrl":"https:\/\/www.emballagedigest.fr\/wp-content\/uploads\/2025\/08\/FLUGGER.jpg","width":800,"height":554},{"@type":"BreadcrumbList","@id":"https:\/\/www.emballagedigest.fr\/flugger-relooke-ses-pots-de-peinture-et-y-introduit-50-de-pcr\/#breadcrumb","itemListElement":[{"@type":"ListItem","position":1,"name":"Accueil","item":"https:\/\/www.emballagedigest.fr\/"},{"@type":"ListItem","position":2,"name":"Fl\u00fcgger relooke ses pots de peinture et y introduit 50% de PCR"}]},{"@type":"WebSite","@id":"https:\/\/www.emballagedigest.fr\/#website","url":"https:\/\/www.emballagedigest.fr\/","name":"Emballage Digest","description":"Revue professionnelle sur les emballages","publisher":{"@id":"https:\/\/www.emballagedigest.fr\/#organization"},"potentialAction":[{"@type":"SearchAction","target":{"@type":"EntryPoint","urlTemplate":"https:\/\/www.emballagedigest.fr\/?s={search_term_string}"},"query-input":{"@type":"PropertyValueSpecification","valueRequired":true,"valueName":"search_term_string"}}],"inLanguage":"en-GB"},{"@type":"Organization","@id":"https:\/\/www.emballagedigest.fr\/#organization","name":"Emballage Digest","url":"https:\/\/www.emballagedigest.fr\/","logo":{"@type":"ImageObject","inLanguage":"en-GB","@id":"https:\/\/www.emballagedigest.fr\/#\/schema\/logo\/image\/","url":"https:\/\/www.emballagedigest.fr\/wp-content\/uploads\/2022\/07\/logo-ed.png","contentUrl":"https:\/\/www.emballagedigest.fr\/wp-content\/uploads\/2022\/07\/logo-ed.png","width":379,"height":75,"caption":"Emballage Digest"},"image":{"@id":"https:\/\/www.emballagedigest.fr\/#\/schema\/logo\/image\/"}},{"@type":"Person","@id":"https:\/\/www.emballagedigest.fr\/#\/schema\/person\/76abe9f2b2ee4d3d520594c7a35da59f","name":"Karine Duval","image":{"@type":"ImageObject","inLanguage":"en-GB","@id":"https:\/\/www.emballagedigest.fr\/#\/schema\/person\/image\/","url":"https:\/\/secure.gravatar.com\/avatar\/f552799261cdd2e076e6677d780ef07bdb13aa4c196ab75b39abcbcdcae2d4e5?s=96&d=mm&r=g","contentUrl":"https:\/\/secure.gravatar.com\/avatar\/f552799261cdd2e076e6677d780ef07bdb13aa4c196ab75b39abcbcdcae2d4e5?s=96&d=mm&r=g","caption":"Karine Duval"},"url":"https:\/\/www.emballagedigest.fr\/en\/author\/admin_karduv\/"}]}},"_links":{"self":[{"href":"https:\/\/www.emballagedigest.fr\/en\/wp-json\/wp\/v2\/posts\/45262","targetHints":{"allow":["GET"]}}],"collection":[{"href":"https:\/\/www.emballagedigest.fr\/en\/wp-json\/wp\/v2\/posts"}],"about":[{"href":"https:\/\/www.emballagedigest.fr\/en\/wp-json\/wp\/v2\/types\/post"}],"author":[{"embeddable":true,"href":"https:\/\/www.emballagedigest.fr\/en\/wp-json\/wp\/v2\/users\/2"}],"replies":[{"embeddable":true,"href":"https:\/\/www.emballagedigest.fr\/en\/wp-json\/wp\/v2\/comments?post=45262"}],"version-history":[{"count":1,"href":"https:\/\/www.emballagedigest.fr\/en\/wp-json\/wp\/v2\/posts\/45262\/revisions"}],"predecessor-version":[{"id":45264,"href":"https:\/\/www.emballagedigest.fr\/en\/wp-json\/wp\/v2\/posts\/45262\/revisions\/45264"}],"wp:featuredmedia":[{"embeddable":true,"href":"https:\/\/www.emballagedigest.fr\/en\/wp-json\/wp\/v2\/media\/45263"}],"wp:attachment":[{"href":"https:\/\/www.emballagedigest.fr\/en\/wp-json\/wp\/v2\/media?parent=45262"}],"wp:term":[{"taxonomy":"category","embeddable":true,"href":"https:\/\/www.emballagedigest.fr\/en\/wp-json\/wp\/v2\/categories?post=45262"},{"taxonomy":"post_tag","embeddable":true,"href":"https:\/\/www.emballagedigest.fr\/en\/wp-json\/wp\/v2\/tags?post=45262"}],"curies":[{"name":"wp","href":"https:\/\/api.w.org\/{rel}","templated":true}]}}