{"id":45268,"date":"2025-08-28T00:12:31","date_gmt":"2025-08-27T22:12:31","guid":{"rendered":"https:\/\/www.emballagedigest.fr\/?p=45268"},"modified":"2025-08-29T00:06:55","modified_gmt":"2025-08-28T22:06:55","slug":"aptar-beauty-etend-ses-capacites-e-commerce-en-europe","status":"publish","type":"post","link":"https:\/\/www.emballagedigest.fr\/en\/aptar-beauty-etend-ses-capacites-e-commerce-en-europe\/","title":{"rendered":"Aptar Beauty renforce ses capacit\u00e9s e-commerce en Europe"},"content":{"rendered":"<p><strong>Aptar Beaut<\/strong><strong>y<\/strong><strong> <\/strong><strong>annonce<\/strong><strong> la certification ISTA-6 Amazon du laboratoire d\u2019essais du site de production de Chieti, en Italie. Cette certification s\u2019inscrit dans la strat\u00e9gie \u00ab local for local \u00bb d<\/strong><strong>u fabricant<\/strong><strong>, qui s&rsquo;engage \u00e0 produire des solutions packaging de qualit\u00e9 au plus proche de ses clients, pour acc\u00e9l\u00e9rer leur mise sur le march\u00e9 et am\u00e9liorer l\u2019exp\u00e9rience et la satisfaction des consommateurs finaux.<\/strong><\/p>\n\n\n\n<p>D\u00e9velopp\u00e9e par l\u2019International Safe Transit Association (ISTA) en partenariat avec Amazon, la certification ISTA-6 se compose d&rsquo;une batterie de protocoles rigoureux con\u00e7us sp\u00e9cifiquement pour l\u2019emballage e-commerce. Elle garantit non seulement que les produits sont conformes, mais \u00e9galement pens\u00e9s et optimis\u00e9s pour r\u00e9sister aux risques et contraintes de la distribution e-commerce. Cela permet de r\u00e9duire les risques de dommages ou de casse lors du transport ou de la manutention, ainsi que de minimiser les retours produits apr\u00e8s livraison, pour am\u00e9liorer l\u2019exp\u00e9rience utilisateur. Par ailleurs, Aptar Beauty participe \u00e9galement au programme APASS (Amazon Packaging Support and Supplier Network) d\u2019Amazon.<\/p>\n\n\n\n<p>\u00ab Chez Aptar Beauty, nous savons que le packaging est un \u00e9l\u00e9ment cl\u00e9 de l\u2019exp\u00e9rience de marque \u00bb, d\u00e9clare Luigi Garofalo, Directeur Global Cat\u00e9gorie Personal Care &amp; Home Care. \u00ab C\u2019est pourquoi nous avons investi dans des \u00e9quipements de pointe pour obtenir la certification ISTA-6, qui atteste que notre labo d\u2019essais peut r\u00e9aliser des protocoles stricts r\u00e9pondant aux plus hauts standards du e-commerce \u00bb.<\/p>\n\n\n\n<p>Cette nouvelle certification refl\u00e8te la strat\u00e9gie \u201clocal for local\u201d d&rsquo;Aptar Beauty, s\u2019appuie sur ses capacit\u00e9s et son r\u00e9seau industriel global pour renforcer les cha\u00eenes d&rsquo;approvisionnement r\u00e9gionales. Cette agilit\u00e9 locale permet de r\u00e9duire le \u00ab&nbsp;time-to-market&nbsp;\u00bb et d&rsquo;offrir l&rsquo;opportunit\u00e9 aux clients de qualifier leur packaging au plus proche de leurs circuits de distribution.<\/p>\n\n\n\n<p>Le laboratoire de Chieti permet de simuler les conditions de manutention et de transport conform\u00e9ment aux protocoles ISTA-6 certifi\u00e9s par Amazon. Il est \u00e9quip\u00e9 de machines et technologies de pointe, dont une table de vibration (simulation du transport routier) ou encore un test de chute (simulation de la cha\u00eene logistique e-commerce). Ces \u00e9quipements permettent de tester la r\u00e9sistance aux chocs et sollicitations des packaging durant le parcours logistique d\u2019un produit e-commerce, et ainsi d\u2019\u00e9viter le suremballage.<\/p>","protected":false},"excerpt":{"rendered":"<p>Aptar Beauty annonce la certification ISTA-6 Amazon du laboratoire d\u2019essais du site de production de Chieti, en Italie. Cette certification s\u2019inscrit dans la strat\u00e9gie \u00ab local for local \u00bb du fabricant, qui s&rsquo;engage \u00e0 produire des solutions packaging de qualit\u00e9 au plus proche de ses clients, pour acc\u00e9l\u00e9rer leur mise sur le march\u00e9 et am\u00e9liorer [&hellip;]<\/p>","protected":false},"author":2,"featured_media":45269,"comment_status":"closed","ping_status":"closed","sticky":false,"template":"","format":"standard","meta":{"_acf_changed":false,"inline_featured_image":false,"iawp_total_views":0,"footnotes":""},"categories":[28,81,6],"tags":[],"class_list":["post-45268","post","type-post","status-publish","format-standard","has-post-thumbnail","hentry","category-article-entier","category-packaging","category-parfumerie-cosmetique"],"acf":[],"yoast_head":"<!-- This site is optimized with the Yoast SEO plugin v24.4 - https:\/\/yoast.com\/wordpress\/plugins\/seo\/ -->\n<title>Aptar Beauty renforce ses capacit\u00e9s e-commerce en Europe - Emballage Digest<\/title>\n<meta name=\"robots\" content=\"index, follow, max-snippet:-1, max-image-preview:large, max-video-preview:-1\" \/>\n<link rel=\"canonical\" href=\"https:\/\/www.emballagedigest.fr\/en\/aptar-beauty-etend-ses-capacites-e-commerce-en-europe\/\" \/>\n<meta property=\"og:locale\" content=\"en_GB\" \/>\n<meta property=\"og:type\" content=\"article\" \/>\n<meta property=\"og:title\" content=\"Aptar Beauty renforce ses capacit\u00e9s e-commerce en Europe - Emballage Digest\" \/>\n<meta property=\"og:description\" content=\"Aptar Beauty annonce la certification ISTA-6 Amazon du laboratoire d\u2019essais du site de production de Chieti, en Italie. Cette certification s\u2019inscrit dans la strat\u00e9gie \u00ab local for local \u00bb du fabricant, qui s&rsquo;engage \u00e0 produire des solutions packaging de qualit\u00e9 au plus proche de ses clients, pour acc\u00e9l\u00e9rer leur mise sur le march\u00e9 et am\u00e9liorer [&hellip;]\" \/>\n<meta property=\"og:url\" content=\"https:\/\/www.emballagedigest.fr\/en\/aptar-beauty-etend-ses-capacites-e-commerce-en-europe\/\" \/>\n<meta property=\"og:site_name\" content=\"Emballage Digest\" \/>\n<meta property=\"article:published_time\" content=\"2025-08-27T22:12:31+00:00\" \/>\n<meta property=\"article:modified_time\" content=\"2025-08-28T22:06:55+00:00\" \/>\n<meta property=\"og:image\" content=\"https:\/\/www.emballagedigest.fr\/wp-content\/uploads\/2025\/08\/Aptar-Beauty.jpg\" \/>\n\t<meta property=\"og:image:width\" content=\"800\" \/>\n\t<meta property=\"og:image:height\" content=\"517\" \/>\n\t<meta property=\"og:image:type\" content=\"image\/jpeg\" \/>\n<meta name=\"author\" content=\"Karine Duval\" \/>\n<meta name=\"twitter:card\" content=\"summary_large_image\" \/>\n<meta name=\"twitter:label1\" content=\"Written by\" \/>\n\t<meta name=\"twitter:data1\" content=\"Karine Duval\" \/>\n\t<meta name=\"twitter:label2\" content=\"Estimated reading time\" \/>\n\t<meta name=\"twitter:data2\" content=\"2 minutes\" \/>\n<script type=\"application\/ld+json\" class=\"yoast-schema-graph\">{\"@context\":\"https:\/\/schema.org\",\"@graph\":[{\"@type\":\"Article\",\"@id\":\"https:\/\/www.emballagedigest.fr\/aptar-beauty-etend-ses-capacites-e-commerce-en-europe\/#article\",\"isPartOf\":{\"@id\":\"https:\/\/www.emballagedigest.fr\/aptar-beauty-etend-ses-capacites-e-commerce-en-europe\/\"},\"author\":{\"name\":\"Karine Duval\",\"@id\":\"https:\/\/www.emballagedigest.fr\/#\/schema\/person\/76abe9f2b2ee4d3d520594c7a35da59f\"},\"headline\":\"Aptar Beauty renforce ses capacit\u00e9s e-commerce en Europe\",\"datePublished\":\"2025-08-27T22:12:31+00:00\",\"dateModified\":\"2025-08-28T22:06:55+00:00\",\"mainEntityOfPage\":{\"@id\":\"https:\/\/www.emballagedigest.fr\/aptar-beauty-etend-ses-capacites-e-commerce-en-europe\/\"},\"wordCount\":408,\"publisher\":{\"@id\":\"https:\/\/www.emballagedigest.fr\/#organization\"},\"image\":{\"@id\":\"https:\/\/www.emballagedigest.fr\/aptar-beauty-etend-ses-capacites-e-commerce-en-europe\/#primaryimage\"},\"thumbnailUrl\":\"https:\/\/www.emballagedigest.fr\/wp-content\/uploads\/2025\/08\/Aptar-Beauty.jpg\",\"articleSection\":[\"Article entier\",\"Packaging\",\"Parfumerie &amp; Cosm\u00e9tique\"],\"inLanguage\":\"en-GB\"},{\"@type\":\"WebPage\",\"@id\":\"https:\/\/www.emballagedigest.fr\/aptar-beauty-etend-ses-capacites-e-commerce-en-europe\/\",\"url\":\"https:\/\/www.emballagedigest.fr\/aptar-beauty-etend-ses-capacites-e-commerce-en-europe\/\",\"name\":\"Aptar Beauty renforce ses capacit\u00e9s e-commerce en Europe - Emballage Digest\",\"isPartOf\":{\"@id\":\"https:\/\/www.emballagedigest.fr\/#website\"},\"primaryImageOfPage\":{\"@id\":\"https:\/\/www.emballagedigest.fr\/aptar-beauty-etend-ses-capacites-e-commerce-en-europe\/#primaryimage\"},\"image\":{\"@id\":\"https:\/\/www.emballagedigest.fr\/aptar-beauty-etend-ses-capacites-e-commerce-en-europe\/#primaryimage\"},\"thumbnailUrl\":\"https:\/\/www.emballagedigest.fr\/wp-content\/uploads\/2025\/08\/Aptar-Beauty.jpg\",\"datePublished\":\"2025-08-27T22:12:31+00:00\",\"dateModified\":\"2025-08-28T22:06:55+00:00\",\"breadcrumb\":{\"@id\":\"https:\/\/www.emballagedigest.fr\/aptar-beauty-etend-ses-capacites-e-commerce-en-europe\/#breadcrumb\"},\"inLanguage\":\"en-GB\",\"potentialAction\":[{\"@type\":\"ReadAction\",\"target\":[\"https:\/\/www.emballagedigest.fr\/aptar-beauty-etend-ses-capacites-e-commerce-en-europe\/\"]}]},{\"@type\":\"ImageObject\",\"inLanguage\":\"en-GB\",\"@id\":\"https:\/\/www.emballagedigest.fr\/aptar-beauty-etend-ses-capacites-e-commerce-en-europe\/#primaryimage\",\"url\":\"https:\/\/www.emballagedigest.fr\/wp-content\/uploads\/2025\/08\/Aptar-Beauty.jpg\",\"contentUrl\":\"https:\/\/www.emballagedigest.fr\/wp-content\/uploads\/2025\/08\/Aptar-Beauty.jpg\",\"width\":800,\"height\":517},{\"@type\":\"BreadcrumbList\",\"@id\":\"https:\/\/www.emballagedigest.fr\/aptar-beauty-etend-ses-capacites-e-commerce-en-europe\/#breadcrumb\",\"itemListElement\":[{\"@type\":\"ListItem\",\"position\":1,\"name\":\"Accueil\",\"item\":\"https:\/\/www.emballagedigest.fr\/\"},{\"@type\":\"ListItem\",\"position\":2,\"name\":\"Aptar Beauty renforce ses capacit\u00e9s e-commerce en Europe\"}]},{\"@type\":\"WebSite\",\"@id\":\"https:\/\/www.emballagedigest.fr\/#website\",\"url\":\"https:\/\/www.emballagedigest.fr\/\",\"name\":\"Emballage Digest\",\"description\":\"Revue professionnelle sur les emballages\",\"publisher\":{\"@id\":\"https:\/\/www.emballagedigest.fr\/#organization\"},\"potentialAction\":[{\"@type\":\"SearchAction\",\"target\":{\"@type\":\"EntryPoint\",\"urlTemplate\":\"https:\/\/www.emballagedigest.fr\/?s={search_term_string}\"},\"query-input\":{\"@type\":\"PropertyValueSpecification\",\"valueRequired\":true,\"valueName\":\"search_term_string\"}}],\"inLanguage\":\"en-GB\"},{\"@type\":\"Organization\",\"@id\":\"https:\/\/www.emballagedigest.fr\/#organization\",\"name\":\"Emballage Digest\",\"url\":\"https:\/\/www.emballagedigest.fr\/\",\"logo\":{\"@type\":\"ImageObject\",\"inLanguage\":\"en-GB\",\"@id\":\"https:\/\/www.emballagedigest.fr\/#\/schema\/logo\/image\/\",\"url\":\"https:\/\/www.emballagedigest.fr\/wp-content\/uploads\/2022\/07\/logo-ed.png\",\"contentUrl\":\"https:\/\/www.emballagedigest.fr\/wp-content\/uploads\/2022\/07\/logo-ed.png\",\"width\":379,\"height\":75,\"caption\":\"Emballage Digest\"},\"image\":{\"@id\":\"https:\/\/www.emballagedigest.fr\/#\/schema\/logo\/image\/\"}},{\"@type\":\"Person\",\"@id\":\"https:\/\/www.emballagedigest.fr\/#\/schema\/person\/76abe9f2b2ee4d3d520594c7a35da59f\",\"name\":\"Karine Duval\",\"image\":{\"@type\":\"ImageObject\",\"inLanguage\":\"en-GB\",\"@id\":\"https:\/\/www.emballagedigest.fr\/#\/schema\/person\/image\/\",\"url\":\"https:\/\/secure.gravatar.com\/avatar\/f552799261cdd2e076e6677d780ef07bdb13aa4c196ab75b39abcbcdcae2d4e5?s=96&d=mm&r=g\",\"contentUrl\":\"https:\/\/secure.gravatar.com\/avatar\/f552799261cdd2e076e6677d780ef07bdb13aa4c196ab75b39abcbcdcae2d4e5?s=96&d=mm&r=g\",\"caption\":\"Karine Duval\"},\"url\":\"https:\/\/www.emballagedigest.fr\/en\/author\/admin_karduv\/\"}]}<\/script>\n<!-- \/ Yoast SEO plugin. -->","yoast_head_json":{"title":"Aptar Beauty renforce ses capacit\u00e9s e-commerce en Europe - Emballage Digest","robots":{"index":"index","follow":"follow","max-snippet":"max-snippet:-1","max-image-preview":"max-image-preview:large","max-video-preview":"max-video-preview:-1"},"canonical":"https:\/\/www.emballagedigest.fr\/en\/aptar-beauty-etend-ses-capacites-e-commerce-en-europe\/","og_locale":"en_GB","og_type":"article","og_title":"Aptar Beauty renforce ses capacit\u00e9s e-commerce en Europe - Emballage Digest","og_description":"Aptar Beauty annonce la certification ISTA-6 Amazon du laboratoire d\u2019essais du site de production de Chieti, en Italie. Cette certification s\u2019inscrit dans la strat\u00e9gie \u00ab local for local \u00bb du fabricant, qui s&rsquo;engage \u00e0 produire des solutions packaging de qualit\u00e9 au plus proche de ses clients, pour acc\u00e9l\u00e9rer leur mise sur le march\u00e9 et am\u00e9liorer [&hellip;]","og_url":"https:\/\/www.emballagedigest.fr\/en\/aptar-beauty-etend-ses-capacites-e-commerce-en-europe\/","og_site_name":"Emballage Digest","article_published_time":"2025-08-27T22:12:31+00:00","article_modified_time":"2025-08-28T22:06:55+00:00","og_image":[{"width":800,"height":517,"url":"https:\/\/www.emballagedigest.fr\/wp-content\/uploads\/2025\/08\/Aptar-Beauty.jpg","type":"image\/jpeg"}],"author":"Karine Duval","twitter_card":"summary_large_image","twitter_misc":{"Written by":"Karine Duval","Estimated reading time":"2 minutes"},"schema":{"@context":"https:\/\/schema.org","@graph":[{"@type":"Article","@id":"https:\/\/www.emballagedigest.fr\/aptar-beauty-etend-ses-capacites-e-commerce-en-europe\/#article","isPartOf":{"@id":"https:\/\/www.emballagedigest.fr\/aptar-beauty-etend-ses-capacites-e-commerce-en-europe\/"},"author":{"name":"Karine Duval","@id":"https:\/\/www.emballagedigest.fr\/#\/schema\/person\/76abe9f2b2ee4d3d520594c7a35da59f"},"headline":"Aptar Beauty renforce ses capacit\u00e9s e-commerce en Europe","datePublished":"2025-08-27T22:12:31+00:00","dateModified":"2025-08-28T22:06:55+00:00","mainEntityOfPage":{"@id":"https:\/\/www.emballagedigest.fr\/aptar-beauty-etend-ses-capacites-e-commerce-en-europe\/"},"wordCount":408,"publisher":{"@id":"https:\/\/www.emballagedigest.fr\/#organization"},"image":{"@id":"https:\/\/www.emballagedigest.fr\/aptar-beauty-etend-ses-capacites-e-commerce-en-europe\/#primaryimage"},"thumbnailUrl":"https:\/\/www.emballagedigest.fr\/wp-content\/uploads\/2025\/08\/Aptar-Beauty.jpg","articleSection":["Article entier","Packaging","Parfumerie &amp; Cosm\u00e9tique"],"inLanguage":"en-GB"},{"@type":"WebPage","@id":"https:\/\/www.emballagedigest.fr\/aptar-beauty-etend-ses-capacites-e-commerce-en-europe\/","url":"https:\/\/www.emballagedigest.fr\/aptar-beauty-etend-ses-capacites-e-commerce-en-europe\/","name":"Aptar Beauty renforce ses capacit\u00e9s e-commerce en Europe - Emballage Digest","isPartOf":{"@id":"https:\/\/www.emballagedigest.fr\/#website"},"primaryImageOfPage":{"@id":"https:\/\/www.emballagedigest.fr\/aptar-beauty-etend-ses-capacites-e-commerce-en-europe\/#primaryimage"},"image":{"@id":"https:\/\/www.emballagedigest.fr\/aptar-beauty-etend-ses-capacites-e-commerce-en-europe\/#primaryimage"},"thumbnailUrl":"https:\/\/www.emballagedigest.fr\/wp-content\/uploads\/2025\/08\/Aptar-Beauty.jpg","datePublished":"2025-08-27T22:12:31+00:00","dateModified":"2025-08-28T22:06:55+00:00","breadcrumb":{"@id":"https:\/\/www.emballagedigest.fr\/aptar-beauty-etend-ses-capacites-e-commerce-en-europe\/#breadcrumb"},"inLanguage":"en-GB","potentialAction":[{"@type":"ReadAction","target":["https:\/\/www.emballagedigest.fr\/aptar-beauty-etend-ses-capacites-e-commerce-en-europe\/"]}]},{"@type":"ImageObject","inLanguage":"en-GB","@id":"https:\/\/www.emballagedigest.fr\/aptar-beauty-etend-ses-capacites-e-commerce-en-europe\/#primaryimage","url":"https:\/\/www.emballagedigest.fr\/wp-content\/uploads\/2025\/08\/Aptar-Beauty.jpg","contentUrl":"https:\/\/www.emballagedigest.fr\/wp-content\/uploads\/2025\/08\/Aptar-Beauty.jpg","width":800,"height":517},{"@type":"BreadcrumbList","@id":"https:\/\/www.emballagedigest.fr\/aptar-beauty-etend-ses-capacites-e-commerce-en-europe\/#breadcrumb","itemListElement":[{"@type":"ListItem","position":1,"name":"Accueil","item":"https:\/\/www.emballagedigest.fr\/"},{"@type":"ListItem","position":2,"name":"Aptar Beauty renforce ses capacit\u00e9s e-commerce en Europe"}]},{"@type":"WebSite","@id":"https:\/\/www.emballagedigest.fr\/#website","url":"https:\/\/www.emballagedigest.fr\/","name":"Emballage Digest","description":"Revue professionnelle sur les emballages","publisher":{"@id":"https:\/\/www.emballagedigest.fr\/#organization"},"potentialAction":[{"@type":"SearchAction","target":{"@type":"EntryPoint","urlTemplate":"https:\/\/www.emballagedigest.fr\/?s={search_term_string}"},"query-input":{"@type":"PropertyValueSpecification","valueRequired":true,"valueName":"search_term_string"}}],"inLanguage":"en-GB"},{"@type":"Organization","@id":"https:\/\/www.emballagedigest.fr\/#organization","name":"Emballage Digest","url":"https:\/\/www.emballagedigest.fr\/","logo":{"@type":"ImageObject","inLanguage":"en-GB","@id":"https:\/\/www.emballagedigest.fr\/#\/schema\/logo\/image\/","url":"https:\/\/www.emballagedigest.fr\/wp-content\/uploads\/2022\/07\/logo-ed.png","contentUrl":"https:\/\/www.emballagedigest.fr\/wp-content\/uploads\/2022\/07\/logo-ed.png","width":379,"height":75,"caption":"Emballage Digest"},"image":{"@id":"https:\/\/www.emballagedigest.fr\/#\/schema\/logo\/image\/"}},{"@type":"Person","@id":"https:\/\/www.emballagedigest.fr\/#\/schema\/person\/76abe9f2b2ee4d3d520594c7a35da59f","name":"Karine Duval","image":{"@type":"ImageObject","inLanguage":"en-GB","@id":"https:\/\/www.emballagedigest.fr\/#\/schema\/person\/image\/","url":"https:\/\/secure.gravatar.com\/avatar\/f552799261cdd2e076e6677d780ef07bdb13aa4c196ab75b39abcbcdcae2d4e5?s=96&d=mm&r=g","contentUrl":"https:\/\/secure.gravatar.com\/avatar\/f552799261cdd2e076e6677d780ef07bdb13aa4c196ab75b39abcbcdcae2d4e5?s=96&d=mm&r=g","caption":"Karine Duval"},"url":"https:\/\/www.emballagedigest.fr\/en\/author\/admin_karduv\/"}]}},"_links":{"self":[{"href":"https:\/\/www.emballagedigest.fr\/en\/wp-json\/wp\/v2\/posts\/45268","targetHints":{"allow":["GET"]}}],"collection":[{"href":"https:\/\/www.emballagedigest.fr\/en\/wp-json\/wp\/v2\/posts"}],"about":[{"href":"https:\/\/www.emballagedigest.fr\/en\/wp-json\/wp\/v2\/types\/post"}],"author":[{"embeddable":true,"href":"https:\/\/www.emballagedigest.fr\/en\/wp-json\/wp\/v2\/users\/2"}],"replies":[{"embeddable":true,"href":"https:\/\/www.emballagedigest.fr\/en\/wp-json\/wp\/v2\/comments?post=45268"}],"version-history":[{"count":2,"href":"https:\/\/www.emballagedigest.fr\/en\/wp-json\/wp\/v2\/posts\/45268\/revisions"}],"predecessor-version":[{"id":45274,"href":"https:\/\/www.emballagedigest.fr\/en\/wp-json\/wp\/v2\/posts\/45268\/revisions\/45274"}],"wp:featuredmedia":[{"embeddable":true,"href":"https:\/\/www.emballagedigest.fr\/en\/wp-json\/wp\/v2\/media\/45269"}],"wp:attachment":[{"href":"https:\/\/www.emballagedigest.fr\/en\/wp-json\/wp\/v2\/media?parent=45268"}],"wp:term":[{"taxonomy":"category","embeddable":true,"href":"https:\/\/www.emballagedigest.fr\/en\/wp-json\/wp\/v2\/categories?post=45268"},{"taxonomy":"post_tag","embeddable":true,"href":"https:\/\/www.emballagedigest.fr\/en\/wp-json\/wp\/v2\/tags?post=45268"}],"curies":[{"name":"wp","href":"https:\/\/api.w.org\/{rel}","templated":true}]}}