{"id":45278,"date":"2025-08-29T00:07:41","date_gmt":"2025-08-28T22:07:41","guid":{"rendered":"https:\/\/www.emballagedigest.fr\/?p=45278"},"modified":"2025-09-01T08:51:03","modified_gmt":"2025-09-01T06:51:03","slug":"eco3-presente-sa-solution-flexo-aqueuse-tout-en-un-a-labelexpo-2025","status":"publish","type":"post","link":"https:\/\/www.emballagedigest.fr\/en\/eco3-presente-sa-solution-flexo-aqueuse-tout-en-un-a-labelexpo-2025\/","title":{"rendered":"ECO3 pr\u00e9sente sa solution flexo aqueuse tout-en-un \u00e0 Labelexpo 2025"},"content":{"rendered":"<p><strong>Sur le prochain salon Labelexpo Europe, qui se tiendra du 16 au 19 septembre 2025 \u00e0 Barcelone, ECO3 pr\u00e9sentera le MAGIS PRO-Eco 300+, un processeur aqueux tout-en-un de nouvelle g\u00e9n\u00e9ration combinant exposition LED, lavage, s\u00e9chage et finition dans une unit\u00e9 compacte et performante.<\/strong><\/p>\n\n\n\n<p>La solution est con\u00e7ue pour simplifier et acc\u00e9l\u00e9rer la fabrication de plaques durables. Son flux de travail int\u00e9gr\u00e9 simplifie le fonctionnement quotidien, r\u00e9duit les \u00e9tapes manuelles et optimise l&rsquo;efficacit\u00e9 du processus de production. Gr\u00e2ce \u00e0 l&rsquo;exposition aux UV LED, il \u00e9vite les temps de pr\u00e9chauffage des lampes traditionnelles, r\u00e9duit les besoins \u00e9nerg\u00e9tiques et assure un fonctionnement plus stable. Le flux LED constant et uniforme garantit une qualit\u00e9 de plaque constante sur tous les travaux, tout en \u00e9liminant les changements et recalibrages fr\u00e9quents des lampes.<\/p>\n\n\n\n<p>Con\u00e7ue pour les transformateurs d&rsquo;\u00e9tiquettes et de laize \u00e9troite ainsi que pour les ateliers de reprographie, elle offre une solution pratique pour la fabrication de plaques sans solvant. Contrairement aux syst\u00e8mes thermiques, cette approche associe le traitement aqueux \u00e0 la technologie unique de laminage \u00e0 sec d&rsquo;ECO3, garantissant ainsi la r\u00e9gularit\u00e9, la pr\u00e9cision et la fiabilit\u00e9 requises par la production flexo.<\/p>\n\n\n\n<p>\u00ab Notre objectif est de fournir une solution compl\u00e8te \u00bb, d\u00e9clare Guy Desmet, responsable mondial de la strat\u00e9gie et du marketing chez ECO3.&nbsp;\u00ab Le MAGIS PRO-Eco 300+ est un ajout important car il rend la fabrication de plaques aqueuses plus pratique et plus accessible. Plus important encore, il s&rsquo;int\u00e8gre dans un syst\u00e8me flexo ouvert prenant en charge les flux de production aqueux et solvant\u00e9s, con\u00e7u pour aider les imprimeurs \u00e0 obtenir une r\u00e9gularit\u00e9 et une qualit\u00e9 optimales, tout en travaillant plus efficacement et avec une empreinte environnementale r\u00e9duite \u00bb.<\/p>\n\n\n\n<p>Cette offre est renforc\u00e9e par les technologies d&rsquo;ECO3, telles que le tramage SPIR@L, qui offre des d\u00e9tails d&rsquo;image plus nets et un rendu des tons plus fluide, et la mod\u00e9lisation de surface GridTune, qui assure un transfert d&rsquo;encre homog\u00e8ne et des aplats optimis\u00e9s. En am\u00e9liorant la qualit\u00e9 et la r\u00e9gularit\u00e9 sur presse, ces innovations aident les professionnels de la flexo \u00e0 r\u00e9duire la g\u00e2che et les temps d&rsquo;arr\u00eat, favorisant ainsi une production plus efficace et durable.<\/p>","protected":false},"excerpt":{"rendered":"<p>Sur le prochain salon Labelexpo Europe, qui se tiendra du 16 au 19 septembre 2025 \u00e0 Barcelone, ECO3 pr\u00e9sentera le MAGIS PRO-Eco 300+, un processeur aqueux tout-en-un de nouvelle g\u00e9n\u00e9ration combinant exposition LED, lavage, s\u00e9chage et finition dans une unit\u00e9 compacte et performante. La solution est con\u00e7ue pour simplifier et acc\u00e9l\u00e9rer la fabrication de plaques [&hellip;]<\/p>","protected":false},"author":2,"featured_media":45279,"comment_status":"closed","ping_status":"closed","sticky":false,"template":"","format":"standard","meta":{"_acf_changed":false,"inline_featured_image":false,"iawp_total_views":1,"footnotes":""},"categories":[28,9],"tags":[],"class_list":["post-45278","post","type-post","status-publish","format-standard","has-post-thumbnail","hentry","category-article-entier","category-materiel"],"acf":[],"yoast_head":"<!-- This site is optimized with the Yoast SEO plugin v24.4 - https:\/\/yoast.com\/wordpress\/plugins\/seo\/ -->\n<title>ECO3 pr\u00e9sente sa solution flexo aqueuse tout-en-un \u00e0 Labelexpo 2025 - Emballage Digest<\/title>\n<meta name=\"robots\" content=\"index, follow, max-snippet:-1, max-image-preview:large, max-video-preview:-1\" \/>\n<link rel=\"canonical\" href=\"https:\/\/www.emballagedigest.fr\/en\/eco3-presente-sa-solution-flexo-aqueuse-tout-en-un-a-labelexpo-2025\/\" \/>\n<meta property=\"og:locale\" content=\"en_GB\" \/>\n<meta property=\"og:type\" content=\"article\" \/>\n<meta property=\"og:title\" content=\"ECO3 pr\u00e9sente sa solution flexo aqueuse tout-en-un \u00e0 Labelexpo 2025 - Emballage Digest\" \/>\n<meta property=\"og:description\" content=\"Sur le prochain salon Labelexpo Europe, qui se tiendra du 16 au 19 septembre 2025 \u00e0 Barcelone, ECO3 pr\u00e9sentera le MAGIS PRO-Eco 300+, un processeur aqueux tout-en-un de nouvelle g\u00e9n\u00e9ration combinant exposition LED, lavage, s\u00e9chage et finition dans une unit\u00e9 compacte et performante. La solution est con\u00e7ue pour simplifier et acc\u00e9l\u00e9rer la fabrication de plaques [&hellip;]\" \/>\n<meta property=\"og:url\" content=\"https:\/\/www.emballagedigest.fr\/en\/eco3-presente-sa-solution-flexo-aqueuse-tout-en-un-a-labelexpo-2025\/\" \/>\n<meta property=\"og:site_name\" content=\"Emballage Digest\" \/>\n<meta property=\"article:published_time\" content=\"2025-08-28T22:07:41+00:00\" \/>\n<meta property=\"article:modified_time\" content=\"2025-09-01T06:51:03+00:00\" \/>\n<meta property=\"og:image\" content=\"https:\/\/www.emballagedigest.fr\/wp-content\/uploads\/2025\/08\/ECO3.jpg\" \/>\n\t<meta property=\"og:image:width\" content=\"800\" \/>\n\t<meta property=\"og:image:height\" content=\"600\" \/>\n\t<meta property=\"og:image:type\" content=\"image\/jpeg\" \/>\n<meta name=\"author\" content=\"Karine Duval\" \/>\n<meta name=\"twitter:card\" content=\"summary_large_image\" \/>\n<meta name=\"twitter:label1\" content=\"Written by\" \/>\n\t<meta name=\"twitter:data1\" content=\"Karine Duval\" \/>\n\t<meta name=\"twitter:label2\" content=\"Estimated reading time\" \/>\n\t<meta name=\"twitter:data2\" content=\"2 minutes\" \/>\n<script type=\"application\/ld+json\" class=\"yoast-schema-graph\">{\"@context\":\"https:\/\/schema.org\",\"@graph\":[{\"@type\":\"Article\",\"@id\":\"https:\/\/www.emballagedigest.fr\/eco3-presente-sa-solution-flexo-aqueuse-tout-en-un-a-labelexpo-2025\/#article\",\"isPartOf\":{\"@id\":\"https:\/\/www.emballagedigest.fr\/eco3-presente-sa-solution-flexo-aqueuse-tout-en-un-a-labelexpo-2025\/\"},\"author\":{\"name\":\"Karine Duval\",\"@id\":\"https:\/\/www.emballagedigest.fr\/#\/schema\/person\/76abe9f2b2ee4d3d520594c7a35da59f\"},\"headline\":\"ECO3 pr\u00e9sente sa solution flexo aqueuse tout-en-un \u00e0 Labelexpo 2025\",\"datePublished\":\"2025-08-28T22:07:41+00:00\",\"dateModified\":\"2025-09-01T06:51:03+00:00\",\"mainEntityOfPage\":{\"@id\":\"https:\/\/www.emballagedigest.fr\/eco3-presente-sa-solution-flexo-aqueuse-tout-en-un-a-labelexpo-2025\/\"},\"wordCount\":396,\"publisher\":{\"@id\":\"https:\/\/www.emballagedigest.fr\/#organization\"},\"image\":{\"@id\":\"https:\/\/www.emballagedigest.fr\/eco3-presente-sa-solution-flexo-aqueuse-tout-en-un-a-labelexpo-2025\/#primaryimage\"},\"thumbnailUrl\":\"https:\/\/www.emballagedigest.fr\/wp-content\/uploads\/2025\/08\/ECO3.jpg\",\"articleSection\":[\"Article entier\",\"Mat\u00e9riel\"],\"inLanguage\":\"en-GB\"},{\"@type\":\"WebPage\",\"@id\":\"https:\/\/www.emballagedigest.fr\/eco3-presente-sa-solution-flexo-aqueuse-tout-en-un-a-labelexpo-2025\/\",\"url\":\"https:\/\/www.emballagedigest.fr\/eco3-presente-sa-solution-flexo-aqueuse-tout-en-un-a-labelexpo-2025\/\",\"name\":\"ECO3 pr\u00e9sente sa solution flexo aqueuse tout-en-un \u00e0 Labelexpo 2025 - Emballage Digest\",\"isPartOf\":{\"@id\":\"https:\/\/www.emballagedigest.fr\/#website\"},\"primaryImageOfPage\":{\"@id\":\"https:\/\/www.emballagedigest.fr\/eco3-presente-sa-solution-flexo-aqueuse-tout-en-un-a-labelexpo-2025\/#primaryimage\"},\"image\":{\"@id\":\"https:\/\/www.emballagedigest.fr\/eco3-presente-sa-solution-flexo-aqueuse-tout-en-un-a-labelexpo-2025\/#primaryimage\"},\"thumbnailUrl\":\"https:\/\/www.emballagedigest.fr\/wp-content\/uploads\/2025\/08\/ECO3.jpg\",\"datePublished\":\"2025-08-28T22:07:41+00:00\",\"dateModified\":\"2025-09-01T06:51:03+00:00\",\"breadcrumb\":{\"@id\":\"https:\/\/www.emballagedigest.fr\/eco3-presente-sa-solution-flexo-aqueuse-tout-en-un-a-labelexpo-2025\/#breadcrumb\"},\"inLanguage\":\"en-GB\",\"potentialAction\":[{\"@type\":\"ReadAction\",\"target\":[\"https:\/\/www.emballagedigest.fr\/eco3-presente-sa-solution-flexo-aqueuse-tout-en-un-a-labelexpo-2025\/\"]}]},{\"@type\":\"ImageObject\",\"inLanguage\":\"en-GB\",\"@id\":\"https:\/\/www.emballagedigest.fr\/eco3-presente-sa-solution-flexo-aqueuse-tout-en-un-a-labelexpo-2025\/#primaryimage\",\"url\":\"https:\/\/www.emballagedigest.fr\/wp-content\/uploads\/2025\/08\/ECO3.jpg\",\"contentUrl\":\"https:\/\/www.emballagedigest.fr\/wp-content\/uploads\/2025\/08\/ECO3.jpg\",\"width\":800,\"height\":600},{\"@type\":\"BreadcrumbList\",\"@id\":\"https:\/\/www.emballagedigest.fr\/eco3-presente-sa-solution-flexo-aqueuse-tout-en-un-a-labelexpo-2025\/#breadcrumb\",\"itemListElement\":[{\"@type\":\"ListItem\",\"position\":1,\"name\":\"Accueil\",\"item\":\"https:\/\/www.emballagedigest.fr\/\"},{\"@type\":\"ListItem\",\"position\":2,\"name\":\"ECO3 pr\u00e9sente sa solution flexo aqueuse tout-en-un \u00e0 Labelexpo 2025\"}]},{\"@type\":\"WebSite\",\"@id\":\"https:\/\/www.emballagedigest.fr\/#website\",\"url\":\"https:\/\/www.emballagedigest.fr\/\",\"name\":\"Emballage Digest\",\"description\":\"Revue professionnelle sur les emballages\",\"publisher\":{\"@id\":\"https:\/\/www.emballagedigest.fr\/#organization\"},\"potentialAction\":[{\"@type\":\"SearchAction\",\"target\":{\"@type\":\"EntryPoint\",\"urlTemplate\":\"https:\/\/www.emballagedigest.fr\/?s={search_term_string}\"},\"query-input\":{\"@type\":\"PropertyValueSpecification\",\"valueRequired\":true,\"valueName\":\"search_term_string\"}}],\"inLanguage\":\"en-GB\"},{\"@type\":\"Organization\",\"@id\":\"https:\/\/www.emballagedigest.fr\/#organization\",\"name\":\"Emballage Digest\",\"url\":\"https:\/\/www.emballagedigest.fr\/\",\"logo\":{\"@type\":\"ImageObject\",\"inLanguage\":\"en-GB\",\"@id\":\"https:\/\/www.emballagedigest.fr\/#\/schema\/logo\/image\/\",\"url\":\"https:\/\/www.emballagedigest.fr\/wp-content\/uploads\/2022\/07\/logo-ed.png\",\"contentUrl\":\"https:\/\/www.emballagedigest.fr\/wp-content\/uploads\/2022\/07\/logo-ed.png\",\"width\":379,\"height\":75,\"caption\":\"Emballage Digest\"},\"image\":{\"@id\":\"https:\/\/www.emballagedigest.fr\/#\/schema\/logo\/image\/\"}},{\"@type\":\"Person\",\"@id\":\"https:\/\/www.emballagedigest.fr\/#\/schema\/person\/76abe9f2b2ee4d3d520594c7a35da59f\",\"name\":\"Karine Duval\",\"image\":{\"@type\":\"ImageObject\",\"inLanguage\":\"en-GB\",\"@id\":\"https:\/\/www.emballagedigest.fr\/#\/schema\/person\/image\/\",\"url\":\"https:\/\/secure.gravatar.com\/avatar\/f552799261cdd2e076e6677d780ef07bdb13aa4c196ab75b39abcbcdcae2d4e5?s=96&d=mm&r=g\",\"contentUrl\":\"https:\/\/secure.gravatar.com\/avatar\/f552799261cdd2e076e6677d780ef07bdb13aa4c196ab75b39abcbcdcae2d4e5?s=96&d=mm&r=g\",\"caption\":\"Karine Duval\"},\"url\":\"https:\/\/www.emballagedigest.fr\/en\/author\/admin_karduv\/\"}]}<\/script>\n<!-- \/ Yoast SEO plugin. -->","yoast_head_json":{"title":"ECO3 pr\u00e9sente sa solution flexo aqueuse tout-en-un \u00e0 Labelexpo 2025 - Emballage Digest","robots":{"index":"index","follow":"follow","max-snippet":"max-snippet:-1","max-image-preview":"max-image-preview:large","max-video-preview":"max-video-preview:-1"},"canonical":"https:\/\/www.emballagedigest.fr\/en\/eco3-presente-sa-solution-flexo-aqueuse-tout-en-un-a-labelexpo-2025\/","og_locale":"en_GB","og_type":"article","og_title":"ECO3 pr\u00e9sente sa solution flexo aqueuse tout-en-un \u00e0 Labelexpo 2025 - Emballage Digest","og_description":"Sur le prochain salon Labelexpo Europe, qui se tiendra du 16 au 19 septembre 2025 \u00e0 Barcelone, ECO3 pr\u00e9sentera le MAGIS PRO-Eco 300+, un processeur aqueux tout-en-un de nouvelle g\u00e9n\u00e9ration combinant exposition LED, lavage, s\u00e9chage et finition dans une unit\u00e9 compacte et performante. La solution est con\u00e7ue pour simplifier et acc\u00e9l\u00e9rer la fabrication de plaques [&hellip;]","og_url":"https:\/\/www.emballagedigest.fr\/en\/eco3-presente-sa-solution-flexo-aqueuse-tout-en-un-a-labelexpo-2025\/","og_site_name":"Emballage Digest","article_published_time":"2025-08-28T22:07:41+00:00","article_modified_time":"2025-09-01T06:51:03+00:00","og_image":[{"width":800,"height":600,"url":"https:\/\/www.emballagedigest.fr\/wp-content\/uploads\/2025\/08\/ECO3.jpg","type":"image\/jpeg"}],"author":"Karine Duval","twitter_card":"summary_large_image","twitter_misc":{"Written by":"Karine Duval","Estimated reading time":"2 minutes"},"schema":{"@context":"https:\/\/schema.org","@graph":[{"@type":"Article","@id":"https:\/\/www.emballagedigest.fr\/eco3-presente-sa-solution-flexo-aqueuse-tout-en-un-a-labelexpo-2025\/#article","isPartOf":{"@id":"https:\/\/www.emballagedigest.fr\/eco3-presente-sa-solution-flexo-aqueuse-tout-en-un-a-labelexpo-2025\/"},"author":{"name":"Karine Duval","@id":"https:\/\/www.emballagedigest.fr\/#\/schema\/person\/76abe9f2b2ee4d3d520594c7a35da59f"},"headline":"ECO3 pr\u00e9sente sa solution flexo aqueuse tout-en-un \u00e0 Labelexpo 2025","datePublished":"2025-08-28T22:07:41+00:00","dateModified":"2025-09-01T06:51:03+00:00","mainEntityOfPage":{"@id":"https:\/\/www.emballagedigest.fr\/eco3-presente-sa-solution-flexo-aqueuse-tout-en-un-a-labelexpo-2025\/"},"wordCount":396,"publisher":{"@id":"https:\/\/www.emballagedigest.fr\/#organization"},"image":{"@id":"https:\/\/www.emballagedigest.fr\/eco3-presente-sa-solution-flexo-aqueuse-tout-en-un-a-labelexpo-2025\/#primaryimage"},"thumbnailUrl":"https:\/\/www.emballagedigest.fr\/wp-content\/uploads\/2025\/08\/ECO3.jpg","articleSection":["Article entier","Mat\u00e9riel"],"inLanguage":"en-GB"},{"@type":"WebPage","@id":"https:\/\/www.emballagedigest.fr\/eco3-presente-sa-solution-flexo-aqueuse-tout-en-un-a-labelexpo-2025\/","url":"https:\/\/www.emballagedigest.fr\/eco3-presente-sa-solution-flexo-aqueuse-tout-en-un-a-labelexpo-2025\/","name":"ECO3 pr\u00e9sente sa solution flexo aqueuse tout-en-un \u00e0 Labelexpo 2025 - Emballage Digest","isPartOf":{"@id":"https:\/\/www.emballagedigest.fr\/#website"},"primaryImageOfPage":{"@id":"https:\/\/www.emballagedigest.fr\/eco3-presente-sa-solution-flexo-aqueuse-tout-en-un-a-labelexpo-2025\/#primaryimage"},"image":{"@id":"https:\/\/www.emballagedigest.fr\/eco3-presente-sa-solution-flexo-aqueuse-tout-en-un-a-labelexpo-2025\/#primaryimage"},"thumbnailUrl":"https:\/\/www.emballagedigest.fr\/wp-content\/uploads\/2025\/08\/ECO3.jpg","datePublished":"2025-08-28T22:07:41+00:00","dateModified":"2025-09-01T06:51:03+00:00","breadcrumb":{"@id":"https:\/\/www.emballagedigest.fr\/eco3-presente-sa-solution-flexo-aqueuse-tout-en-un-a-labelexpo-2025\/#breadcrumb"},"inLanguage":"en-GB","potentialAction":[{"@type":"ReadAction","target":["https:\/\/www.emballagedigest.fr\/eco3-presente-sa-solution-flexo-aqueuse-tout-en-un-a-labelexpo-2025\/"]}]},{"@type":"ImageObject","inLanguage":"en-GB","@id":"https:\/\/www.emballagedigest.fr\/eco3-presente-sa-solution-flexo-aqueuse-tout-en-un-a-labelexpo-2025\/#primaryimage","url":"https:\/\/www.emballagedigest.fr\/wp-content\/uploads\/2025\/08\/ECO3.jpg","contentUrl":"https:\/\/www.emballagedigest.fr\/wp-content\/uploads\/2025\/08\/ECO3.jpg","width":800,"height":600},{"@type":"BreadcrumbList","@id":"https:\/\/www.emballagedigest.fr\/eco3-presente-sa-solution-flexo-aqueuse-tout-en-un-a-labelexpo-2025\/#breadcrumb","itemListElement":[{"@type":"ListItem","position":1,"name":"Accueil","item":"https:\/\/www.emballagedigest.fr\/"},{"@type":"ListItem","position":2,"name":"ECO3 pr\u00e9sente sa solution flexo aqueuse tout-en-un \u00e0 Labelexpo 2025"}]},{"@type":"WebSite","@id":"https:\/\/www.emballagedigest.fr\/#website","url":"https:\/\/www.emballagedigest.fr\/","name":"Emballage Digest","description":"Revue professionnelle sur les emballages","publisher":{"@id":"https:\/\/www.emballagedigest.fr\/#organization"},"potentialAction":[{"@type":"SearchAction","target":{"@type":"EntryPoint","urlTemplate":"https:\/\/www.emballagedigest.fr\/?s={search_term_string}"},"query-input":{"@type":"PropertyValueSpecification","valueRequired":true,"valueName":"search_term_string"}}],"inLanguage":"en-GB"},{"@type":"Organization","@id":"https:\/\/www.emballagedigest.fr\/#organization","name":"Emballage Digest","url":"https:\/\/www.emballagedigest.fr\/","logo":{"@type":"ImageObject","inLanguage":"en-GB","@id":"https:\/\/www.emballagedigest.fr\/#\/schema\/logo\/image\/","url":"https:\/\/www.emballagedigest.fr\/wp-content\/uploads\/2022\/07\/logo-ed.png","contentUrl":"https:\/\/www.emballagedigest.fr\/wp-content\/uploads\/2022\/07\/logo-ed.png","width":379,"height":75,"caption":"Emballage Digest"},"image":{"@id":"https:\/\/www.emballagedigest.fr\/#\/schema\/logo\/image\/"}},{"@type":"Person","@id":"https:\/\/www.emballagedigest.fr\/#\/schema\/person\/76abe9f2b2ee4d3d520594c7a35da59f","name":"Karine Duval","image":{"@type":"ImageObject","inLanguage":"en-GB","@id":"https:\/\/www.emballagedigest.fr\/#\/schema\/person\/image\/","url":"https:\/\/secure.gravatar.com\/avatar\/f552799261cdd2e076e6677d780ef07bdb13aa4c196ab75b39abcbcdcae2d4e5?s=96&d=mm&r=g","contentUrl":"https:\/\/secure.gravatar.com\/avatar\/f552799261cdd2e076e6677d780ef07bdb13aa4c196ab75b39abcbcdcae2d4e5?s=96&d=mm&r=g","caption":"Karine Duval"},"url":"https:\/\/www.emballagedigest.fr\/en\/author\/admin_karduv\/"}]}},"_links":{"self":[{"href":"https:\/\/www.emballagedigest.fr\/en\/wp-json\/wp\/v2\/posts\/45278","targetHints":{"allow":["GET"]}}],"collection":[{"href":"https:\/\/www.emballagedigest.fr\/en\/wp-json\/wp\/v2\/posts"}],"about":[{"href":"https:\/\/www.emballagedigest.fr\/en\/wp-json\/wp\/v2\/types\/post"}],"author":[{"embeddable":true,"href":"https:\/\/www.emballagedigest.fr\/en\/wp-json\/wp\/v2\/users\/2"}],"replies":[{"embeddable":true,"href":"https:\/\/www.emballagedigest.fr\/en\/wp-json\/wp\/v2\/comments?post=45278"}],"version-history":[{"count":1,"href":"https:\/\/www.emballagedigest.fr\/en\/wp-json\/wp\/v2\/posts\/45278\/revisions"}],"predecessor-version":[{"id":45280,"href":"https:\/\/www.emballagedigest.fr\/en\/wp-json\/wp\/v2\/posts\/45278\/revisions\/45280"}],"wp:featuredmedia":[{"embeddable":true,"href":"https:\/\/www.emballagedigest.fr\/en\/wp-json\/wp\/v2\/media\/45279"}],"wp:attachment":[{"href":"https:\/\/www.emballagedigest.fr\/en\/wp-json\/wp\/v2\/media?parent=45278"}],"wp:term":[{"taxonomy":"category","embeddable":true,"href":"https:\/\/www.emballagedigest.fr\/en\/wp-json\/wp\/v2\/categories?post=45278"},{"taxonomy":"post_tag","embeddable":true,"href":"https:\/\/www.emballagedigest.fr\/en\/wp-json\/wp\/v2\/tags?post=45278"}],"curies":[{"name":"wp","href":"https:\/\/api.w.org\/{rel}","templated":true}]}}