{"id":45292,"date":"2025-09-01T08:52:02","date_gmt":"2025-09-01T06:52:02","guid":{"rendered":"https:\/\/www.emballagedigest.fr\/?p=45292"},"modified":"2025-09-02T08:10:38","modified_gmt":"2025-09-02T06:10:38","slug":"progroup-demarre-la-nouvelle-usine-de-carton-ondule-a-cessalto","status":"publish","type":"post","link":"https:\/\/www.emballagedigest.fr\/en\/progroup-demarre-la-nouvelle-usine-de-carton-ondule-a-cessalto\/","title":{"rendered":"Progroup d\u00e9marre une nouvelle usine de carton ondul\u00e9 \u00e0 Cessalto"},"content":{"rendered":"<p><strong>Fin ao\u00fbt, Progroup a lanc\u00e9 la production au sein de sa derni\u00e8re usine de cartons ondul\u00e9s \u00e0 Cessalto en Italie du nord. Ce site tr\u00e8s moderne permet \u00e0 l\u2019entreprise familiale de Landau\/Palatinat de poursuivre sa croissance et de continuer de renforcer durablement sa position sur le march\u00e9 europ\u00e9en.<\/strong><\/p>\n\n\n\n<p>Apr\u00e8s l\u2019usine PW11 \u00e0 Drizzona, PW16 est la 2<sup>e<\/sup> usine italienne de l\u2019entreprise familiale \u00e0 voir le jour. Le site hautement automatis\u00e9 est \u00e9quip\u00e9 d\u2019une ligne capable d\u2019atteindre une cadence de 400 m\u00e8tres par minute pour une laize de 3,35 m\u00e8tres, d\u00e9di\u00e9e \u00e0 la production de plaques d\u2019ondul\u00e9 Generation\u00ae au grammage particuli\u00e8rement fin. L\u2019\u00e9quipement affiche ainsi une capacit\u00e9 annuelle de pr\u00e8s de 200 000 tonnes. \u00ab Cette usine nous permet d\u2019investir non seulement dans une production \u00e0 fort rendement, mais aussi dans un futur p\u00e9renne et fort avec nos clients en Italie \u00bb, souligne le CEO de Progroup Maximilian Heindl.<\/p>\n\n\n\n<p>Autre caract\u00e9ristique cl\u00e9 de l\u2019usine, elle est \u00e0 proximit\u00e9 imm\u00e9diate du site de fabrication de plaques d\u2019ondul\u00e9 de l\u2019entreprise Ondulkart, avec pour avantage d\u2019optimiser les processus logistiques. Les plaques d\u2019ondul\u00e9s sont directement achemin\u00e9es depuis les hauts rayonnages enti\u00e8rement automatis\u00e9s comportant 15 000 emplacements vers la fabrication des emballages d\u2019Ondulkart. Le flux mat\u00e9riel est pilot\u00e9 avec pr\u00e9cision, selon les besoins, et sans perte de temps, au moyen d\u2019un syst\u00e8me intralogistique intelligents.<\/p>\n\n\n\n<p>\u00ab L\u2019\u00e9troite intrication avec Progroup nous permet de fournir nos clients avec plus de rapidit\u00e9 et de flexibilit\u00e9. Ensemble, nous cr\u00e9ons un environnement de production, qui pose de nouveaux jalons en termes de qualit\u00e9, de durabilit\u00e9 et de puissance d\u2019innovation \u00bb, pr\u00e9cise Antonio Pesce, directeur du fabricant d\u2019emballages Ondulkart, entreprise \u00e9galement de gestion familiale. R\u00e9sultat&nbsp;: une r\u00e9duction des frais op\u00e9rationnels des deux entreprises partenaires mais aussi les \u00e9missions de CO\u2082 gr\u00e2ce \u00e0 la suppression de plusieurs dizaines de trajets de camion par jour.<\/p>","protected":false},"excerpt":{"rendered":"<p>Fin ao\u00fbt, Progroup a lanc\u00e9 la production au sein de sa derni\u00e8re usine de cartons ondul\u00e9s \u00e0 Cessalto en Italie du nord. Ce site tr\u00e8s moderne permet \u00e0 l\u2019entreprise familiale de Landau\/Palatinat de poursuivre sa croissance et de continuer de renforcer durablement sa position sur le march\u00e9 europ\u00e9en. Apr\u00e8s l\u2019usine PW11 \u00e0 Drizzona, PW16 est [&hellip;]<\/p>","protected":false},"author":2,"featured_media":45293,"comment_status":"closed","ping_status":"closed","sticky":false,"template":"","format":"standard","meta":{"_acf_changed":false,"inline_featured_image":false,"iawp_total_views":1,"footnotes":""},"categories":[28,10],"tags":[],"class_list":["post-45292","post","type-post","status-publish","format-standard","has-post-thumbnail","hentry","category-article-entier","category-materiaux"],"acf":[],"yoast_head":"<!-- This site is optimized with the Yoast SEO plugin v24.4 - https:\/\/yoast.com\/wordpress\/plugins\/seo\/ -->\n<title>Progroup d\u00e9marre une nouvelle usine de carton ondul\u00e9 \u00e0 Cessalto - Emballage Digest<\/title>\n<meta name=\"robots\" content=\"index, follow, max-snippet:-1, max-image-preview:large, max-video-preview:-1\" \/>\n<link rel=\"canonical\" href=\"https:\/\/www.emballagedigest.fr\/en\/progroup-demarre-la-nouvelle-usine-de-carton-ondule-a-cessalto\/\" \/>\n<meta property=\"og:locale\" content=\"en_GB\" \/>\n<meta property=\"og:type\" content=\"article\" \/>\n<meta property=\"og:title\" content=\"Progroup d\u00e9marre une nouvelle usine de carton ondul\u00e9 \u00e0 Cessalto - Emballage Digest\" \/>\n<meta property=\"og:description\" content=\"Fin ao\u00fbt, Progroup a lanc\u00e9 la production au sein de sa derni\u00e8re usine de cartons ondul\u00e9s \u00e0 Cessalto en Italie du nord. Ce site tr\u00e8s moderne permet \u00e0 l\u2019entreprise familiale de Landau\/Palatinat de poursuivre sa croissance et de continuer de renforcer durablement sa position sur le march\u00e9 europ\u00e9en. Apr\u00e8s l\u2019usine PW11 \u00e0 Drizzona, PW16 est [&hellip;]\" \/>\n<meta property=\"og:url\" content=\"https:\/\/www.emballagedigest.fr\/en\/progroup-demarre-la-nouvelle-usine-de-carton-ondule-a-cessalto\/\" \/>\n<meta property=\"og:site_name\" content=\"Emballage Digest\" \/>\n<meta property=\"article:published_time\" content=\"2025-09-01T06:52:02+00:00\" \/>\n<meta property=\"article:modified_time\" content=\"2025-09-02T06:10:38+00:00\" \/>\n<meta property=\"og:image\" content=\"https:\/\/www.emballagedigest.fr\/wp-content\/uploads\/2025\/09\/PROGROUP.jpg\" \/>\n\t<meta property=\"og:image:width\" content=\"800\" \/>\n\t<meta property=\"og:image:height\" content=\"527\" \/>\n\t<meta property=\"og:image:type\" content=\"image\/jpeg\" \/>\n<meta name=\"author\" content=\"Karine Duval\" \/>\n<meta name=\"twitter:card\" content=\"summary_large_image\" \/>\n<meta name=\"twitter:label1\" content=\"Written by\" \/>\n\t<meta name=\"twitter:data1\" content=\"Karine Duval\" \/>\n\t<meta name=\"twitter:label2\" content=\"Estimated reading time\" \/>\n\t<meta name=\"twitter:data2\" content=\"2 minutes\" \/>\n<script type=\"application\/ld+json\" class=\"yoast-schema-graph\">{\"@context\":\"https:\/\/schema.org\",\"@graph\":[{\"@type\":\"Article\",\"@id\":\"https:\/\/www.emballagedigest.fr\/progroup-demarre-la-nouvelle-usine-de-carton-ondule-a-cessalto\/#article\",\"isPartOf\":{\"@id\":\"https:\/\/www.emballagedigest.fr\/progroup-demarre-la-nouvelle-usine-de-carton-ondule-a-cessalto\/\"},\"author\":{\"name\":\"Karine Duval\",\"@id\":\"https:\/\/www.emballagedigest.fr\/#\/schema\/person\/76abe9f2b2ee4d3d520594c7a35da59f\"},\"headline\":\"Progroup d\u00e9marre une nouvelle usine de carton ondul\u00e9 \u00e0 Cessalto\",\"datePublished\":\"2025-09-01T06:52:02+00:00\",\"dateModified\":\"2025-09-02T06:10:38+00:00\",\"mainEntityOfPage\":{\"@id\":\"https:\/\/www.emballagedigest.fr\/progroup-demarre-la-nouvelle-usine-de-carton-ondule-a-cessalto\/\"},\"wordCount\":341,\"publisher\":{\"@id\":\"https:\/\/www.emballagedigest.fr\/#organization\"},\"image\":{\"@id\":\"https:\/\/www.emballagedigest.fr\/progroup-demarre-la-nouvelle-usine-de-carton-ondule-a-cessalto\/#primaryimage\"},\"thumbnailUrl\":\"https:\/\/www.emballagedigest.fr\/wp-content\/uploads\/2025\/09\/PROGROUP.jpg\",\"articleSection\":[\"Article entier\",\"Mat\u00e9riaux\"],\"inLanguage\":\"en-GB\"},{\"@type\":\"WebPage\",\"@id\":\"https:\/\/www.emballagedigest.fr\/progroup-demarre-la-nouvelle-usine-de-carton-ondule-a-cessalto\/\",\"url\":\"https:\/\/www.emballagedigest.fr\/progroup-demarre-la-nouvelle-usine-de-carton-ondule-a-cessalto\/\",\"name\":\"Progroup d\u00e9marre une nouvelle usine de carton ondul\u00e9 \u00e0 Cessalto - Emballage Digest\",\"isPartOf\":{\"@id\":\"https:\/\/www.emballagedigest.fr\/#website\"},\"primaryImageOfPage\":{\"@id\":\"https:\/\/www.emballagedigest.fr\/progroup-demarre-la-nouvelle-usine-de-carton-ondule-a-cessalto\/#primaryimage\"},\"image\":{\"@id\":\"https:\/\/www.emballagedigest.fr\/progroup-demarre-la-nouvelle-usine-de-carton-ondule-a-cessalto\/#primaryimage\"},\"thumbnailUrl\":\"https:\/\/www.emballagedigest.fr\/wp-content\/uploads\/2025\/09\/PROGROUP.jpg\",\"datePublished\":\"2025-09-01T06:52:02+00:00\",\"dateModified\":\"2025-09-02T06:10:38+00:00\",\"breadcrumb\":{\"@id\":\"https:\/\/www.emballagedigest.fr\/progroup-demarre-la-nouvelle-usine-de-carton-ondule-a-cessalto\/#breadcrumb\"},\"inLanguage\":\"en-GB\",\"potentialAction\":[{\"@type\":\"ReadAction\",\"target\":[\"https:\/\/www.emballagedigest.fr\/progroup-demarre-la-nouvelle-usine-de-carton-ondule-a-cessalto\/\"]}]},{\"@type\":\"ImageObject\",\"inLanguage\":\"en-GB\",\"@id\":\"https:\/\/www.emballagedigest.fr\/progroup-demarre-la-nouvelle-usine-de-carton-ondule-a-cessalto\/#primaryimage\",\"url\":\"https:\/\/www.emballagedigest.fr\/wp-content\/uploads\/2025\/09\/PROGROUP.jpg\",\"contentUrl\":\"https:\/\/www.emballagedigest.fr\/wp-content\/uploads\/2025\/09\/PROGROUP.jpg\",\"width\":800,\"height\":527},{\"@type\":\"BreadcrumbList\",\"@id\":\"https:\/\/www.emballagedigest.fr\/progroup-demarre-la-nouvelle-usine-de-carton-ondule-a-cessalto\/#breadcrumb\",\"itemListElement\":[{\"@type\":\"ListItem\",\"position\":1,\"name\":\"Accueil\",\"item\":\"https:\/\/www.emballagedigest.fr\/\"},{\"@type\":\"ListItem\",\"position\":2,\"name\":\"Progroup d\u00e9marre une nouvelle usine de carton ondul\u00e9 \u00e0 Cessalto\"}]},{\"@type\":\"WebSite\",\"@id\":\"https:\/\/www.emballagedigest.fr\/#website\",\"url\":\"https:\/\/www.emballagedigest.fr\/\",\"name\":\"Emballage Digest\",\"description\":\"Revue professionnelle sur les emballages\",\"publisher\":{\"@id\":\"https:\/\/www.emballagedigest.fr\/#organization\"},\"potentialAction\":[{\"@type\":\"SearchAction\",\"target\":{\"@type\":\"EntryPoint\",\"urlTemplate\":\"https:\/\/www.emballagedigest.fr\/?s={search_term_string}\"},\"query-input\":{\"@type\":\"PropertyValueSpecification\",\"valueRequired\":true,\"valueName\":\"search_term_string\"}}],\"inLanguage\":\"en-GB\"},{\"@type\":\"Organization\",\"@id\":\"https:\/\/www.emballagedigest.fr\/#organization\",\"name\":\"Emballage Digest\",\"url\":\"https:\/\/www.emballagedigest.fr\/\",\"logo\":{\"@type\":\"ImageObject\",\"inLanguage\":\"en-GB\",\"@id\":\"https:\/\/www.emballagedigest.fr\/#\/schema\/logo\/image\/\",\"url\":\"https:\/\/www.emballagedigest.fr\/wp-content\/uploads\/2022\/07\/logo-ed.png\",\"contentUrl\":\"https:\/\/www.emballagedigest.fr\/wp-content\/uploads\/2022\/07\/logo-ed.png\",\"width\":379,\"height\":75,\"caption\":\"Emballage Digest\"},\"image\":{\"@id\":\"https:\/\/www.emballagedigest.fr\/#\/schema\/logo\/image\/\"}},{\"@type\":\"Person\",\"@id\":\"https:\/\/www.emballagedigest.fr\/#\/schema\/person\/76abe9f2b2ee4d3d520594c7a35da59f\",\"name\":\"Karine Duval\",\"image\":{\"@type\":\"ImageObject\",\"inLanguage\":\"en-GB\",\"@id\":\"https:\/\/www.emballagedigest.fr\/#\/schema\/person\/image\/\",\"url\":\"https:\/\/secure.gravatar.com\/avatar\/f552799261cdd2e076e6677d780ef07bdb13aa4c196ab75b39abcbcdcae2d4e5?s=96&d=mm&r=g\",\"contentUrl\":\"https:\/\/secure.gravatar.com\/avatar\/f552799261cdd2e076e6677d780ef07bdb13aa4c196ab75b39abcbcdcae2d4e5?s=96&d=mm&r=g\",\"caption\":\"Karine Duval\"},\"url\":\"https:\/\/www.emballagedigest.fr\/en\/author\/admin_karduv\/\"}]}<\/script>\n<!-- \/ Yoast SEO plugin. -->","yoast_head_json":{"title":"Progroup d\u00e9marre une nouvelle usine de carton ondul\u00e9 \u00e0 Cessalto - Emballage Digest","robots":{"index":"index","follow":"follow","max-snippet":"max-snippet:-1","max-image-preview":"max-image-preview:large","max-video-preview":"max-video-preview:-1"},"canonical":"https:\/\/www.emballagedigest.fr\/en\/progroup-demarre-la-nouvelle-usine-de-carton-ondule-a-cessalto\/","og_locale":"en_GB","og_type":"article","og_title":"Progroup d\u00e9marre une nouvelle usine de carton ondul\u00e9 \u00e0 Cessalto - Emballage Digest","og_description":"Fin ao\u00fbt, Progroup a lanc\u00e9 la production au sein de sa derni\u00e8re usine de cartons ondul\u00e9s \u00e0 Cessalto en Italie du nord. Ce site tr\u00e8s moderne permet \u00e0 l\u2019entreprise familiale de Landau\/Palatinat de poursuivre sa croissance et de continuer de renforcer durablement sa position sur le march\u00e9 europ\u00e9en. Apr\u00e8s l\u2019usine PW11 \u00e0 Drizzona, PW16 est [&hellip;]","og_url":"https:\/\/www.emballagedigest.fr\/en\/progroup-demarre-la-nouvelle-usine-de-carton-ondule-a-cessalto\/","og_site_name":"Emballage Digest","article_published_time":"2025-09-01T06:52:02+00:00","article_modified_time":"2025-09-02T06:10:38+00:00","og_image":[{"width":800,"height":527,"url":"https:\/\/www.emballagedigest.fr\/wp-content\/uploads\/2025\/09\/PROGROUP.jpg","type":"image\/jpeg"}],"author":"Karine Duval","twitter_card":"summary_large_image","twitter_misc":{"Written by":"Karine Duval","Estimated reading time":"2 minutes"},"schema":{"@context":"https:\/\/schema.org","@graph":[{"@type":"Article","@id":"https:\/\/www.emballagedigest.fr\/progroup-demarre-la-nouvelle-usine-de-carton-ondule-a-cessalto\/#article","isPartOf":{"@id":"https:\/\/www.emballagedigest.fr\/progroup-demarre-la-nouvelle-usine-de-carton-ondule-a-cessalto\/"},"author":{"name":"Karine Duval","@id":"https:\/\/www.emballagedigest.fr\/#\/schema\/person\/76abe9f2b2ee4d3d520594c7a35da59f"},"headline":"Progroup d\u00e9marre une nouvelle usine de carton ondul\u00e9 \u00e0 Cessalto","datePublished":"2025-09-01T06:52:02+00:00","dateModified":"2025-09-02T06:10:38+00:00","mainEntityOfPage":{"@id":"https:\/\/www.emballagedigest.fr\/progroup-demarre-la-nouvelle-usine-de-carton-ondule-a-cessalto\/"},"wordCount":341,"publisher":{"@id":"https:\/\/www.emballagedigest.fr\/#organization"},"image":{"@id":"https:\/\/www.emballagedigest.fr\/progroup-demarre-la-nouvelle-usine-de-carton-ondule-a-cessalto\/#primaryimage"},"thumbnailUrl":"https:\/\/www.emballagedigest.fr\/wp-content\/uploads\/2025\/09\/PROGROUP.jpg","articleSection":["Article entier","Mat\u00e9riaux"],"inLanguage":"en-GB"},{"@type":"WebPage","@id":"https:\/\/www.emballagedigest.fr\/progroup-demarre-la-nouvelle-usine-de-carton-ondule-a-cessalto\/","url":"https:\/\/www.emballagedigest.fr\/progroup-demarre-la-nouvelle-usine-de-carton-ondule-a-cessalto\/","name":"Progroup d\u00e9marre une nouvelle usine de carton ondul\u00e9 \u00e0 Cessalto - Emballage Digest","isPartOf":{"@id":"https:\/\/www.emballagedigest.fr\/#website"},"primaryImageOfPage":{"@id":"https:\/\/www.emballagedigest.fr\/progroup-demarre-la-nouvelle-usine-de-carton-ondule-a-cessalto\/#primaryimage"},"image":{"@id":"https:\/\/www.emballagedigest.fr\/progroup-demarre-la-nouvelle-usine-de-carton-ondule-a-cessalto\/#primaryimage"},"thumbnailUrl":"https:\/\/www.emballagedigest.fr\/wp-content\/uploads\/2025\/09\/PROGROUP.jpg","datePublished":"2025-09-01T06:52:02+00:00","dateModified":"2025-09-02T06:10:38+00:00","breadcrumb":{"@id":"https:\/\/www.emballagedigest.fr\/progroup-demarre-la-nouvelle-usine-de-carton-ondule-a-cessalto\/#breadcrumb"},"inLanguage":"en-GB","potentialAction":[{"@type":"ReadAction","target":["https:\/\/www.emballagedigest.fr\/progroup-demarre-la-nouvelle-usine-de-carton-ondule-a-cessalto\/"]}]},{"@type":"ImageObject","inLanguage":"en-GB","@id":"https:\/\/www.emballagedigest.fr\/progroup-demarre-la-nouvelle-usine-de-carton-ondule-a-cessalto\/#primaryimage","url":"https:\/\/www.emballagedigest.fr\/wp-content\/uploads\/2025\/09\/PROGROUP.jpg","contentUrl":"https:\/\/www.emballagedigest.fr\/wp-content\/uploads\/2025\/09\/PROGROUP.jpg","width":800,"height":527},{"@type":"BreadcrumbList","@id":"https:\/\/www.emballagedigest.fr\/progroup-demarre-la-nouvelle-usine-de-carton-ondule-a-cessalto\/#breadcrumb","itemListElement":[{"@type":"ListItem","position":1,"name":"Accueil","item":"https:\/\/www.emballagedigest.fr\/"},{"@type":"ListItem","position":2,"name":"Progroup d\u00e9marre une nouvelle usine de carton ondul\u00e9 \u00e0 Cessalto"}]},{"@type":"WebSite","@id":"https:\/\/www.emballagedigest.fr\/#website","url":"https:\/\/www.emballagedigest.fr\/","name":"Emballage Digest","description":"Revue professionnelle sur les emballages","publisher":{"@id":"https:\/\/www.emballagedigest.fr\/#organization"},"potentialAction":[{"@type":"SearchAction","target":{"@type":"EntryPoint","urlTemplate":"https:\/\/www.emballagedigest.fr\/?s={search_term_string}"},"query-input":{"@type":"PropertyValueSpecification","valueRequired":true,"valueName":"search_term_string"}}],"inLanguage":"en-GB"},{"@type":"Organization","@id":"https:\/\/www.emballagedigest.fr\/#organization","name":"Emballage Digest","url":"https:\/\/www.emballagedigest.fr\/","logo":{"@type":"ImageObject","inLanguage":"en-GB","@id":"https:\/\/www.emballagedigest.fr\/#\/schema\/logo\/image\/","url":"https:\/\/www.emballagedigest.fr\/wp-content\/uploads\/2022\/07\/logo-ed.png","contentUrl":"https:\/\/www.emballagedigest.fr\/wp-content\/uploads\/2022\/07\/logo-ed.png","width":379,"height":75,"caption":"Emballage Digest"},"image":{"@id":"https:\/\/www.emballagedigest.fr\/#\/schema\/logo\/image\/"}},{"@type":"Person","@id":"https:\/\/www.emballagedigest.fr\/#\/schema\/person\/76abe9f2b2ee4d3d520594c7a35da59f","name":"Karine Duval","image":{"@type":"ImageObject","inLanguage":"en-GB","@id":"https:\/\/www.emballagedigest.fr\/#\/schema\/person\/image\/","url":"https:\/\/secure.gravatar.com\/avatar\/f552799261cdd2e076e6677d780ef07bdb13aa4c196ab75b39abcbcdcae2d4e5?s=96&d=mm&r=g","contentUrl":"https:\/\/secure.gravatar.com\/avatar\/f552799261cdd2e076e6677d780ef07bdb13aa4c196ab75b39abcbcdcae2d4e5?s=96&d=mm&r=g","caption":"Karine Duval"},"url":"https:\/\/www.emballagedigest.fr\/en\/author\/admin_karduv\/"}]}},"_links":{"self":[{"href":"https:\/\/www.emballagedigest.fr\/en\/wp-json\/wp\/v2\/posts\/45292","targetHints":{"allow":["GET"]}}],"collection":[{"href":"https:\/\/www.emballagedigest.fr\/en\/wp-json\/wp\/v2\/posts"}],"about":[{"href":"https:\/\/www.emballagedigest.fr\/en\/wp-json\/wp\/v2\/types\/post"}],"author":[{"embeddable":true,"href":"https:\/\/www.emballagedigest.fr\/en\/wp-json\/wp\/v2\/users\/2"}],"replies":[{"embeddable":true,"href":"https:\/\/www.emballagedigest.fr\/en\/wp-json\/wp\/v2\/comments?post=45292"}],"version-history":[{"count":2,"href":"https:\/\/www.emballagedigest.fr\/en\/wp-json\/wp\/v2\/posts\/45292\/revisions"}],"predecessor-version":[{"id":45298,"href":"https:\/\/www.emballagedigest.fr\/en\/wp-json\/wp\/v2\/posts\/45292\/revisions\/45298"}],"wp:featuredmedia":[{"embeddable":true,"href":"https:\/\/www.emballagedigest.fr\/en\/wp-json\/wp\/v2\/media\/45293"}],"wp:attachment":[{"href":"https:\/\/www.emballagedigest.fr\/en\/wp-json\/wp\/v2\/media?parent=45292"}],"wp:term":[{"taxonomy":"category","embeddable":true,"href":"https:\/\/www.emballagedigest.fr\/en\/wp-json\/wp\/v2\/categories?post=45292"},{"taxonomy":"post_tag","embeddable":true,"href":"https:\/\/www.emballagedigest.fr\/en\/wp-json\/wp\/v2\/tags?post=45292"}],"curies":[{"name":"wp","href":"https:\/\/api.w.org\/{rel}","templated":true}]}}