{"id":45295,"date":"2025-09-01T08:53:30","date_gmt":"2025-09-01T06:53:30","guid":{"rendered":"https:\/\/www.emballagedigest.fr\/?p=45295"},"modified":"2025-09-01T08:53:32","modified_gmt":"2025-09-01T06:53:32","slug":"sudpack-lance-sa-marque-carbonlite","status":"publish","type":"post","link":"https:\/\/www.emballagedigest.fr\/en\/sudpack-lance-sa-marque-carbonlite\/","title":{"rendered":"S\u00fcdpack lance sa marque CarbonLite\u00ae"},"content":{"rendered":"<p><strong>Les films pour sachets flowpack et stand up de la s\u00e9rie haut de gamme Pure-Line de S\u00fcdpack sont d\u00e9sormais regroup\u00e9s dans une gamme distincte commercialis\u00e9e sous le nom CarbonLite\u00ae.<\/strong><\/p>\n\n\n\n<p>Les mono-mat\u00e9riaux \u00e0 base de PP et de PE peuvent \u00eatre transform\u00e9s sur des ensacheuses horizontales et verticales en flowpacks, en sachets stand up avec ou sans bouchon, ainsi qu\u2019en sachets \u00e0 fond plat, tout en \u00e9tant particuli\u00e8rement adapt\u00e9s pour les applications MAP. En comparaison avec une barquette classique, par exemple, un flowpack CarbonLite PurePP utilise jusqu\u2019\u00e0 60&nbsp;% de mat\u00e9riau en moins et la recyclabilit\u00e9 du concept d\u2019emballage, qui peut aussi \u00eatre certifi\u00e9e par des instituts externes, atteint jusqu\u2019\u00e0 92&nbsp;%. Pour les sachets tubulaires horizontaux \u00e0 base de PE, une r\u00e9duction suppl\u00e9mentaire de l\u2019\u00e9paisseur a pu \u00eatre obtenue tout en conservant les m\u00eames propri\u00e9t\u00e9s barri\u00e8res, ce qui a permis de r\u00e9duire la quantit\u00e9 de mat\u00e9riau de 10&nbsp;% suppl\u00e9mentaires.<\/p>\n\n\n\n<p>Malgr\u00e9 des options d\u2019application tr\u00e8s vari\u00e9es, tous les films ont un point commun&nbsp;: leurs propri\u00e9t\u00e9s barri\u00e8res, qui peuvent \u00eatre adapt\u00e9es de mani\u00e8re optimale \u00e0 chaque produit, par exemple contre l\u2019oxyg\u00e8ne et la vapeur d\u2019eau, garantissent une longue dur\u00e9e de conservation pour les denr\u00e9es alimentaires les plus divers. Si n\u00e9cessaire et souhait\u00e9, une protection antibu\u00e9e peut \u00eatre ajout\u00e9e pour garantir une visibilit\u00e9 optimale du produit emball\u00e9.<\/p>\n\n\n\n<p>Par ailleurs, les films peuvent \u00eatre trait\u00e9s efficacement, m\u00eame \u00e0 des cadences \u00e9lev\u00e9es, sur des ensacheuses standard. Les performances de scellage fiables gr\u00e2ce \u00e0 une r\u00e9sistance thermique \u00e9lev\u00e9e garantissent une s\u00e9curit\u00e9 optimale des produits et des emballages, y compris en cas d\u2019int\u00e9gration de zips, bouchons ou valves fabriqu\u00e9s avec le m\u00eame mono-mat\u00e9riau.<\/p>\n\n\n\n<p>C\u00f4t\u00e9 personnalisation, l\u2019impression des emballages peut \u00e9galement \u00eatre optimis\u00e9e gr\u00e2ce \u00e0 l\u2019utilisation de la SPQ. En effet, la technologie d\u2019impression innovante de S\u00fcdpack r\u00e9duit consid\u00e9rablement l\u2019utilisation de colorants et de solvants, tout en am\u00e9liorant la brillance des couleurs.<\/p>","protected":false},"excerpt":{"rendered":"<p>Les films pour sachets flowpack et stand up de la s\u00e9rie haut de gamme Pure-Line de S\u00fcdpack sont d\u00e9sormais regroup\u00e9s dans une gamme distincte commercialis\u00e9e sous le nom CarbonLite\u00ae. Les mono-mat\u00e9riaux \u00e0 base de PP et de PE peuvent \u00eatre transform\u00e9s sur des ensacheuses horizontales et verticales en flowpacks, en sachets stand up avec ou [&hellip;]<\/p>","protected":false},"author":2,"featured_media":45296,"comment_status":"closed","ping_status":"closed","sticky":false,"template":"","format":"standard","meta":{"_acf_changed":false,"inline_featured_image":false,"iawp_total_views":5,"footnotes":""},"categories":[5,28,81],"tags":[],"class_list":["post-45295","post","type-post","status-publish","format-standard","has-post-thumbnail","hentry","category-alimentaire","category-article-entier","category-packaging"],"acf":[],"yoast_head":"<!-- This site is optimized with the Yoast SEO plugin v24.4 - https:\/\/yoast.com\/wordpress\/plugins\/seo\/ -->\n<title>S\u00fcdpack lance sa marque CarbonLite\u00ae - Emballage Digest<\/title>\n<meta name=\"robots\" content=\"index, follow, max-snippet:-1, max-image-preview:large, max-video-preview:-1\" \/>\n<link rel=\"canonical\" href=\"https:\/\/www.emballagedigest.fr\/en\/sudpack-lance-sa-marque-carbonlite\/\" \/>\n<meta property=\"og:locale\" content=\"en_GB\" \/>\n<meta property=\"og:type\" content=\"article\" \/>\n<meta property=\"og:title\" content=\"S\u00fcdpack lance sa marque CarbonLite\u00ae - Emballage Digest\" \/>\n<meta property=\"og:description\" content=\"Les films pour sachets flowpack et stand up de la s\u00e9rie haut de gamme Pure-Line de S\u00fcdpack sont d\u00e9sormais regroup\u00e9s dans une gamme distincte commercialis\u00e9e sous le nom CarbonLite\u00ae. Les mono-mat\u00e9riaux \u00e0 base de PP et de PE peuvent \u00eatre transform\u00e9s sur des ensacheuses horizontales et verticales en flowpacks, en sachets stand up avec ou [&hellip;]\" \/>\n<meta property=\"og:url\" content=\"https:\/\/www.emballagedigest.fr\/en\/sudpack-lance-sa-marque-carbonlite\/\" \/>\n<meta property=\"og:site_name\" content=\"Emballage Digest\" \/>\n<meta property=\"article:published_time\" content=\"2025-09-01T06:53:30+00:00\" \/>\n<meta property=\"article:modified_time\" content=\"2025-09-01T06:53:32+00:00\" \/>\n<meta property=\"og:image\" content=\"https:\/\/www.emballagedigest.fr\/wp-content\/uploads\/2025\/09\/SUDPACK.jpg\" \/>\n\t<meta property=\"og:image:width\" content=\"800\" \/>\n\t<meta property=\"og:image:height\" content=\"533\" \/>\n\t<meta property=\"og:image:type\" content=\"image\/jpeg\" \/>\n<meta name=\"author\" content=\"Karine Duval\" \/>\n<meta name=\"twitter:card\" content=\"summary_large_image\" \/>\n<meta name=\"twitter:label1\" content=\"Written by\" \/>\n\t<meta name=\"twitter:data1\" content=\"Karine Duval\" \/>\n\t<meta name=\"twitter:label2\" content=\"Estimated reading time\" \/>\n\t<meta name=\"twitter:data2\" content=\"2 minutes\" \/>\n<script type=\"application\/ld+json\" class=\"yoast-schema-graph\">{\"@context\":\"https:\/\/schema.org\",\"@graph\":[{\"@type\":\"Article\",\"@id\":\"https:\/\/www.emballagedigest.fr\/sudpack-lance-sa-marque-carbonlite\/#article\",\"isPartOf\":{\"@id\":\"https:\/\/www.emballagedigest.fr\/sudpack-lance-sa-marque-carbonlite\/\"},\"author\":{\"name\":\"Karine Duval\",\"@id\":\"https:\/\/www.emballagedigest.fr\/#\/schema\/person\/76abe9f2b2ee4d3d520594c7a35da59f\"},\"headline\":\"S\u00fcdpack lance sa marque CarbonLite\u00ae\",\"datePublished\":\"2025-09-01T06:53:30+00:00\",\"dateModified\":\"2025-09-01T06:53:32+00:00\",\"mainEntityOfPage\":{\"@id\":\"https:\/\/www.emballagedigest.fr\/sudpack-lance-sa-marque-carbonlite\/\"},\"wordCount\":364,\"publisher\":{\"@id\":\"https:\/\/www.emballagedigest.fr\/#organization\"},\"image\":{\"@id\":\"https:\/\/www.emballagedigest.fr\/sudpack-lance-sa-marque-carbonlite\/#primaryimage\"},\"thumbnailUrl\":\"https:\/\/www.emballagedigest.fr\/wp-content\/uploads\/2025\/09\/SUDPACK.jpg\",\"articleSection\":[\"Alimentaire\",\"Article entier\",\"Packaging\"],\"inLanguage\":\"en-GB\"},{\"@type\":\"WebPage\",\"@id\":\"https:\/\/www.emballagedigest.fr\/sudpack-lance-sa-marque-carbonlite\/\",\"url\":\"https:\/\/www.emballagedigest.fr\/sudpack-lance-sa-marque-carbonlite\/\",\"name\":\"S\u00fcdpack lance sa marque CarbonLite\u00ae - Emballage Digest\",\"isPartOf\":{\"@id\":\"https:\/\/www.emballagedigest.fr\/#website\"},\"primaryImageOfPage\":{\"@id\":\"https:\/\/www.emballagedigest.fr\/sudpack-lance-sa-marque-carbonlite\/#primaryimage\"},\"image\":{\"@id\":\"https:\/\/www.emballagedigest.fr\/sudpack-lance-sa-marque-carbonlite\/#primaryimage\"},\"thumbnailUrl\":\"https:\/\/www.emballagedigest.fr\/wp-content\/uploads\/2025\/09\/SUDPACK.jpg\",\"datePublished\":\"2025-09-01T06:53:30+00:00\",\"dateModified\":\"2025-09-01T06:53:32+00:00\",\"breadcrumb\":{\"@id\":\"https:\/\/www.emballagedigest.fr\/sudpack-lance-sa-marque-carbonlite\/#breadcrumb\"},\"inLanguage\":\"en-GB\",\"potentialAction\":[{\"@type\":\"ReadAction\",\"target\":[\"https:\/\/www.emballagedigest.fr\/sudpack-lance-sa-marque-carbonlite\/\"]}]},{\"@type\":\"ImageObject\",\"inLanguage\":\"en-GB\",\"@id\":\"https:\/\/www.emballagedigest.fr\/sudpack-lance-sa-marque-carbonlite\/#primaryimage\",\"url\":\"https:\/\/www.emballagedigest.fr\/wp-content\/uploads\/2025\/09\/SUDPACK.jpg\",\"contentUrl\":\"https:\/\/www.emballagedigest.fr\/wp-content\/uploads\/2025\/09\/SUDPACK.jpg\",\"width\":800,\"height\":533},{\"@type\":\"BreadcrumbList\",\"@id\":\"https:\/\/www.emballagedigest.fr\/sudpack-lance-sa-marque-carbonlite\/#breadcrumb\",\"itemListElement\":[{\"@type\":\"ListItem\",\"position\":1,\"name\":\"Accueil\",\"item\":\"https:\/\/www.emballagedigest.fr\/\"},{\"@type\":\"ListItem\",\"position\":2,\"name\":\"S\u00fcdpack lance sa marque CarbonLite\u00ae\"}]},{\"@type\":\"WebSite\",\"@id\":\"https:\/\/www.emballagedigest.fr\/#website\",\"url\":\"https:\/\/www.emballagedigest.fr\/\",\"name\":\"Emballage Digest\",\"description\":\"Revue professionnelle sur les emballages\",\"publisher\":{\"@id\":\"https:\/\/www.emballagedigest.fr\/#organization\"},\"potentialAction\":[{\"@type\":\"SearchAction\",\"target\":{\"@type\":\"EntryPoint\",\"urlTemplate\":\"https:\/\/www.emballagedigest.fr\/?s={search_term_string}\"},\"query-input\":{\"@type\":\"PropertyValueSpecification\",\"valueRequired\":true,\"valueName\":\"search_term_string\"}}],\"inLanguage\":\"en-GB\"},{\"@type\":\"Organization\",\"@id\":\"https:\/\/www.emballagedigest.fr\/#organization\",\"name\":\"Emballage Digest\",\"url\":\"https:\/\/www.emballagedigest.fr\/\",\"logo\":{\"@type\":\"ImageObject\",\"inLanguage\":\"en-GB\",\"@id\":\"https:\/\/www.emballagedigest.fr\/#\/schema\/logo\/image\/\",\"url\":\"https:\/\/www.emballagedigest.fr\/wp-content\/uploads\/2022\/07\/logo-ed.png\",\"contentUrl\":\"https:\/\/www.emballagedigest.fr\/wp-content\/uploads\/2022\/07\/logo-ed.png\",\"width\":379,\"height\":75,\"caption\":\"Emballage Digest\"},\"image\":{\"@id\":\"https:\/\/www.emballagedigest.fr\/#\/schema\/logo\/image\/\"}},{\"@type\":\"Person\",\"@id\":\"https:\/\/www.emballagedigest.fr\/#\/schema\/person\/76abe9f2b2ee4d3d520594c7a35da59f\",\"name\":\"Karine Duval\",\"image\":{\"@type\":\"ImageObject\",\"inLanguage\":\"en-GB\",\"@id\":\"https:\/\/www.emballagedigest.fr\/#\/schema\/person\/image\/\",\"url\":\"https:\/\/secure.gravatar.com\/avatar\/f552799261cdd2e076e6677d780ef07bdb13aa4c196ab75b39abcbcdcae2d4e5?s=96&d=mm&r=g\",\"contentUrl\":\"https:\/\/secure.gravatar.com\/avatar\/f552799261cdd2e076e6677d780ef07bdb13aa4c196ab75b39abcbcdcae2d4e5?s=96&d=mm&r=g\",\"caption\":\"Karine Duval\"},\"url\":\"https:\/\/www.emballagedigest.fr\/en\/author\/admin_karduv\/\"}]}<\/script>\n<!-- \/ Yoast SEO plugin. -->","yoast_head_json":{"title":"S\u00fcdpack lance sa marque CarbonLite\u00ae - Emballage Digest","robots":{"index":"index","follow":"follow","max-snippet":"max-snippet:-1","max-image-preview":"max-image-preview:large","max-video-preview":"max-video-preview:-1"},"canonical":"https:\/\/www.emballagedigest.fr\/en\/sudpack-lance-sa-marque-carbonlite\/","og_locale":"en_GB","og_type":"article","og_title":"S\u00fcdpack lance sa marque CarbonLite\u00ae - Emballage Digest","og_description":"Les films pour sachets flowpack et stand up de la s\u00e9rie haut de gamme Pure-Line de S\u00fcdpack sont d\u00e9sormais regroup\u00e9s dans une gamme distincte commercialis\u00e9e sous le nom CarbonLite\u00ae. Les mono-mat\u00e9riaux \u00e0 base de PP et de PE peuvent \u00eatre transform\u00e9s sur des ensacheuses horizontales et verticales en flowpacks, en sachets stand up avec ou [&hellip;]","og_url":"https:\/\/www.emballagedigest.fr\/en\/sudpack-lance-sa-marque-carbonlite\/","og_site_name":"Emballage Digest","article_published_time":"2025-09-01T06:53:30+00:00","article_modified_time":"2025-09-01T06:53:32+00:00","og_image":[{"width":800,"height":533,"url":"https:\/\/www.emballagedigest.fr\/wp-content\/uploads\/2025\/09\/SUDPACK.jpg","type":"image\/jpeg"}],"author":"Karine Duval","twitter_card":"summary_large_image","twitter_misc":{"Written by":"Karine Duval","Estimated reading time":"2 minutes"},"schema":{"@context":"https:\/\/schema.org","@graph":[{"@type":"Article","@id":"https:\/\/www.emballagedigest.fr\/sudpack-lance-sa-marque-carbonlite\/#article","isPartOf":{"@id":"https:\/\/www.emballagedigest.fr\/sudpack-lance-sa-marque-carbonlite\/"},"author":{"name":"Karine Duval","@id":"https:\/\/www.emballagedigest.fr\/#\/schema\/person\/76abe9f2b2ee4d3d520594c7a35da59f"},"headline":"S\u00fcdpack lance sa marque CarbonLite\u00ae","datePublished":"2025-09-01T06:53:30+00:00","dateModified":"2025-09-01T06:53:32+00:00","mainEntityOfPage":{"@id":"https:\/\/www.emballagedigest.fr\/sudpack-lance-sa-marque-carbonlite\/"},"wordCount":364,"publisher":{"@id":"https:\/\/www.emballagedigest.fr\/#organization"},"image":{"@id":"https:\/\/www.emballagedigest.fr\/sudpack-lance-sa-marque-carbonlite\/#primaryimage"},"thumbnailUrl":"https:\/\/www.emballagedigest.fr\/wp-content\/uploads\/2025\/09\/SUDPACK.jpg","articleSection":["Alimentaire","Article entier","Packaging"],"inLanguage":"en-GB"},{"@type":"WebPage","@id":"https:\/\/www.emballagedigest.fr\/sudpack-lance-sa-marque-carbonlite\/","url":"https:\/\/www.emballagedigest.fr\/sudpack-lance-sa-marque-carbonlite\/","name":"S\u00fcdpack lance sa marque CarbonLite\u00ae - Emballage Digest","isPartOf":{"@id":"https:\/\/www.emballagedigest.fr\/#website"},"primaryImageOfPage":{"@id":"https:\/\/www.emballagedigest.fr\/sudpack-lance-sa-marque-carbonlite\/#primaryimage"},"image":{"@id":"https:\/\/www.emballagedigest.fr\/sudpack-lance-sa-marque-carbonlite\/#primaryimage"},"thumbnailUrl":"https:\/\/www.emballagedigest.fr\/wp-content\/uploads\/2025\/09\/SUDPACK.jpg","datePublished":"2025-09-01T06:53:30+00:00","dateModified":"2025-09-01T06:53:32+00:00","breadcrumb":{"@id":"https:\/\/www.emballagedigest.fr\/sudpack-lance-sa-marque-carbonlite\/#breadcrumb"},"inLanguage":"en-GB","potentialAction":[{"@type":"ReadAction","target":["https:\/\/www.emballagedigest.fr\/sudpack-lance-sa-marque-carbonlite\/"]}]},{"@type":"ImageObject","inLanguage":"en-GB","@id":"https:\/\/www.emballagedigest.fr\/sudpack-lance-sa-marque-carbonlite\/#primaryimage","url":"https:\/\/www.emballagedigest.fr\/wp-content\/uploads\/2025\/09\/SUDPACK.jpg","contentUrl":"https:\/\/www.emballagedigest.fr\/wp-content\/uploads\/2025\/09\/SUDPACK.jpg","width":800,"height":533},{"@type":"BreadcrumbList","@id":"https:\/\/www.emballagedigest.fr\/sudpack-lance-sa-marque-carbonlite\/#breadcrumb","itemListElement":[{"@type":"ListItem","position":1,"name":"Accueil","item":"https:\/\/www.emballagedigest.fr\/"},{"@type":"ListItem","position":2,"name":"S\u00fcdpack lance sa marque CarbonLite\u00ae"}]},{"@type":"WebSite","@id":"https:\/\/www.emballagedigest.fr\/#website","url":"https:\/\/www.emballagedigest.fr\/","name":"Emballage Digest","description":"Revue professionnelle sur les emballages","publisher":{"@id":"https:\/\/www.emballagedigest.fr\/#organization"},"potentialAction":[{"@type":"SearchAction","target":{"@type":"EntryPoint","urlTemplate":"https:\/\/www.emballagedigest.fr\/?s={search_term_string}"},"query-input":{"@type":"PropertyValueSpecification","valueRequired":true,"valueName":"search_term_string"}}],"inLanguage":"en-GB"},{"@type":"Organization","@id":"https:\/\/www.emballagedigest.fr\/#organization","name":"Emballage Digest","url":"https:\/\/www.emballagedigest.fr\/","logo":{"@type":"ImageObject","inLanguage":"en-GB","@id":"https:\/\/www.emballagedigest.fr\/#\/schema\/logo\/image\/","url":"https:\/\/www.emballagedigest.fr\/wp-content\/uploads\/2022\/07\/logo-ed.png","contentUrl":"https:\/\/www.emballagedigest.fr\/wp-content\/uploads\/2022\/07\/logo-ed.png","width":379,"height":75,"caption":"Emballage Digest"},"image":{"@id":"https:\/\/www.emballagedigest.fr\/#\/schema\/logo\/image\/"}},{"@type":"Person","@id":"https:\/\/www.emballagedigest.fr\/#\/schema\/person\/76abe9f2b2ee4d3d520594c7a35da59f","name":"Karine Duval","image":{"@type":"ImageObject","inLanguage":"en-GB","@id":"https:\/\/www.emballagedigest.fr\/#\/schema\/person\/image\/","url":"https:\/\/secure.gravatar.com\/avatar\/f552799261cdd2e076e6677d780ef07bdb13aa4c196ab75b39abcbcdcae2d4e5?s=96&d=mm&r=g","contentUrl":"https:\/\/secure.gravatar.com\/avatar\/f552799261cdd2e076e6677d780ef07bdb13aa4c196ab75b39abcbcdcae2d4e5?s=96&d=mm&r=g","caption":"Karine Duval"},"url":"https:\/\/www.emballagedigest.fr\/en\/author\/admin_karduv\/"}]}},"_links":{"self":[{"href":"https:\/\/www.emballagedigest.fr\/en\/wp-json\/wp\/v2\/posts\/45295","targetHints":{"allow":["GET"]}}],"collection":[{"href":"https:\/\/www.emballagedigest.fr\/en\/wp-json\/wp\/v2\/posts"}],"about":[{"href":"https:\/\/www.emballagedigest.fr\/en\/wp-json\/wp\/v2\/types\/post"}],"author":[{"embeddable":true,"href":"https:\/\/www.emballagedigest.fr\/en\/wp-json\/wp\/v2\/users\/2"}],"replies":[{"embeddable":true,"href":"https:\/\/www.emballagedigest.fr\/en\/wp-json\/wp\/v2\/comments?post=45295"}],"version-history":[{"count":1,"href":"https:\/\/www.emballagedigest.fr\/en\/wp-json\/wp\/v2\/posts\/45295\/revisions"}],"predecessor-version":[{"id":45297,"href":"https:\/\/www.emballagedigest.fr\/en\/wp-json\/wp\/v2\/posts\/45295\/revisions\/45297"}],"wp:featuredmedia":[{"embeddable":true,"href":"https:\/\/www.emballagedigest.fr\/en\/wp-json\/wp\/v2\/media\/45296"}],"wp:attachment":[{"href":"https:\/\/www.emballagedigest.fr\/en\/wp-json\/wp\/v2\/media?parent=45295"}],"wp:term":[{"taxonomy":"category","embeddable":true,"href":"https:\/\/www.emballagedigest.fr\/en\/wp-json\/wp\/v2\/categories?post=45295"},{"taxonomy":"post_tag","embeddable":true,"href":"https:\/\/www.emballagedigest.fr\/en\/wp-json\/wp\/v2\/tags?post=45295"}],"curies":[{"name":"wp","href":"https:\/\/api.w.org\/{rel}","templated":true}]}}