{"id":45299,"date":"2025-09-02T08:11:57","date_gmt":"2025-09-02T06:11:57","guid":{"rendered":"https:\/\/www.emballagedigest.fr\/?p=45299"},"modified":"2025-09-03T00:09:08","modified_gmt":"2025-09-02T22:09:08","slug":"sidel-ouvre-un-centre-de-formation-aseptique-a-atlanta","status":"publish","type":"post","link":"https:\/\/www.emballagedigest.fr\/en\/sidel-ouvre-un-centre-de-formation-aseptique-a-atlanta\/","title":{"rendered":"Sidel ouvre un centre de formation aseptique \u00e0 Atlanta"},"content":{"rendered":"<p><strong>Pour r\u00e9pondre au besoin croissant d\u2019expertise sp\u00e9cialis\u00e9e en lignes aseptiques dans la r\u00e9gion Am\u00e9riques, Sidel a cr\u00e9\u00e9 un centre de formation sp\u00e9cifique \u00e0 Atlanta. Inaugur\u00e9 le 28&nbsp;ao\u00fbt&nbsp;2025, il est ax\u00e9 sur le renforcement des comp\u00e9tences des \u00e9quipes, l\u2019augmentation de la productivit\u00e9 et l\u2019autonomisation des clients pour leur permettre d\u2019atteindre leurs objectifs.<\/strong><\/p>\n\n\n\n<p>Le nouveau centre de formation est con\u00e7u pour renforcer les comp\u00e9tences des stagiaires en mati\u00e8re d\u2019op\u00e9rations de pointe sur le PET aseptique, de d\u00e9pannage, de maintenance et d\u2019excellence op\u00e9rationnelle.&nbsp;Gr\u00e2ce \u00e0 une formation pratique sur des bancs techniques qui reproduisent des sc\u00e9narios et des \u00e9quipements de production r\u00e9els, les stagiaires acqui\u00e8rent une exp\u00e9rience du quotidien dans un cadre contr\u00f4l\u00e9 et immersif, ce qui \u00e9vite ainsi toute interruption de la production r\u00e9elle.<\/p>\n\n\n\n<p>\u00ab&nbsp;Cette m\u00e9thode am\u00e9liore les comp\u00e9tences de maintenance et d\u2019exploitation aseptiques tout en r\u00e9duisant la d\u00e9pendance \u00e0 la formation sur le terrain. Les stagiaires peuvent reproduire en toute s\u00e9curit\u00e9 les probl\u00e8mes et r\u00e9it\u00e9rer les t\u00e2ches au besoin, ce qui renforce leur confiance et leur productivit\u00e9 dans l\u2019atelier&nbsp;\u00bb, commente Olivier Cocheril, VP Asset Performance &amp; Digital Services, Sidel. En \u00e9vitant l\u2019utilisation des v\u00e9ritables \u00e9quipements, les clients r\u00e9alisent des \u00e9conomies et \u00e9liminent les risques, tout en b\u00e9n\u00e9ficiant d\u2019une formation personnalis\u00e9e adapt\u00e9e \u00e0 tous les niveaux d\u2019exp\u00e9rience et \u00e0 des d\u00e9fis sp\u00e9cifiques&nbsp;\u00bb.<\/p>\n\n\n\n<figure class=\"wp-block-image size-full is-resized\"><img loading=\"lazy\" decoding=\"async\" width=\"800\" height=\"534\" src=\"https:\/\/www.emballagedigest.fr\/wp-content\/uploads\/2025\/09\/Sidel2.jpg\" alt=\"\" class=\"wp-image-45301\" style=\"width:840px;height:auto\" srcset=\"https:\/\/www.emballagedigest.fr\/wp-content\/uploads\/2025\/09\/Sidel2.jpg 800w, https:\/\/www.emballagedigest.fr\/wp-content\/uploads\/2025\/09\/Sidel2-300x200.jpg 300w, https:\/\/www.emballagedigest.fr\/wp-content\/uploads\/2025\/09\/Sidel2-768x513.jpg 768w, https:\/\/www.emballagedigest.fr\/wp-content\/uploads\/2025\/09\/Sidel2-18x12.jpg 18w\" sizes=\"auto, (max-width: 800px) 100vw, 800px\" \/><\/figure>\n\n\n\n<p>Le nouveau centre de Sidel offrira des programmes de formation locaux ax\u00e9s sur le traitement aseptique, le fonctionnement des \u00e9quipements, la maintenance et les bonnes pratiques pour assurer la qualit\u00e9 et la s\u00e9curit\u00e9 alimentaires. Il fera aussi office de lieu de d\u00e9monstration pour les solutions de remplissage aseptique de Sidel et de ressource d\u2019assistance technique pour les clients.<\/p>\n\n\n\n<p>Le nouveau centre de formation propose une gamme compl\u00e8te de formations sur le syst\u00e8me Combi aseptique de Sidel. Les stagiaires feront l\u2019exp\u00e9rience d\u2019une vari\u00e9t\u00e9 de sc\u00e9narios qui simulent des op\u00e9rations et des pannes r\u00e9elles, les pr\u00e9parant \u00e0 g\u00e9rer les d\u00e9fis en toute confiance. Les parcours de formation sont soigneusement structur\u00e9s avec des modules distincts sp\u00e9cialement con\u00e7us pour les op\u00e9rateurs et les techniciens de maintenance. Toutes les formations sont conformes aux r\u00e9glementations de la FDA am\u00e9ricaine et de l\u2019Agence europ\u00e9enne pour la s\u00e9curit\u00e9 et la sant\u00e9 au travail (OSHA) afin d\u2019assurer une totale conformit\u00e9 avec les normes de s\u00e9curit\u00e9 et de qualit\u00e9 de l\u2019industrie. Les programmes de formation sont adapt\u00e9s aux besoins sp\u00e9cifiques et aux niveaux de comp\u00e9tences des stagiaires, avec des dur\u00e9es allant de 2 \u00e0 15&nbsp;jours en fonction du contenu et de l\u2019expertise requise.<\/p>\n\n\n\n<p>Dispens\u00e9 gr\u00e2ce \u00e0 une approche d\u2019apprentissage mixte, combinant un enseignement en personne dirig\u00e9 par des experts et des modules pratiques et num\u00e9riques, chaque cours est constitu\u00e9 \u00e0 30\u00a0% de th\u00e9orie et \u00e0 70% de pratique, couvrant les connaissances fondamentales ainsi que des simulations de cas r\u00e9els. Les stagiaires effectuent des \u00e9valuations a priori et a posteriori, ainsi que des examens pratiques, pour suivre les progr\u00e8s et assurer des r\u00e9sultats significatifs.\u00a0<\/p>\n\n\n\n<p>Le centre compl\u00e8te et \u00e9tend la port\u00e9e et l\u2019offre mondiales de formation aseptique de Sidel, \u00e0 l\u2019instar des autres sites de formation aseptique de Sidel en Chine, en France et en Italie.<\/p>","protected":false},"excerpt":{"rendered":"<p>Pour r\u00e9pondre au besoin croissant d\u2019expertise sp\u00e9cialis\u00e9e en lignes aseptiques dans la r\u00e9gion Am\u00e9riques, Sidel a cr\u00e9\u00e9 un centre de formation sp\u00e9cifique \u00e0 Atlanta. Inaugur\u00e9 le 28&nbsp;ao\u00fbt&nbsp;2025, il est ax\u00e9 sur le renforcement des comp\u00e9tences des \u00e9quipes, l\u2019augmentation de la productivit\u00e9 et l\u2019autonomisation des clients pour leur permettre d\u2019atteindre leurs objectifs. Le nouveau centre de [&hellip;]<\/p>","protected":false},"author":2,"featured_media":45300,"comment_status":"closed","ping_status":"closed","sticky":false,"template":"","format":"standard","meta":{"_acf_changed":false,"inline_featured_image":false,"iawp_total_views":4,"footnotes":""},"categories":[5,28,35],"tags":[],"class_list":["post-45299","post","type-post","status-publish","format-standard","has-post-thumbnail","hentry","category-alimentaire","category-article-entier","category-machines-fr"],"acf":[],"yoast_head":"<!-- This site is optimized with the Yoast SEO plugin v24.4 - https:\/\/yoast.com\/wordpress\/plugins\/seo\/ -->\n<title>Sidel ouvre un centre de formation aseptique \u00e0 Atlanta - Emballage Digest<\/title>\n<meta name=\"robots\" content=\"index, follow, max-snippet:-1, max-image-preview:large, max-video-preview:-1\" \/>\n<link rel=\"canonical\" href=\"https:\/\/www.emballagedigest.fr\/en\/sidel-ouvre-un-centre-de-formation-aseptique-a-atlanta\/\" \/>\n<meta property=\"og:locale\" content=\"en_GB\" \/>\n<meta property=\"og:type\" content=\"article\" \/>\n<meta property=\"og:title\" content=\"Sidel ouvre un centre de formation aseptique \u00e0 Atlanta - Emballage Digest\" \/>\n<meta property=\"og:description\" content=\"Pour r\u00e9pondre au besoin croissant d\u2019expertise sp\u00e9cialis\u00e9e en lignes aseptiques dans la r\u00e9gion Am\u00e9riques, Sidel a cr\u00e9\u00e9 un centre de formation sp\u00e9cifique \u00e0 Atlanta. Inaugur\u00e9 le 28&nbsp;ao\u00fbt&nbsp;2025, il est ax\u00e9 sur le renforcement des comp\u00e9tences des \u00e9quipes, l\u2019augmentation de la productivit\u00e9 et l\u2019autonomisation des clients pour leur permettre d\u2019atteindre leurs objectifs. Le nouveau centre de [&hellip;]\" \/>\n<meta property=\"og:url\" content=\"https:\/\/www.emballagedigest.fr\/en\/sidel-ouvre-un-centre-de-formation-aseptique-a-atlanta\/\" \/>\n<meta property=\"og:site_name\" content=\"Emballage Digest\" \/>\n<meta property=\"article:published_time\" content=\"2025-09-02T06:11:57+00:00\" \/>\n<meta property=\"article:modified_time\" content=\"2025-09-02T22:09:08+00:00\" \/>\n<meta property=\"og:image\" content=\"https:\/\/www.emballagedigest.fr\/wp-content\/uploads\/2025\/09\/Sidel1.jpg\" \/>\n\t<meta property=\"og:image:width\" content=\"791\" \/>\n\t<meta property=\"og:image:height\" content=\"600\" \/>\n\t<meta property=\"og:image:type\" content=\"image\/jpeg\" \/>\n<meta name=\"author\" content=\"Karine Duval\" \/>\n<meta name=\"twitter:card\" content=\"summary_large_image\" \/>\n<meta name=\"twitter:label1\" content=\"Written by\" \/>\n\t<meta name=\"twitter:data1\" content=\"Karine Duval\" \/>\n\t<meta name=\"twitter:label2\" content=\"Estimated reading time\" \/>\n\t<meta name=\"twitter:data2\" content=\"4 minutes\" \/>\n<script type=\"application\/ld+json\" class=\"yoast-schema-graph\">{\"@context\":\"https:\/\/schema.org\",\"@graph\":[{\"@type\":\"Article\",\"@id\":\"https:\/\/www.emballagedigest.fr\/sidel-ouvre-un-centre-de-formation-aseptique-a-atlanta\/#article\",\"isPartOf\":{\"@id\":\"https:\/\/www.emballagedigest.fr\/sidel-ouvre-un-centre-de-formation-aseptique-a-atlanta\/\"},\"author\":{\"name\":\"Karine Duval\",\"@id\":\"https:\/\/www.emballagedigest.fr\/#\/schema\/person\/76abe9f2b2ee4d3d520594c7a35da59f\"},\"headline\":\"Sidel ouvre un centre de formation aseptique \u00e0 Atlanta\",\"datePublished\":\"2025-09-02T06:11:57+00:00\",\"dateModified\":\"2025-09-02T22:09:08+00:00\",\"mainEntityOfPage\":{\"@id\":\"https:\/\/www.emballagedigest.fr\/sidel-ouvre-un-centre-de-formation-aseptique-a-atlanta\/\"},\"wordCount\":601,\"publisher\":{\"@id\":\"https:\/\/www.emballagedigest.fr\/#organization\"},\"image\":{\"@id\":\"https:\/\/www.emballagedigest.fr\/sidel-ouvre-un-centre-de-formation-aseptique-a-atlanta\/#primaryimage\"},\"thumbnailUrl\":\"https:\/\/www.emballagedigest.fr\/wp-content\/uploads\/2025\/09\/Sidel1.jpg\",\"articleSection\":[\"Alimentaire\",\"Article entier\",\"Machines\"],\"inLanguage\":\"en-GB\"},{\"@type\":\"WebPage\",\"@id\":\"https:\/\/www.emballagedigest.fr\/sidel-ouvre-un-centre-de-formation-aseptique-a-atlanta\/\",\"url\":\"https:\/\/www.emballagedigest.fr\/sidel-ouvre-un-centre-de-formation-aseptique-a-atlanta\/\",\"name\":\"Sidel ouvre un centre de formation aseptique \u00e0 Atlanta - Emballage Digest\",\"isPartOf\":{\"@id\":\"https:\/\/www.emballagedigest.fr\/#website\"},\"primaryImageOfPage\":{\"@id\":\"https:\/\/www.emballagedigest.fr\/sidel-ouvre-un-centre-de-formation-aseptique-a-atlanta\/#primaryimage\"},\"image\":{\"@id\":\"https:\/\/www.emballagedigest.fr\/sidel-ouvre-un-centre-de-formation-aseptique-a-atlanta\/#primaryimage\"},\"thumbnailUrl\":\"https:\/\/www.emballagedigest.fr\/wp-content\/uploads\/2025\/09\/Sidel1.jpg\",\"datePublished\":\"2025-09-02T06:11:57+00:00\",\"dateModified\":\"2025-09-02T22:09:08+00:00\",\"breadcrumb\":{\"@id\":\"https:\/\/www.emballagedigest.fr\/sidel-ouvre-un-centre-de-formation-aseptique-a-atlanta\/#breadcrumb\"},\"inLanguage\":\"en-GB\",\"potentialAction\":[{\"@type\":\"ReadAction\",\"target\":[\"https:\/\/www.emballagedigest.fr\/sidel-ouvre-un-centre-de-formation-aseptique-a-atlanta\/\"]}]},{\"@type\":\"ImageObject\",\"inLanguage\":\"en-GB\",\"@id\":\"https:\/\/www.emballagedigest.fr\/sidel-ouvre-un-centre-de-formation-aseptique-a-atlanta\/#primaryimage\",\"url\":\"https:\/\/www.emballagedigest.fr\/wp-content\/uploads\/2025\/09\/Sidel1.jpg\",\"contentUrl\":\"https:\/\/www.emballagedigest.fr\/wp-content\/uploads\/2025\/09\/Sidel1.jpg\",\"width\":791,\"height\":600},{\"@type\":\"BreadcrumbList\",\"@id\":\"https:\/\/www.emballagedigest.fr\/sidel-ouvre-un-centre-de-formation-aseptique-a-atlanta\/#breadcrumb\",\"itemListElement\":[{\"@type\":\"ListItem\",\"position\":1,\"name\":\"Accueil\",\"item\":\"https:\/\/www.emballagedigest.fr\/\"},{\"@type\":\"ListItem\",\"position\":2,\"name\":\"Sidel ouvre un centre de formation aseptique \u00e0 Atlanta\"}]},{\"@type\":\"WebSite\",\"@id\":\"https:\/\/www.emballagedigest.fr\/#website\",\"url\":\"https:\/\/www.emballagedigest.fr\/\",\"name\":\"Emballage Digest\",\"description\":\"Revue professionnelle sur les emballages\",\"publisher\":{\"@id\":\"https:\/\/www.emballagedigest.fr\/#organization\"},\"potentialAction\":[{\"@type\":\"SearchAction\",\"target\":{\"@type\":\"EntryPoint\",\"urlTemplate\":\"https:\/\/www.emballagedigest.fr\/?s={search_term_string}\"},\"query-input\":{\"@type\":\"PropertyValueSpecification\",\"valueRequired\":true,\"valueName\":\"search_term_string\"}}],\"inLanguage\":\"en-GB\"},{\"@type\":\"Organization\",\"@id\":\"https:\/\/www.emballagedigest.fr\/#organization\",\"name\":\"Emballage Digest\",\"url\":\"https:\/\/www.emballagedigest.fr\/\",\"logo\":{\"@type\":\"ImageObject\",\"inLanguage\":\"en-GB\",\"@id\":\"https:\/\/www.emballagedigest.fr\/#\/schema\/logo\/image\/\",\"url\":\"https:\/\/www.emballagedigest.fr\/wp-content\/uploads\/2022\/07\/logo-ed.png\",\"contentUrl\":\"https:\/\/www.emballagedigest.fr\/wp-content\/uploads\/2022\/07\/logo-ed.png\",\"width\":379,\"height\":75,\"caption\":\"Emballage Digest\"},\"image\":{\"@id\":\"https:\/\/www.emballagedigest.fr\/#\/schema\/logo\/image\/\"}},{\"@type\":\"Person\",\"@id\":\"https:\/\/www.emballagedigest.fr\/#\/schema\/person\/76abe9f2b2ee4d3d520594c7a35da59f\",\"name\":\"Karine Duval\",\"image\":{\"@type\":\"ImageObject\",\"inLanguage\":\"en-GB\",\"@id\":\"https:\/\/www.emballagedigest.fr\/#\/schema\/person\/image\/\",\"url\":\"https:\/\/secure.gravatar.com\/avatar\/f552799261cdd2e076e6677d780ef07bdb13aa4c196ab75b39abcbcdcae2d4e5?s=96&d=mm&r=g\",\"contentUrl\":\"https:\/\/secure.gravatar.com\/avatar\/f552799261cdd2e076e6677d780ef07bdb13aa4c196ab75b39abcbcdcae2d4e5?s=96&d=mm&r=g\",\"caption\":\"Karine Duval\"},\"url\":\"https:\/\/www.emballagedigest.fr\/en\/author\/admin_karduv\/\"}]}<\/script>\n<!-- \/ Yoast SEO plugin. -->","yoast_head_json":{"title":"Sidel ouvre un centre de formation aseptique \u00e0 Atlanta - Emballage Digest","robots":{"index":"index","follow":"follow","max-snippet":"max-snippet:-1","max-image-preview":"max-image-preview:large","max-video-preview":"max-video-preview:-1"},"canonical":"https:\/\/www.emballagedigest.fr\/en\/sidel-ouvre-un-centre-de-formation-aseptique-a-atlanta\/","og_locale":"en_GB","og_type":"article","og_title":"Sidel ouvre un centre de formation aseptique \u00e0 Atlanta - Emballage Digest","og_description":"Pour r\u00e9pondre au besoin croissant d\u2019expertise sp\u00e9cialis\u00e9e en lignes aseptiques dans la r\u00e9gion Am\u00e9riques, Sidel a cr\u00e9\u00e9 un centre de formation sp\u00e9cifique \u00e0 Atlanta. Inaugur\u00e9 le 28&nbsp;ao\u00fbt&nbsp;2025, il est ax\u00e9 sur le renforcement des comp\u00e9tences des \u00e9quipes, l\u2019augmentation de la productivit\u00e9 et l\u2019autonomisation des clients pour leur permettre d\u2019atteindre leurs objectifs. Le nouveau centre de [&hellip;]","og_url":"https:\/\/www.emballagedigest.fr\/en\/sidel-ouvre-un-centre-de-formation-aseptique-a-atlanta\/","og_site_name":"Emballage Digest","article_published_time":"2025-09-02T06:11:57+00:00","article_modified_time":"2025-09-02T22:09:08+00:00","og_image":[{"width":791,"height":600,"url":"https:\/\/www.emballagedigest.fr\/wp-content\/uploads\/2025\/09\/Sidel1.jpg","type":"image\/jpeg"}],"author":"Karine Duval","twitter_card":"summary_large_image","twitter_misc":{"Written by":"Karine Duval","Estimated reading time":"4 minutes"},"schema":{"@context":"https:\/\/schema.org","@graph":[{"@type":"Article","@id":"https:\/\/www.emballagedigest.fr\/sidel-ouvre-un-centre-de-formation-aseptique-a-atlanta\/#article","isPartOf":{"@id":"https:\/\/www.emballagedigest.fr\/sidel-ouvre-un-centre-de-formation-aseptique-a-atlanta\/"},"author":{"name":"Karine Duval","@id":"https:\/\/www.emballagedigest.fr\/#\/schema\/person\/76abe9f2b2ee4d3d520594c7a35da59f"},"headline":"Sidel ouvre un centre de formation aseptique \u00e0 Atlanta","datePublished":"2025-09-02T06:11:57+00:00","dateModified":"2025-09-02T22:09:08+00:00","mainEntityOfPage":{"@id":"https:\/\/www.emballagedigest.fr\/sidel-ouvre-un-centre-de-formation-aseptique-a-atlanta\/"},"wordCount":601,"publisher":{"@id":"https:\/\/www.emballagedigest.fr\/#organization"},"image":{"@id":"https:\/\/www.emballagedigest.fr\/sidel-ouvre-un-centre-de-formation-aseptique-a-atlanta\/#primaryimage"},"thumbnailUrl":"https:\/\/www.emballagedigest.fr\/wp-content\/uploads\/2025\/09\/Sidel1.jpg","articleSection":["Alimentaire","Article entier","Machines"],"inLanguage":"en-GB"},{"@type":"WebPage","@id":"https:\/\/www.emballagedigest.fr\/sidel-ouvre-un-centre-de-formation-aseptique-a-atlanta\/","url":"https:\/\/www.emballagedigest.fr\/sidel-ouvre-un-centre-de-formation-aseptique-a-atlanta\/","name":"Sidel ouvre un centre de formation aseptique \u00e0 Atlanta - Emballage Digest","isPartOf":{"@id":"https:\/\/www.emballagedigest.fr\/#website"},"primaryImageOfPage":{"@id":"https:\/\/www.emballagedigest.fr\/sidel-ouvre-un-centre-de-formation-aseptique-a-atlanta\/#primaryimage"},"image":{"@id":"https:\/\/www.emballagedigest.fr\/sidel-ouvre-un-centre-de-formation-aseptique-a-atlanta\/#primaryimage"},"thumbnailUrl":"https:\/\/www.emballagedigest.fr\/wp-content\/uploads\/2025\/09\/Sidel1.jpg","datePublished":"2025-09-02T06:11:57+00:00","dateModified":"2025-09-02T22:09:08+00:00","breadcrumb":{"@id":"https:\/\/www.emballagedigest.fr\/sidel-ouvre-un-centre-de-formation-aseptique-a-atlanta\/#breadcrumb"},"inLanguage":"en-GB","potentialAction":[{"@type":"ReadAction","target":["https:\/\/www.emballagedigest.fr\/sidel-ouvre-un-centre-de-formation-aseptique-a-atlanta\/"]}]},{"@type":"ImageObject","inLanguage":"en-GB","@id":"https:\/\/www.emballagedigest.fr\/sidel-ouvre-un-centre-de-formation-aseptique-a-atlanta\/#primaryimage","url":"https:\/\/www.emballagedigest.fr\/wp-content\/uploads\/2025\/09\/Sidel1.jpg","contentUrl":"https:\/\/www.emballagedigest.fr\/wp-content\/uploads\/2025\/09\/Sidel1.jpg","width":791,"height":600},{"@type":"BreadcrumbList","@id":"https:\/\/www.emballagedigest.fr\/sidel-ouvre-un-centre-de-formation-aseptique-a-atlanta\/#breadcrumb","itemListElement":[{"@type":"ListItem","position":1,"name":"Accueil","item":"https:\/\/www.emballagedigest.fr\/"},{"@type":"ListItem","position":2,"name":"Sidel ouvre un centre de formation aseptique \u00e0 Atlanta"}]},{"@type":"WebSite","@id":"https:\/\/www.emballagedigest.fr\/#website","url":"https:\/\/www.emballagedigest.fr\/","name":"Emballage Digest","description":"Revue professionnelle sur les emballages","publisher":{"@id":"https:\/\/www.emballagedigest.fr\/#organization"},"potentialAction":[{"@type":"SearchAction","target":{"@type":"EntryPoint","urlTemplate":"https:\/\/www.emballagedigest.fr\/?s={search_term_string}"},"query-input":{"@type":"PropertyValueSpecification","valueRequired":true,"valueName":"search_term_string"}}],"inLanguage":"en-GB"},{"@type":"Organization","@id":"https:\/\/www.emballagedigest.fr\/#organization","name":"Emballage Digest","url":"https:\/\/www.emballagedigest.fr\/","logo":{"@type":"ImageObject","inLanguage":"en-GB","@id":"https:\/\/www.emballagedigest.fr\/#\/schema\/logo\/image\/","url":"https:\/\/www.emballagedigest.fr\/wp-content\/uploads\/2022\/07\/logo-ed.png","contentUrl":"https:\/\/www.emballagedigest.fr\/wp-content\/uploads\/2022\/07\/logo-ed.png","width":379,"height":75,"caption":"Emballage Digest"},"image":{"@id":"https:\/\/www.emballagedigest.fr\/#\/schema\/logo\/image\/"}},{"@type":"Person","@id":"https:\/\/www.emballagedigest.fr\/#\/schema\/person\/76abe9f2b2ee4d3d520594c7a35da59f","name":"Karine Duval","image":{"@type":"ImageObject","inLanguage":"en-GB","@id":"https:\/\/www.emballagedigest.fr\/#\/schema\/person\/image\/","url":"https:\/\/secure.gravatar.com\/avatar\/f552799261cdd2e076e6677d780ef07bdb13aa4c196ab75b39abcbcdcae2d4e5?s=96&d=mm&r=g","contentUrl":"https:\/\/secure.gravatar.com\/avatar\/f552799261cdd2e076e6677d780ef07bdb13aa4c196ab75b39abcbcdcae2d4e5?s=96&d=mm&r=g","caption":"Karine Duval"},"url":"https:\/\/www.emballagedigest.fr\/en\/author\/admin_karduv\/"}]}},"_links":{"self":[{"href":"https:\/\/www.emballagedigest.fr\/en\/wp-json\/wp\/v2\/posts\/45299","targetHints":{"allow":["GET"]}}],"collection":[{"href":"https:\/\/www.emballagedigest.fr\/en\/wp-json\/wp\/v2\/posts"}],"about":[{"href":"https:\/\/www.emballagedigest.fr\/en\/wp-json\/wp\/v2\/types\/post"}],"author":[{"embeddable":true,"href":"https:\/\/www.emballagedigest.fr\/en\/wp-json\/wp\/v2\/users\/2"}],"replies":[{"embeddable":true,"href":"https:\/\/www.emballagedigest.fr\/en\/wp-json\/wp\/v2\/comments?post=45299"}],"version-history":[{"count":1,"href":"https:\/\/www.emballagedigest.fr\/en\/wp-json\/wp\/v2\/posts\/45299\/revisions"}],"predecessor-version":[{"id":45302,"href":"https:\/\/www.emballagedigest.fr\/en\/wp-json\/wp\/v2\/posts\/45299\/revisions\/45302"}],"wp:featuredmedia":[{"embeddable":true,"href":"https:\/\/www.emballagedigest.fr\/en\/wp-json\/wp\/v2\/media\/45300"}],"wp:attachment":[{"href":"https:\/\/www.emballagedigest.fr\/en\/wp-json\/wp\/v2\/media?parent=45299"}],"wp:term":[{"taxonomy":"category","embeddable":true,"href":"https:\/\/www.emballagedigest.fr\/en\/wp-json\/wp\/v2\/categories?post=45299"},{"taxonomy":"post_tag","embeddable":true,"href":"https:\/\/www.emballagedigest.fr\/en\/wp-json\/wp\/v2\/tags?post=45299"}],"curies":[{"name":"wp","href":"https:\/\/api.w.org\/{rel}","templated":true}]}}