{"id":45324,"date":"2025-09-03T11:01:04","date_gmt":"2025-09-03T09:01:04","guid":{"rendered":"https:\/\/www.emballagedigest.fr\/?p=45324"},"modified":"2025-10-03T10:15:29","modified_gmt":"2025-10-03T08:15:29","slug":"emballage-carton-ondule-la-juste-combinaison-de-la-performance-et-de-la-durabilite","status":"publish","type":"post","link":"https:\/\/www.emballagedigest.fr\/en\/emballage-carton-ondule-la-juste-combinaison-de-la-performance-et-de-la-durabilite\/","title":{"rendered":"Emballage carton ondul\u00e9 : la juste combinaison de la performance et de la durabilit\u00e9"},"content":{"rendered":"<p><strong>En France, plus d\u2019un quart des emballages sont en carton ondul\u00e9 et 80% sont d\u00e9di\u00e9s \u00e0 un usage industriel ou commercial. Solidit\u00e9, robustesse, l\u00e9g\u00e8ret\u00e9, recyclabilit\u00e9 et co\u00fbt optimal ont en effet permis au carton ondul\u00e9 de s\u2019imposer comme un pilier de la chaine logistique de nombreux secteurs utilisateurs apportant des solutions agiles aux besoins les plus vari\u00e9s.<\/strong><\/p>\n\n\n\n<p><strong>L\u2019Emballage industriel\u00a0: bien plus qu\u2019une simple protection<\/strong><br>Loin de se limiter \u00e0 une simple enveloppe, les fonctions de l\u2019emballage sont \u00e0 la fois multiples et essentielles :<br>\u2022 Int\u00e9grit\u00e9 des articles, avec notamment des calages pour les plus fragiles et des syst\u00e8mes de fermeture robustes.<br>\u2022 Meilleure gestion des flux et des espaces. Les emballages optimisent les palettisations tandis que des solutions modulaires comme les caisses-palettes en triple cannelure sont id\u00e9ales pour les objets lourds ou volumineux, ou que les Octabins optimisent le transport de produits en vrac, notamment dans l\u2019industrie chimique.<br>\u2022 Les innovations dans l\u2019emballage rendent \u00e9galement le travail plus facile et plus s\u00fbr\u00a0: prise en compte du poids, de la maniabilit\u00e9, int\u00e9gration de poign\u00e9es\u2026 Les palettes en carton ondul\u00e9 par exemple, supportent des charges jusqu\u2019\u00e0 700 kg pour les palettes de transport et 200 kg pour les palettes intercouches tout en \u00e9tant extr\u00eamement l\u00e9g\u00e8res (3 \u00e0 6 kg contre 23 \u00e0 30 kg pour le bois ou le plastique).<\/p>\n\n\n\n<figure class=\"wp-block-image size-full\"><img loading=\"lazy\" decoding=\"async\" width=\"800\" height=\"400\" src=\"https:\/\/www.emballagedigest.fr\/wp-content\/uploads\/2025\/09\/COF2.jpg\" alt=\"\" class=\"wp-image-45326\" srcset=\"https:\/\/www.emballagedigest.fr\/wp-content\/uploads\/2025\/09\/COF2.jpg 800w, https:\/\/www.emballagedigest.fr\/wp-content\/uploads\/2025\/09\/COF2-300x150.jpg 300w, https:\/\/www.emballagedigest.fr\/wp-content\/uploads\/2025\/09\/COF2-768x384.jpg 768w, https:\/\/www.emballagedigest.fr\/wp-content\/uploads\/2025\/09\/COF2-18x9.jpg 18w\" sizes=\"auto, (max-width: 800px) 100vw, 800px\" \/><\/figure>\n\n\n\n<p><strong>Le d\u00e9fi du vide dans les emballages<\/strong><br>Au 1er janvier 2030, l\u2019article 24 du R\u00e8glement europ\u00e9en sur les emballages et les d\u00e9chets d\u2019emballages (PPWR) entrera en vigueur limitant les espaces vides \u00e0 50% dans les emballages group\u00e9s, de transport et du e-commerce. Dans ce calcul, les mat\u00e9riaux de remplissage sont directement vis\u00e9s. Les fabricants devront prouver la minimisation du poids et du volume de leurs emballages, en \u00e9liminant les \u00e9l\u00e9ments de conception superflus.<br>Le calage est pourtant essentiel pour une protection optimale des produits. Il comble les vides, assure la stabilit\u00e9 et s\u00e9pare les articles afin d\u2019\u00e9viter les chocs et les frottements. Il renforce \u00e9galement la r\u00e9sistance structurelle de l\u2019emballage, amortit les vibrations et prot\u00e8ge des angles vifs. De plus, dans le commerce en ligne, un calage bien pens\u00e9 peut significativement am\u00e9liorer l\u2019exp\u00e9rience client.<br>Une conception optimis\u00e9e permet de r\u00e9duire les pertes, de rationaliser les gammes d\u2019emballages et d\u2019adapter le calage \u00e0 diverses formes de produits, g\u00e9n\u00e9rant des b\u00e9n\u00e9fices \u00e9conomiques et environnementaux \u00e9vidents. Ceci souligne une nouvelle fois l\u2019importance cruciale du \u00ab\u00a0juste emballage\u00a0\u00bb.<\/p>\n\n\n\n<p><br><strong>Entre performance et \u00e9cologie : le d\u00e9fi du \u00ab\u00a0juste emballage\u00a0\u00bb<\/strong><br>R\u00e9duire l\u2019impact environnemental des emballages ne devrait jamais compromettre leur r\u00f4le essentiel. Depuis plus de 30 ans, la fili\u00e8re du papier-carton ne cesse d\u2019innover pour r\u00e9duire son empreinte : recyclage des d\u00e9chets d\u2019emballages \u00e0 plus de 85% en France, diminution de 18% de la consommation de bois\/fibres vierges et de 4% du papier r\u00e9cup\u00e9r\u00e9 en 20 ans, r\u00e9duction de 15% du poids moyen du carton ondul\u00e9, baisse de 50% de la consommation d\u2019eau et de pr\u00e8s de 75% des rejets polluants. Cependant, au-del\u00e0 des efforts de production, la conception de l\u2019emballage est primordiale. Un emballage mal pens\u00e9 peut amener un impact environnemental bien sup\u00e9rieur \u00e0 celui de sa seule fabrication. L\u2019\u00e9coconception est une expertise complexe qui exige un \u00e9quilibre entre la quantit\u00e9 et la qualit\u00e9 des mat\u00e9riaux et la protection du produit. Un emballage sous-dimensionn\u00e9 peut entra\u00eener des casses, des pertes produits et une augmentation des impacts li\u00e9s au transport (moins de produits par palette, camions moins remplis). L\u2019emballage ne repr\u00e9sente en moyenne que 8 % du contenu carbone du produit emball\u00e9, ce qui souligne la n\u00e9cessit\u00e9 de ne pas sacrifier sa performance au profit d\u2019une r\u00e9duction marginale de mati\u00e8re.<\/p>\n\n\n\n<p>La recherche d\u2019une r\u00e9duction des impacts environnementaux de l\u2019emballage doit s\u2019inscrire dans une r\u00e9flexion globale sur sa performance. Les fabricants d\u2019emballages jouent pour cela un r\u00f4le de conseil essentiel pour accompagner leurs clients vers le \u00ab\u00a0juste emballage\u00a0\u00bb, en capitalisant sur leur expertise, leurs tests rigoureux, des milliers d\u2019\u00e9tudes et des centaines de brevets.<br><\/p>\n\n\n\n<figure class=\"wp-block-image size-full\"><img loading=\"lazy\" decoding=\"async\" width=\"800\" height=\"61\" src=\"https:\/\/www.emballagedigest.fr\/wp-content\/uploads\/2025\/09\/COF3.jpg\" alt=\"\" class=\"wp-image-45327\" srcset=\"https:\/\/www.emballagedigest.fr\/wp-content\/uploads\/2025\/09\/COF3.jpg 800w, https:\/\/www.emballagedigest.fr\/wp-content\/uploads\/2025\/09\/COF3-300x23.jpg 300w, https:\/\/www.emballagedigest.fr\/wp-content\/uploads\/2025\/09\/COF3-768x59.jpg 768w, https:\/\/www.emballagedigest.fr\/wp-content\/uploads\/2025\/09\/COF3-18x1.jpg 18w\" sizes=\"auto, (max-width: 800px) 100vw, 800px\" \/><figcaption class=\"wp-element-caption\"><strong><a href=\"http:\/\/www.cartononduledefrance.org\">www.cartononduledefrance.org<\/a><\/strong><\/figcaption><\/figure>\n\n\n\n<p><\/p>","protected":false},"excerpt":{"rendered":"<p>En France, plus d\u2019un quart des emballages sont en carton ondul\u00e9 et 80% sont d\u00e9di\u00e9s \u00e0 un usage industriel ou commercial. Solidit\u00e9, robustesse, l\u00e9g\u00e8ret\u00e9, recyclabilit\u00e9 et co\u00fbt optimal ont en effet permis au carton ondul\u00e9 de s\u2019imposer comme un pilier de la chaine logistique de nombreux secteurs utilisateurs apportant des solutions agiles aux besoins les [&hellip;]<\/p>","protected":false},"author":2,"featured_media":45325,"comment_status":"closed","ping_status":"closed","sticky":false,"template":"","format":"standard","meta":{"_acf_changed":false,"inline_featured_image":false,"iawp_total_views":2,"footnotes":""},"categories":[28,10],"tags":[],"class_list":["post-45324","post","type-post","status-publish","format-standard","has-post-thumbnail","hentry","category-article-entier","category-materiaux"],"acf":[],"yoast_head":"<!-- This site is optimized with the Yoast SEO plugin v24.4 - https:\/\/yoast.com\/wordpress\/plugins\/seo\/ -->\n<title>Emballage carton ondul\u00e9 : la juste combinaison de la performance et de la durabilit\u00e9 - Emballage Digest<\/title>\n<meta name=\"robots\" content=\"index, follow, max-snippet:-1, max-image-preview:large, max-video-preview:-1\" \/>\n<link rel=\"canonical\" href=\"https:\/\/www.emballagedigest.fr\/en\/emballage-carton-ondule-la-juste-combinaison-de-la-performance-et-de-la-durabilite\/\" \/>\n<meta property=\"og:locale\" content=\"en_GB\" \/>\n<meta property=\"og:type\" content=\"article\" \/>\n<meta property=\"og:title\" content=\"Emballage carton ondul\u00e9 : la juste combinaison de la performance et de la durabilit\u00e9 - Emballage Digest\" \/>\n<meta property=\"og:description\" content=\"En France, plus d\u2019un quart des emballages sont en carton ondul\u00e9 et 80% sont d\u00e9di\u00e9s \u00e0 un usage industriel ou commercial. Solidit\u00e9, robustesse, l\u00e9g\u00e8ret\u00e9, recyclabilit\u00e9 et co\u00fbt optimal ont en effet permis au carton ondul\u00e9 de s\u2019imposer comme un pilier de la chaine logistique de nombreux secteurs utilisateurs apportant des solutions agiles aux besoins les [&hellip;]\" \/>\n<meta property=\"og:url\" content=\"https:\/\/www.emballagedigest.fr\/en\/emballage-carton-ondule-la-juste-combinaison-de-la-performance-et-de-la-durabilite\/\" \/>\n<meta property=\"og:site_name\" content=\"Emballage Digest\" \/>\n<meta property=\"article:published_time\" content=\"2025-09-03T09:01:04+00:00\" \/>\n<meta property=\"article:modified_time\" content=\"2025-10-03T08:15:29+00:00\" \/>\n<meta property=\"og:image\" content=\"https:\/\/www.emballagedigest.fr\/wp-content\/uploads\/2025\/09\/COF1.jpg\" \/>\n\t<meta property=\"og:image:width\" content=\"800\" \/>\n\t<meta property=\"og:image:height\" content=\"600\" \/>\n\t<meta property=\"og:image:type\" content=\"image\/jpeg\" \/>\n<meta name=\"author\" content=\"Karine Duval\" \/>\n<meta name=\"twitter:card\" content=\"summary_large_image\" \/>\n<meta name=\"twitter:label1\" content=\"Written by\" \/>\n\t<meta name=\"twitter:data1\" content=\"Karine Duval\" \/>\n\t<meta name=\"twitter:label2\" content=\"Estimated reading time\" \/>\n\t<meta name=\"twitter:data2\" content=\"4 minutes\" \/>\n<script type=\"application\/ld+json\" class=\"yoast-schema-graph\">{\"@context\":\"https:\/\/schema.org\",\"@graph\":[{\"@type\":\"Article\",\"@id\":\"https:\/\/www.emballagedigest.fr\/emballage-carton-ondule-la-juste-combinaison-de-la-performance-et-de-la-durabilite\/#article\",\"isPartOf\":{\"@id\":\"https:\/\/www.emballagedigest.fr\/emballage-carton-ondule-la-juste-combinaison-de-la-performance-et-de-la-durabilite\/\"},\"author\":{\"name\":\"Karine Duval\",\"@id\":\"https:\/\/www.emballagedigest.fr\/#\/schema\/person\/76abe9f2b2ee4d3d520594c7a35da59f\"},\"headline\":\"Emballage carton ondul\u00e9 : la juste combinaison de la performance et de la durabilit\u00e9\",\"datePublished\":\"2025-09-03T09:01:04+00:00\",\"dateModified\":\"2025-10-03T08:15:29+00:00\",\"mainEntityOfPage\":{\"@id\":\"https:\/\/www.emballagedigest.fr\/emballage-carton-ondule-la-juste-combinaison-de-la-performance-et-de-la-durabilite\/\"},\"wordCount\":710,\"publisher\":{\"@id\":\"https:\/\/www.emballagedigest.fr\/#organization\"},\"image\":{\"@id\":\"https:\/\/www.emballagedigest.fr\/emballage-carton-ondule-la-juste-combinaison-de-la-performance-et-de-la-durabilite\/#primaryimage\"},\"thumbnailUrl\":\"https:\/\/www.emballagedigest.fr\/wp-content\/uploads\/2025\/09\/COF1.jpg\",\"articleSection\":[\"Article entier\",\"Mat\u00e9riaux\"],\"inLanguage\":\"en-GB\"},{\"@type\":\"WebPage\",\"@id\":\"https:\/\/www.emballagedigest.fr\/emballage-carton-ondule-la-juste-combinaison-de-la-performance-et-de-la-durabilite\/\",\"url\":\"https:\/\/www.emballagedigest.fr\/emballage-carton-ondule-la-juste-combinaison-de-la-performance-et-de-la-durabilite\/\",\"name\":\"Emballage carton ondul\u00e9 : la juste combinaison de la performance et de la durabilit\u00e9 - Emballage Digest\",\"isPartOf\":{\"@id\":\"https:\/\/www.emballagedigest.fr\/#website\"},\"primaryImageOfPage\":{\"@id\":\"https:\/\/www.emballagedigest.fr\/emballage-carton-ondule-la-juste-combinaison-de-la-performance-et-de-la-durabilite\/#primaryimage\"},\"image\":{\"@id\":\"https:\/\/www.emballagedigest.fr\/emballage-carton-ondule-la-juste-combinaison-de-la-performance-et-de-la-durabilite\/#primaryimage\"},\"thumbnailUrl\":\"https:\/\/www.emballagedigest.fr\/wp-content\/uploads\/2025\/09\/COF1.jpg\",\"datePublished\":\"2025-09-03T09:01:04+00:00\",\"dateModified\":\"2025-10-03T08:15:29+00:00\",\"breadcrumb\":{\"@id\":\"https:\/\/www.emballagedigest.fr\/emballage-carton-ondule-la-juste-combinaison-de-la-performance-et-de-la-durabilite\/#breadcrumb\"},\"inLanguage\":\"en-GB\",\"potentialAction\":[{\"@type\":\"ReadAction\",\"target\":[\"https:\/\/www.emballagedigest.fr\/emballage-carton-ondule-la-juste-combinaison-de-la-performance-et-de-la-durabilite\/\"]}]},{\"@type\":\"ImageObject\",\"inLanguage\":\"en-GB\",\"@id\":\"https:\/\/www.emballagedigest.fr\/emballage-carton-ondule-la-juste-combinaison-de-la-performance-et-de-la-durabilite\/#primaryimage\",\"url\":\"https:\/\/www.emballagedigest.fr\/wp-content\/uploads\/2025\/09\/COF1.jpg\",\"contentUrl\":\"https:\/\/www.emballagedigest.fr\/wp-content\/uploads\/2025\/09\/COF1.jpg\",\"width\":800,\"height\":600},{\"@type\":\"BreadcrumbList\",\"@id\":\"https:\/\/www.emballagedigest.fr\/emballage-carton-ondule-la-juste-combinaison-de-la-performance-et-de-la-durabilite\/#breadcrumb\",\"itemListElement\":[{\"@type\":\"ListItem\",\"position\":1,\"name\":\"Accueil\",\"item\":\"https:\/\/www.emballagedigest.fr\/\"},{\"@type\":\"ListItem\",\"position\":2,\"name\":\"Emballage carton ondul\u00e9 : la juste combinaison de la performance et de la durabilit\u00e9\"}]},{\"@type\":\"WebSite\",\"@id\":\"https:\/\/www.emballagedigest.fr\/#website\",\"url\":\"https:\/\/www.emballagedigest.fr\/\",\"name\":\"Emballage Digest\",\"description\":\"Revue professionnelle sur les emballages\",\"publisher\":{\"@id\":\"https:\/\/www.emballagedigest.fr\/#organization\"},\"potentialAction\":[{\"@type\":\"SearchAction\",\"target\":{\"@type\":\"EntryPoint\",\"urlTemplate\":\"https:\/\/www.emballagedigest.fr\/?s={search_term_string}\"},\"query-input\":{\"@type\":\"PropertyValueSpecification\",\"valueRequired\":true,\"valueName\":\"search_term_string\"}}],\"inLanguage\":\"en-GB\"},{\"@type\":\"Organization\",\"@id\":\"https:\/\/www.emballagedigest.fr\/#organization\",\"name\":\"Emballage Digest\",\"url\":\"https:\/\/www.emballagedigest.fr\/\",\"logo\":{\"@type\":\"ImageObject\",\"inLanguage\":\"en-GB\",\"@id\":\"https:\/\/www.emballagedigest.fr\/#\/schema\/logo\/image\/\",\"url\":\"https:\/\/www.emballagedigest.fr\/wp-content\/uploads\/2022\/07\/logo-ed.png\",\"contentUrl\":\"https:\/\/www.emballagedigest.fr\/wp-content\/uploads\/2022\/07\/logo-ed.png\",\"width\":379,\"height\":75,\"caption\":\"Emballage Digest\"},\"image\":{\"@id\":\"https:\/\/www.emballagedigest.fr\/#\/schema\/logo\/image\/\"}},{\"@type\":\"Person\",\"@id\":\"https:\/\/www.emballagedigest.fr\/#\/schema\/person\/76abe9f2b2ee4d3d520594c7a35da59f\",\"name\":\"Karine Duval\",\"image\":{\"@type\":\"ImageObject\",\"inLanguage\":\"en-GB\",\"@id\":\"https:\/\/www.emballagedigest.fr\/#\/schema\/person\/image\/\",\"url\":\"https:\/\/secure.gravatar.com\/avatar\/f552799261cdd2e076e6677d780ef07bdb13aa4c196ab75b39abcbcdcae2d4e5?s=96&d=mm&r=g\",\"contentUrl\":\"https:\/\/secure.gravatar.com\/avatar\/f552799261cdd2e076e6677d780ef07bdb13aa4c196ab75b39abcbcdcae2d4e5?s=96&d=mm&r=g\",\"caption\":\"Karine Duval\"},\"url\":\"https:\/\/www.emballagedigest.fr\/en\/author\/admin_karduv\/\"}]}<\/script>\n<!-- \/ Yoast SEO plugin. -->","yoast_head_json":{"title":"Emballage carton ondul\u00e9 : la juste combinaison de la performance et de la durabilit\u00e9 - Emballage Digest","robots":{"index":"index","follow":"follow","max-snippet":"max-snippet:-1","max-image-preview":"max-image-preview:large","max-video-preview":"max-video-preview:-1"},"canonical":"https:\/\/www.emballagedigest.fr\/en\/emballage-carton-ondule-la-juste-combinaison-de-la-performance-et-de-la-durabilite\/","og_locale":"en_GB","og_type":"article","og_title":"Emballage carton ondul\u00e9 : la juste combinaison de la performance et de la durabilit\u00e9 - Emballage Digest","og_description":"En France, plus d\u2019un quart des emballages sont en carton ondul\u00e9 et 80% sont d\u00e9di\u00e9s \u00e0 un usage industriel ou commercial. Solidit\u00e9, robustesse, l\u00e9g\u00e8ret\u00e9, recyclabilit\u00e9 et co\u00fbt optimal ont en effet permis au carton ondul\u00e9 de s\u2019imposer comme un pilier de la chaine logistique de nombreux secteurs utilisateurs apportant des solutions agiles aux besoins les [&hellip;]","og_url":"https:\/\/www.emballagedigest.fr\/en\/emballage-carton-ondule-la-juste-combinaison-de-la-performance-et-de-la-durabilite\/","og_site_name":"Emballage Digest","article_published_time":"2025-09-03T09:01:04+00:00","article_modified_time":"2025-10-03T08:15:29+00:00","og_image":[{"width":800,"height":600,"url":"https:\/\/www.emballagedigest.fr\/wp-content\/uploads\/2025\/09\/COF1.jpg","type":"image\/jpeg"}],"author":"Karine Duval","twitter_card":"summary_large_image","twitter_misc":{"Written by":"Karine Duval","Estimated reading time":"4 minutes"},"schema":{"@context":"https:\/\/schema.org","@graph":[{"@type":"Article","@id":"https:\/\/www.emballagedigest.fr\/emballage-carton-ondule-la-juste-combinaison-de-la-performance-et-de-la-durabilite\/#article","isPartOf":{"@id":"https:\/\/www.emballagedigest.fr\/emballage-carton-ondule-la-juste-combinaison-de-la-performance-et-de-la-durabilite\/"},"author":{"name":"Karine Duval","@id":"https:\/\/www.emballagedigest.fr\/#\/schema\/person\/76abe9f2b2ee4d3d520594c7a35da59f"},"headline":"Emballage carton ondul\u00e9 : la juste combinaison de la performance et de la durabilit\u00e9","datePublished":"2025-09-03T09:01:04+00:00","dateModified":"2025-10-03T08:15:29+00:00","mainEntityOfPage":{"@id":"https:\/\/www.emballagedigest.fr\/emballage-carton-ondule-la-juste-combinaison-de-la-performance-et-de-la-durabilite\/"},"wordCount":710,"publisher":{"@id":"https:\/\/www.emballagedigest.fr\/#organization"},"image":{"@id":"https:\/\/www.emballagedigest.fr\/emballage-carton-ondule-la-juste-combinaison-de-la-performance-et-de-la-durabilite\/#primaryimage"},"thumbnailUrl":"https:\/\/www.emballagedigest.fr\/wp-content\/uploads\/2025\/09\/COF1.jpg","articleSection":["Article entier","Mat\u00e9riaux"],"inLanguage":"en-GB"},{"@type":"WebPage","@id":"https:\/\/www.emballagedigest.fr\/emballage-carton-ondule-la-juste-combinaison-de-la-performance-et-de-la-durabilite\/","url":"https:\/\/www.emballagedigest.fr\/emballage-carton-ondule-la-juste-combinaison-de-la-performance-et-de-la-durabilite\/","name":"Emballage carton ondul\u00e9 : la juste combinaison de la performance et de la durabilit\u00e9 - Emballage Digest","isPartOf":{"@id":"https:\/\/www.emballagedigest.fr\/#website"},"primaryImageOfPage":{"@id":"https:\/\/www.emballagedigest.fr\/emballage-carton-ondule-la-juste-combinaison-de-la-performance-et-de-la-durabilite\/#primaryimage"},"image":{"@id":"https:\/\/www.emballagedigest.fr\/emballage-carton-ondule-la-juste-combinaison-de-la-performance-et-de-la-durabilite\/#primaryimage"},"thumbnailUrl":"https:\/\/www.emballagedigest.fr\/wp-content\/uploads\/2025\/09\/COF1.jpg","datePublished":"2025-09-03T09:01:04+00:00","dateModified":"2025-10-03T08:15:29+00:00","breadcrumb":{"@id":"https:\/\/www.emballagedigest.fr\/emballage-carton-ondule-la-juste-combinaison-de-la-performance-et-de-la-durabilite\/#breadcrumb"},"inLanguage":"en-GB","potentialAction":[{"@type":"ReadAction","target":["https:\/\/www.emballagedigest.fr\/emballage-carton-ondule-la-juste-combinaison-de-la-performance-et-de-la-durabilite\/"]}]},{"@type":"ImageObject","inLanguage":"en-GB","@id":"https:\/\/www.emballagedigest.fr\/emballage-carton-ondule-la-juste-combinaison-de-la-performance-et-de-la-durabilite\/#primaryimage","url":"https:\/\/www.emballagedigest.fr\/wp-content\/uploads\/2025\/09\/COF1.jpg","contentUrl":"https:\/\/www.emballagedigest.fr\/wp-content\/uploads\/2025\/09\/COF1.jpg","width":800,"height":600},{"@type":"BreadcrumbList","@id":"https:\/\/www.emballagedigest.fr\/emballage-carton-ondule-la-juste-combinaison-de-la-performance-et-de-la-durabilite\/#breadcrumb","itemListElement":[{"@type":"ListItem","position":1,"name":"Accueil","item":"https:\/\/www.emballagedigest.fr\/"},{"@type":"ListItem","position":2,"name":"Emballage carton ondul\u00e9 : la juste combinaison de la performance et de la durabilit\u00e9"}]},{"@type":"WebSite","@id":"https:\/\/www.emballagedigest.fr\/#website","url":"https:\/\/www.emballagedigest.fr\/","name":"Emballage Digest","description":"Revue professionnelle sur les emballages","publisher":{"@id":"https:\/\/www.emballagedigest.fr\/#organization"},"potentialAction":[{"@type":"SearchAction","target":{"@type":"EntryPoint","urlTemplate":"https:\/\/www.emballagedigest.fr\/?s={search_term_string}"},"query-input":{"@type":"PropertyValueSpecification","valueRequired":true,"valueName":"search_term_string"}}],"inLanguage":"en-GB"},{"@type":"Organization","@id":"https:\/\/www.emballagedigest.fr\/#organization","name":"Emballage Digest","url":"https:\/\/www.emballagedigest.fr\/","logo":{"@type":"ImageObject","inLanguage":"en-GB","@id":"https:\/\/www.emballagedigest.fr\/#\/schema\/logo\/image\/","url":"https:\/\/www.emballagedigest.fr\/wp-content\/uploads\/2022\/07\/logo-ed.png","contentUrl":"https:\/\/www.emballagedigest.fr\/wp-content\/uploads\/2022\/07\/logo-ed.png","width":379,"height":75,"caption":"Emballage Digest"},"image":{"@id":"https:\/\/www.emballagedigest.fr\/#\/schema\/logo\/image\/"}},{"@type":"Person","@id":"https:\/\/www.emballagedigest.fr\/#\/schema\/person\/76abe9f2b2ee4d3d520594c7a35da59f","name":"Karine Duval","image":{"@type":"ImageObject","inLanguage":"en-GB","@id":"https:\/\/www.emballagedigest.fr\/#\/schema\/person\/image\/","url":"https:\/\/secure.gravatar.com\/avatar\/f552799261cdd2e076e6677d780ef07bdb13aa4c196ab75b39abcbcdcae2d4e5?s=96&d=mm&r=g","contentUrl":"https:\/\/secure.gravatar.com\/avatar\/f552799261cdd2e076e6677d780ef07bdb13aa4c196ab75b39abcbcdcae2d4e5?s=96&d=mm&r=g","caption":"Karine Duval"},"url":"https:\/\/www.emballagedigest.fr\/en\/author\/admin_karduv\/"}]}},"_links":{"self":[{"href":"https:\/\/www.emballagedigest.fr\/en\/wp-json\/wp\/v2\/posts\/45324","targetHints":{"allow":["GET"]}}],"collection":[{"href":"https:\/\/www.emballagedigest.fr\/en\/wp-json\/wp\/v2\/posts"}],"about":[{"href":"https:\/\/www.emballagedigest.fr\/en\/wp-json\/wp\/v2\/types\/post"}],"author":[{"embeddable":true,"href":"https:\/\/www.emballagedigest.fr\/en\/wp-json\/wp\/v2\/users\/2"}],"replies":[{"embeddable":true,"href":"https:\/\/www.emballagedigest.fr\/en\/wp-json\/wp\/v2\/comments?post=45324"}],"version-history":[{"count":2,"href":"https:\/\/www.emballagedigest.fr\/en\/wp-json\/wp\/v2\/posts\/45324\/revisions"}],"predecessor-version":[{"id":45329,"href":"https:\/\/www.emballagedigest.fr\/en\/wp-json\/wp\/v2\/posts\/45324\/revisions\/45329"}],"wp:featuredmedia":[{"embeddable":true,"href":"https:\/\/www.emballagedigest.fr\/en\/wp-json\/wp\/v2\/media\/45325"}],"wp:attachment":[{"href":"https:\/\/www.emballagedigest.fr\/en\/wp-json\/wp\/v2\/media?parent=45324"}],"wp:term":[{"taxonomy":"category","embeddable":true,"href":"https:\/\/www.emballagedigest.fr\/en\/wp-json\/wp\/v2\/categories?post=45324"},{"taxonomy":"post_tag","embeddable":true,"href":"https:\/\/www.emballagedigest.fr\/en\/wp-json\/wp\/v2\/tags?post=45324"}],"curies":[{"name":"wp","href":"https:\/\/api.w.org\/{rel}","templated":true}]}}