{"id":45336,"date":"2025-09-04T08:47:11","date_gmt":"2025-09-04T06:47:11","guid":{"rendered":"https:\/\/www.emballagedigest.fr\/?p=45336"},"modified":"2025-09-04T08:47:12","modified_gmt":"2025-09-04T06:47:12","slug":"masterpress-etend-ses-capacites-avec-une-nouvelle-presse-led","status":"publish","type":"post","link":"https:\/\/www.emballagedigest.fr\/en\/masterpress-etend-ses-capacites-avec-une-nouvelle-presse-led\/","title":{"rendered":"Masterpress \u00e9tend ses capacit\u00e9s avec une nouvelle presse LED"},"content":{"rendered":"<p><strong>En investissant dans une presse LED \u00e0 grande \u00e9chelle et en lan\u00e7ant les travaux d&rsquo;agrandissement de son troisi\u00e8me site de production \u00e0 Bia\u0142ystok, Masterpress entend renforcer sa comp\u00e9titivit\u00e9 en renfor\u00e7ant ses capacit\u00e9s op\u00e9rationnelles et de production.<\/strong><\/p>\n\n\n\n<p>La presse LED, fabriqu\u00e9e par Mark Andy, un fabricant de machines bas\u00e9 aux \u00c9tats-Unis, devrait commencer \u00e0 imprimer sur le site Masterpress de Bia\u0142ystok en octobre. La nouvelle machine devrait r\u00e9duire les co\u00fbts d&rsquo;impression des travaux \u00e0 long terme gr\u00e2ce \u00e0 sa vitesse \u00e9lev\u00e9e pouvant atteindre 750 pieds par minute (fpm). Un syst\u00e8me de tension automatique contribue en outre \u00e0 r\u00e9duire le gaspillage de mat\u00e9riaux et \u00e0 all\u00e9ger la charge de travail de l&rsquo;op\u00e9rateur. De plus, la presse LED offre un temps de changement plus rapide dans ses stations d&rsquo;impression et la conception de ses outils de support. Cela garantit une utilisation s\u00fbre pour le changement imm\u00e9diat de la taille des outils sans avoir \u00e0 ajuster les param\u00e8tres d&rsquo;encre et d&rsquo;impression.<\/p>\n\n\n\n<p>De plus, la nouvelle presse LED est dot\u00e9e de fonctionnalit\u00e9s \u00e9co\u00e9nerg\u00e9tiques qui devraient r\u00e9duire les \u00e9missions de carbone tout au long de la cha\u00eene d&rsquo;approvisionnement des emballages et des \u00e9tiquettes. Ces fonctionnalit\u00e9s comprennent la possibilit\u00e9 de r\u00e9gler le s\u00e9choir pour la recirculation, ce qui r\u00e9duit la consommation d&rsquo;\u00e9nergie gr\u00e2ce \u00e0 un meilleur contr\u00f4le de la temp\u00e9rature et du d\u00e9bit d&rsquo;air.<\/p>\n\n\n\n<p>\u00ab Malgr\u00e9 un environnement mondial instable, nous ne pouvons pas rester inactifs en mati\u00e8re de croissance et de comp\u00e9titivit\u00e9. La nouvelle presse LED, ainsi que l&rsquo;agrandissement en cours du site, r\u00e9pondent \u00e0 la demande de notre secteur et de nos clients en mati\u00e8re de comp\u00e9titivit\u00e9 et de durabilit\u00e9 \u00bb, d\u00e9clare Gabriel Magdaleno, directeur de la gestion strat\u00e9gique des produits et du marketing chez Masterpress.<\/p>\n\n\n\n<p>Outre l&rsquo;\u00e9largissement de son portefeuille de machines, Masterpress d\u00e9veloppe \u00e9galement activement sa pr\u00e9sence physique. La soci\u00e9t\u00e9 a commenc\u00e9 les travaux d&rsquo;agrandissement de ses installations et a officiellement lanc\u00e9 la construction de son troisi\u00e8me site \u00e0 Bia\u0142ystok. Une fois achev\u00e9e, cette usine comprendra de nouveaux bureaux modernes, un entrep\u00f4t et des zones de production. \u00ab Masterpress cherche \u00e0 renforcer ses capacit\u00e9s avec des machines de pointe, \u00e0 \u00e9tendre sa pr\u00e9sence physique avec un nouveau site, tout en r\u00e9duisant son empreinte environnementale gr\u00e2ce \u00e0 l&rsquo;introduction de nouveaux produits durables, fond\u00e9s sur une base solide en mati\u00e8re de recherche et d\u00e9veloppement \u00bb, explique M. Magdaleno.<\/p>","protected":false},"excerpt":{"rendered":"<p>En investissant dans une presse LED \u00e0 grande \u00e9chelle et en lan\u00e7ant les travaux d&rsquo;agrandissement de son troisi\u00e8me site de production \u00e0 Bia\u0142ystok, Masterpress entend renforcer sa comp\u00e9titivit\u00e9 en renfor\u00e7ant ses capacit\u00e9s op\u00e9rationnelles et de production. La presse LED, fabriqu\u00e9e par Mark Andy, un fabricant de machines bas\u00e9 aux \u00c9tats-Unis, devrait commencer \u00e0 imprimer sur [&hellip;]<\/p>","protected":false},"author":2,"featured_media":45337,"comment_status":"closed","ping_status":"closed","sticky":false,"template":"","format":"standard","meta":{"_acf_changed":false,"inline_featured_image":false,"iawp_total_views":1,"footnotes":""},"categories":[5,28,35],"tags":[],"class_list":["post-45336","post","type-post","status-publish","format-standard","has-post-thumbnail","hentry","category-alimentaire","category-article-entier","category-machines-fr"],"acf":[],"yoast_head":"<!-- This site is optimized with the Yoast SEO plugin v24.4 - https:\/\/yoast.com\/wordpress\/plugins\/seo\/ -->\n<title>Masterpress \u00e9tend ses capacit\u00e9s avec une nouvelle presse LED - Emballage Digest<\/title>\n<meta name=\"robots\" content=\"index, follow, max-snippet:-1, max-image-preview:large, max-video-preview:-1\" \/>\n<link rel=\"canonical\" href=\"https:\/\/www.emballagedigest.fr\/en\/masterpress-etend-ses-capacites-avec-une-nouvelle-presse-led\/\" \/>\n<meta property=\"og:locale\" content=\"en_GB\" \/>\n<meta property=\"og:type\" content=\"article\" \/>\n<meta property=\"og:title\" content=\"Masterpress \u00e9tend ses capacit\u00e9s avec une nouvelle presse LED - Emballage Digest\" \/>\n<meta property=\"og:description\" content=\"En investissant dans une presse LED \u00e0 grande \u00e9chelle et en lan\u00e7ant les travaux d&rsquo;agrandissement de son troisi\u00e8me site de production \u00e0 Bia\u0142ystok, Masterpress entend renforcer sa comp\u00e9titivit\u00e9 en renfor\u00e7ant ses capacit\u00e9s op\u00e9rationnelles et de production. La presse LED, fabriqu\u00e9e par Mark Andy, un fabricant de machines bas\u00e9 aux \u00c9tats-Unis, devrait commencer \u00e0 imprimer sur [&hellip;]\" \/>\n<meta property=\"og:url\" content=\"https:\/\/www.emballagedigest.fr\/en\/masterpress-etend-ses-capacites-avec-une-nouvelle-presse-led\/\" \/>\n<meta property=\"og:site_name\" content=\"Emballage Digest\" \/>\n<meta property=\"article:published_time\" content=\"2025-09-04T06:47:11+00:00\" \/>\n<meta property=\"article:modified_time\" content=\"2025-09-04T06:47:12+00:00\" \/>\n<meta property=\"og:image\" content=\"https:\/\/www.emballagedigest.fr\/wp-content\/uploads\/2025\/09\/masterpress.jpg\" \/>\n\t<meta property=\"og:image:width\" content=\"800\" \/>\n\t<meta property=\"og:image:height\" content=\"533\" \/>\n\t<meta property=\"og:image:type\" content=\"image\/jpeg\" \/>\n<meta name=\"author\" content=\"Karine Duval\" \/>\n<meta name=\"twitter:card\" content=\"summary_large_image\" \/>\n<meta name=\"twitter:label1\" content=\"Written by\" \/>\n\t<meta name=\"twitter:data1\" content=\"Karine Duval\" \/>\n\t<meta name=\"twitter:label2\" content=\"Estimated reading time\" \/>\n\t<meta name=\"twitter:data2\" content=\"3 minutes\" \/>\n<script type=\"application\/ld+json\" class=\"yoast-schema-graph\">{\"@context\":\"https:\/\/schema.org\",\"@graph\":[{\"@type\":\"Article\",\"@id\":\"https:\/\/www.emballagedigest.fr\/masterpress-etend-ses-capacites-avec-une-nouvelle-presse-led\/#article\",\"isPartOf\":{\"@id\":\"https:\/\/www.emballagedigest.fr\/masterpress-etend-ses-capacites-avec-une-nouvelle-presse-led\/\"},\"author\":{\"name\":\"Karine Duval\",\"@id\":\"https:\/\/www.emballagedigest.fr\/#\/schema\/person\/76abe9f2b2ee4d3d520594c7a35da59f\"},\"headline\":\"Masterpress \u00e9tend ses capacit\u00e9s avec une nouvelle presse LED\",\"datePublished\":\"2025-09-04T06:47:11+00:00\",\"dateModified\":\"2025-09-04T06:47:12+00:00\",\"mainEntityOfPage\":{\"@id\":\"https:\/\/www.emballagedigest.fr\/masterpress-etend-ses-capacites-avec-une-nouvelle-presse-led\/\"},\"wordCount\":443,\"publisher\":{\"@id\":\"https:\/\/www.emballagedigest.fr\/#organization\"},\"image\":{\"@id\":\"https:\/\/www.emballagedigest.fr\/masterpress-etend-ses-capacites-avec-une-nouvelle-presse-led\/#primaryimage\"},\"thumbnailUrl\":\"https:\/\/www.emballagedigest.fr\/wp-content\/uploads\/2025\/09\/masterpress.jpg\",\"articleSection\":[\"Alimentaire\",\"Article entier\",\"Machines\"],\"inLanguage\":\"en-GB\"},{\"@type\":\"WebPage\",\"@id\":\"https:\/\/www.emballagedigest.fr\/masterpress-etend-ses-capacites-avec-une-nouvelle-presse-led\/\",\"url\":\"https:\/\/www.emballagedigest.fr\/masterpress-etend-ses-capacites-avec-une-nouvelle-presse-led\/\",\"name\":\"Masterpress \u00e9tend ses capacit\u00e9s avec une nouvelle presse LED - Emballage Digest\",\"isPartOf\":{\"@id\":\"https:\/\/www.emballagedigest.fr\/#website\"},\"primaryImageOfPage\":{\"@id\":\"https:\/\/www.emballagedigest.fr\/masterpress-etend-ses-capacites-avec-une-nouvelle-presse-led\/#primaryimage\"},\"image\":{\"@id\":\"https:\/\/www.emballagedigest.fr\/masterpress-etend-ses-capacites-avec-une-nouvelle-presse-led\/#primaryimage\"},\"thumbnailUrl\":\"https:\/\/www.emballagedigest.fr\/wp-content\/uploads\/2025\/09\/masterpress.jpg\",\"datePublished\":\"2025-09-04T06:47:11+00:00\",\"dateModified\":\"2025-09-04T06:47:12+00:00\",\"breadcrumb\":{\"@id\":\"https:\/\/www.emballagedigest.fr\/masterpress-etend-ses-capacites-avec-une-nouvelle-presse-led\/#breadcrumb\"},\"inLanguage\":\"en-GB\",\"potentialAction\":[{\"@type\":\"ReadAction\",\"target\":[\"https:\/\/www.emballagedigest.fr\/masterpress-etend-ses-capacites-avec-une-nouvelle-presse-led\/\"]}]},{\"@type\":\"ImageObject\",\"inLanguage\":\"en-GB\",\"@id\":\"https:\/\/www.emballagedigest.fr\/masterpress-etend-ses-capacites-avec-une-nouvelle-presse-led\/#primaryimage\",\"url\":\"https:\/\/www.emballagedigest.fr\/wp-content\/uploads\/2025\/09\/masterpress.jpg\",\"contentUrl\":\"https:\/\/www.emballagedigest.fr\/wp-content\/uploads\/2025\/09\/masterpress.jpg\",\"width\":800,\"height\":533},{\"@type\":\"BreadcrumbList\",\"@id\":\"https:\/\/www.emballagedigest.fr\/masterpress-etend-ses-capacites-avec-une-nouvelle-presse-led\/#breadcrumb\",\"itemListElement\":[{\"@type\":\"ListItem\",\"position\":1,\"name\":\"Accueil\",\"item\":\"https:\/\/www.emballagedigest.fr\/\"},{\"@type\":\"ListItem\",\"position\":2,\"name\":\"Masterpress \u00e9tend ses capacit\u00e9s avec une nouvelle presse LED\"}]},{\"@type\":\"WebSite\",\"@id\":\"https:\/\/www.emballagedigest.fr\/#website\",\"url\":\"https:\/\/www.emballagedigest.fr\/\",\"name\":\"Emballage Digest\",\"description\":\"Revue professionnelle sur les emballages\",\"publisher\":{\"@id\":\"https:\/\/www.emballagedigest.fr\/#organization\"},\"potentialAction\":[{\"@type\":\"SearchAction\",\"target\":{\"@type\":\"EntryPoint\",\"urlTemplate\":\"https:\/\/www.emballagedigest.fr\/?s={search_term_string}\"},\"query-input\":{\"@type\":\"PropertyValueSpecification\",\"valueRequired\":true,\"valueName\":\"search_term_string\"}}],\"inLanguage\":\"en-GB\"},{\"@type\":\"Organization\",\"@id\":\"https:\/\/www.emballagedigest.fr\/#organization\",\"name\":\"Emballage Digest\",\"url\":\"https:\/\/www.emballagedigest.fr\/\",\"logo\":{\"@type\":\"ImageObject\",\"inLanguage\":\"en-GB\",\"@id\":\"https:\/\/www.emballagedigest.fr\/#\/schema\/logo\/image\/\",\"url\":\"https:\/\/www.emballagedigest.fr\/wp-content\/uploads\/2022\/07\/logo-ed.png\",\"contentUrl\":\"https:\/\/www.emballagedigest.fr\/wp-content\/uploads\/2022\/07\/logo-ed.png\",\"width\":379,\"height\":75,\"caption\":\"Emballage Digest\"},\"image\":{\"@id\":\"https:\/\/www.emballagedigest.fr\/#\/schema\/logo\/image\/\"}},{\"@type\":\"Person\",\"@id\":\"https:\/\/www.emballagedigest.fr\/#\/schema\/person\/76abe9f2b2ee4d3d520594c7a35da59f\",\"name\":\"Karine Duval\",\"image\":{\"@type\":\"ImageObject\",\"inLanguage\":\"en-GB\",\"@id\":\"https:\/\/www.emballagedigest.fr\/#\/schema\/person\/image\/\",\"url\":\"https:\/\/secure.gravatar.com\/avatar\/f552799261cdd2e076e6677d780ef07bdb13aa4c196ab75b39abcbcdcae2d4e5?s=96&d=mm&r=g\",\"contentUrl\":\"https:\/\/secure.gravatar.com\/avatar\/f552799261cdd2e076e6677d780ef07bdb13aa4c196ab75b39abcbcdcae2d4e5?s=96&d=mm&r=g\",\"caption\":\"Karine Duval\"},\"url\":\"https:\/\/www.emballagedigest.fr\/en\/author\/admin_karduv\/\"}]}<\/script>\n<!-- \/ Yoast SEO plugin. -->","yoast_head_json":{"title":"Masterpress \u00e9tend ses capacit\u00e9s avec une nouvelle presse LED - Emballage Digest","robots":{"index":"index","follow":"follow","max-snippet":"max-snippet:-1","max-image-preview":"max-image-preview:large","max-video-preview":"max-video-preview:-1"},"canonical":"https:\/\/www.emballagedigest.fr\/en\/masterpress-etend-ses-capacites-avec-une-nouvelle-presse-led\/","og_locale":"en_GB","og_type":"article","og_title":"Masterpress \u00e9tend ses capacit\u00e9s avec une nouvelle presse LED - Emballage Digest","og_description":"En investissant dans une presse LED \u00e0 grande \u00e9chelle et en lan\u00e7ant les travaux d&rsquo;agrandissement de son troisi\u00e8me site de production \u00e0 Bia\u0142ystok, Masterpress entend renforcer sa comp\u00e9titivit\u00e9 en renfor\u00e7ant ses capacit\u00e9s op\u00e9rationnelles et de production. La presse LED, fabriqu\u00e9e par Mark Andy, un fabricant de machines bas\u00e9 aux \u00c9tats-Unis, devrait commencer \u00e0 imprimer sur [&hellip;]","og_url":"https:\/\/www.emballagedigest.fr\/en\/masterpress-etend-ses-capacites-avec-une-nouvelle-presse-led\/","og_site_name":"Emballage Digest","article_published_time":"2025-09-04T06:47:11+00:00","article_modified_time":"2025-09-04T06:47:12+00:00","og_image":[{"width":800,"height":533,"url":"https:\/\/www.emballagedigest.fr\/wp-content\/uploads\/2025\/09\/masterpress.jpg","type":"image\/jpeg"}],"author":"Karine Duval","twitter_card":"summary_large_image","twitter_misc":{"Written by":"Karine Duval","Estimated reading time":"3 minutes"},"schema":{"@context":"https:\/\/schema.org","@graph":[{"@type":"Article","@id":"https:\/\/www.emballagedigest.fr\/masterpress-etend-ses-capacites-avec-une-nouvelle-presse-led\/#article","isPartOf":{"@id":"https:\/\/www.emballagedigest.fr\/masterpress-etend-ses-capacites-avec-une-nouvelle-presse-led\/"},"author":{"name":"Karine Duval","@id":"https:\/\/www.emballagedigest.fr\/#\/schema\/person\/76abe9f2b2ee4d3d520594c7a35da59f"},"headline":"Masterpress \u00e9tend ses capacit\u00e9s avec une nouvelle presse LED","datePublished":"2025-09-04T06:47:11+00:00","dateModified":"2025-09-04T06:47:12+00:00","mainEntityOfPage":{"@id":"https:\/\/www.emballagedigest.fr\/masterpress-etend-ses-capacites-avec-une-nouvelle-presse-led\/"},"wordCount":443,"publisher":{"@id":"https:\/\/www.emballagedigest.fr\/#organization"},"image":{"@id":"https:\/\/www.emballagedigest.fr\/masterpress-etend-ses-capacites-avec-une-nouvelle-presse-led\/#primaryimage"},"thumbnailUrl":"https:\/\/www.emballagedigest.fr\/wp-content\/uploads\/2025\/09\/masterpress.jpg","articleSection":["Alimentaire","Article entier","Machines"],"inLanguage":"en-GB"},{"@type":"WebPage","@id":"https:\/\/www.emballagedigest.fr\/masterpress-etend-ses-capacites-avec-une-nouvelle-presse-led\/","url":"https:\/\/www.emballagedigest.fr\/masterpress-etend-ses-capacites-avec-une-nouvelle-presse-led\/","name":"Masterpress \u00e9tend ses capacit\u00e9s avec une nouvelle presse LED - Emballage Digest","isPartOf":{"@id":"https:\/\/www.emballagedigest.fr\/#website"},"primaryImageOfPage":{"@id":"https:\/\/www.emballagedigest.fr\/masterpress-etend-ses-capacites-avec-une-nouvelle-presse-led\/#primaryimage"},"image":{"@id":"https:\/\/www.emballagedigest.fr\/masterpress-etend-ses-capacites-avec-une-nouvelle-presse-led\/#primaryimage"},"thumbnailUrl":"https:\/\/www.emballagedigest.fr\/wp-content\/uploads\/2025\/09\/masterpress.jpg","datePublished":"2025-09-04T06:47:11+00:00","dateModified":"2025-09-04T06:47:12+00:00","breadcrumb":{"@id":"https:\/\/www.emballagedigest.fr\/masterpress-etend-ses-capacites-avec-une-nouvelle-presse-led\/#breadcrumb"},"inLanguage":"en-GB","potentialAction":[{"@type":"ReadAction","target":["https:\/\/www.emballagedigest.fr\/masterpress-etend-ses-capacites-avec-une-nouvelle-presse-led\/"]}]},{"@type":"ImageObject","inLanguage":"en-GB","@id":"https:\/\/www.emballagedigest.fr\/masterpress-etend-ses-capacites-avec-une-nouvelle-presse-led\/#primaryimage","url":"https:\/\/www.emballagedigest.fr\/wp-content\/uploads\/2025\/09\/masterpress.jpg","contentUrl":"https:\/\/www.emballagedigest.fr\/wp-content\/uploads\/2025\/09\/masterpress.jpg","width":800,"height":533},{"@type":"BreadcrumbList","@id":"https:\/\/www.emballagedigest.fr\/masterpress-etend-ses-capacites-avec-une-nouvelle-presse-led\/#breadcrumb","itemListElement":[{"@type":"ListItem","position":1,"name":"Accueil","item":"https:\/\/www.emballagedigest.fr\/"},{"@type":"ListItem","position":2,"name":"Masterpress \u00e9tend ses capacit\u00e9s avec une nouvelle presse LED"}]},{"@type":"WebSite","@id":"https:\/\/www.emballagedigest.fr\/#website","url":"https:\/\/www.emballagedigest.fr\/","name":"Emballage Digest","description":"Revue professionnelle sur les emballages","publisher":{"@id":"https:\/\/www.emballagedigest.fr\/#organization"},"potentialAction":[{"@type":"SearchAction","target":{"@type":"EntryPoint","urlTemplate":"https:\/\/www.emballagedigest.fr\/?s={search_term_string}"},"query-input":{"@type":"PropertyValueSpecification","valueRequired":true,"valueName":"search_term_string"}}],"inLanguage":"en-GB"},{"@type":"Organization","@id":"https:\/\/www.emballagedigest.fr\/#organization","name":"Emballage Digest","url":"https:\/\/www.emballagedigest.fr\/","logo":{"@type":"ImageObject","inLanguage":"en-GB","@id":"https:\/\/www.emballagedigest.fr\/#\/schema\/logo\/image\/","url":"https:\/\/www.emballagedigest.fr\/wp-content\/uploads\/2022\/07\/logo-ed.png","contentUrl":"https:\/\/www.emballagedigest.fr\/wp-content\/uploads\/2022\/07\/logo-ed.png","width":379,"height":75,"caption":"Emballage Digest"},"image":{"@id":"https:\/\/www.emballagedigest.fr\/#\/schema\/logo\/image\/"}},{"@type":"Person","@id":"https:\/\/www.emballagedigest.fr\/#\/schema\/person\/76abe9f2b2ee4d3d520594c7a35da59f","name":"Karine Duval","image":{"@type":"ImageObject","inLanguage":"en-GB","@id":"https:\/\/www.emballagedigest.fr\/#\/schema\/person\/image\/","url":"https:\/\/secure.gravatar.com\/avatar\/f552799261cdd2e076e6677d780ef07bdb13aa4c196ab75b39abcbcdcae2d4e5?s=96&d=mm&r=g","contentUrl":"https:\/\/secure.gravatar.com\/avatar\/f552799261cdd2e076e6677d780ef07bdb13aa4c196ab75b39abcbcdcae2d4e5?s=96&d=mm&r=g","caption":"Karine Duval"},"url":"https:\/\/www.emballagedigest.fr\/en\/author\/admin_karduv\/"}]}},"_links":{"self":[{"href":"https:\/\/www.emballagedigest.fr\/en\/wp-json\/wp\/v2\/posts\/45336","targetHints":{"allow":["GET"]}}],"collection":[{"href":"https:\/\/www.emballagedigest.fr\/en\/wp-json\/wp\/v2\/posts"}],"about":[{"href":"https:\/\/www.emballagedigest.fr\/en\/wp-json\/wp\/v2\/types\/post"}],"author":[{"embeddable":true,"href":"https:\/\/www.emballagedigest.fr\/en\/wp-json\/wp\/v2\/users\/2"}],"replies":[{"embeddable":true,"href":"https:\/\/www.emballagedigest.fr\/en\/wp-json\/wp\/v2\/comments?post=45336"}],"version-history":[{"count":1,"href":"https:\/\/www.emballagedigest.fr\/en\/wp-json\/wp\/v2\/posts\/45336\/revisions"}],"predecessor-version":[{"id":45338,"href":"https:\/\/www.emballagedigest.fr\/en\/wp-json\/wp\/v2\/posts\/45336\/revisions\/45338"}],"wp:featuredmedia":[{"embeddable":true,"href":"https:\/\/www.emballagedigest.fr\/en\/wp-json\/wp\/v2\/media\/45337"}],"wp:attachment":[{"href":"https:\/\/www.emballagedigest.fr\/en\/wp-json\/wp\/v2\/media?parent=45336"}],"wp:term":[{"taxonomy":"category","embeddable":true,"href":"https:\/\/www.emballagedigest.fr\/en\/wp-json\/wp\/v2\/categories?post=45336"},{"taxonomy":"post_tag","embeddable":true,"href":"https:\/\/www.emballagedigest.fr\/en\/wp-json\/wp\/v2\/tags?post=45336"}],"curies":[{"name":"wp","href":"https:\/\/api.w.org\/{rel}","templated":true}]}}