{"id":45371,"date":"2025-08-31T10:22:35","date_gmt":"2025-08-31T08:22:35","guid":{"rendered":"https:\/\/www.emballagedigest.fr\/?p=45371"},"modified":"2025-09-04T10:25:27","modified_gmt":"2025-09-04T08:25:27","slug":"un-cuir-dorigine-vegetale-pour-habiller-les-emballages-de-luxe","status":"publish","type":"post","link":"https:\/\/www.emballagedigest.fr\/en\/un-cuir-dorigine-vegetale-pour-habiller-les-emballages-de-luxe\/","title":{"rendered":"Un cuir d\u2019origine v\u00e9g\u00e9tale pour habiller les emballages de luxe"},"content":{"rendered":"<p><strong>Sous la houlette de Fanny Del\u00e9age et le soutien d\u2019investisseurs, l\u2019\u00e9quipe de la Tannerie V\u00e9g\u00e9tale a donn\u00e9 naissance \u00e0 Phyli, un mat\u00e9riau souple biosourc\u00e9, au cycle de vie in\u00e9dit qui appara\u00eet comme une v\u00e9ritable opportunit\u00e9 pour des applications multiples, de la gainerie\/maroquinerie au packaging de luxe. La Tannerie V\u00e9g\u00e9tale s\u2019appuie sur une formule innovante brevet\u00e9e et sur un process industriel en progression continue.<\/strong><\/p>\n\n\n\n<p>Il aura fallu six ans de R&amp;D \u00e0 la Tannerie V\u00e9g\u00e9tale pour mettre au point un mat\u00e9riau formul\u00e9 \u00e0 partir d\u2019ingr\u00e9dients naturels (biopolym\u00e8res coproduits de c\u00e9r\u00e9ales, tannins v\u00e9g\u00e9taux, polyols, acides gras et d\u00e9riv\u00e9s coproduits de l\u2019huilerie et du bois, charges cellulosiques et min\u00e9rales ou encore colorants issus de d\u00e9chets agroalimentaires et des pigments min\u00e9raux), capable d\u2019offrir les m\u00eame propri\u00e9t\u00e9s du cuir tout en affichant une empreinte carbone en moyenne 12 fois inf\u00e9rieure. Recyclable et compostable \u00e0 l\u2019\u00e9chelle domestique, il est produit \u00e0 partir de gisements de proximit\u00e9 favorisant une production locale pour des march\u00e9s locaux et pour les acteurs un ancrage territorial porteur de sens. Enfin, Phyli atteint aujourd\u2019hui un vrai potentiel d\u2019industrialisation et son proc\u00e9d\u00e9 de fabrication une grande versatilit\u00e9 (injection, moulage, compression\u2026). Ses atouts esth\u00e9tiques et pratiques et ses applications multiples challengent largement des mati\u00e8res telles que le cuir, le simili ou autre PU (plastique). Il est r\u00e9sistant et facile \u00e0 travailler, d\u00e9corer, teinter, imprimer pour un design personnalis\u00e9.<\/p>\n\n\n\n<figure class=\"wp-block-image size-full\"><img loading=\"lazy\" decoding=\"async\" width=\"800\" height=\"400\" src=\"https:\/\/www.emballagedigest.fr\/wp-content\/uploads\/2025\/09\/tannerie2.jpg\" alt=\"\" class=\"wp-image-45373\" srcset=\"https:\/\/www.emballagedigest.fr\/wp-content\/uploads\/2025\/09\/tannerie2.jpg 800w, https:\/\/www.emballagedigest.fr\/wp-content\/uploads\/2025\/09\/tannerie2-300x150.jpg 300w, https:\/\/www.emballagedigest.fr\/wp-content\/uploads\/2025\/09\/tannerie2-768x384.jpg 768w, https:\/\/www.emballagedigest.fr\/wp-content\/uploads\/2025\/09\/tannerie2-18x9.jpg 18w\" sizes=\"auto, (max-width: 800px) 100vw, 800px\" \/><\/figure>\n\n\n\n<p>\u00abParce que le cuir alimente aujourd\u2019hui un vrai dilemme li\u00e9 \u00e0 la consommation d\u2019eau, \u00e0 la pollution, sans compter l\u2019exploitation animale et la consommation de viande de plus en plus d\u00e9cri\u00e9e, parce qu\u2019on ne peut plus compter sur les d\u00e9riv\u00e9s du p\u00e9trole comme le PVC ou le PU, cause de pollution par les microplastiques et g\u00e9n\u00e9rateurs de perturbateurs endocriniens, parce que la limite plan\u00e9taire \u00ab\u00a0nouvelles entit\u00e9s\u00a0\u00bb a \u00e9t\u00e9 d\u00e9pass\u00e9e, ce qui a des effets n\u00e9fastes d\u00e9j\u00e0 irr\u00e9versibles sur le d\u00e9veloppement physiologique des humains et sur le fonctionnement des \u00e9cosyst\u00e8mes, il devient urgent d\u2019innover dans des alternatives viables et moins impactantes pour la nature. L\u00e0 est la raison d\u2019\u00eatre de notre entreprise. Nos expertises de la chimie et du mat\u00e9riau nous ont permis de mettre au point une alternative durable dont les qualit\u00e9s d\u00e9passent toute esp\u00e9rance. Un mat\u00e9riau souple, r\u00e9sistant, largement industrialisable qui utilise des ressources v\u00e9g\u00e9tales locales pour des productions locales\u00bb, explique Fanny Del\u00e9age.<\/p>\n\n\n\n<p>Nourrie d\u2019une R&amp;D en constante \u00e9bullition, la Tannerie V\u00e9g\u00e9tale fabrique Phyli par extrusion calandrage. Les ingr\u00e9dients exclusivement naturels sont travaill\u00e9s sans chimie de synth\u00e8se, ni r\u00e9ticulation. Selon l\u2019application souhait\u00e9e, leur m\u00e9lange est alors mis en feuilles puis emboss\u00e9, ou transform\u00e9 en granul\u00e9s pr\u00eats \u00e0 \u00eatre moul\u00e9s. En cela, La Tannerie V\u00e9g\u00e9tale b\u00e9n\u00e9ficie de cod\u00e9veloppements avec des marques de luxe et des acteurs industriels (ing\u00e9nierie, ateliers annexes\u2026).<br>Si la solution est propos\u00e9e en version standard en plaques ou en rouleaux, de diff\u00e9rentes \u00e9paisseurs, plus ou moins rigide et dans des gammes de teintes pr\u00e9d\u00e9finies, les marques ont le choix d\u2019une production et d\u2019un mat\u00e9riau 100% sur mesure\u00a0qui, de surcro\u00eet donne du sens \u00e0 leur d\u00e9marche RSE. Celles-ci peuvent ainsi valoriser des coproduits et\/ou d\u00e9chets de leur industrie tels que le marc de caf\u00e9, les d\u00e9chets de la vigne, ou les f\u00e8ves de chocolat pour fabriquer un Phyli plein de sens, mais pour autant soumis \u00e0 une ACV objective. Phyli permet aux acteurs du luxe et du packaging d\u2019innover autour de solutions applicatives personnalis\u00e9es (\u00e9paisseur, souplesse, texture) et de concevoir des produits \u00e0 leur image (teinte, embossage, grain\u2026).<\/p>\n\n\n\n<p>La Tannerie V\u00e9g\u00e9tale a fait son entr\u00e9e sur la sc\u00e8ne du packaging de Luxe en exposant pour la premi\u00e8re fois sur le salon Luxe Pack Edition Sp\u00e9ciale avec des mod\u00e8les de d\u00e9veloppement et des collaborations notamment avec Gainerie\u00a091. La soci\u00e9t\u00e9 rejoindra \u00e9galement un pool de jeunes entreprises innovantes sur le Luxe Pack de Monaco au sein du tout nouvel espace \u201cThe Portal\u00a0\u00bb o\u00f9 seront r\u00e9unis les nouveaux acteurs du luxe et leurs propositions innovantes.<\/p>","protected":false},"excerpt":{"rendered":"<p>Sous la houlette de Fanny Del\u00e9age et le soutien d\u2019investisseurs, l\u2019\u00e9quipe de la Tannerie V\u00e9g\u00e9tale a donn\u00e9 naissance \u00e0 Phyli, un mat\u00e9riau souple biosourc\u00e9, au cycle de vie in\u00e9dit qui appara\u00eet comme une v\u00e9ritable opportunit\u00e9 pour des applications multiples, de la gainerie\/maroquinerie au packaging de luxe. La Tannerie V\u00e9g\u00e9tale s\u2019appuie sur une formule innovante brevet\u00e9e [&hellip;]<\/p>","protected":false},"author":2,"featured_media":45372,"comment_status":"closed","ping_status":"closed","sticky":false,"template":"","format":"standard","meta":{"_acf_changed":false,"inline_featured_image":false,"iawp_total_views":0,"footnotes":""},"categories":[28,26,81,6,65],"tags":[],"class_list":["post-45371","post","type-post","status-publish","format-standard","has-post-thumbnail","hentry","category-article-entier","category-laterale","category-packaging","category-parfumerie-cosmetique","category-vu-dans-le-mag"],"acf":[],"yoast_head":"<!-- This site is optimized with the Yoast SEO plugin v24.4 - https:\/\/yoast.com\/wordpress\/plugins\/seo\/ -->\n<title>Un cuir d\u2019origine v\u00e9g\u00e9tale pour habiller les emballages de luxe - Emballage Digest<\/title>\n<meta name=\"robots\" content=\"index, follow, max-snippet:-1, max-image-preview:large, max-video-preview:-1\" \/>\n<link rel=\"canonical\" href=\"https:\/\/www.emballagedigest.fr\/en\/un-cuir-dorigine-vegetale-pour-habiller-les-emballages-de-luxe\/\" \/>\n<meta property=\"og:locale\" content=\"en_GB\" \/>\n<meta property=\"og:type\" content=\"article\" \/>\n<meta property=\"og:title\" content=\"Un cuir d\u2019origine v\u00e9g\u00e9tale pour habiller les emballages de luxe - Emballage Digest\" \/>\n<meta property=\"og:description\" content=\"Sous la houlette de Fanny Del\u00e9age et le soutien d\u2019investisseurs, l\u2019\u00e9quipe de la Tannerie V\u00e9g\u00e9tale a donn\u00e9 naissance \u00e0 Phyli, un mat\u00e9riau souple biosourc\u00e9, au cycle de vie in\u00e9dit qui appara\u00eet comme une v\u00e9ritable opportunit\u00e9 pour des applications multiples, de la gainerie\/maroquinerie au packaging de luxe. La Tannerie V\u00e9g\u00e9tale s\u2019appuie sur une formule innovante brevet\u00e9e [&hellip;]\" \/>\n<meta property=\"og:url\" content=\"https:\/\/www.emballagedigest.fr\/en\/un-cuir-dorigine-vegetale-pour-habiller-les-emballages-de-luxe\/\" \/>\n<meta property=\"og:site_name\" content=\"Emballage Digest\" \/>\n<meta property=\"article:published_time\" content=\"2025-08-31T08:22:35+00:00\" \/>\n<meta property=\"article:modified_time\" content=\"2025-09-04T08:25:27+00:00\" \/>\n<meta property=\"og:image\" content=\"https:\/\/www.emballagedigest.fr\/wp-content\/uploads\/2025\/09\/tannerie1.jpg\" \/>\n\t<meta property=\"og:image:width\" content=\"800\" \/>\n\t<meta property=\"og:image:height\" content=\"590\" \/>\n\t<meta property=\"og:image:type\" content=\"image\/jpeg\" \/>\n<meta name=\"author\" content=\"Karine Duval\" \/>\n<meta name=\"twitter:card\" content=\"summary_large_image\" \/>\n<meta name=\"twitter:label1\" content=\"Written by\" \/>\n\t<meta name=\"twitter:data1\" content=\"Karine Duval\" \/>\n\t<meta name=\"twitter:label2\" content=\"Estimated reading time\" \/>\n\t<meta name=\"twitter:data2\" content=\"4 minutes\" \/>\n<script type=\"application\/ld+json\" class=\"yoast-schema-graph\">{\"@context\":\"https:\/\/schema.org\",\"@graph\":[{\"@type\":\"Article\",\"@id\":\"https:\/\/www.emballagedigest.fr\/un-cuir-dorigine-vegetale-pour-habiller-les-emballages-de-luxe\/#article\",\"isPartOf\":{\"@id\":\"https:\/\/www.emballagedigest.fr\/un-cuir-dorigine-vegetale-pour-habiller-les-emballages-de-luxe\/\"},\"author\":{\"name\":\"Karine Duval\",\"@id\":\"https:\/\/www.emballagedigest.fr\/#\/schema\/person\/76abe9f2b2ee4d3d520594c7a35da59f\"},\"headline\":\"Un cuir d\u2019origine v\u00e9g\u00e9tale pour habiller les emballages de luxe\",\"datePublished\":\"2025-08-31T08:22:35+00:00\",\"dateModified\":\"2025-09-04T08:25:27+00:00\",\"mainEntityOfPage\":{\"@id\":\"https:\/\/www.emballagedigest.fr\/un-cuir-dorigine-vegetale-pour-habiller-les-emballages-de-luxe\/\"},\"wordCount\":761,\"publisher\":{\"@id\":\"https:\/\/www.emballagedigest.fr\/#organization\"},\"image\":{\"@id\":\"https:\/\/www.emballagedigest.fr\/un-cuir-dorigine-vegetale-pour-habiller-les-emballages-de-luxe\/#primaryimage\"},\"thumbnailUrl\":\"https:\/\/www.emballagedigest.fr\/wp-content\/uploads\/2025\/09\/tannerie1.jpg\",\"articleSection\":[\"Article entier\",\"Barre lat\u00e9rale\",\"Packaging\",\"Parfumerie &amp; Cosm\u00e9tique\",\"Vu dans le mag\"],\"inLanguage\":\"en-GB\"},{\"@type\":\"WebPage\",\"@id\":\"https:\/\/www.emballagedigest.fr\/un-cuir-dorigine-vegetale-pour-habiller-les-emballages-de-luxe\/\",\"url\":\"https:\/\/www.emballagedigest.fr\/un-cuir-dorigine-vegetale-pour-habiller-les-emballages-de-luxe\/\",\"name\":\"Un cuir d\u2019origine v\u00e9g\u00e9tale pour habiller les emballages de luxe - Emballage Digest\",\"isPartOf\":{\"@id\":\"https:\/\/www.emballagedigest.fr\/#website\"},\"primaryImageOfPage\":{\"@id\":\"https:\/\/www.emballagedigest.fr\/un-cuir-dorigine-vegetale-pour-habiller-les-emballages-de-luxe\/#primaryimage\"},\"image\":{\"@id\":\"https:\/\/www.emballagedigest.fr\/un-cuir-dorigine-vegetale-pour-habiller-les-emballages-de-luxe\/#primaryimage\"},\"thumbnailUrl\":\"https:\/\/www.emballagedigest.fr\/wp-content\/uploads\/2025\/09\/tannerie1.jpg\",\"datePublished\":\"2025-08-31T08:22:35+00:00\",\"dateModified\":\"2025-09-04T08:25:27+00:00\",\"breadcrumb\":{\"@id\":\"https:\/\/www.emballagedigest.fr\/un-cuir-dorigine-vegetale-pour-habiller-les-emballages-de-luxe\/#breadcrumb\"},\"inLanguage\":\"en-GB\",\"potentialAction\":[{\"@type\":\"ReadAction\",\"target\":[\"https:\/\/www.emballagedigest.fr\/un-cuir-dorigine-vegetale-pour-habiller-les-emballages-de-luxe\/\"]}]},{\"@type\":\"ImageObject\",\"inLanguage\":\"en-GB\",\"@id\":\"https:\/\/www.emballagedigest.fr\/un-cuir-dorigine-vegetale-pour-habiller-les-emballages-de-luxe\/#primaryimage\",\"url\":\"https:\/\/www.emballagedigest.fr\/wp-content\/uploads\/2025\/09\/tannerie1.jpg\",\"contentUrl\":\"https:\/\/www.emballagedigest.fr\/wp-content\/uploads\/2025\/09\/tannerie1.jpg\",\"width\":800,\"height\":590},{\"@type\":\"BreadcrumbList\",\"@id\":\"https:\/\/www.emballagedigest.fr\/un-cuir-dorigine-vegetale-pour-habiller-les-emballages-de-luxe\/#breadcrumb\",\"itemListElement\":[{\"@type\":\"ListItem\",\"position\":1,\"name\":\"Accueil\",\"item\":\"https:\/\/www.emballagedigest.fr\/\"},{\"@type\":\"ListItem\",\"position\":2,\"name\":\"Un cuir d\u2019origine v\u00e9g\u00e9tale pour habiller les emballages de luxe\"}]},{\"@type\":\"WebSite\",\"@id\":\"https:\/\/www.emballagedigest.fr\/#website\",\"url\":\"https:\/\/www.emballagedigest.fr\/\",\"name\":\"Emballage Digest\",\"description\":\"Revue professionnelle sur les emballages\",\"publisher\":{\"@id\":\"https:\/\/www.emballagedigest.fr\/#organization\"},\"potentialAction\":[{\"@type\":\"SearchAction\",\"target\":{\"@type\":\"EntryPoint\",\"urlTemplate\":\"https:\/\/www.emballagedigest.fr\/?s={search_term_string}\"},\"query-input\":{\"@type\":\"PropertyValueSpecification\",\"valueRequired\":true,\"valueName\":\"search_term_string\"}}],\"inLanguage\":\"en-GB\"},{\"@type\":\"Organization\",\"@id\":\"https:\/\/www.emballagedigest.fr\/#organization\",\"name\":\"Emballage Digest\",\"url\":\"https:\/\/www.emballagedigest.fr\/\",\"logo\":{\"@type\":\"ImageObject\",\"inLanguage\":\"en-GB\",\"@id\":\"https:\/\/www.emballagedigest.fr\/#\/schema\/logo\/image\/\",\"url\":\"https:\/\/www.emballagedigest.fr\/wp-content\/uploads\/2022\/07\/logo-ed.png\",\"contentUrl\":\"https:\/\/www.emballagedigest.fr\/wp-content\/uploads\/2022\/07\/logo-ed.png\",\"width\":379,\"height\":75,\"caption\":\"Emballage Digest\"},\"image\":{\"@id\":\"https:\/\/www.emballagedigest.fr\/#\/schema\/logo\/image\/\"}},{\"@type\":\"Person\",\"@id\":\"https:\/\/www.emballagedigest.fr\/#\/schema\/person\/76abe9f2b2ee4d3d520594c7a35da59f\",\"name\":\"Karine Duval\",\"image\":{\"@type\":\"ImageObject\",\"inLanguage\":\"en-GB\",\"@id\":\"https:\/\/www.emballagedigest.fr\/#\/schema\/person\/image\/\",\"url\":\"https:\/\/secure.gravatar.com\/avatar\/f552799261cdd2e076e6677d780ef07bdb13aa4c196ab75b39abcbcdcae2d4e5?s=96&d=mm&r=g\",\"contentUrl\":\"https:\/\/secure.gravatar.com\/avatar\/f552799261cdd2e076e6677d780ef07bdb13aa4c196ab75b39abcbcdcae2d4e5?s=96&d=mm&r=g\",\"caption\":\"Karine Duval\"},\"url\":\"https:\/\/www.emballagedigest.fr\/en\/author\/admin_karduv\/\"}]}<\/script>\n<!-- \/ Yoast SEO plugin. -->","yoast_head_json":{"title":"Un cuir d\u2019origine v\u00e9g\u00e9tale pour habiller les emballages de luxe - Emballage Digest","robots":{"index":"index","follow":"follow","max-snippet":"max-snippet:-1","max-image-preview":"max-image-preview:large","max-video-preview":"max-video-preview:-1"},"canonical":"https:\/\/www.emballagedigest.fr\/en\/un-cuir-dorigine-vegetale-pour-habiller-les-emballages-de-luxe\/","og_locale":"en_GB","og_type":"article","og_title":"Un cuir d\u2019origine v\u00e9g\u00e9tale pour habiller les emballages de luxe - Emballage Digest","og_description":"Sous la houlette de Fanny Del\u00e9age et le soutien d\u2019investisseurs, l\u2019\u00e9quipe de la Tannerie V\u00e9g\u00e9tale a donn\u00e9 naissance \u00e0 Phyli, un mat\u00e9riau souple biosourc\u00e9, au cycle de vie in\u00e9dit qui appara\u00eet comme une v\u00e9ritable opportunit\u00e9 pour des applications multiples, de la gainerie\/maroquinerie au packaging de luxe. La Tannerie V\u00e9g\u00e9tale s\u2019appuie sur une formule innovante brevet\u00e9e [&hellip;]","og_url":"https:\/\/www.emballagedigest.fr\/en\/un-cuir-dorigine-vegetale-pour-habiller-les-emballages-de-luxe\/","og_site_name":"Emballage Digest","article_published_time":"2025-08-31T08:22:35+00:00","article_modified_time":"2025-09-04T08:25:27+00:00","og_image":[{"width":800,"height":590,"url":"https:\/\/www.emballagedigest.fr\/wp-content\/uploads\/2025\/09\/tannerie1.jpg","type":"image\/jpeg"}],"author":"Karine Duval","twitter_card":"summary_large_image","twitter_misc":{"Written by":"Karine Duval","Estimated reading time":"4 minutes"},"schema":{"@context":"https:\/\/schema.org","@graph":[{"@type":"Article","@id":"https:\/\/www.emballagedigest.fr\/un-cuir-dorigine-vegetale-pour-habiller-les-emballages-de-luxe\/#article","isPartOf":{"@id":"https:\/\/www.emballagedigest.fr\/un-cuir-dorigine-vegetale-pour-habiller-les-emballages-de-luxe\/"},"author":{"name":"Karine Duval","@id":"https:\/\/www.emballagedigest.fr\/#\/schema\/person\/76abe9f2b2ee4d3d520594c7a35da59f"},"headline":"Un cuir d\u2019origine v\u00e9g\u00e9tale pour habiller les emballages de luxe","datePublished":"2025-08-31T08:22:35+00:00","dateModified":"2025-09-04T08:25:27+00:00","mainEntityOfPage":{"@id":"https:\/\/www.emballagedigest.fr\/un-cuir-dorigine-vegetale-pour-habiller-les-emballages-de-luxe\/"},"wordCount":761,"publisher":{"@id":"https:\/\/www.emballagedigest.fr\/#organization"},"image":{"@id":"https:\/\/www.emballagedigest.fr\/un-cuir-dorigine-vegetale-pour-habiller-les-emballages-de-luxe\/#primaryimage"},"thumbnailUrl":"https:\/\/www.emballagedigest.fr\/wp-content\/uploads\/2025\/09\/tannerie1.jpg","articleSection":["Article entier","Barre lat\u00e9rale","Packaging","Parfumerie &amp; Cosm\u00e9tique","Vu dans le mag"],"inLanguage":"en-GB"},{"@type":"WebPage","@id":"https:\/\/www.emballagedigest.fr\/un-cuir-dorigine-vegetale-pour-habiller-les-emballages-de-luxe\/","url":"https:\/\/www.emballagedigest.fr\/un-cuir-dorigine-vegetale-pour-habiller-les-emballages-de-luxe\/","name":"Un cuir d\u2019origine v\u00e9g\u00e9tale pour habiller les emballages de luxe - Emballage Digest","isPartOf":{"@id":"https:\/\/www.emballagedigest.fr\/#website"},"primaryImageOfPage":{"@id":"https:\/\/www.emballagedigest.fr\/un-cuir-dorigine-vegetale-pour-habiller-les-emballages-de-luxe\/#primaryimage"},"image":{"@id":"https:\/\/www.emballagedigest.fr\/un-cuir-dorigine-vegetale-pour-habiller-les-emballages-de-luxe\/#primaryimage"},"thumbnailUrl":"https:\/\/www.emballagedigest.fr\/wp-content\/uploads\/2025\/09\/tannerie1.jpg","datePublished":"2025-08-31T08:22:35+00:00","dateModified":"2025-09-04T08:25:27+00:00","breadcrumb":{"@id":"https:\/\/www.emballagedigest.fr\/un-cuir-dorigine-vegetale-pour-habiller-les-emballages-de-luxe\/#breadcrumb"},"inLanguage":"en-GB","potentialAction":[{"@type":"ReadAction","target":["https:\/\/www.emballagedigest.fr\/un-cuir-dorigine-vegetale-pour-habiller-les-emballages-de-luxe\/"]}]},{"@type":"ImageObject","inLanguage":"en-GB","@id":"https:\/\/www.emballagedigest.fr\/un-cuir-dorigine-vegetale-pour-habiller-les-emballages-de-luxe\/#primaryimage","url":"https:\/\/www.emballagedigest.fr\/wp-content\/uploads\/2025\/09\/tannerie1.jpg","contentUrl":"https:\/\/www.emballagedigest.fr\/wp-content\/uploads\/2025\/09\/tannerie1.jpg","width":800,"height":590},{"@type":"BreadcrumbList","@id":"https:\/\/www.emballagedigest.fr\/un-cuir-dorigine-vegetale-pour-habiller-les-emballages-de-luxe\/#breadcrumb","itemListElement":[{"@type":"ListItem","position":1,"name":"Accueil","item":"https:\/\/www.emballagedigest.fr\/"},{"@type":"ListItem","position":2,"name":"Un cuir d\u2019origine v\u00e9g\u00e9tale pour habiller les emballages de luxe"}]},{"@type":"WebSite","@id":"https:\/\/www.emballagedigest.fr\/#website","url":"https:\/\/www.emballagedigest.fr\/","name":"Emballage Digest","description":"Revue professionnelle sur les emballages","publisher":{"@id":"https:\/\/www.emballagedigest.fr\/#organization"},"potentialAction":[{"@type":"SearchAction","target":{"@type":"EntryPoint","urlTemplate":"https:\/\/www.emballagedigest.fr\/?s={search_term_string}"},"query-input":{"@type":"PropertyValueSpecification","valueRequired":true,"valueName":"search_term_string"}}],"inLanguage":"en-GB"},{"@type":"Organization","@id":"https:\/\/www.emballagedigest.fr\/#organization","name":"Emballage Digest","url":"https:\/\/www.emballagedigest.fr\/","logo":{"@type":"ImageObject","inLanguage":"en-GB","@id":"https:\/\/www.emballagedigest.fr\/#\/schema\/logo\/image\/","url":"https:\/\/www.emballagedigest.fr\/wp-content\/uploads\/2022\/07\/logo-ed.png","contentUrl":"https:\/\/www.emballagedigest.fr\/wp-content\/uploads\/2022\/07\/logo-ed.png","width":379,"height":75,"caption":"Emballage Digest"},"image":{"@id":"https:\/\/www.emballagedigest.fr\/#\/schema\/logo\/image\/"}},{"@type":"Person","@id":"https:\/\/www.emballagedigest.fr\/#\/schema\/person\/76abe9f2b2ee4d3d520594c7a35da59f","name":"Karine Duval","image":{"@type":"ImageObject","inLanguage":"en-GB","@id":"https:\/\/www.emballagedigest.fr\/#\/schema\/person\/image\/","url":"https:\/\/secure.gravatar.com\/avatar\/f552799261cdd2e076e6677d780ef07bdb13aa4c196ab75b39abcbcdcae2d4e5?s=96&d=mm&r=g","contentUrl":"https:\/\/secure.gravatar.com\/avatar\/f552799261cdd2e076e6677d780ef07bdb13aa4c196ab75b39abcbcdcae2d4e5?s=96&d=mm&r=g","caption":"Karine Duval"},"url":"https:\/\/www.emballagedigest.fr\/en\/author\/admin_karduv\/"}]}},"_links":{"self":[{"href":"https:\/\/www.emballagedigest.fr\/en\/wp-json\/wp\/v2\/posts\/45371","targetHints":{"allow":["GET"]}}],"collection":[{"href":"https:\/\/www.emballagedigest.fr\/en\/wp-json\/wp\/v2\/posts"}],"about":[{"href":"https:\/\/www.emballagedigest.fr\/en\/wp-json\/wp\/v2\/types\/post"}],"author":[{"embeddable":true,"href":"https:\/\/www.emballagedigest.fr\/en\/wp-json\/wp\/v2\/users\/2"}],"replies":[{"embeddable":true,"href":"https:\/\/www.emballagedigest.fr\/en\/wp-json\/wp\/v2\/comments?post=45371"}],"version-history":[{"count":1,"href":"https:\/\/www.emballagedigest.fr\/en\/wp-json\/wp\/v2\/posts\/45371\/revisions"}],"predecessor-version":[{"id":45374,"href":"https:\/\/www.emballagedigest.fr\/en\/wp-json\/wp\/v2\/posts\/45371\/revisions\/45374"}],"wp:featuredmedia":[{"embeddable":true,"href":"https:\/\/www.emballagedigest.fr\/en\/wp-json\/wp\/v2\/media\/45372"}],"wp:attachment":[{"href":"https:\/\/www.emballagedigest.fr\/en\/wp-json\/wp\/v2\/media?parent=45371"}],"wp:term":[{"taxonomy":"category","embeddable":true,"href":"https:\/\/www.emballagedigest.fr\/en\/wp-json\/wp\/v2\/categories?post=45371"},{"taxonomy":"post_tag","embeddable":true,"href":"https:\/\/www.emballagedigest.fr\/en\/wp-json\/wp\/v2\/tags?post=45371"}],"curies":[{"name":"wp","href":"https:\/\/api.w.org\/{rel}","templated":true}]}}