{"id":45375,"date":"2025-08-31T10:25:41","date_gmt":"2025-08-31T08:25:41","guid":{"rendered":"https:\/\/www.emballagedigest.fr\/?p=45375"},"modified":"2025-09-04T10:28:26","modified_gmt":"2025-09-04T08:28:26","slug":"tubes-plus-de-recyclabilite-et-de-performance","status":"publish","type":"post","link":"https:\/\/www.emballagedigest.fr\/en\/tubes-plus-de-recyclabilite-et-de-performance\/","title":{"rendered":"Tubes : plus de recyclabilit\u00e9 et de performance"},"content":{"rendered":"<p><strong>Port\u00e9 par l\u2019essor de l\u2019autom\u00e9dication, du e-commerce sant\u00e9 et des exigences croissantes en mati\u00e8re d\u2019\u00e9coresponsabilit\u00e9, le march\u00e9 europ\u00e9en des tubes rigides et souples conna\u00eet une profonde transformation. Face \u00e0 l\u2019\u00e9mergence du r\u00e8glement PPWR et \u00e0 la demande de solutions plus inclusives et fonctionnelles, les industriels du packaging \u2013 Sanner, Neopac, Tubex ou encore Alltub \u2013 redoublent d\u2019innovation : bioplastiques, bouchons solidaires, mat\u00e9riaux recycl\u00e9s, syst\u00e8mes de dosage, applicateurs ergonomiques\u2026 Autant d\u2019axes qui r\u00e9concilient la durabilit\u00e9, la performance technique et l\u2019exp\u00e9rience utilisateur.<\/strong><\/p>\n\n\n\n<p>Le march\u00e9 europ\u00e9en du tube a connu un l\u00e9ger repli en 2024, avec une baisse de 1,3% des volumes livr\u00e9s, soit un total avoisinant les 11,5 milliards d\u2019unit\u00e9s, selon l\u2019ETMA (European Tube Manufacturers Association). Si certains segments affichent une dynamique positive \u2014 comme les secteurs dentaire (+9%), alimentaire (+3%) ou encore l\u2019entretien m\u00e9nager (+10%), les deux principaux d\u00e9bouch\u00e9s de l\u2019industrie, la cosm\u00e9tique (-8%) et le pharmaceutique (-2%), enregistrent un recul notable. \u00abEn 2024, l\u2019incertitude des consommateurs, aliment\u00e9e par l\u2019inflation persistante et les conflits en Ukraine et \u00e0 Gaza, a pes\u00e9 sur la demande, en particulier dans les cosm\u00e9tiques, qui demeurent le principal march\u00e9 du tube souple\u00bb, analyse Zoran Joksic, pr\u00e9sident de l\u2019ETMA. La mont\u00e9e en puissance des marques de distributeur illustre \u00e9galement la pression croissante sur le pouvoir d\u2019achat.<br>Mais au-del\u00e0 de cette conjoncture morose, le secteur se pr\u00e9pare \u00e0 une transformation de fond. L\u2019entr\u00e9e en vigueur prochaine du r\u00e8glement europ\u00e9en sur les emballages (PPWR) impose en effet des exigences accrues en mati\u00e8re de recyclabilit\u00e9 et de conception responsable. Ce texte sera notamment applicable \u00e0 partir du 12 ao\u00fbt 2026 dans le droit fran\u00e7ais. \u00abCes nouvelles normes vont certainement encourager le recours \u00e0 des solutions plus simples et plus faciles \u00e0 recycler\u00bb, souligne Zoran Joksic. Dans ce contexte, les fabricants r\u00e9orientent leur strat\u00e9gie en int\u00e9grant des crit\u00e8res devenus incontournables : durabilit\u00e9, performance et exp\u00e9rience utilisateur, des attentes particuli\u00e8rement marqu\u00e9es dans les secteurs pharmaceutique et cosm\u00e9tique.<\/p>\n\n\n\n<p><strong>Sanner : automatisation, bioplastique et bouchons solidaires<\/strong><br>Face \u00e0 ces nouvelles exigences r\u00e9glementaires et environnementales, le groupe Sanner se positionne \u00e0 l\u2019avant-garde de l\u2019innovation. \u00abNous devons proposer des solutions conformes au futur r\u00e8glement europ\u00e9en tout en garantissant une haute protection des produits\u00bb, affirme Ursula Hahn, directrice du management produit chez Sanner Group.<br>Le march\u00e9 du tube pharmaceutique en plastique rigide, port\u00e9 par l\u2019essor de l\u2019autom\u00e9dication et du e-commerce sant\u00e9, continue de cro\u00eetre. \u00abLes tubes plastiques sont particuli\u00e8rement pris\u00e9s pour les vitamines, min\u00e9raux et produits bien-\u00eatre, gr\u00e2ce \u00e0 leur format pratique, hygi\u00e9nique et protecteur\u00bb, souligne Haythem Aouni, directeur g\u00e9n\u00e9ral de Sanner France. Les pharmacies en ligne et les distributeurs exigent aujourd\u2019hui des emballages capables de s\u00e9curiser le transport jusqu\u2019au patient, tout en respectant les imp\u00e9ratifs environnementaux. Pour r\u00e9pondre \u00e0 cette double exigence, Sanner mise sur l\u2019innovation responsable. Parmi ses derni\u00e8res avanc\u00e9es : Sanner BioBase\u00ae, un tube compos\u00e9 \u00e0 94% de poly\u00e9thyl\u00e8ne d\u2019origine v\u00e9g\u00e9tale, qui permet de r\u00e9duire les \u00e9missions de CO2 de 15% tout en am\u00e9liorant la barri\u00e8re \u00e0 l\u2019humidit\u00e9. Autre innovation notable : le Tethered Cap, un bouchon attach\u00e9 con\u00e7u pour rester solidaire du tube apr\u00e8s ouverture, facilitant ainsi le tri et le recyclage.<br>C\u00f4t\u00e9 production, le site de Bischwiller (Bas-Rhin) se modernise avec l\u2019int\u00e9gration d\u2019une imprimante huit couleurs \u00e0 haute vitesse, \u00e9quip\u00e9e d\u2019un syst\u00e8me de contr\u00f4le qualit\u00e9 en ligne, et une logistique automatis\u00e9e via la mise en bac. \u00abNous d\u00e9veloppons \u00e9galement des moules d\u2019injection multi-empreintes haute pr\u00e9cision pour accompagner nos clients dans la cr\u00e9ation de nouvelles r\u00e9f\u00e9rences\u00bb, ajoute Haythem Aouni. En parall\u00e8le, une fili\u00e8re de r\u00e9utilisation des pi\u00e8ces non conformes est en cours de structuration afin de r\u00e9duire l\u2019empreinte carbone de l\u2019ensemble de l\u2019activit\u00e9.<\/p>\n\n\n\n<p><strong>Neopac : des tubes \u00e0 haute barri\u00e8re, fonctionnels et inclusifs<\/strong><br>Face au l\u00e9ger recul du march\u00e9 europ\u00e9en des tubes pharmaceutiques et cosm\u00e9tiques, Neopac poursuit une strat\u00e9gie d\u2019innovation centr\u00e9e sur la protection, l\u2019hygi\u00e8ne et le d\u00e9veloppement durable. \u00abNos clients cherchent des solutions combinant ergonomie, recyclabilit\u00e9 et performance produit\u00bb, souligne Cornelia Schmidt, responsable marketing de l\u2019entreprise suisse. Parmi les gammes diff\u00e9renciantes : Polyfoil\u00ae EcoPro, int\u00e9grant 60% de contenu recycl\u00e9\u202f; Polyfoil\u00ae Sensation, avec applicateurs mono-mat\u00e9riau\u202f; ou encore Polyfoil\u00ae MMB, un tube recyclable class\u00e9 Grade A par RecyClass. Neopac adresse \u00e9galement des segments sp\u00e9cifiques, avec par exemple un tube s\u00e9curis\u00e9 enfant \u00d810 mm destin\u00e9 au march\u00e9 p\u00e9diatrique, une premi\u00e8re mondiale. En cosm\u00e9tique, la gamme PaperX, \u00e0 base de fibres, r\u00e9duit la part de plastique tout en pr\u00e9servant l\u2019esth\u00e9tique du produit. Ce savoir-faire a \u00e9t\u00e9 r\u00e9compens\u00e9 lors des Tube of the Year Awards 2025 aux \u00c9tats-Unis, o\u00f9 le tube Polyfoil\u00ae Voltaren Gela re\u00e7u deux distinctions pour sa conception inclusive et durable. Il se distingue par une barri\u00e8re aluminium ultrafine, un capuchon \u00e0 clapet ergonomique, une prise en main encastr\u00e9e et une ouverture adapt\u00e9e aux personnes \u00e0 mobilit\u00e9 r\u00e9duite, avec une impression offset cinq couleurs aux effets m\u00e9talliques. Pr\u00e9sente en Suisse, Hongrie, Inde et aux \u00c9tats-Unis, Neopac entend poursuivre le d\u00e9veloppement de mat\u00e9riaux recycl\u00e9s, d\u2019applicateurs innovants et de d\u00e9corations sur mesure dans une logique RSE globale.<\/p>\n\n\n\n<p><strong>Tubex : durabilit\u00e9, s\u00e9curit\u00e9 et personnalisation<\/strong><br>De son c\u00f4t\u00e9, Tubex enregistre une dynamique positive sur le march\u00e9 du tube en aluminium, en particulier dans les secteurs pharmaceutique et cosm\u00e9tique, o\u00f9 les exigences en mati\u00e8re de qualit\u00e9, tra\u00e7abilit\u00e9 et durabilit\u00e9 ne cessent de s\u2019intensifier. \u00abPour les acteurs pharmaceutiques, la comp\u00e9tence technique et le savoir-faire sp\u00e9cifique sont essentiels\u00bb, souligne Horst Krappinger, directeur des ventes Pharma. \u00abLes clients attendent une documentation compl\u00e8te, une tra\u00e7abilit\u00e9 tout au long du processus de fabrication, une qualit\u00e9 constante, une production sous conditions contr\u00f4l\u00e9es, ainsi que des installations de back-up pour garantir la continuit\u00e9 d\u2019approvisionnement\u00bb. Outre cette rigueur industrielle, la diff\u00e9renciation passe aussi par l\u2019innovation, la premiumisation et la personnalisation, en particulier via des bouchons sur mesure. \u00abGr\u00e2ce aux excellentes propri\u00e9t\u00e9s barri\u00e8res de l\u2019aluminium, nos clients cosm\u00e9tiques peuvent r\u00e9duire l\u2019usage de conservateurs, ce qui r\u00e9pond \u00e0 une demande croissante pour des formules plus naturelles\u00bb, ajoute Susanne Holzinger, directrice des ventes Biens de Consommation.<br>Tubex multiplie les innovations\u202fqui associent confort, pr\u00e9cision et s\u00e9curit\u00e9 : bouchons ergonomiques pour les seniors, syst\u00e8mes de s\u00e9curit\u00e9 enfants int\u00e9gr\u00e9s, applicateurs cutan\u00e9s pour une distribution cibl\u00e9e, syst\u00e8mes de dosage, tubes \u00e0 usage unique avec diam\u00e8tres sp\u00e9cifiques (\u00d8 9,8\/11 mm). L\u2019entreprise mise, par ailleurs, sur des mat\u00e9riaux recycl\u00e9s post-consommation (PCR), des circuits ferm\u00e9s et l\u2019aluminium, recyclable \u00e0 l\u2019infini, comme levier d\u2019\u00e9conomie circulaire. Prochaines \u00e9tapes : l\u2019int\u00e9gration de mat\u00e9riaux biosourc\u00e9s et de syst\u00e8mes intelligents pour fa\u00e7onner les futures g\u00e9n\u00e9rations de tubes alliant durabilit\u00e9 et haute fonctionnalit\u00e9.<\/p>","protected":false},"excerpt":{"rendered":"<p>Port\u00e9 par l\u2019essor de l\u2019autom\u00e9dication, du e-commerce sant\u00e9 et des exigences croissantes en mati\u00e8re d\u2019\u00e9coresponsabilit\u00e9, le march\u00e9 europ\u00e9en des tubes rigides et souples conna\u00eet une profonde transformation. Face \u00e0 l\u2019\u00e9mergence du r\u00e8glement PPWR et \u00e0 la demande de solutions plus inclusives et fonctionnelles, les industriels du packaging \u2013 Sanner, Neopac, Tubex ou encore Alltub \u2013 [&hellip;]<\/p>","protected":false},"author":2,"featured_media":45376,"comment_status":"closed","ping_status":"closed","sticky":false,"template":"","format":"standard","meta":{"_acf_changed":false,"inline_featured_image":false,"iawp_total_views":2,"footnotes":""},"categories":[26,81,7,65],"tags":[],"class_list":["post-45375","post","type-post","status-publish","format-standard","has-post-thumbnail","hentry","category-laterale","category-packaging","category-pharmacie","category-vu-dans-le-mag"],"acf":[],"yoast_head":"<!-- This site is optimized with the Yoast SEO plugin v24.4 - https:\/\/yoast.com\/wordpress\/plugins\/seo\/ -->\n<title>Tubes : plus de recyclabilit\u00e9 et de performance - Emballage Digest<\/title>\n<meta name=\"robots\" content=\"index, follow, max-snippet:-1, max-image-preview:large, max-video-preview:-1\" \/>\n<link rel=\"canonical\" href=\"https:\/\/www.emballagedigest.fr\/en\/tubes-plus-de-recyclabilite-et-de-performance\/\" \/>\n<meta property=\"og:locale\" content=\"en_GB\" \/>\n<meta property=\"og:type\" content=\"article\" \/>\n<meta property=\"og:title\" content=\"Tubes : plus de recyclabilit\u00e9 et de performance - Emballage Digest\" \/>\n<meta property=\"og:description\" content=\"Port\u00e9 par l\u2019essor de l\u2019autom\u00e9dication, du e-commerce sant\u00e9 et des exigences croissantes en mati\u00e8re d\u2019\u00e9coresponsabilit\u00e9, le march\u00e9 europ\u00e9en des tubes rigides et souples conna\u00eet une profonde transformation. Face \u00e0 l\u2019\u00e9mergence du r\u00e8glement PPWR et \u00e0 la demande de solutions plus inclusives et fonctionnelles, les industriels du packaging \u2013 Sanner, Neopac, Tubex ou encore Alltub \u2013 [&hellip;]\" \/>\n<meta property=\"og:url\" content=\"https:\/\/www.emballagedigest.fr\/en\/tubes-plus-de-recyclabilite-et-de-performance\/\" \/>\n<meta property=\"og:site_name\" content=\"Emballage Digest\" \/>\n<meta property=\"article:published_time\" content=\"2025-08-31T08:25:41+00:00\" \/>\n<meta property=\"article:modified_time\" content=\"2025-09-04T08:28:26+00:00\" \/>\n<meta property=\"og:image\" content=\"https:\/\/www.emballagedigest.fr\/wp-content\/uploads\/2025\/09\/sanner.jpg\" \/>\n\t<meta property=\"og:image:width\" content=\"800\" \/>\n\t<meta property=\"og:image:height\" content=\"539\" \/>\n\t<meta property=\"og:image:type\" content=\"image\/jpeg\" \/>\n<meta name=\"author\" content=\"Karine Duval\" \/>\n<meta name=\"twitter:card\" content=\"summary_large_image\" \/>\n<meta name=\"twitter:label1\" content=\"Written by\" \/>\n\t<meta name=\"twitter:data1\" content=\"Karine Duval\" \/>\n\t<meta name=\"twitter:label2\" content=\"Estimated reading time\" \/>\n\t<meta name=\"twitter:data2\" content=\"6 minutes\" \/>\n<script type=\"application\/ld+json\" class=\"yoast-schema-graph\">{\"@context\":\"https:\/\/schema.org\",\"@graph\":[{\"@type\":\"Article\",\"@id\":\"https:\/\/www.emballagedigest.fr\/tubes-plus-de-recyclabilite-et-de-performance\/#article\",\"isPartOf\":{\"@id\":\"https:\/\/www.emballagedigest.fr\/tubes-plus-de-recyclabilite-et-de-performance\/\"},\"author\":{\"name\":\"Karine Duval\",\"@id\":\"https:\/\/www.emballagedigest.fr\/#\/schema\/person\/76abe9f2b2ee4d3d520594c7a35da59f\"},\"headline\":\"Tubes : plus de recyclabilit\u00e9 et de performance\",\"datePublished\":\"2025-08-31T08:25:41+00:00\",\"dateModified\":\"2025-09-04T08:28:26+00:00\",\"mainEntityOfPage\":{\"@id\":\"https:\/\/www.emballagedigest.fr\/tubes-plus-de-recyclabilite-et-de-performance\/\"},\"wordCount\":1205,\"publisher\":{\"@id\":\"https:\/\/www.emballagedigest.fr\/#organization\"},\"image\":{\"@id\":\"https:\/\/www.emballagedigest.fr\/tubes-plus-de-recyclabilite-et-de-performance\/#primaryimage\"},\"thumbnailUrl\":\"https:\/\/www.emballagedigest.fr\/wp-content\/uploads\/2025\/09\/sanner.jpg\",\"articleSection\":[\"Barre lat\u00e9rale\",\"Packaging\",\"Pharmacie\",\"Vu dans le mag\"],\"inLanguage\":\"en-GB\"},{\"@type\":\"WebPage\",\"@id\":\"https:\/\/www.emballagedigest.fr\/tubes-plus-de-recyclabilite-et-de-performance\/\",\"url\":\"https:\/\/www.emballagedigest.fr\/tubes-plus-de-recyclabilite-et-de-performance\/\",\"name\":\"Tubes : plus de recyclabilit\u00e9 et de performance - Emballage Digest\",\"isPartOf\":{\"@id\":\"https:\/\/www.emballagedigest.fr\/#website\"},\"primaryImageOfPage\":{\"@id\":\"https:\/\/www.emballagedigest.fr\/tubes-plus-de-recyclabilite-et-de-performance\/#primaryimage\"},\"image\":{\"@id\":\"https:\/\/www.emballagedigest.fr\/tubes-plus-de-recyclabilite-et-de-performance\/#primaryimage\"},\"thumbnailUrl\":\"https:\/\/www.emballagedigest.fr\/wp-content\/uploads\/2025\/09\/sanner.jpg\",\"datePublished\":\"2025-08-31T08:25:41+00:00\",\"dateModified\":\"2025-09-04T08:28:26+00:00\",\"breadcrumb\":{\"@id\":\"https:\/\/www.emballagedigest.fr\/tubes-plus-de-recyclabilite-et-de-performance\/#breadcrumb\"},\"inLanguage\":\"en-GB\",\"potentialAction\":[{\"@type\":\"ReadAction\",\"target\":[\"https:\/\/www.emballagedigest.fr\/tubes-plus-de-recyclabilite-et-de-performance\/\"]}]},{\"@type\":\"ImageObject\",\"inLanguage\":\"en-GB\",\"@id\":\"https:\/\/www.emballagedigest.fr\/tubes-plus-de-recyclabilite-et-de-performance\/#primaryimage\",\"url\":\"https:\/\/www.emballagedigest.fr\/wp-content\/uploads\/2025\/09\/sanner.jpg\",\"contentUrl\":\"https:\/\/www.emballagedigest.fr\/wp-content\/uploads\/2025\/09\/sanner.jpg\",\"width\":800,\"height\":539},{\"@type\":\"BreadcrumbList\",\"@id\":\"https:\/\/www.emballagedigest.fr\/tubes-plus-de-recyclabilite-et-de-performance\/#breadcrumb\",\"itemListElement\":[{\"@type\":\"ListItem\",\"position\":1,\"name\":\"Accueil\",\"item\":\"https:\/\/www.emballagedigest.fr\/\"},{\"@type\":\"ListItem\",\"position\":2,\"name\":\"Tubes : plus de recyclabilit\u00e9 et de performance\"}]},{\"@type\":\"WebSite\",\"@id\":\"https:\/\/www.emballagedigest.fr\/#website\",\"url\":\"https:\/\/www.emballagedigest.fr\/\",\"name\":\"Emballage Digest\",\"description\":\"Revue professionnelle sur les emballages\",\"publisher\":{\"@id\":\"https:\/\/www.emballagedigest.fr\/#organization\"},\"potentialAction\":[{\"@type\":\"SearchAction\",\"target\":{\"@type\":\"EntryPoint\",\"urlTemplate\":\"https:\/\/www.emballagedigest.fr\/?s={search_term_string}\"},\"query-input\":{\"@type\":\"PropertyValueSpecification\",\"valueRequired\":true,\"valueName\":\"search_term_string\"}}],\"inLanguage\":\"en-GB\"},{\"@type\":\"Organization\",\"@id\":\"https:\/\/www.emballagedigest.fr\/#organization\",\"name\":\"Emballage Digest\",\"url\":\"https:\/\/www.emballagedigest.fr\/\",\"logo\":{\"@type\":\"ImageObject\",\"inLanguage\":\"en-GB\",\"@id\":\"https:\/\/www.emballagedigest.fr\/#\/schema\/logo\/image\/\",\"url\":\"https:\/\/www.emballagedigest.fr\/wp-content\/uploads\/2022\/07\/logo-ed.png\",\"contentUrl\":\"https:\/\/www.emballagedigest.fr\/wp-content\/uploads\/2022\/07\/logo-ed.png\",\"width\":379,\"height\":75,\"caption\":\"Emballage Digest\"},\"image\":{\"@id\":\"https:\/\/www.emballagedigest.fr\/#\/schema\/logo\/image\/\"}},{\"@type\":\"Person\",\"@id\":\"https:\/\/www.emballagedigest.fr\/#\/schema\/person\/76abe9f2b2ee4d3d520594c7a35da59f\",\"name\":\"Karine Duval\",\"image\":{\"@type\":\"ImageObject\",\"inLanguage\":\"en-GB\",\"@id\":\"https:\/\/www.emballagedigest.fr\/#\/schema\/person\/image\/\",\"url\":\"https:\/\/secure.gravatar.com\/avatar\/f552799261cdd2e076e6677d780ef07bdb13aa4c196ab75b39abcbcdcae2d4e5?s=96&d=mm&r=g\",\"contentUrl\":\"https:\/\/secure.gravatar.com\/avatar\/f552799261cdd2e076e6677d780ef07bdb13aa4c196ab75b39abcbcdcae2d4e5?s=96&d=mm&r=g\",\"caption\":\"Karine Duval\"},\"url\":\"https:\/\/www.emballagedigest.fr\/en\/author\/admin_karduv\/\"}]}<\/script>\n<!-- \/ Yoast SEO plugin. -->","yoast_head_json":{"title":"Tubes : plus de recyclabilit\u00e9 et de performance - Emballage Digest","robots":{"index":"index","follow":"follow","max-snippet":"max-snippet:-1","max-image-preview":"max-image-preview:large","max-video-preview":"max-video-preview:-1"},"canonical":"https:\/\/www.emballagedigest.fr\/en\/tubes-plus-de-recyclabilite-et-de-performance\/","og_locale":"en_GB","og_type":"article","og_title":"Tubes : plus de recyclabilit\u00e9 et de performance - Emballage Digest","og_description":"Port\u00e9 par l\u2019essor de l\u2019autom\u00e9dication, du e-commerce sant\u00e9 et des exigences croissantes en mati\u00e8re d\u2019\u00e9coresponsabilit\u00e9, le march\u00e9 europ\u00e9en des tubes rigides et souples conna\u00eet une profonde transformation. Face \u00e0 l\u2019\u00e9mergence du r\u00e8glement PPWR et \u00e0 la demande de solutions plus inclusives et fonctionnelles, les industriels du packaging \u2013 Sanner, Neopac, Tubex ou encore Alltub \u2013 [&hellip;]","og_url":"https:\/\/www.emballagedigest.fr\/en\/tubes-plus-de-recyclabilite-et-de-performance\/","og_site_name":"Emballage Digest","article_published_time":"2025-08-31T08:25:41+00:00","article_modified_time":"2025-09-04T08:28:26+00:00","og_image":[{"width":800,"height":539,"url":"https:\/\/www.emballagedigest.fr\/wp-content\/uploads\/2025\/09\/sanner.jpg","type":"image\/jpeg"}],"author":"Karine Duval","twitter_card":"summary_large_image","twitter_misc":{"Written by":"Karine Duval","Estimated reading time":"6 minutes"},"schema":{"@context":"https:\/\/schema.org","@graph":[{"@type":"Article","@id":"https:\/\/www.emballagedigest.fr\/tubes-plus-de-recyclabilite-et-de-performance\/#article","isPartOf":{"@id":"https:\/\/www.emballagedigest.fr\/tubes-plus-de-recyclabilite-et-de-performance\/"},"author":{"name":"Karine Duval","@id":"https:\/\/www.emballagedigest.fr\/#\/schema\/person\/76abe9f2b2ee4d3d520594c7a35da59f"},"headline":"Tubes : plus de recyclabilit\u00e9 et de performance","datePublished":"2025-08-31T08:25:41+00:00","dateModified":"2025-09-04T08:28:26+00:00","mainEntityOfPage":{"@id":"https:\/\/www.emballagedigest.fr\/tubes-plus-de-recyclabilite-et-de-performance\/"},"wordCount":1205,"publisher":{"@id":"https:\/\/www.emballagedigest.fr\/#organization"},"image":{"@id":"https:\/\/www.emballagedigest.fr\/tubes-plus-de-recyclabilite-et-de-performance\/#primaryimage"},"thumbnailUrl":"https:\/\/www.emballagedigest.fr\/wp-content\/uploads\/2025\/09\/sanner.jpg","articleSection":["Barre lat\u00e9rale","Packaging","Pharmacie","Vu dans le mag"],"inLanguage":"en-GB"},{"@type":"WebPage","@id":"https:\/\/www.emballagedigest.fr\/tubes-plus-de-recyclabilite-et-de-performance\/","url":"https:\/\/www.emballagedigest.fr\/tubes-plus-de-recyclabilite-et-de-performance\/","name":"Tubes : plus de recyclabilit\u00e9 et de performance - Emballage Digest","isPartOf":{"@id":"https:\/\/www.emballagedigest.fr\/#website"},"primaryImageOfPage":{"@id":"https:\/\/www.emballagedigest.fr\/tubes-plus-de-recyclabilite-et-de-performance\/#primaryimage"},"image":{"@id":"https:\/\/www.emballagedigest.fr\/tubes-plus-de-recyclabilite-et-de-performance\/#primaryimage"},"thumbnailUrl":"https:\/\/www.emballagedigest.fr\/wp-content\/uploads\/2025\/09\/sanner.jpg","datePublished":"2025-08-31T08:25:41+00:00","dateModified":"2025-09-04T08:28:26+00:00","breadcrumb":{"@id":"https:\/\/www.emballagedigest.fr\/tubes-plus-de-recyclabilite-et-de-performance\/#breadcrumb"},"inLanguage":"en-GB","potentialAction":[{"@type":"ReadAction","target":["https:\/\/www.emballagedigest.fr\/tubes-plus-de-recyclabilite-et-de-performance\/"]}]},{"@type":"ImageObject","inLanguage":"en-GB","@id":"https:\/\/www.emballagedigest.fr\/tubes-plus-de-recyclabilite-et-de-performance\/#primaryimage","url":"https:\/\/www.emballagedigest.fr\/wp-content\/uploads\/2025\/09\/sanner.jpg","contentUrl":"https:\/\/www.emballagedigest.fr\/wp-content\/uploads\/2025\/09\/sanner.jpg","width":800,"height":539},{"@type":"BreadcrumbList","@id":"https:\/\/www.emballagedigest.fr\/tubes-plus-de-recyclabilite-et-de-performance\/#breadcrumb","itemListElement":[{"@type":"ListItem","position":1,"name":"Accueil","item":"https:\/\/www.emballagedigest.fr\/"},{"@type":"ListItem","position":2,"name":"Tubes : plus de recyclabilit\u00e9 et de performance"}]},{"@type":"WebSite","@id":"https:\/\/www.emballagedigest.fr\/#website","url":"https:\/\/www.emballagedigest.fr\/","name":"Emballage Digest","description":"Revue professionnelle sur les emballages","publisher":{"@id":"https:\/\/www.emballagedigest.fr\/#organization"},"potentialAction":[{"@type":"SearchAction","target":{"@type":"EntryPoint","urlTemplate":"https:\/\/www.emballagedigest.fr\/?s={search_term_string}"},"query-input":{"@type":"PropertyValueSpecification","valueRequired":true,"valueName":"search_term_string"}}],"inLanguage":"en-GB"},{"@type":"Organization","@id":"https:\/\/www.emballagedigest.fr\/#organization","name":"Emballage Digest","url":"https:\/\/www.emballagedigest.fr\/","logo":{"@type":"ImageObject","inLanguage":"en-GB","@id":"https:\/\/www.emballagedigest.fr\/#\/schema\/logo\/image\/","url":"https:\/\/www.emballagedigest.fr\/wp-content\/uploads\/2022\/07\/logo-ed.png","contentUrl":"https:\/\/www.emballagedigest.fr\/wp-content\/uploads\/2022\/07\/logo-ed.png","width":379,"height":75,"caption":"Emballage Digest"},"image":{"@id":"https:\/\/www.emballagedigest.fr\/#\/schema\/logo\/image\/"}},{"@type":"Person","@id":"https:\/\/www.emballagedigest.fr\/#\/schema\/person\/76abe9f2b2ee4d3d520594c7a35da59f","name":"Karine Duval","image":{"@type":"ImageObject","inLanguage":"en-GB","@id":"https:\/\/www.emballagedigest.fr\/#\/schema\/person\/image\/","url":"https:\/\/secure.gravatar.com\/avatar\/f552799261cdd2e076e6677d780ef07bdb13aa4c196ab75b39abcbcdcae2d4e5?s=96&d=mm&r=g","contentUrl":"https:\/\/secure.gravatar.com\/avatar\/f552799261cdd2e076e6677d780ef07bdb13aa4c196ab75b39abcbcdcae2d4e5?s=96&d=mm&r=g","caption":"Karine Duval"},"url":"https:\/\/www.emballagedigest.fr\/en\/author\/admin_karduv\/"}]}},"_links":{"self":[{"href":"https:\/\/www.emballagedigest.fr\/en\/wp-json\/wp\/v2\/posts\/45375","targetHints":{"allow":["GET"]}}],"collection":[{"href":"https:\/\/www.emballagedigest.fr\/en\/wp-json\/wp\/v2\/posts"}],"about":[{"href":"https:\/\/www.emballagedigest.fr\/en\/wp-json\/wp\/v2\/types\/post"}],"author":[{"embeddable":true,"href":"https:\/\/www.emballagedigest.fr\/en\/wp-json\/wp\/v2\/users\/2"}],"replies":[{"embeddable":true,"href":"https:\/\/www.emballagedigest.fr\/en\/wp-json\/wp\/v2\/comments?post=45375"}],"version-history":[{"count":1,"href":"https:\/\/www.emballagedigest.fr\/en\/wp-json\/wp\/v2\/posts\/45375\/revisions"}],"predecessor-version":[{"id":45377,"href":"https:\/\/www.emballagedigest.fr\/en\/wp-json\/wp\/v2\/posts\/45375\/revisions\/45377"}],"wp:featuredmedia":[{"embeddable":true,"href":"https:\/\/www.emballagedigest.fr\/en\/wp-json\/wp\/v2\/media\/45376"}],"wp:attachment":[{"href":"https:\/\/www.emballagedigest.fr\/en\/wp-json\/wp\/v2\/media?parent=45375"}],"wp:term":[{"taxonomy":"category","embeddable":true,"href":"https:\/\/www.emballagedigest.fr\/en\/wp-json\/wp\/v2\/categories?post=45375"},{"taxonomy":"post_tag","embeddable":true,"href":"https:\/\/www.emballagedigest.fr\/en\/wp-json\/wp\/v2\/tags?post=45375"}],"curies":[{"name":"wp","href":"https:\/\/api.w.org\/{rel}","templated":true}]}}