{"id":45388,"date":"2025-08-31T10:39:39","date_gmt":"2025-08-31T08:39:39","guid":{"rendered":"https:\/\/www.emballagedigest.fr\/?p=45388"},"modified":"2025-09-04T10:44:53","modified_gmt":"2025-09-04T08:44:53","slug":"nouveau-record-pour-lindustrie-italienne-des-machines-demballage","status":"publish","type":"post","link":"https:\/\/www.emballagedigest.fr\/en\/nouveau-record-pour-lindustrie-italienne-des-machines-demballage\/","title":{"rendered":"Nouveau record pour l\u2019industrie italienne des machines d\u2019emballage"},"content":{"rendered":"<p><strong>L\u2019industrie italienne des machines d\u2019emballage automatique et de conditionnement a enregistr\u00e9 un chiffre d\u2019affaires d\u00e9passant les 10 milliards d\u2019euros pour la premi\u00e8re fois. Les recettes totales ont atteint 10,06 milliards d\u2019euros, soit une augmentation de 9% par rapport \u00e0 l\u2019ann\u00e9e pr\u00e9c\u00e9dente. Ces donn\u00e9es, issues de la 13<sup>e<\/sup> enqu\u00eate statistique nationale men\u00e9e par le centre de recherche Mecs, ont \u00e9t\u00e9 pr\u00e9sent\u00e9es lors de l\u2019assembl\u00e9e annuelle des membres de l\u2019Ucima. L\u2019enqu\u00eate a port\u00e9 sur 619 entreprises du secteur, qui emploient 40 503 personnes (+6% par rapport \u00e0 2023).<\/strong><\/p>\n\n\n\n<p>L\u2019export s\u2019est encore consolid\u00e9 en 2024, avec des ventes \u00e0 l\u2019\u00e9tranger atteignant 8 milliards d\u2019euros, soit 79,4% du chiffre d\u2019affaires total, et une croissance \u00e0 deux chiffres enregistr\u00e9e par rapport \u00e0 l\u2019ann\u00e9e pr\u00e9c\u00e9dente (+10%). Le classement des destinations reste inchang\u00e9, l\u2019Union europ\u00e9enne confirmant son r\u00f4le de principal march\u00e9 pour les technologies d\u2019emballage italiennes, avec un chiffre d\u2019affaires de 2,9 milliards d\u2019euros et une part de 35,8 % des exportations totales. Viennent ensuite l\u2019Asie avec un chiffre d\u2019affaires de 1,6 milliard d\u2019euros (20,2%), l\u2019Am\u00e9rique du Nord avec 1,3 milliard d\u2019euros (16,6%), puis l\u2019Europe hors UE (768 millions d\u2019euros), l\u2019Am\u00e9rique du Sud (730 millions d\u2019euros), l\u2019Afrique (573 millions d\u2019euros) et l\u2019Oc\u00e9anie (122 millions d\u2019euros).<\/p>\n\n\n\n<p>Le march\u00e9 domestique est \u00e9galement en hausse, affichant une augmentation de +5,2% qui a port\u00e9 le chiffre d\u2019affaires italien \u00e0 plus de 2 milliards d\u2019euros (contre 2,07 milliards d\u2019euros en 2024). La part des ventes domestiques s\u2019\u00e9l\u00e8ve \u00e0 20,6% du total. L\u2019industrie alimentaire reste le premier secteur client national, repr\u00e9sentant 36,8% du march\u00e9, suivie par les industries des boissons et des produits pharmaceutiques.<br>Au global, la majorit\u00e9 du chiffre d\u2019affaires provient des industries de l\u2019alimentation et des boissons, qui repr\u00e9sentent ensemble 56,1% des ventes totales, l\u2019alimentation arrivant en t\u00eate avec 3,12 milliards d\u2019euros (31% du chiffre d\u2019affaires total), suivie par les boissons avec 2,52 milliards d\u2019euros (25,1%). La troisi\u00e8me place est occup\u00e9e par l\u2019industrie qui comprend le papier hygi\u00e9nique, le tabac et d\u2019autres segments, avec 1,92 milliard d\u2019euros, soit 19,1% du total. L\u2019industrie pharmaceutique est \u00e9galement en plein essor, avec un chiffre d\u2019affaires de 1,74 milliard d\u2019euros (17,3%).<\/p>\n\n\n\n<p>Les machines d\u2019emballage primaire restent la premi\u00e8re source de chiffre d\u2019affaires, avec 53% du total, un r\u00e9sultat tir\u00e9 par la vente des machines de formage-remplissage-fermeture (FFS), qui ont g\u00e9n\u00e9r\u00e9 \u00e0 elles seules 2,24 milliards d\u2019euros, soit 22,3% du chiffre d\u2019affaires total, ce qui repr\u00e9sente une hausse de 10,3%. Suivies par les machines de remplissage et de dosage, avec un chiffre d\u2019affaires de 1,90 milliard d\u2019euros (18,9%, +8,6%). L\u2019emballage secondaire, qui comprend les machines d\u2019\u00e9tuyage et d\u2019encaissage, repr\u00e9sente 19,9% du chiffre d\u2019affaires et enregistre une croissance de 6,6%.<\/p>","protected":false},"excerpt":{"rendered":"<p>L\u2019industrie italienne des machines d\u2019emballage automatique et de conditionnement a enregistr\u00e9 un chiffre d\u2019affaires d\u00e9passant les 10 milliards d\u2019euros pour la premi\u00e8re fois. Les recettes totales ont atteint 10,06 milliards d\u2019euros, soit une augmentation de 9% par rapport \u00e0 l\u2019ann\u00e9e pr\u00e9c\u00e9dente. Ces donn\u00e9es, issues de la 13e enqu\u00eate statistique nationale men\u00e9e par le centre de [&hellip;]<\/p>","protected":false},"author":2,"featured_media":45389,"comment_status":"closed","ping_status":"closed","sticky":false,"template":"","format":"standard","meta":{"_acf_changed":false,"inline_featured_image":false,"iawp_total_views":4,"footnotes":""},"categories":[28,26,9,81,65],"tags":[],"class_list":["post-45388","post","type-post","status-publish","format-standard","has-post-thumbnail","hentry","category-article-entier","category-laterale","category-materiel","category-packaging","category-vu-dans-le-mag"],"acf":[],"yoast_head":"<!-- This site is optimized with the Yoast SEO plugin v24.4 - https:\/\/yoast.com\/wordpress\/plugins\/seo\/ -->\n<title>Nouveau record pour l\u2019industrie italienne des machines d\u2019emballage - Emballage Digest<\/title>\n<meta name=\"robots\" content=\"index, follow, max-snippet:-1, max-image-preview:large, max-video-preview:-1\" \/>\n<link rel=\"canonical\" href=\"https:\/\/www.emballagedigest.fr\/en\/nouveau-record-pour-lindustrie-italienne-des-machines-demballage\/\" \/>\n<meta property=\"og:locale\" content=\"en_GB\" \/>\n<meta property=\"og:type\" content=\"article\" \/>\n<meta property=\"og:title\" content=\"Nouveau record pour l\u2019industrie italienne des machines d\u2019emballage - Emballage Digest\" \/>\n<meta property=\"og:description\" content=\"L\u2019industrie italienne des machines d\u2019emballage automatique et de conditionnement a enregistr\u00e9 un chiffre d\u2019affaires d\u00e9passant les 10 milliards d\u2019euros pour la premi\u00e8re fois. Les recettes totales ont atteint 10,06 milliards d\u2019euros, soit une augmentation de 9% par rapport \u00e0 l\u2019ann\u00e9e pr\u00e9c\u00e9dente. Ces donn\u00e9es, issues de la 13e enqu\u00eate statistique nationale men\u00e9e par le centre de [&hellip;]\" \/>\n<meta property=\"og:url\" content=\"https:\/\/www.emballagedigest.fr\/en\/nouveau-record-pour-lindustrie-italienne-des-machines-demballage\/\" \/>\n<meta property=\"og:site_name\" content=\"Emballage Digest\" \/>\n<meta property=\"article:published_time\" content=\"2025-08-31T08:39:39+00:00\" \/>\n<meta property=\"article:modified_time\" content=\"2025-09-04T08:44:53+00:00\" \/>\n<meta property=\"og:image\" content=\"https:\/\/www.emballagedigest.fr\/wp-content\/uploads\/2025\/09\/IMA.jpg\" \/>\n\t<meta property=\"og:image:width\" content=\"800\" \/>\n\t<meta property=\"og:image:height\" content=\"533\" \/>\n\t<meta property=\"og:image:type\" content=\"image\/jpeg\" \/>\n<meta name=\"author\" content=\"Karine Duval\" \/>\n<meta name=\"twitter:card\" content=\"summary_large_image\" \/>\n<meta name=\"twitter:label1\" content=\"Written by\" \/>\n\t<meta name=\"twitter:data1\" content=\"Karine Duval\" \/>\n\t<meta name=\"twitter:label2\" content=\"Estimated reading time\" \/>\n\t<meta name=\"twitter:data2\" content=\"3 minutes\" \/>\n<script type=\"application\/ld+json\" class=\"yoast-schema-graph\">{\"@context\":\"https:\/\/schema.org\",\"@graph\":[{\"@type\":\"Article\",\"@id\":\"https:\/\/www.emballagedigest.fr\/nouveau-record-pour-lindustrie-italienne-des-machines-demballage\/#article\",\"isPartOf\":{\"@id\":\"https:\/\/www.emballagedigest.fr\/nouveau-record-pour-lindustrie-italienne-des-machines-demballage\/\"},\"author\":{\"name\":\"Karine Duval\",\"@id\":\"https:\/\/www.emballagedigest.fr\/#\/schema\/person\/76abe9f2b2ee4d3d520594c7a35da59f\"},\"headline\":\"Nouveau record pour l\u2019industrie italienne des machines d\u2019emballage\",\"datePublished\":\"2025-08-31T08:39:39+00:00\",\"dateModified\":\"2025-09-04T08:44:53+00:00\",\"mainEntityOfPage\":{\"@id\":\"https:\/\/www.emballagedigest.fr\/nouveau-record-pour-lindustrie-italienne-des-machines-demballage\/\"},\"wordCount\":481,\"publisher\":{\"@id\":\"https:\/\/www.emballagedigest.fr\/#organization\"},\"image\":{\"@id\":\"https:\/\/www.emballagedigest.fr\/nouveau-record-pour-lindustrie-italienne-des-machines-demballage\/#primaryimage\"},\"thumbnailUrl\":\"https:\/\/www.emballagedigest.fr\/wp-content\/uploads\/2025\/09\/IMA.jpg\",\"articleSection\":[\"Article entier\",\"Barre lat\u00e9rale\",\"Mat\u00e9riel\",\"Packaging\",\"Vu dans le mag\"],\"inLanguage\":\"en-GB\"},{\"@type\":\"WebPage\",\"@id\":\"https:\/\/www.emballagedigest.fr\/nouveau-record-pour-lindustrie-italienne-des-machines-demballage\/\",\"url\":\"https:\/\/www.emballagedigest.fr\/nouveau-record-pour-lindustrie-italienne-des-machines-demballage\/\",\"name\":\"Nouveau record pour l\u2019industrie italienne des machines d\u2019emballage - Emballage Digest\",\"isPartOf\":{\"@id\":\"https:\/\/www.emballagedigest.fr\/#website\"},\"primaryImageOfPage\":{\"@id\":\"https:\/\/www.emballagedigest.fr\/nouveau-record-pour-lindustrie-italienne-des-machines-demballage\/#primaryimage\"},\"image\":{\"@id\":\"https:\/\/www.emballagedigest.fr\/nouveau-record-pour-lindustrie-italienne-des-machines-demballage\/#primaryimage\"},\"thumbnailUrl\":\"https:\/\/www.emballagedigest.fr\/wp-content\/uploads\/2025\/09\/IMA.jpg\",\"datePublished\":\"2025-08-31T08:39:39+00:00\",\"dateModified\":\"2025-09-04T08:44:53+00:00\",\"breadcrumb\":{\"@id\":\"https:\/\/www.emballagedigest.fr\/nouveau-record-pour-lindustrie-italienne-des-machines-demballage\/#breadcrumb\"},\"inLanguage\":\"en-GB\",\"potentialAction\":[{\"@type\":\"ReadAction\",\"target\":[\"https:\/\/www.emballagedigest.fr\/nouveau-record-pour-lindustrie-italienne-des-machines-demballage\/\"]}]},{\"@type\":\"ImageObject\",\"inLanguage\":\"en-GB\",\"@id\":\"https:\/\/www.emballagedigest.fr\/nouveau-record-pour-lindustrie-italienne-des-machines-demballage\/#primaryimage\",\"url\":\"https:\/\/www.emballagedigest.fr\/wp-content\/uploads\/2025\/09\/IMA.jpg\",\"contentUrl\":\"https:\/\/www.emballagedigest.fr\/wp-content\/uploads\/2025\/09\/IMA.jpg\",\"width\":800,\"height\":533},{\"@type\":\"BreadcrumbList\",\"@id\":\"https:\/\/www.emballagedigest.fr\/nouveau-record-pour-lindustrie-italienne-des-machines-demballage\/#breadcrumb\",\"itemListElement\":[{\"@type\":\"ListItem\",\"position\":1,\"name\":\"Accueil\",\"item\":\"https:\/\/www.emballagedigest.fr\/\"},{\"@type\":\"ListItem\",\"position\":2,\"name\":\"Nouveau record pour l\u2019industrie italienne des machines d\u2019emballage\"}]},{\"@type\":\"WebSite\",\"@id\":\"https:\/\/www.emballagedigest.fr\/#website\",\"url\":\"https:\/\/www.emballagedigest.fr\/\",\"name\":\"Emballage Digest\",\"description\":\"Revue professionnelle sur les emballages\",\"publisher\":{\"@id\":\"https:\/\/www.emballagedigest.fr\/#organization\"},\"potentialAction\":[{\"@type\":\"SearchAction\",\"target\":{\"@type\":\"EntryPoint\",\"urlTemplate\":\"https:\/\/www.emballagedigest.fr\/?s={search_term_string}\"},\"query-input\":{\"@type\":\"PropertyValueSpecification\",\"valueRequired\":true,\"valueName\":\"search_term_string\"}}],\"inLanguage\":\"en-GB\"},{\"@type\":\"Organization\",\"@id\":\"https:\/\/www.emballagedigest.fr\/#organization\",\"name\":\"Emballage Digest\",\"url\":\"https:\/\/www.emballagedigest.fr\/\",\"logo\":{\"@type\":\"ImageObject\",\"inLanguage\":\"en-GB\",\"@id\":\"https:\/\/www.emballagedigest.fr\/#\/schema\/logo\/image\/\",\"url\":\"https:\/\/www.emballagedigest.fr\/wp-content\/uploads\/2022\/07\/logo-ed.png\",\"contentUrl\":\"https:\/\/www.emballagedigest.fr\/wp-content\/uploads\/2022\/07\/logo-ed.png\",\"width\":379,\"height\":75,\"caption\":\"Emballage Digest\"},\"image\":{\"@id\":\"https:\/\/www.emballagedigest.fr\/#\/schema\/logo\/image\/\"}},{\"@type\":\"Person\",\"@id\":\"https:\/\/www.emballagedigest.fr\/#\/schema\/person\/76abe9f2b2ee4d3d520594c7a35da59f\",\"name\":\"Karine Duval\",\"image\":{\"@type\":\"ImageObject\",\"inLanguage\":\"en-GB\",\"@id\":\"https:\/\/www.emballagedigest.fr\/#\/schema\/person\/image\/\",\"url\":\"https:\/\/secure.gravatar.com\/avatar\/f552799261cdd2e076e6677d780ef07bdb13aa4c196ab75b39abcbcdcae2d4e5?s=96&d=mm&r=g\",\"contentUrl\":\"https:\/\/secure.gravatar.com\/avatar\/f552799261cdd2e076e6677d780ef07bdb13aa4c196ab75b39abcbcdcae2d4e5?s=96&d=mm&r=g\",\"caption\":\"Karine Duval\"},\"url\":\"https:\/\/www.emballagedigest.fr\/en\/author\/admin_karduv\/\"}]}<\/script>\n<!-- \/ Yoast SEO plugin. -->","yoast_head_json":{"title":"Nouveau record pour l\u2019industrie italienne des machines d\u2019emballage - Emballage Digest","robots":{"index":"index","follow":"follow","max-snippet":"max-snippet:-1","max-image-preview":"max-image-preview:large","max-video-preview":"max-video-preview:-1"},"canonical":"https:\/\/www.emballagedigest.fr\/en\/nouveau-record-pour-lindustrie-italienne-des-machines-demballage\/","og_locale":"en_GB","og_type":"article","og_title":"Nouveau record pour l\u2019industrie italienne des machines d\u2019emballage - Emballage Digest","og_description":"L\u2019industrie italienne des machines d\u2019emballage automatique et de conditionnement a enregistr\u00e9 un chiffre d\u2019affaires d\u00e9passant les 10 milliards d\u2019euros pour la premi\u00e8re fois. Les recettes totales ont atteint 10,06 milliards d\u2019euros, soit une augmentation de 9% par rapport \u00e0 l\u2019ann\u00e9e pr\u00e9c\u00e9dente. Ces donn\u00e9es, issues de la 13e enqu\u00eate statistique nationale men\u00e9e par le centre de [&hellip;]","og_url":"https:\/\/www.emballagedigest.fr\/en\/nouveau-record-pour-lindustrie-italienne-des-machines-demballage\/","og_site_name":"Emballage Digest","article_published_time":"2025-08-31T08:39:39+00:00","article_modified_time":"2025-09-04T08:44:53+00:00","og_image":[{"width":800,"height":533,"url":"https:\/\/www.emballagedigest.fr\/wp-content\/uploads\/2025\/09\/IMA.jpg","type":"image\/jpeg"}],"author":"Karine Duval","twitter_card":"summary_large_image","twitter_misc":{"Written by":"Karine Duval","Estimated reading time":"3 minutes"},"schema":{"@context":"https:\/\/schema.org","@graph":[{"@type":"Article","@id":"https:\/\/www.emballagedigest.fr\/nouveau-record-pour-lindustrie-italienne-des-machines-demballage\/#article","isPartOf":{"@id":"https:\/\/www.emballagedigest.fr\/nouveau-record-pour-lindustrie-italienne-des-machines-demballage\/"},"author":{"name":"Karine Duval","@id":"https:\/\/www.emballagedigest.fr\/#\/schema\/person\/76abe9f2b2ee4d3d520594c7a35da59f"},"headline":"Nouveau record pour l\u2019industrie italienne des machines d\u2019emballage","datePublished":"2025-08-31T08:39:39+00:00","dateModified":"2025-09-04T08:44:53+00:00","mainEntityOfPage":{"@id":"https:\/\/www.emballagedigest.fr\/nouveau-record-pour-lindustrie-italienne-des-machines-demballage\/"},"wordCount":481,"publisher":{"@id":"https:\/\/www.emballagedigest.fr\/#organization"},"image":{"@id":"https:\/\/www.emballagedigest.fr\/nouveau-record-pour-lindustrie-italienne-des-machines-demballage\/#primaryimage"},"thumbnailUrl":"https:\/\/www.emballagedigest.fr\/wp-content\/uploads\/2025\/09\/IMA.jpg","articleSection":["Article entier","Barre lat\u00e9rale","Mat\u00e9riel","Packaging","Vu dans le mag"],"inLanguage":"en-GB"},{"@type":"WebPage","@id":"https:\/\/www.emballagedigest.fr\/nouveau-record-pour-lindustrie-italienne-des-machines-demballage\/","url":"https:\/\/www.emballagedigest.fr\/nouveau-record-pour-lindustrie-italienne-des-machines-demballage\/","name":"Nouveau record pour l\u2019industrie italienne des machines d\u2019emballage - Emballage Digest","isPartOf":{"@id":"https:\/\/www.emballagedigest.fr\/#website"},"primaryImageOfPage":{"@id":"https:\/\/www.emballagedigest.fr\/nouveau-record-pour-lindustrie-italienne-des-machines-demballage\/#primaryimage"},"image":{"@id":"https:\/\/www.emballagedigest.fr\/nouveau-record-pour-lindustrie-italienne-des-machines-demballage\/#primaryimage"},"thumbnailUrl":"https:\/\/www.emballagedigest.fr\/wp-content\/uploads\/2025\/09\/IMA.jpg","datePublished":"2025-08-31T08:39:39+00:00","dateModified":"2025-09-04T08:44:53+00:00","breadcrumb":{"@id":"https:\/\/www.emballagedigest.fr\/nouveau-record-pour-lindustrie-italienne-des-machines-demballage\/#breadcrumb"},"inLanguage":"en-GB","potentialAction":[{"@type":"ReadAction","target":["https:\/\/www.emballagedigest.fr\/nouveau-record-pour-lindustrie-italienne-des-machines-demballage\/"]}]},{"@type":"ImageObject","inLanguage":"en-GB","@id":"https:\/\/www.emballagedigest.fr\/nouveau-record-pour-lindustrie-italienne-des-machines-demballage\/#primaryimage","url":"https:\/\/www.emballagedigest.fr\/wp-content\/uploads\/2025\/09\/IMA.jpg","contentUrl":"https:\/\/www.emballagedigest.fr\/wp-content\/uploads\/2025\/09\/IMA.jpg","width":800,"height":533},{"@type":"BreadcrumbList","@id":"https:\/\/www.emballagedigest.fr\/nouveau-record-pour-lindustrie-italienne-des-machines-demballage\/#breadcrumb","itemListElement":[{"@type":"ListItem","position":1,"name":"Accueil","item":"https:\/\/www.emballagedigest.fr\/"},{"@type":"ListItem","position":2,"name":"Nouveau record pour l\u2019industrie italienne des machines d\u2019emballage"}]},{"@type":"WebSite","@id":"https:\/\/www.emballagedigest.fr\/#website","url":"https:\/\/www.emballagedigest.fr\/","name":"Emballage Digest","description":"Revue professionnelle sur les emballages","publisher":{"@id":"https:\/\/www.emballagedigest.fr\/#organization"},"potentialAction":[{"@type":"SearchAction","target":{"@type":"EntryPoint","urlTemplate":"https:\/\/www.emballagedigest.fr\/?s={search_term_string}"},"query-input":{"@type":"PropertyValueSpecification","valueRequired":true,"valueName":"search_term_string"}}],"inLanguage":"en-GB"},{"@type":"Organization","@id":"https:\/\/www.emballagedigest.fr\/#organization","name":"Emballage Digest","url":"https:\/\/www.emballagedigest.fr\/","logo":{"@type":"ImageObject","inLanguage":"en-GB","@id":"https:\/\/www.emballagedigest.fr\/#\/schema\/logo\/image\/","url":"https:\/\/www.emballagedigest.fr\/wp-content\/uploads\/2022\/07\/logo-ed.png","contentUrl":"https:\/\/www.emballagedigest.fr\/wp-content\/uploads\/2022\/07\/logo-ed.png","width":379,"height":75,"caption":"Emballage Digest"},"image":{"@id":"https:\/\/www.emballagedigest.fr\/#\/schema\/logo\/image\/"}},{"@type":"Person","@id":"https:\/\/www.emballagedigest.fr\/#\/schema\/person\/76abe9f2b2ee4d3d520594c7a35da59f","name":"Karine Duval","image":{"@type":"ImageObject","inLanguage":"en-GB","@id":"https:\/\/www.emballagedigest.fr\/#\/schema\/person\/image\/","url":"https:\/\/secure.gravatar.com\/avatar\/f552799261cdd2e076e6677d780ef07bdb13aa4c196ab75b39abcbcdcae2d4e5?s=96&d=mm&r=g","contentUrl":"https:\/\/secure.gravatar.com\/avatar\/f552799261cdd2e076e6677d780ef07bdb13aa4c196ab75b39abcbcdcae2d4e5?s=96&d=mm&r=g","caption":"Karine Duval"},"url":"https:\/\/www.emballagedigest.fr\/en\/author\/admin_karduv\/"}]}},"_links":{"self":[{"href":"https:\/\/www.emballagedigest.fr\/en\/wp-json\/wp\/v2\/posts\/45388","targetHints":{"allow":["GET"]}}],"collection":[{"href":"https:\/\/www.emballagedigest.fr\/en\/wp-json\/wp\/v2\/posts"}],"about":[{"href":"https:\/\/www.emballagedigest.fr\/en\/wp-json\/wp\/v2\/types\/post"}],"author":[{"embeddable":true,"href":"https:\/\/www.emballagedigest.fr\/en\/wp-json\/wp\/v2\/users\/2"}],"replies":[{"embeddable":true,"href":"https:\/\/www.emballagedigest.fr\/en\/wp-json\/wp\/v2\/comments?post=45388"}],"version-history":[{"count":1,"href":"https:\/\/www.emballagedigest.fr\/en\/wp-json\/wp\/v2\/posts\/45388\/revisions"}],"predecessor-version":[{"id":45390,"href":"https:\/\/www.emballagedigest.fr\/en\/wp-json\/wp\/v2\/posts\/45388\/revisions\/45390"}],"wp:featuredmedia":[{"embeddable":true,"href":"https:\/\/www.emballagedigest.fr\/en\/wp-json\/wp\/v2\/media\/45389"}],"wp:attachment":[{"href":"https:\/\/www.emballagedigest.fr\/en\/wp-json\/wp\/v2\/media?parent=45388"}],"wp:term":[{"taxonomy":"category","embeddable":true,"href":"https:\/\/www.emballagedigest.fr\/en\/wp-json\/wp\/v2\/categories?post=45388"},{"taxonomy":"post_tag","embeddable":true,"href":"https:\/\/www.emballagedigest.fr\/en\/wp-json\/wp\/v2\/tags?post=45388"}],"curies":[{"name":"wp","href":"https:\/\/api.w.org\/{rel}","templated":true}]}}