{"id":45394,"date":"2025-08-31T10:48:10","date_gmt":"2025-08-31T08:48:10","guid":{"rendered":"https:\/\/www.emballagedigest.fr\/?p=45394"},"modified":"2025-09-04T10:51:00","modified_gmt":"2025-09-04T08:51:00","slug":"ameliorer-la-tracabilite-et-la-recyclabilite-des-emballages-professionnels","status":"publish","type":"post","link":"https:\/\/www.emballagedigest.fr\/en\/ameliorer-la-tracabilite-et-la-recyclabilite-des-emballages-professionnels\/","title":{"rendered":"Am\u00e9liorer la tra\u00e7abilit\u00e9 et la recyclabilit\u00e9 des emballages professionnels"},"content":{"rendered":"<p><strong>Am\u00e9liorer la collecte et le recyclage des emballages professionnels plastiques constitue l\u2019enjeu principal de la mise en \u0153uvre prochaine de la REP Emballages professionnels. <\/strong><\/p>\n\n\n\n<p>Alors que l\u2019Ademe estime que seuls 25% de ces emballages sont aujourd\u2019hui collect\u00e9s et recycl\u00e9s, Federrec, la FNADE, le SNEFiD, le SRP et Valorplast, regroup\u00e9s au sein de la TaskForce Plastiques Recycl\u00e9s, ont d\u00e9cid\u00e9 d\u2019agir ensemble pour que la REP Emballages professionnels soit un outil de progr\u00e8s efficace. Le groupe, en lien avec l\u2019Ademe, a ainsi \u00e9labor\u00e9 une nomenclature et des standards de qualit\u00e9 des d\u00e9chets d\u2019emballages plastiques professionnels non dangereux (EP plastiques) tri\u00e9s pour recyclage. Ils sont d\u00e9sormais mis \u00e0 disposition de l\u2019ensemble des acteurs de la fili\u00e8re. Celle-ci permettra d\u2019\u00e9tablir un langage commun pour permettre la tra\u00e7abilit\u00e9 des flux de d\u00e9chets et la transparence depuis la collecte jusqu\u2019au recyclage ; de standardiser les flux de d\u00e9chets tri\u00e9s (tri direct par le d\u00e9tenteur ou tri par les centres de tri) pour massifier et rendre plus lisible le march\u00e9 des d\u00e9chets d\u2019emballages plastiques professionnels\u00a0; de garantir des d\u00e9chets tri\u00e9s de haute qualit\u00e9, en coh\u00e9rence avec les besoins industriels des r\u00e9g\u00e9n\u00e9rateurs et les attentes des consommateurs de mati\u00e8res plastiques recycl\u00e9es\u00a0; et d\u2019orienter les travaux vers une meilleure recyclabilit\u00e9. Fruit d\u2019un travail collaboratif, ce document constitue une base commune pour accompagner la fili\u00e8re dans la construction d\u2019une REP efficace.<\/p>\n\n\n\n<p><\/p>","protected":false},"excerpt":{"rendered":"<p>Am\u00e9liorer la collecte et le recyclage des emballages professionnels plastiques constitue l\u2019enjeu principal de la mise en \u0153uvre prochaine de la REP Emballages professionnels. Alors que l\u2019Ademe estime que seuls 25% de ces emballages sont aujourd\u2019hui collect\u00e9s et recycl\u00e9s, Federrec, la FNADE, le SNEFiD, le SRP et Valorplast, regroup\u00e9s au sein de la TaskForce Plastiques [&hellip;]<\/p>","protected":false},"author":2,"featured_media":45395,"comment_status":"closed","ping_status":"closed","sticky":false,"template":"","format":"standard","meta":{"_acf_changed":false,"inline_featured_image":false,"iawp_total_views":0,"footnotes":""},"categories":[28,26,10,65],"tags":[],"class_list":["post-45394","post","type-post","status-publish","format-standard","has-post-thumbnail","hentry","category-article-entier","category-laterale","category-materiaux","category-vu-dans-le-mag"],"acf":[],"yoast_head":"<!-- This site is optimized with the Yoast SEO plugin v24.4 - https:\/\/yoast.com\/wordpress\/plugins\/seo\/ -->\n<title>Am\u00e9liorer la tra\u00e7abilit\u00e9 et la recyclabilit\u00e9 des emballages professionnels - Emballage Digest<\/title>\n<meta name=\"robots\" content=\"index, follow, max-snippet:-1, max-image-preview:large, max-video-preview:-1\" \/>\n<link rel=\"canonical\" href=\"https:\/\/www.emballagedigest.fr\/en\/ameliorer-la-tracabilite-et-la-recyclabilite-des-emballages-professionnels\/\" \/>\n<meta property=\"og:locale\" content=\"en_GB\" \/>\n<meta property=\"og:type\" content=\"article\" \/>\n<meta property=\"og:title\" content=\"Am\u00e9liorer la tra\u00e7abilit\u00e9 et la recyclabilit\u00e9 des emballages professionnels - Emballage Digest\" \/>\n<meta property=\"og:description\" content=\"Am\u00e9liorer la collecte et le recyclage des emballages professionnels plastiques constitue l\u2019enjeu principal de la mise en \u0153uvre prochaine de la REP Emballages professionnels. Alors que l\u2019Ademe estime que seuls 25% de ces emballages sont aujourd\u2019hui collect\u00e9s et recycl\u00e9s, Federrec, la FNADE, le SNEFiD, le SRP et Valorplast, regroup\u00e9s au sein de la TaskForce Plastiques [&hellip;]\" \/>\n<meta property=\"og:url\" content=\"https:\/\/www.emballagedigest.fr\/en\/ameliorer-la-tracabilite-et-la-recyclabilite-des-emballages-professionnels\/\" \/>\n<meta property=\"og:site_name\" content=\"Emballage Digest\" \/>\n<meta property=\"article:published_time\" content=\"2025-08-31T08:48:10+00:00\" \/>\n<meta property=\"article:modified_time\" content=\"2025-09-04T08:51:00+00:00\" \/>\n<meta property=\"og:image\" content=\"https:\/\/www.emballagedigest.fr\/wp-content\/uploads\/2025\/09\/REP_emballages.jpg\" \/>\n\t<meta property=\"og:image:width\" content=\"800\" \/>\n\t<meta property=\"og:image:height\" content=\"503\" \/>\n\t<meta property=\"og:image:type\" content=\"image\/jpeg\" \/>\n<meta name=\"author\" content=\"Karine Duval\" \/>\n<meta name=\"twitter:card\" content=\"summary_large_image\" \/>\n<meta name=\"twitter:label1\" content=\"Written by\" \/>\n\t<meta name=\"twitter:data1\" content=\"Karine Duval\" \/>\n\t<meta name=\"twitter:label2\" content=\"Estimated reading time\" \/>\n\t<meta name=\"twitter:data2\" content=\"2 minutes\" \/>\n<script type=\"application\/ld+json\" class=\"yoast-schema-graph\">{\"@context\":\"https:\/\/schema.org\",\"@graph\":[{\"@type\":\"Article\",\"@id\":\"https:\/\/www.emballagedigest.fr\/ameliorer-la-tracabilite-et-la-recyclabilite-des-emballages-professionnels\/#article\",\"isPartOf\":{\"@id\":\"https:\/\/www.emballagedigest.fr\/ameliorer-la-tracabilite-et-la-recyclabilite-des-emballages-professionnels\/\"},\"author\":{\"name\":\"Karine Duval\",\"@id\":\"https:\/\/www.emballagedigest.fr\/#\/schema\/person\/76abe9f2b2ee4d3d520594c7a35da59f\"},\"headline\":\"Am\u00e9liorer la tra\u00e7abilit\u00e9 et la recyclabilit\u00e9 des emballages professionnels\",\"datePublished\":\"2025-08-31T08:48:10+00:00\",\"dateModified\":\"2025-09-04T08:51:00+00:00\",\"mainEntityOfPage\":{\"@id\":\"https:\/\/www.emballagedigest.fr\/ameliorer-la-tracabilite-et-la-recyclabilite-des-emballages-professionnels\/\"},\"wordCount\":268,\"publisher\":{\"@id\":\"https:\/\/www.emballagedigest.fr\/#organization\"},\"image\":{\"@id\":\"https:\/\/www.emballagedigest.fr\/ameliorer-la-tracabilite-et-la-recyclabilite-des-emballages-professionnels\/#primaryimage\"},\"thumbnailUrl\":\"https:\/\/www.emballagedigest.fr\/wp-content\/uploads\/2025\/09\/REP_emballages.jpg\",\"articleSection\":[\"Article entier\",\"Barre lat\u00e9rale\",\"Mat\u00e9riaux\",\"Vu dans le mag\"],\"inLanguage\":\"en-GB\"},{\"@type\":\"WebPage\",\"@id\":\"https:\/\/www.emballagedigest.fr\/ameliorer-la-tracabilite-et-la-recyclabilite-des-emballages-professionnels\/\",\"url\":\"https:\/\/www.emballagedigest.fr\/ameliorer-la-tracabilite-et-la-recyclabilite-des-emballages-professionnels\/\",\"name\":\"Am\u00e9liorer la tra\u00e7abilit\u00e9 et la recyclabilit\u00e9 des emballages professionnels - Emballage Digest\",\"isPartOf\":{\"@id\":\"https:\/\/www.emballagedigest.fr\/#website\"},\"primaryImageOfPage\":{\"@id\":\"https:\/\/www.emballagedigest.fr\/ameliorer-la-tracabilite-et-la-recyclabilite-des-emballages-professionnels\/#primaryimage\"},\"image\":{\"@id\":\"https:\/\/www.emballagedigest.fr\/ameliorer-la-tracabilite-et-la-recyclabilite-des-emballages-professionnels\/#primaryimage\"},\"thumbnailUrl\":\"https:\/\/www.emballagedigest.fr\/wp-content\/uploads\/2025\/09\/REP_emballages.jpg\",\"datePublished\":\"2025-08-31T08:48:10+00:00\",\"dateModified\":\"2025-09-04T08:51:00+00:00\",\"breadcrumb\":{\"@id\":\"https:\/\/www.emballagedigest.fr\/ameliorer-la-tracabilite-et-la-recyclabilite-des-emballages-professionnels\/#breadcrumb\"},\"inLanguage\":\"en-GB\",\"potentialAction\":[{\"@type\":\"ReadAction\",\"target\":[\"https:\/\/www.emballagedigest.fr\/ameliorer-la-tracabilite-et-la-recyclabilite-des-emballages-professionnels\/\"]}]},{\"@type\":\"ImageObject\",\"inLanguage\":\"en-GB\",\"@id\":\"https:\/\/www.emballagedigest.fr\/ameliorer-la-tracabilite-et-la-recyclabilite-des-emballages-professionnels\/#primaryimage\",\"url\":\"https:\/\/www.emballagedigest.fr\/wp-content\/uploads\/2025\/09\/REP_emballages.jpg\",\"contentUrl\":\"https:\/\/www.emballagedigest.fr\/wp-content\/uploads\/2025\/09\/REP_emballages.jpg\",\"width\":800,\"height\":503},{\"@type\":\"BreadcrumbList\",\"@id\":\"https:\/\/www.emballagedigest.fr\/ameliorer-la-tracabilite-et-la-recyclabilite-des-emballages-professionnels\/#breadcrumb\",\"itemListElement\":[{\"@type\":\"ListItem\",\"position\":1,\"name\":\"Accueil\",\"item\":\"https:\/\/www.emballagedigest.fr\/\"},{\"@type\":\"ListItem\",\"position\":2,\"name\":\"Am\u00e9liorer la tra\u00e7abilit\u00e9 et la recyclabilit\u00e9 des emballages professionnels\"}]},{\"@type\":\"WebSite\",\"@id\":\"https:\/\/www.emballagedigest.fr\/#website\",\"url\":\"https:\/\/www.emballagedigest.fr\/\",\"name\":\"Emballage Digest\",\"description\":\"Revue professionnelle sur les emballages\",\"publisher\":{\"@id\":\"https:\/\/www.emballagedigest.fr\/#organization\"},\"potentialAction\":[{\"@type\":\"SearchAction\",\"target\":{\"@type\":\"EntryPoint\",\"urlTemplate\":\"https:\/\/www.emballagedigest.fr\/?s={search_term_string}\"},\"query-input\":{\"@type\":\"PropertyValueSpecification\",\"valueRequired\":true,\"valueName\":\"search_term_string\"}}],\"inLanguage\":\"en-GB\"},{\"@type\":\"Organization\",\"@id\":\"https:\/\/www.emballagedigest.fr\/#organization\",\"name\":\"Emballage Digest\",\"url\":\"https:\/\/www.emballagedigest.fr\/\",\"logo\":{\"@type\":\"ImageObject\",\"inLanguage\":\"en-GB\",\"@id\":\"https:\/\/www.emballagedigest.fr\/#\/schema\/logo\/image\/\",\"url\":\"https:\/\/www.emballagedigest.fr\/wp-content\/uploads\/2022\/07\/logo-ed.png\",\"contentUrl\":\"https:\/\/www.emballagedigest.fr\/wp-content\/uploads\/2022\/07\/logo-ed.png\",\"width\":379,\"height\":75,\"caption\":\"Emballage Digest\"},\"image\":{\"@id\":\"https:\/\/www.emballagedigest.fr\/#\/schema\/logo\/image\/\"}},{\"@type\":\"Person\",\"@id\":\"https:\/\/www.emballagedigest.fr\/#\/schema\/person\/76abe9f2b2ee4d3d520594c7a35da59f\",\"name\":\"Karine Duval\",\"image\":{\"@type\":\"ImageObject\",\"inLanguage\":\"en-GB\",\"@id\":\"https:\/\/www.emballagedigest.fr\/#\/schema\/person\/image\/\",\"url\":\"https:\/\/secure.gravatar.com\/avatar\/f552799261cdd2e076e6677d780ef07bdb13aa4c196ab75b39abcbcdcae2d4e5?s=96&d=mm&r=g\",\"contentUrl\":\"https:\/\/secure.gravatar.com\/avatar\/f552799261cdd2e076e6677d780ef07bdb13aa4c196ab75b39abcbcdcae2d4e5?s=96&d=mm&r=g\",\"caption\":\"Karine Duval\"},\"url\":\"https:\/\/www.emballagedigest.fr\/en\/author\/admin_karduv\/\"}]}<\/script>\n<!-- \/ Yoast SEO plugin. -->","yoast_head_json":{"title":"Am\u00e9liorer la tra\u00e7abilit\u00e9 et la recyclabilit\u00e9 des emballages professionnels - Emballage Digest","robots":{"index":"index","follow":"follow","max-snippet":"max-snippet:-1","max-image-preview":"max-image-preview:large","max-video-preview":"max-video-preview:-1"},"canonical":"https:\/\/www.emballagedigest.fr\/en\/ameliorer-la-tracabilite-et-la-recyclabilite-des-emballages-professionnels\/","og_locale":"en_GB","og_type":"article","og_title":"Am\u00e9liorer la tra\u00e7abilit\u00e9 et la recyclabilit\u00e9 des emballages professionnels - Emballage Digest","og_description":"Am\u00e9liorer la collecte et le recyclage des emballages professionnels plastiques constitue l\u2019enjeu principal de la mise en \u0153uvre prochaine de la REP Emballages professionnels. Alors que l\u2019Ademe estime que seuls 25% de ces emballages sont aujourd\u2019hui collect\u00e9s et recycl\u00e9s, Federrec, la FNADE, le SNEFiD, le SRP et Valorplast, regroup\u00e9s au sein de la TaskForce Plastiques [&hellip;]","og_url":"https:\/\/www.emballagedigest.fr\/en\/ameliorer-la-tracabilite-et-la-recyclabilite-des-emballages-professionnels\/","og_site_name":"Emballage Digest","article_published_time":"2025-08-31T08:48:10+00:00","article_modified_time":"2025-09-04T08:51:00+00:00","og_image":[{"width":800,"height":503,"url":"https:\/\/www.emballagedigest.fr\/wp-content\/uploads\/2025\/09\/REP_emballages.jpg","type":"image\/jpeg"}],"author":"Karine Duval","twitter_card":"summary_large_image","twitter_misc":{"Written by":"Karine Duval","Estimated reading time":"2 minutes"},"schema":{"@context":"https:\/\/schema.org","@graph":[{"@type":"Article","@id":"https:\/\/www.emballagedigest.fr\/ameliorer-la-tracabilite-et-la-recyclabilite-des-emballages-professionnels\/#article","isPartOf":{"@id":"https:\/\/www.emballagedigest.fr\/ameliorer-la-tracabilite-et-la-recyclabilite-des-emballages-professionnels\/"},"author":{"name":"Karine Duval","@id":"https:\/\/www.emballagedigest.fr\/#\/schema\/person\/76abe9f2b2ee4d3d520594c7a35da59f"},"headline":"Am\u00e9liorer la tra\u00e7abilit\u00e9 et la recyclabilit\u00e9 des emballages professionnels","datePublished":"2025-08-31T08:48:10+00:00","dateModified":"2025-09-04T08:51:00+00:00","mainEntityOfPage":{"@id":"https:\/\/www.emballagedigest.fr\/ameliorer-la-tracabilite-et-la-recyclabilite-des-emballages-professionnels\/"},"wordCount":268,"publisher":{"@id":"https:\/\/www.emballagedigest.fr\/#organization"},"image":{"@id":"https:\/\/www.emballagedigest.fr\/ameliorer-la-tracabilite-et-la-recyclabilite-des-emballages-professionnels\/#primaryimage"},"thumbnailUrl":"https:\/\/www.emballagedigest.fr\/wp-content\/uploads\/2025\/09\/REP_emballages.jpg","articleSection":["Article entier","Barre lat\u00e9rale","Mat\u00e9riaux","Vu dans le mag"],"inLanguage":"en-GB"},{"@type":"WebPage","@id":"https:\/\/www.emballagedigest.fr\/ameliorer-la-tracabilite-et-la-recyclabilite-des-emballages-professionnels\/","url":"https:\/\/www.emballagedigest.fr\/ameliorer-la-tracabilite-et-la-recyclabilite-des-emballages-professionnels\/","name":"Am\u00e9liorer la tra\u00e7abilit\u00e9 et la recyclabilit\u00e9 des emballages professionnels - Emballage Digest","isPartOf":{"@id":"https:\/\/www.emballagedigest.fr\/#website"},"primaryImageOfPage":{"@id":"https:\/\/www.emballagedigest.fr\/ameliorer-la-tracabilite-et-la-recyclabilite-des-emballages-professionnels\/#primaryimage"},"image":{"@id":"https:\/\/www.emballagedigest.fr\/ameliorer-la-tracabilite-et-la-recyclabilite-des-emballages-professionnels\/#primaryimage"},"thumbnailUrl":"https:\/\/www.emballagedigest.fr\/wp-content\/uploads\/2025\/09\/REP_emballages.jpg","datePublished":"2025-08-31T08:48:10+00:00","dateModified":"2025-09-04T08:51:00+00:00","breadcrumb":{"@id":"https:\/\/www.emballagedigest.fr\/ameliorer-la-tracabilite-et-la-recyclabilite-des-emballages-professionnels\/#breadcrumb"},"inLanguage":"en-GB","potentialAction":[{"@type":"ReadAction","target":["https:\/\/www.emballagedigest.fr\/ameliorer-la-tracabilite-et-la-recyclabilite-des-emballages-professionnels\/"]}]},{"@type":"ImageObject","inLanguage":"en-GB","@id":"https:\/\/www.emballagedigest.fr\/ameliorer-la-tracabilite-et-la-recyclabilite-des-emballages-professionnels\/#primaryimage","url":"https:\/\/www.emballagedigest.fr\/wp-content\/uploads\/2025\/09\/REP_emballages.jpg","contentUrl":"https:\/\/www.emballagedigest.fr\/wp-content\/uploads\/2025\/09\/REP_emballages.jpg","width":800,"height":503},{"@type":"BreadcrumbList","@id":"https:\/\/www.emballagedigest.fr\/ameliorer-la-tracabilite-et-la-recyclabilite-des-emballages-professionnels\/#breadcrumb","itemListElement":[{"@type":"ListItem","position":1,"name":"Accueil","item":"https:\/\/www.emballagedigest.fr\/"},{"@type":"ListItem","position":2,"name":"Am\u00e9liorer la tra\u00e7abilit\u00e9 et la recyclabilit\u00e9 des emballages professionnels"}]},{"@type":"WebSite","@id":"https:\/\/www.emballagedigest.fr\/#website","url":"https:\/\/www.emballagedigest.fr\/","name":"Emballage Digest","description":"Revue professionnelle sur les emballages","publisher":{"@id":"https:\/\/www.emballagedigest.fr\/#organization"},"potentialAction":[{"@type":"SearchAction","target":{"@type":"EntryPoint","urlTemplate":"https:\/\/www.emballagedigest.fr\/?s={search_term_string}"},"query-input":{"@type":"PropertyValueSpecification","valueRequired":true,"valueName":"search_term_string"}}],"inLanguage":"en-GB"},{"@type":"Organization","@id":"https:\/\/www.emballagedigest.fr\/#organization","name":"Emballage Digest","url":"https:\/\/www.emballagedigest.fr\/","logo":{"@type":"ImageObject","inLanguage":"en-GB","@id":"https:\/\/www.emballagedigest.fr\/#\/schema\/logo\/image\/","url":"https:\/\/www.emballagedigest.fr\/wp-content\/uploads\/2022\/07\/logo-ed.png","contentUrl":"https:\/\/www.emballagedigest.fr\/wp-content\/uploads\/2022\/07\/logo-ed.png","width":379,"height":75,"caption":"Emballage Digest"},"image":{"@id":"https:\/\/www.emballagedigest.fr\/#\/schema\/logo\/image\/"}},{"@type":"Person","@id":"https:\/\/www.emballagedigest.fr\/#\/schema\/person\/76abe9f2b2ee4d3d520594c7a35da59f","name":"Karine Duval","image":{"@type":"ImageObject","inLanguage":"en-GB","@id":"https:\/\/www.emballagedigest.fr\/#\/schema\/person\/image\/","url":"https:\/\/secure.gravatar.com\/avatar\/f552799261cdd2e076e6677d780ef07bdb13aa4c196ab75b39abcbcdcae2d4e5?s=96&d=mm&r=g","contentUrl":"https:\/\/secure.gravatar.com\/avatar\/f552799261cdd2e076e6677d780ef07bdb13aa4c196ab75b39abcbcdcae2d4e5?s=96&d=mm&r=g","caption":"Karine Duval"},"url":"https:\/\/www.emballagedigest.fr\/en\/author\/admin_karduv\/"}]}},"_links":{"self":[{"href":"https:\/\/www.emballagedigest.fr\/en\/wp-json\/wp\/v2\/posts\/45394","targetHints":{"allow":["GET"]}}],"collection":[{"href":"https:\/\/www.emballagedigest.fr\/en\/wp-json\/wp\/v2\/posts"}],"about":[{"href":"https:\/\/www.emballagedigest.fr\/en\/wp-json\/wp\/v2\/types\/post"}],"author":[{"embeddable":true,"href":"https:\/\/www.emballagedigest.fr\/en\/wp-json\/wp\/v2\/users\/2"}],"replies":[{"embeddable":true,"href":"https:\/\/www.emballagedigest.fr\/en\/wp-json\/wp\/v2\/comments?post=45394"}],"version-history":[{"count":1,"href":"https:\/\/www.emballagedigest.fr\/en\/wp-json\/wp\/v2\/posts\/45394\/revisions"}],"predecessor-version":[{"id":45396,"href":"https:\/\/www.emballagedigest.fr\/en\/wp-json\/wp\/v2\/posts\/45394\/revisions\/45396"}],"wp:featuredmedia":[{"embeddable":true,"href":"https:\/\/www.emballagedigest.fr\/en\/wp-json\/wp\/v2\/media\/45395"}],"wp:attachment":[{"href":"https:\/\/www.emballagedigest.fr\/en\/wp-json\/wp\/v2\/media?parent=45394"}],"wp:term":[{"taxonomy":"category","embeddable":true,"href":"https:\/\/www.emballagedigest.fr\/en\/wp-json\/wp\/v2\/categories?post=45394"},{"taxonomy":"post_tag","embeddable":true,"href":"https:\/\/www.emballagedigest.fr\/en\/wp-json\/wp\/v2\/tags?post=45394"}],"curies":[{"name":"wp","href":"https:\/\/api.w.org\/{rel}","templated":true}]}}