{"id":45414,"date":"2025-08-31T11:05:55","date_gmt":"2025-08-31T09:05:55","guid":{"rendered":"https:\/\/www.emballagedigest.fr\/?p=45414"},"modified":"2025-09-04T11:08:39","modified_gmt":"2025-09-04T09:08:39","slug":"la-filiere-carton-poursuit-ses-efforts-pour-reduire-son-empreinte-carbone","status":"publish","type":"post","link":"https:\/\/www.emballagedigest.fr\/en\/la-filiere-carton-poursuit-ses-efforts-pour-reduire-son-empreinte-carbone\/","title":{"rendered":"La fili\u00e8re carton poursuit ses efforts pour r\u00e9duire son empreinte carbone"},"content":{"rendered":"<p><strong>Malgr\u00e9 une hausse de la consommation et de la production de papier et carton, l\u2019industrie europ\u00e9enne de la p\u00e2te et du papier a r\u00e9duit ses \u00e9missions de CO2 de 50% par rapport \u00e0 2005. Les \u00e9missions par tonne produite ont baiss\u00e9 de 6,3 % en un an, gr\u00e2ce \u00e0 des investissements dans des technologies plus propres, des carburants \u00e9cologiques et une meilleure efficacit\u00e9 \u00e9nerg\u00e9tique. Retour sur quelques exemples d\u2019initiatives prises pour r\u00e9duire davantage l\u2019empreinte environnementale de la fili\u00e8re, que ce soit chez les producteurs que les transformateurs de papier\/carton.<\/strong><\/p>\n\n\n\n<p>Malgr\u00e9 une consommation de papier et de carton en hausse de 7% en 2024 et une production de papier et de carton d\u2019emballage en progression de 6,7%, le dernier rapport cl\u00e9 du Cepi indique que les \u00e9missions de CO2 de l\u2019industrie europ\u00e9enne de la p\u00e2te et du papier ont diminu\u00e9 de 50% par rapport aux&nbsp;niveaux&nbsp;de 2005. Les \u00e9missions de CO2 par tonne de papier et de carton produites ont diminu\u00e9 de 6,3% en 2024, pour atteindre 0,24 tonne de CO2 par tonne produite. Un constat rendu possible par des investissements dans des technologies plus propres, des carburants plus \u00e9cologiques et des op\u00e9rations plus \u00e9conomes en \u00e9nergie, indique le Cepi. Le secteur a \u00e9galement la particularit\u00e9 de contribuer \u00e0 l\u2019autonomie strat\u00e9gique de l\u2019UE,&nbsp;91% de ses fibres naturelles provenant de l\u2019Union europ\u00e9enne en 2024, gr\u00e2ce \u00e0 des for\u00eats g\u00e9r\u00e9es durablement et \u00e0 un&nbsp;march\u00e9 du papier recycl\u00e9 sain. \u00abNous avons prouv\u00e9 que l\u2019industrie est plus r\u00e9siliente lorsqu\u2019elle investit \u00e0 long terme dans la durabilit\u00e9. Nous attendons maintenant la proposition de la Commission europ\u00e9enne pour une nouvelle strat\u00e9gie pour la bio\u00e9conomie, qui t\u00e9moignera de la volont\u00e9 de l\u2019Europe de d\u00e9ployer des mesures incitatives pour cr\u00e9er des conditions de concurrence \u00e9quitables entre les mati\u00e8res fossiles et les mati\u00e8res biosourc\u00e9es\u00bb, explique Jori Ringman, directeur g\u00e9n\u00e9ral du Cepi. Plusieurs grands noms de la fili\u00e8re carton (producteur et\/ou transformateur) ont partag\u00e9 leur strat\u00e9gie de r\u00e9duction carbone pour poursuivre ces r\u00e9sultats encourageants.<\/p>\n\n\n\n<p><strong>Mesurer et contr\u00f4ler l\u2019empreinte carbone<\/strong><br>DS Smith s\u2019engage \u00e0 mesurer et contr\u00f4ler l\u2019empreinte carbone de 16 cartonneries et s\u2019est associ\u00e9 \u00e0 Be-low, un cabinet de conseil et de strat\u00e9gie en mesure de suivre la m\u00e9thodologie \u00ab\u00a0Bilan Carbone\u00ae\u00a0\u00bb qui a \u00e9t\u00e9 d\u00e9velopp\u00e9e par l\u2019Agence fran\u00e7aise de l\u2019environnement (ADEME) pour quantifier et r\u00e9duire les \u00e9missions de gaz \u00e0 effet de serre des entreprises, des produits ou des individus. Le projet a d\u00e9but\u00e9 sur trois sites, et les r\u00e9sultats obtenus ont \u00e9t\u00e9 utilis\u00e9s pour construire une trajectoire de d\u00e9carbonation et un plan d\u2019action qui peuvent \u00eatre appliqu\u00e9s \u00e0 d\u2019autres sites avec une approche identique, et \u00e0 l\u2019\u00e9chelle nationale avec des crit\u00e8res d\u2019action solides. \u00abCe partenariat avec Be-low concr\u00e9tise notre ambition de r\u00e9duire nos \u00e9missions de CO2 de 46% d\u2019ici 2030. Il s\u2019inscrit pleinement dans notre strat\u00e9gie Now and Next pour une production plus durable et circulaire\u00bb, indique Thibault Laumonier, pdg de DS Smith Packaging France.<br>DS Smith acc\u00e9l\u00e8re \u00e9galement sa transition \u00e9nerg\u00e9tique avec l\u2019aide de Smart Montagne, cabinet de conseil en \u00e9nergie et carbone qui accompagne les industriels et les collectivit\u00e9s dans leurs projets de transition \u00e9nerg\u00e9tique et carbone. Ainsi, deux sites de DS Smith sont en phase pilote d\u2019un programme PACTE Industrie mis en \u0153uvre conjointement par l\u2019ATEE et l\u2019Ademe. Il s\u2019agit d\u2019un programme CEE dot\u00e9 d\u2019un budget de 49 millions d\u2019euros sur trois ans. Son objectif est d\u2019initier un changement dans l\u2019engagement industriel en faveur de la d\u00e9carbonisation. Ce programme soutient les industriels dans la transition \u00e9nerg\u00e9tique et bas carbone par des formations et un accompagnement sous forme d\u2019\u00e9tudes ou de coaching. Il aide \u00e0 structurer la d\u00e9marche puis \u00e0 choisir les actions et les investissements appropri\u00e9s.<br>Fin 2024, un autre acteur de la fili\u00e8re, le groupe VPK a lanc\u00e9 son calculateur d\u2019empreinte carbone des produits pour permettre aux clients de faire des choix d\u2019emballages \u00e9clair\u00e9s et d\u2019aligner leurs choix sur leurs objectifs de durabilit\u00e9 et leurs rapports d\u2019\u00e9missions de scope 3. L\u2019outil utilise la\u00a0m\u00e9thodologie PACT\u00a0(Partnership for Carbon Transparency), enti\u00e8rement align\u00e9e sur le protocole GHG et les normes ISO. Il fonctionne selon le principe du berceau \u00e0 la porte, en calculant l\u2019intensit\u00e9 carbone (PCF) de produits sp\u00e9cifiques en grammes d\u2019\u00e9quivalent\u00a0CO2\u00a0par unit\u00e9. Les \u00e9quipes de VPK exploitent l\u2019outil, assurant un traitement pr\u00e9cis et efficace des donn\u00e9es. Les r\u00e9sultats sont partag\u00e9s avec les clients par le biais de fiches techniques d\u00e9taill\u00e9es ou d\u2019aper\u00e7us complets de la gamme, adapt\u00e9s \u00e0 leurs besoins sp\u00e9cifiques. Le lancement s\u2019inscrit dans l\u2019objectif commun de la fili\u00e8re carton : r\u00e9duire les \u00e9missions et atteindre la neutralit\u00e9 climatique d\u2019ici 2050.<\/p>\n\n\n\n<p>I<strong>nvestir dans les bio\u00e9nergies<\/strong><br>Autre g\u00e9ant du secteur, la nouvelle entit\u00e9 Smurfit Westrock planche actuellement sur ses nouveaux objectifs communs de r\u00e9duction de son empreinte carbone pour la p\u00e9riode 2025-2030, dont la publication est attendue fin 2025. Selon le rapport RSE de 2024, Smurfit Kappa avait d\u00e9j\u00e0 r\u00e9duit de son c\u00f4t\u00e9 ses \u00e9missions de CO2 fossile (Scope 1 et 2) de 44,3% par tonne de papier produit par rapport \u00e0 2005. Tandis que Westrock a diminu\u00e9 ses \u00e9missions absolues de GES (Scope 1 et 2) de 15% et ses \u00e9missions Scope 3 de 17,1% par rapport \u00e0 2019. Dans cette strat\u00e9gie, le groupe laisse une part importante aux bio\u00e9nergies. Ainsi, en 2023, Westrock avait d\u00e9j\u00e0 sign\u00e9 deux accords majeurs sur les \u00e9nergies renouvelables g\u00e9n\u00e9rant environ 700\u00a0000 MWh d\u2019\u00e9lectricit\u00e9 verte par an, sur deux de ses sites au Texas. En parall\u00e8le, Smurfit a investi en 2023 dans son usine de papier et de carton Hoya (Allemagne), permettant une r\u00e9duction des \u00e9missions de CO2 d\u2019environ 5 500 tonnes par an. Ainsi que dans une usine de cartons au Maroc de 25\u00a0000 m\u00b2 \u00e0 Rabat-Sal\u00e9-K\u00e9nitra, dans la zone industrielle de Ain Aouda. Equip\u00e9e de 1 500 panneaux solaires, elle affiche une puissance install\u00e9e de 800 kWc, qui produiront annuellement 1,3 GWh couvrant plus de 55% de ses besoins. Cet investissement de plus de 35 millions d\u2019euros est \u00e9galement \u00e9quip\u00e9 de nombreux autres \u00e9quipements qui permettent \u00e0 l\u2019usine de r\u00e9duire son empreinte carbone de 900 tonnes par an. D\u2019autres projets similaires dot\u00e9s d\u2019une installation solaire ont vu le jour comme celui de 6 millions d\u2019euros \u00e0 Sanguesa, en Espagne en 2024. Ou encore la mise en place d\u2019une nouvelle chaudi\u00e8re \u00e0 biomasse dans la papeterie de Cali, en Colombie, qui permettra de r\u00e9duire les \u00e9missions de CO2 de scope 1 et 2 de plus de 100 000 tonnes, soit environ 6% des \u00e9missions totales du fabricant. Le projet \u2013 d\u2019un montant de 100 millions de dollars US \u2013 est en cours de finalisation.<\/p>\n\n\n\n<p>De son c\u00f4t\u00e9, le groupe Hinojosaa \u00e9galement d\u00e9voil\u00e9 son Rapport de D\u00e9veloppement Durable 2024, qui inaugure le nouveau Plan Strat\u00e9gique\u202fMomentum\u202fet met en lumi\u00e8re les principales avanc\u00e9es du groupe en mati\u00e8re d\u2019ESG. Parmi ces progr\u00e8s figurent notamment l\u2019utilisation de 61% d\u2019\u00e9nergie renouvelable et la valorisation de 94% des d\u00e9chets produits.\u00a0En 2024, l\u2019initiative Science Based Targets (SBTi)\u00a0a valid\u00e9 les engagements de Hinojosa en mati\u00e8re de r\u00e9duction des \u00e9missions. D\u2019ici 2030, l\u2019entreprise s\u2019est fix\u00e9e pour objectif de diminuer de 60% ses \u00e9missions directes (scope 1) et indirectes li\u00e9es \u00e0 la consommation d\u2019\u00e9nergie (scope 2), ainsi que de 42% celles relevant de sa cha\u00eene de valeur (scope 3). Parall\u00e8lement, Hinojosa s\u2019engage \u00e0 couvrir 100% de ses besoins en \u00e9lectricit\u00e9 avec de l\u2019\u00e9nergie issue de sources renouvelables. L\u2019entreprise r\u00e9affirme \u00e9galement son ambition d\u2019atteindre la neutralit\u00e9 carbone d\u2019ici 2050, conform\u00e9ment au standard international Net Z\u00e9ro, ce qui implique une r\u00e9duction de 90% de ses \u00e9missions sur l\u2019ensemble des trois scopes.\u00a0<\/p>\n\n\n\n<p>Poursuivre les investissements strat\u00e9giques<br>Mets\u00e4 Board entame en septembre la phase d\u2019installation d\u2019une importante modernisation de ses machines \u00e0 carton dans son usine de Simpele, dans le cadre d\u2019un programme d\u2019investissement de 60 millions d\u2019euros. Ce dernier permettra d\u2019am\u00e9liorer la qualit\u00e9 phare du carton pour bo\u00eetes pliantes, le Mets\u00e4Board Classic FBB, et d\u2019acc\u00e9l\u00e9rer la transition de l\u2019usine vers une production sans \u00e9nergie fossile. Le nouvel \u00e9quipement sera dot\u00e9 de la technologie de couchage au rideau, qui am\u00e9liore la surface d\u2019impression et la qualit\u00e9 visuelle. Cette innovation permet des r\u00e9sultats d\u2019impression plus homog\u00e8nes et des d\u00e9tails plus nets, notamment pour les applications d\u2019emballage exigeantes. Actuellement, 89% de l\u2019\u00e9nergie utilis\u00e9e dans la production de l\u2019usine de Simpele est d\u2019origine non fossile. Gr\u00e2ce \u00e0 la mise en \u0153uvre de nouvelles technologies, ce chiffre devrait atteindre 98% d\u2019ici fin 2025, marquant ainsi une \u00e9tape importante dans la transition de Mets\u00e4 Board vers une production sans \u00e9nergie fossile et soutenant les objectifs de d\u00e9veloppement durable de plus en plus ambitieux de ses clients.<br>Outre-Atlantique, le groupe Billerud poursuit ses investissements dans ses usines d\u2019Escanaba et de Quinnesec, dans le Michigan. \u00abCes investissements sont essentiels pour optimiser les capacit\u00e9s de nos machines \u00e0 papier, d\u00e9velopper nos activit\u00e9s dans les mat\u00e9riaux d\u2019emballage et continuer \u00e0 fournir des papiers graphiques, des papiers pour \u00e9tiquettes sp\u00e9ciales et de la p\u00e2te commerciale de pointe\u00bb, a d\u00e9clar\u00e9 Doug Schwartz, pr\u00e9sident de Billerud Am\u00e9rique du Nord. L\u2019investissement consiste en la reconstruction et la modernisation compl\u00e8tes du parc \u00e0 bois de l\u2019usine d\u2019Escanaba. Le projet comprend l\u2019installation d\u2019une technologie avanc\u00e9e d\u2019\u00e9cor\u00e7age rotatif et la modernisation des syst\u00e8mes de manutention du bois et de l\u2019\u00e9corce. La construction d\u2019un nouveau centre de contr\u00f4le des moteurs (MCC) est en cours. Une fois termin\u00e9es, les am\u00e9liorations permettront\u00a0d\u2019am\u00e9liorer la s\u00e9curit\u00e9 gr\u00e2ce \u00e0 des \u00e9quipements et des contr\u00f4les modernis\u00e9s\u00a0; de soutenir les futures innovations en mati\u00e8re de papier et d\u2019emballage\u00a0; d\u2019augmenter l\u2019efficacit\u00e9 et la capacit\u00e9 op\u00e9rationnelles et d\u2019optimiser la durabilit\u00e9 gr\u00e2ce \u00e0 une utilisation r\u00e9duite de vapeur et de produits chimiques et \u00e0 une meilleure performance des chaudi\u00e8res.<\/p>","protected":false},"excerpt":{"rendered":"<p>Malgr\u00e9 une hausse de la consommation et de la production de papier et carton, l\u2019industrie europ\u00e9enne de la p\u00e2te et du papier a r\u00e9duit ses \u00e9missions de CO2 de 50% par rapport \u00e0 2005. Les \u00e9missions par tonne produite ont baiss\u00e9 de 6,3 % en un an, gr\u00e2ce \u00e0 des investissements dans des technologies plus [&hellip;]<\/p>","protected":false},"author":2,"featured_media":45415,"comment_status":"closed","ping_status":"closed","sticky":false,"template":"","format":"standard","meta":{"_acf_changed":false,"inline_featured_image":false,"iawp_total_views":2,"footnotes":""},"categories":[26,11,8,65],"tags":[],"class_list":["post-45414","post","type-post","status-publish","format-standard","has-post-thumbnail","hentry","category-laterale","category-emballages","category-industrie","category-vu-dans-le-mag"],"acf":[],"yoast_head":"<!-- This site is optimized with the Yoast SEO plugin v24.4 - https:\/\/yoast.com\/wordpress\/plugins\/seo\/ -->\n<title>La fili\u00e8re carton poursuit ses efforts pour r\u00e9duire son empreinte carbone - Emballage Digest<\/title>\n<meta name=\"robots\" content=\"index, follow, max-snippet:-1, max-image-preview:large, max-video-preview:-1\" \/>\n<link rel=\"canonical\" href=\"https:\/\/www.emballagedigest.fr\/en\/la-filiere-carton-poursuit-ses-efforts-pour-reduire-son-empreinte-carbone\/\" \/>\n<meta property=\"og:locale\" content=\"en_GB\" \/>\n<meta property=\"og:type\" content=\"article\" \/>\n<meta property=\"og:title\" content=\"La fili\u00e8re carton poursuit ses efforts pour r\u00e9duire son empreinte carbone - Emballage Digest\" \/>\n<meta property=\"og:description\" content=\"Malgr\u00e9 une hausse de la consommation et de la production de papier et carton, l\u2019industrie europ\u00e9enne de la p\u00e2te et du papier a r\u00e9duit ses \u00e9missions de CO2 de 50% par rapport \u00e0 2005. Les \u00e9missions par tonne produite ont baiss\u00e9 de 6,3 % en un an, gr\u00e2ce \u00e0 des investissements dans des technologies plus [&hellip;]\" \/>\n<meta property=\"og:url\" content=\"https:\/\/www.emballagedigest.fr\/en\/la-filiere-carton-poursuit-ses-efforts-pour-reduire-son-empreinte-carbone\/\" \/>\n<meta property=\"og:site_name\" content=\"Emballage Digest\" \/>\n<meta property=\"article:published_time\" content=\"2025-08-31T09:05:55+00:00\" \/>\n<meta property=\"article:modified_time\" content=\"2025-09-04T09:08:39+00:00\" \/>\n<meta property=\"og:image\" content=\"https:\/\/www.emballagedigest.fr\/wp-content\/uploads\/2025\/09\/usine-smurfit-kappa-colombie.jpg\" \/>\n\t<meta property=\"og:image:width\" content=\"800\" \/>\n\t<meta property=\"og:image:height\" content=\"529\" \/>\n\t<meta property=\"og:image:type\" content=\"image\/jpeg\" \/>\n<meta name=\"author\" content=\"Karine Duval\" \/>\n<meta name=\"twitter:card\" content=\"summary_large_image\" \/>\n<meta name=\"twitter:label1\" content=\"Written by\" \/>\n\t<meta name=\"twitter:data1\" content=\"Karine Duval\" \/>\n\t<meta name=\"twitter:label2\" content=\"Estimated reading time\" \/>\n\t<meta name=\"twitter:data2\" content=\"9 minutes\" \/>\n<script type=\"application\/ld+json\" class=\"yoast-schema-graph\">{\"@context\":\"https:\/\/schema.org\",\"@graph\":[{\"@type\":\"Article\",\"@id\":\"https:\/\/www.emballagedigest.fr\/la-filiere-carton-poursuit-ses-efforts-pour-reduire-son-empreinte-carbone\/#article\",\"isPartOf\":{\"@id\":\"https:\/\/www.emballagedigest.fr\/la-filiere-carton-poursuit-ses-efforts-pour-reduire-son-empreinte-carbone\/\"},\"author\":{\"name\":\"Karine Duval\",\"@id\":\"https:\/\/www.emballagedigest.fr\/#\/schema\/person\/76abe9f2b2ee4d3d520594c7a35da59f\"},\"headline\":\"La fili\u00e8re carton poursuit ses efforts pour r\u00e9duire son empreinte carbone\",\"datePublished\":\"2025-08-31T09:05:55+00:00\",\"dateModified\":\"2025-09-04T09:08:39+00:00\",\"mainEntityOfPage\":{\"@id\":\"https:\/\/www.emballagedigest.fr\/la-filiere-carton-poursuit-ses-efforts-pour-reduire-son-empreinte-carbone\/\"},\"wordCount\":1744,\"publisher\":{\"@id\":\"https:\/\/www.emballagedigest.fr\/#organization\"},\"image\":{\"@id\":\"https:\/\/www.emballagedigest.fr\/la-filiere-carton-poursuit-ses-efforts-pour-reduire-son-empreinte-carbone\/#primaryimage\"},\"thumbnailUrl\":\"https:\/\/www.emballagedigest.fr\/wp-content\/uploads\/2025\/09\/usine-smurfit-kappa-colombie.jpg\",\"articleSection\":[\"Barre lat\u00e9rale\",\"Emballages\",\"Industrie\",\"Vu dans le mag\"],\"inLanguage\":\"en-GB\"},{\"@type\":\"WebPage\",\"@id\":\"https:\/\/www.emballagedigest.fr\/la-filiere-carton-poursuit-ses-efforts-pour-reduire-son-empreinte-carbone\/\",\"url\":\"https:\/\/www.emballagedigest.fr\/la-filiere-carton-poursuit-ses-efforts-pour-reduire-son-empreinte-carbone\/\",\"name\":\"La fili\u00e8re carton poursuit ses efforts pour r\u00e9duire son empreinte carbone - Emballage Digest\",\"isPartOf\":{\"@id\":\"https:\/\/www.emballagedigest.fr\/#website\"},\"primaryImageOfPage\":{\"@id\":\"https:\/\/www.emballagedigest.fr\/la-filiere-carton-poursuit-ses-efforts-pour-reduire-son-empreinte-carbone\/#primaryimage\"},\"image\":{\"@id\":\"https:\/\/www.emballagedigest.fr\/la-filiere-carton-poursuit-ses-efforts-pour-reduire-son-empreinte-carbone\/#primaryimage\"},\"thumbnailUrl\":\"https:\/\/www.emballagedigest.fr\/wp-content\/uploads\/2025\/09\/usine-smurfit-kappa-colombie.jpg\",\"datePublished\":\"2025-08-31T09:05:55+00:00\",\"dateModified\":\"2025-09-04T09:08:39+00:00\",\"breadcrumb\":{\"@id\":\"https:\/\/www.emballagedigest.fr\/la-filiere-carton-poursuit-ses-efforts-pour-reduire-son-empreinte-carbone\/#breadcrumb\"},\"inLanguage\":\"en-GB\",\"potentialAction\":[{\"@type\":\"ReadAction\",\"target\":[\"https:\/\/www.emballagedigest.fr\/la-filiere-carton-poursuit-ses-efforts-pour-reduire-son-empreinte-carbone\/\"]}]},{\"@type\":\"ImageObject\",\"inLanguage\":\"en-GB\",\"@id\":\"https:\/\/www.emballagedigest.fr\/la-filiere-carton-poursuit-ses-efforts-pour-reduire-son-empreinte-carbone\/#primaryimage\",\"url\":\"https:\/\/www.emballagedigest.fr\/wp-content\/uploads\/2025\/09\/usine-smurfit-kappa-colombie.jpg\",\"contentUrl\":\"https:\/\/www.emballagedigest.fr\/wp-content\/uploads\/2025\/09\/usine-smurfit-kappa-colombie.jpg\",\"width\":800,\"height\":529},{\"@type\":\"BreadcrumbList\",\"@id\":\"https:\/\/www.emballagedigest.fr\/la-filiere-carton-poursuit-ses-efforts-pour-reduire-son-empreinte-carbone\/#breadcrumb\",\"itemListElement\":[{\"@type\":\"ListItem\",\"position\":1,\"name\":\"Accueil\",\"item\":\"https:\/\/www.emballagedigest.fr\/\"},{\"@type\":\"ListItem\",\"position\":2,\"name\":\"La fili\u00e8re carton poursuit ses efforts pour r\u00e9duire son empreinte carbone\"}]},{\"@type\":\"WebSite\",\"@id\":\"https:\/\/www.emballagedigest.fr\/#website\",\"url\":\"https:\/\/www.emballagedigest.fr\/\",\"name\":\"Emballage Digest\",\"description\":\"Revue professionnelle sur les emballages\",\"publisher\":{\"@id\":\"https:\/\/www.emballagedigest.fr\/#organization\"},\"potentialAction\":[{\"@type\":\"SearchAction\",\"target\":{\"@type\":\"EntryPoint\",\"urlTemplate\":\"https:\/\/www.emballagedigest.fr\/?s={search_term_string}\"},\"query-input\":{\"@type\":\"PropertyValueSpecification\",\"valueRequired\":true,\"valueName\":\"search_term_string\"}}],\"inLanguage\":\"en-GB\"},{\"@type\":\"Organization\",\"@id\":\"https:\/\/www.emballagedigest.fr\/#organization\",\"name\":\"Emballage Digest\",\"url\":\"https:\/\/www.emballagedigest.fr\/\",\"logo\":{\"@type\":\"ImageObject\",\"inLanguage\":\"en-GB\",\"@id\":\"https:\/\/www.emballagedigest.fr\/#\/schema\/logo\/image\/\",\"url\":\"https:\/\/www.emballagedigest.fr\/wp-content\/uploads\/2022\/07\/logo-ed.png\",\"contentUrl\":\"https:\/\/www.emballagedigest.fr\/wp-content\/uploads\/2022\/07\/logo-ed.png\",\"width\":379,\"height\":75,\"caption\":\"Emballage Digest\"},\"image\":{\"@id\":\"https:\/\/www.emballagedigest.fr\/#\/schema\/logo\/image\/\"}},{\"@type\":\"Person\",\"@id\":\"https:\/\/www.emballagedigest.fr\/#\/schema\/person\/76abe9f2b2ee4d3d520594c7a35da59f\",\"name\":\"Karine Duval\",\"image\":{\"@type\":\"ImageObject\",\"inLanguage\":\"en-GB\",\"@id\":\"https:\/\/www.emballagedigest.fr\/#\/schema\/person\/image\/\",\"url\":\"https:\/\/secure.gravatar.com\/avatar\/f552799261cdd2e076e6677d780ef07bdb13aa4c196ab75b39abcbcdcae2d4e5?s=96&d=mm&r=g\",\"contentUrl\":\"https:\/\/secure.gravatar.com\/avatar\/f552799261cdd2e076e6677d780ef07bdb13aa4c196ab75b39abcbcdcae2d4e5?s=96&d=mm&r=g\",\"caption\":\"Karine Duval\"},\"url\":\"https:\/\/www.emballagedigest.fr\/en\/author\/admin_karduv\/\"}]}<\/script>\n<!-- \/ Yoast SEO plugin. -->","yoast_head_json":{"title":"La fili\u00e8re carton poursuit ses efforts pour r\u00e9duire son empreinte carbone - Emballage Digest","robots":{"index":"index","follow":"follow","max-snippet":"max-snippet:-1","max-image-preview":"max-image-preview:large","max-video-preview":"max-video-preview:-1"},"canonical":"https:\/\/www.emballagedigest.fr\/en\/la-filiere-carton-poursuit-ses-efforts-pour-reduire-son-empreinte-carbone\/","og_locale":"en_GB","og_type":"article","og_title":"La fili\u00e8re carton poursuit ses efforts pour r\u00e9duire son empreinte carbone - Emballage Digest","og_description":"Malgr\u00e9 une hausse de la consommation et de la production de papier et carton, l\u2019industrie europ\u00e9enne de la p\u00e2te et du papier a r\u00e9duit ses \u00e9missions de CO2 de 50% par rapport \u00e0 2005. Les \u00e9missions par tonne produite ont baiss\u00e9 de 6,3 % en un an, gr\u00e2ce \u00e0 des investissements dans des technologies plus [&hellip;]","og_url":"https:\/\/www.emballagedigest.fr\/en\/la-filiere-carton-poursuit-ses-efforts-pour-reduire-son-empreinte-carbone\/","og_site_name":"Emballage Digest","article_published_time":"2025-08-31T09:05:55+00:00","article_modified_time":"2025-09-04T09:08:39+00:00","og_image":[{"width":800,"height":529,"url":"https:\/\/www.emballagedigest.fr\/wp-content\/uploads\/2025\/09\/usine-smurfit-kappa-colombie.jpg","type":"image\/jpeg"}],"author":"Karine Duval","twitter_card":"summary_large_image","twitter_misc":{"Written by":"Karine Duval","Estimated reading time":"9 minutes"},"schema":{"@context":"https:\/\/schema.org","@graph":[{"@type":"Article","@id":"https:\/\/www.emballagedigest.fr\/la-filiere-carton-poursuit-ses-efforts-pour-reduire-son-empreinte-carbone\/#article","isPartOf":{"@id":"https:\/\/www.emballagedigest.fr\/la-filiere-carton-poursuit-ses-efforts-pour-reduire-son-empreinte-carbone\/"},"author":{"name":"Karine Duval","@id":"https:\/\/www.emballagedigest.fr\/#\/schema\/person\/76abe9f2b2ee4d3d520594c7a35da59f"},"headline":"La fili\u00e8re carton poursuit ses efforts pour r\u00e9duire son empreinte carbone","datePublished":"2025-08-31T09:05:55+00:00","dateModified":"2025-09-04T09:08:39+00:00","mainEntityOfPage":{"@id":"https:\/\/www.emballagedigest.fr\/la-filiere-carton-poursuit-ses-efforts-pour-reduire-son-empreinte-carbone\/"},"wordCount":1744,"publisher":{"@id":"https:\/\/www.emballagedigest.fr\/#organization"},"image":{"@id":"https:\/\/www.emballagedigest.fr\/la-filiere-carton-poursuit-ses-efforts-pour-reduire-son-empreinte-carbone\/#primaryimage"},"thumbnailUrl":"https:\/\/www.emballagedigest.fr\/wp-content\/uploads\/2025\/09\/usine-smurfit-kappa-colombie.jpg","articleSection":["Barre lat\u00e9rale","Emballages","Industrie","Vu dans le mag"],"inLanguage":"en-GB"},{"@type":"WebPage","@id":"https:\/\/www.emballagedigest.fr\/la-filiere-carton-poursuit-ses-efforts-pour-reduire-son-empreinte-carbone\/","url":"https:\/\/www.emballagedigest.fr\/la-filiere-carton-poursuit-ses-efforts-pour-reduire-son-empreinte-carbone\/","name":"La fili\u00e8re carton poursuit ses efforts pour r\u00e9duire son empreinte carbone - Emballage Digest","isPartOf":{"@id":"https:\/\/www.emballagedigest.fr\/#website"},"primaryImageOfPage":{"@id":"https:\/\/www.emballagedigest.fr\/la-filiere-carton-poursuit-ses-efforts-pour-reduire-son-empreinte-carbone\/#primaryimage"},"image":{"@id":"https:\/\/www.emballagedigest.fr\/la-filiere-carton-poursuit-ses-efforts-pour-reduire-son-empreinte-carbone\/#primaryimage"},"thumbnailUrl":"https:\/\/www.emballagedigest.fr\/wp-content\/uploads\/2025\/09\/usine-smurfit-kappa-colombie.jpg","datePublished":"2025-08-31T09:05:55+00:00","dateModified":"2025-09-04T09:08:39+00:00","breadcrumb":{"@id":"https:\/\/www.emballagedigest.fr\/la-filiere-carton-poursuit-ses-efforts-pour-reduire-son-empreinte-carbone\/#breadcrumb"},"inLanguage":"en-GB","potentialAction":[{"@type":"ReadAction","target":["https:\/\/www.emballagedigest.fr\/la-filiere-carton-poursuit-ses-efforts-pour-reduire-son-empreinte-carbone\/"]}]},{"@type":"ImageObject","inLanguage":"en-GB","@id":"https:\/\/www.emballagedigest.fr\/la-filiere-carton-poursuit-ses-efforts-pour-reduire-son-empreinte-carbone\/#primaryimage","url":"https:\/\/www.emballagedigest.fr\/wp-content\/uploads\/2025\/09\/usine-smurfit-kappa-colombie.jpg","contentUrl":"https:\/\/www.emballagedigest.fr\/wp-content\/uploads\/2025\/09\/usine-smurfit-kappa-colombie.jpg","width":800,"height":529},{"@type":"BreadcrumbList","@id":"https:\/\/www.emballagedigest.fr\/la-filiere-carton-poursuit-ses-efforts-pour-reduire-son-empreinte-carbone\/#breadcrumb","itemListElement":[{"@type":"ListItem","position":1,"name":"Accueil","item":"https:\/\/www.emballagedigest.fr\/"},{"@type":"ListItem","position":2,"name":"La fili\u00e8re carton poursuit ses efforts pour r\u00e9duire son empreinte carbone"}]},{"@type":"WebSite","@id":"https:\/\/www.emballagedigest.fr\/#website","url":"https:\/\/www.emballagedigest.fr\/","name":"Emballage Digest","description":"Revue professionnelle sur les emballages","publisher":{"@id":"https:\/\/www.emballagedigest.fr\/#organization"},"potentialAction":[{"@type":"SearchAction","target":{"@type":"EntryPoint","urlTemplate":"https:\/\/www.emballagedigest.fr\/?s={search_term_string}"},"query-input":{"@type":"PropertyValueSpecification","valueRequired":true,"valueName":"search_term_string"}}],"inLanguage":"en-GB"},{"@type":"Organization","@id":"https:\/\/www.emballagedigest.fr\/#organization","name":"Emballage Digest","url":"https:\/\/www.emballagedigest.fr\/","logo":{"@type":"ImageObject","inLanguage":"en-GB","@id":"https:\/\/www.emballagedigest.fr\/#\/schema\/logo\/image\/","url":"https:\/\/www.emballagedigest.fr\/wp-content\/uploads\/2022\/07\/logo-ed.png","contentUrl":"https:\/\/www.emballagedigest.fr\/wp-content\/uploads\/2022\/07\/logo-ed.png","width":379,"height":75,"caption":"Emballage Digest"},"image":{"@id":"https:\/\/www.emballagedigest.fr\/#\/schema\/logo\/image\/"}},{"@type":"Person","@id":"https:\/\/www.emballagedigest.fr\/#\/schema\/person\/76abe9f2b2ee4d3d520594c7a35da59f","name":"Karine Duval","image":{"@type":"ImageObject","inLanguage":"en-GB","@id":"https:\/\/www.emballagedigest.fr\/#\/schema\/person\/image\/","url":"https:\/\/secure.gravatar.com\/avatar\/f552799261cdd2e076e6677d780ef07bdb13aa4c196ab75b39abcbcdcae2d4e5?s=96&d=mm&r=g","contentUrl":"https:\/\/secure.gravatar.com\/avatar\/f552799261cdd2e076e6677d780ef07bdb13aa4c196ab75b39abcbcdcae2d4e5?s=96&d=mm&r=g","caption":"Karine Duval"},"url":"https:\/\/www.emballagedigest.fr\/en\/author\/admin_karduv\/"}]}},"_links":{"self":[{"href":"https:\/\/www.emballagedigest.fr\/en\/wp-json\/wp\/v2\/posts\/45414","targetHints":{"allow":["GET"]}}],"collection":[{"href":"https:\/\/www.emballagedigest.fr\/en\/wp-json\/wp\/v2\/posts"}],"about":[{"href":"https:\/\/www.emballagedigest.fr\/en\/wp-json\/wp\/v2\/types\/post"}],"author":[{"embeddable":true,"href":"https:\/\/www.emballagedigest.fr\/en\/wp-json\/wp\/v2\/users\/2"}],"replies":[{"embeddable":true,"href":"https:\/\/www.emballagedigest.fr\/en\/wp-json\/wp\/v2\/comments?post=45414"}],"version-history":[{"count":1,"href":"https:\/\/www.emballagedigest.fr\/en\/wp-json\/wp\/v2\/posts\/45414\/revisions"}],"predecessor-version":[{"id":45416,"href":"https:\/\/www.emballagedigest.fr\/en\/wp-json\/wp\/v2\/posts\/45414\/revisions\/45416"}],"wp:featuredmedia":[{"embeddable":true,"href":"https:\/\/www.emballagedigest.fr\/en\/wp-json\/wp\/v2\/media\/45415"}],"wp:attachment":[{"href":"https:\/\/www.emballagedigest.fr\/en\/wp-json\/wp\/v2\/media?parent=45414"}],"wp:term":[{"taxonomy":"category","embeddable":true,"href":"https:\/\/www.emballagedigest.fr\/en\/wp-json\/wp\/v2\/categories?post=45414"},{"taxonomy":"post_tag","embeddable":true,"href":"https:\/\/www.emballagedigest.fr\/en\/wp-json\/wp\/v2\/tags?post=45414"}],"curies":[{"name":"wp","href":"https:\/\/api.w.org\/{rel}","templated":true}]}}