{"id":45419,"date":"2025-09-05T00:49:42","date_gmt":"2025-09-04T22:49:42","guid":{"rendered":"https:\/\/www.emballagedigest.fr\/?p=45419"},"modified":"2025-09-08T10:03:08","modified_gmt":"2025-09-08T08:03:08","slug":"amorim-top-series-presente-sa-gamme-de-bouchons-a-tete-eco-concus","status":"publish","type":"post","link":"https:\/\/www.emballagedigest.fr\/en\/amorim-top-series-presente-sa-gamme-de-bouchons-a-tete-eco-concus\/","title":{"rendered":"Amorim Top Series pr\u00e9sente sa gamme de bouchons \u00e0 t\u00eate \u00e9co-con\u00e7us"},"content":{"rendered":"<p><strong>Sur le prochaine salon Luxe Pack Monaco, Amorim Top Series d\u00e9voilera trois nouvelles r\u00e9f\u00e9rences FullCork, Re.Cork et Re.Wood dans sa Collection Durable. Une gamme con\u00e7ue pour r\u00e9duire les d\u00e9chets, r\u00e9cup\u00e9rer et r\u00e9utiliser les mat\u00e9riaux et qui encourage la r\u00e9duction du plastique vierge issu des combustibles fossiles. Le fabricant de bouchons a \u00e9galement investi r\u00e9cemment sur deux nouvelles entit\u00e9s industrielles.<\/strong><\/p>\n\n\n\n<p>100% durable et personnalisable, la Collection Durable d\u2019Amorim Top Series est une alternative aux bouchons \u00e0 t\u00eate standard, avec une empreinte carbone plus faible et un cycle de vie prolong\u00e9. Ainsi, FullCork (photo ci-dessus) est une solution int\u00e9gralement en li\u00e8ge, fabriqu\u00e9e en li\u00e8ge naturel, en li\u00e8ge agglom\u00e9r\u00e9 ou en une combinaison des deux. Le bouchon peut \u00eatre en forme de T ou conique avec une t\u00eate enti\u00e8rement personnalisable.<\/p>\n\n\n\n<figure class=\"wp-block-image size-full is-resized\"><img loading=\"lazy\" decoding=\"async\" width=\"800\" height=\"398\" src=\"https:\/\/www.emballagedigest.fr\/wp-content\/uploads\/2025\/09\/Amorim2.jpg\" alt=\"\" class=\"wp-image-45421\" style=\"width:840px;height:auto\" srcset=\"https:\/\/www.emballagedigest.fr\/wp-content\/uploads\/2025\/09\/Amorim2.jpg 800w, https:\/\/www.emballagedigest.fr\/wp-content\/uploads\/2025\/09\/Amorim2-300x149.jpg 300w, https:\/\/www.emballagedigest.fr\/wp-content\/uploads\/2025\/09\/Amorim2-768x382.jpg 768w, https:\/\/www.emballagedigest.fr\/wp-content\/uploads\/2025\/09\/Amorim2-18x9.jpg 18w\" sizes=\"auto, (max-width: 800px) 100vw, 800px\" \/><\/figure>\n\n\n\n<p>Quant \u00e0 Re.Cork (photo ci-dessus), il s\u2019agit d\u2019un bouchon compos\u00e9 d&rsquo;un assemblage contenant jusqu&rsquo;\u00e0 40% de li\u00e8ge et d&rsquo;un polym\u00e8re biosourc\u00e9 ou recycl\u00e9 comme liant. Les granul\u00e9s de li\u00e8ge sont obtenus \u00e0 partir de la r\u00e9cup\u00e9ration de sous-produits et de r\u00e9sidus de la production de bouchons en li\u00e8ge, et les polym\u00e8res sont con\u00e7us \u00e0 partir de sources renouvelables ou de mat\u00e9riaux recycl\u00e9s. Permettant une grande personnalisation, les bouchons Re.Cork peuvent \u00eatre color\u00e9s, textur\u00e9s et personnalis\u00e9s par marquage \u00e0 chaud ou gravure au laser.<\/p>\n\n\n\n<figure class=\"wp-block-image size-full is-resized\"><img loading=\"lazy\" decoding=\"async\" width=\"800\" height=\"451\" src=\"https:\/\/www.emballagedigest.fr\/wp-content\/uploads\/2025\/09\/Amorim3.jpg\" alt=\"\" class=\"wp-image-45422\" style=\"width:840px;height:auto\" srcset=\"https:\/\/www.emballagedigest.fr\/wp-content\/uploads\/2025\/09\/Amorim3.jpg 800w, https:\/\/www.emballagedigest.fr\/wp-content\/uploads\/2025\/09\/Amorim3-300x169.jpg 300w, https:\/\/www.emballagedigest.fr\/wp-content\/uploads\/2025\/09\/Amorim3-768x433.jpg 768w, https:\/\/www.emballagedigest.fr\/wp-content\/uploads\/2025\/09\/Amorim3-18x10.jpg 18w\" sizes=\"auto, (max-width: 800px) 100vw, 800px\" \/><\/figure>\n\n\n\n<p>Enfin, Re.Wood  (photo ci-dessus) est fabriqu\u00e9 \u00e0 partir d&rsquo;un composite \u00e0 base de fibres de bois combin\u00e9es \u00e0 des polym\u00e8res 100% biosourc\u00e9s et recyclables. Alternative \u00e9cologique aux bouchons \u00e0 t\u00eate en plastique, les bouchons Re.Wood peuvent \u00eatre color\u00e9s, textur\u00e9s et personnalis\u00e9s, notamment par marquage \u00e0 chaud ou tampographie.<\/p>\n\n\n\n<p>Par ailleurs, avec la cr\u00e9ation de deux nouvelles unit\u00e9s industrielles, Biocape, d\u00e9di\u00e9e \u00e0 la transformation du bois brut et Elfverson, ax\u00e9e sur la production de t\u00eate bois, Amorim Top Series confirme ainsi la strat\u00e9gie d\u2019int\u00e9gration verticale de sa chaine de production r\u00e9partie sur les march\u00e9s principaux que sont Portugal, la France, les USA, le Mexique et l\u2019Ecosse. D\u2019une superficie totale de 55 000 m<sup>2<\/sup>, les sites Elferson et Biocape permettent \u00e0 l\u2019entreprise de doubler la capacit\u00e9 de production de t\u00eates bois.<\/p>\n\n\n\n<p>Ces deux entit\u00e9s industrielles sont \u00e9quip\u00e9es de technologies de pointe, notamment l\u2019intelligence artificielle et la robotique, renfor\u00e7ant les orientations de modernisation et de productivit\u00e9 d\u2019Amorim Top Series. \u00ab La construction des nouvelles unit\u00e9s Biocape et d\u2019Elfverson repr\u00e9sente un moment cl\u00e9 dans le d\u00e9veloppement strat\u00e9gique d\u2019Amorim Top Series. Cela d\u00e9montre \u00e0 la fois notre engagement \u00e0 renforcer nos capacit\u00e9s de production mais aussi notre volont\u00e9 d\u2019int\u00e9gration verticale dans les industries du li\u00e8ge et du bois \u00bb,pr\u00e9cise Christophe Sauvaud, Directeur g\u00e9n\u00e9ral Amorim Top Series France.<\/p>","protected":false},"excerpt":{"rendered":"<p>Sur le prochaine salon Luxe Pack Monaco, Amorim Top Series d\u00e9voilera trois nouvelles r\u00e9f\u00e9rences FullCork, Re.Cork et Re.Wood dans sa Collection Durable. Une gamme con\u00e7ue pour r\u00e9duire les d\u00e9chets, r\u00e9cup\u00e9rer et r\u00e9utiliser les mat\u00e9riaux et qui encourage la r\u00e9duction du plastique vierge issu des combustibles fossiles. Le fabricant de bouchons a \u00e9galement investi r\u00e9cemment sur [&hellip;]<\/p>","protected":false},"author":2,"featured_media":45420,"comment_status":"closed","ping_status":"closed","sticky":false,"template":"","format":"standard","meta":{"_acf_changed":false,"inline_featured_image":false,"iawp_total_views":4,"footnotes":""},"categories":[5,28,81],"tags":[],"class_list":["post-45419","post","type-post","status-publish","format-standard","has-post-thumbnail","hentry","category-alimentaire","category-article-entier","category-packaging"],"acf":[],"yoast_head":"<!-- This site is optimized with the Yoast SEO plugin v24.4 - https:\/\/yoast.com\/wordpress\/plugins\/seo\/ -->\n<title>Amorim Top Series pr\u00e9sente sa gamme de bouchons \u00e0 t\u00eate \u00e9co-con\u00e7us - Emballage Digest<\/title>\n<meta name=\"robots\" content=\"index, follow, max-snippet:-1, max-image-preview:large, max-video-preview:-1\" \/>\n<link rel=\"canonical\" href=\"https:\/\/www.emballagedigest.fr\/en\/amorim-top-series-presente-sa-gamme-de-bouchons-a-tete-eco-concus\/\" \/>\n<meta property=\"og:locale\" content=\"en_GB\" \/>\n<meta property=\"og:type\" content=\"article\" \/>\n<meta property=\"og:title\" content=\"Amorim Top Series pr\u00e9sente sa gamme de bouchons \u00e0 t\u00eate \u00e9co-con\u00e7us - Emballage Digest\" \/>\n<meta property=\"og:description\" content=\"Sur le prochaine salon Luxe Pack Monaco, Amorim Top Series d\u00e9voilera trois nouvelles r\u00e9f\u00e9rences FullCork, Re.Cork et Re.Wood dans sa Collection Durable. Une gamme con\u00e7ue pour r\u00e9duire les d\u00e9chets, r\u00e9cup\u00e9rer et r\u00e9utiliser les mat\u00e9riaux et qui encourage la r\u00e9duction du plastique vierge issu des combustibles fossiles. Le fabricant de bouchons a \u00e9galement investi r\u00e9cemment sur [&hellip;]\" \/>\n<meta property=\"og:url\" content=\"https:\/\/www.emballagedigest.fr\/en\/amorim-top-series-presente-sa-gamme-de-bouchons-a-tete-eco-concus\/\" \/>\n<meta property=\"og:site_name\" content=\"Emballage Digest\" \/>\n<meta property=\"article:published_time\" content=\"2025-09-04T22:49:42+00:00\" \/>\n<meta property=\"article:modified_time\" content=\"2025-09-08T08:03:08+00:00\" \/>\n<meta property=\"og:image\" content=\"https:\/\/www.emballagedigest.fr\/wp-content\/uploads\/2025\/09\/Amorim1.jpg\" \/>\n\t<meta property=\"og:image:width\" content=\"800\" \/>\n\t<meta property=\"og:image:height\" content=\"533\" \/>\n\t<meta property=\"og:image:type\" content=\"image\/jpeg\" \/>\n<meta name=\"author\" content=\"Karine Duval\" \/>\n<meta name=\"twitter:card\" content=\"summary_large_image\" \/>\n<meta name=\"twitter:label1\" content=\"Written by\" \/>\n\t<meta name=\"twitter:data1\" content=\"Karine Duval\" \/>\n\t<meta name=\"twitter:label2\" content=\"Estimated reading time\" \/>\n\t<meta name=\"twitter:data2\" content=\"3 minutes\" \/>\n<script type=\"application\/ld+json\" class=\"yoast-schema-graph\">{\"@context\":\"https:\/\/schema.org\",\"@graph\":[{\"@type\":\"Article\",\"@id\":\"https:\/\/www.emballagedigest.fr\/amorim-top-series-presente-sa-gamme-de-bouchons-a-tete-eco-concus\/#article\",\"isPartOf\":{\"@id\":\"https:\/\/www.emballagedigest.fr\/amorim-top-series-presente-sa-gamme-de-bouchons-a-tete-eco-concus\/\"},\"author\":{\"name\":\"Karine Duval\",\"@id\":\"https:\/\/www.emballagedigest.fr\/#\/schema\/person\/76abe9f2b2ee4d3d520594c7a35da59f\"},\"headline\":\"Amorim Top Series pr\u00e9sente sa gamme de bouchons \u00e0 t\u00eate \u00e9co-con\u00e7us\",\"datePublished\":\"2025-09-04T22:49:42+00:00\",\"dateModified\":\"2025-09-08T08:03:08+00:00\",\"mainEntityOfPage\":{\"@id\":\"https:\/\/www.emballagedigest.fr\/amorim-top-series-presente-sa-gamme-de-bouchons-a-tete-eco-concus\/\"},\"wordCount\":505,\"publisher\":{\"@id\":\"https:\/\/www.emballagedigest.fr\/#organization\"},\"image\":{\"@id\":\"https:\/\/www.emballagedigest.fr\/amorim-top-series-presente-sa-gamme-de-bouchons-a-tete-eco-concus\/#primaryimage\"},\"thumbnailUrl\":\"https:\/\/www.emballagedigest.fr\/wp-content\/uploads\/2025\/09\/Amorim1.jpg\",\"articleSection\":[\"Alimentaire\",\"Article entier\",\"Packaging\"],\"inLanguage\":\"en-GB\"},{\"@type\":\"WebPage\",\"@id\":\"https:\/\/www.emballagedigest.fr\/amorim-top-series-presente-sa-gamme-de-bouchons-a-tete-eco-concus\/\",\"url\":\"https:\/\/www.emballagedigest.fr\/amorim-top-series-presente-sa-gamme-de-bouchons-a-tete-eco-concus\/\",\"name\":\"Amorim Top Series pr\u00e9sente sa gamme de bouchons \u00e0 t\u00eate \u00e9co-con\u00e7us - Emballage Digest\",\"isPartOf\":{\"@id\":\"https:\/\/www.emballagedigest.fr\/#website\"},\"primaryImageOfPage\":{\"@id\":\"https:\/\/www.emballagedigest.fr\/amorim-top-series-presente-sa-gamme-de-bouchons-a-tete-eco-concus\/#primaryimage\"},\"image\":{\"@id\":\"https:\/\/www.emballagedigest.fr\/amorim-top-series-presente-sa-gamme-de-bouchons-a-tete-eco-concus\/#primaryimage\"},\"thumbnailUrl\":\"https:\/\/www.emballagedigest.fr\/wp-content\/uploads\/2025\/09\/Amorim1.jpg\",\"datePublished\":\"2025-09-04T22:49:42+00:00\",\"dateModified\":\"2025-09-08T08:03:08+00:00\",\"breadcrumb\":{\"@id\":\"https:\/\/www.emballagedigest.fr\/amorim-top-series-presente-sa-gamme-de-bouchons-a-tete-eco-concus\/#breadcrumb\"},\"inLanguage\":\"en-GB\",\"potentialAction\":[{\"@type\":\"ReadAction\",\"target\":[\"https:\/\/www.emballagedigest.fr\/amorim-top-series-presente-sa-gamme-de-bouchons-a-tete-eco-concus\/\"]}]},{\"@type\":\"ImageObject\",\"inLanguage\":\"en-GB\",\"@id\":\"https:\/\/www.emballagedigest.fr\/amorim-top-series-presente-sa-gamme-de-bouchons-a-tete-eco-concus\/#primaryimage\",\"url\":\"https:\/\/www.emballagedigest.fr\/wp-content\/uploads\/2025\/09\/Amorim1.jpg\",\"contentUrl\":\"https:\/\/www.emballagedigest.fr\/wp-content\/uploads\/2025\/09\/Amorim1.jpg\",\"width\":800,\"height\":533},{\"@type\":\"BreadcrumbList\",\"@id\":\"https:\/\/www.emballagedigest.fr\/amorim-top-series-presente-sa-gamme-de-bouchons-a-tete-eco-concus\/#breadcrumb\",\"itemListElement\":[{\"@type\":\"ListItem\",\"position\":1,\"name\":\"Accueil\",\"item\":\"https:\/\/www.emballagedigest.fr\/\"},{\"@type\":\"ListItem\",\"position\":2,\"name\":\"Amorim Top Series pr\u00e9sente sa gamme de bouchons \u00e0 t\u00eate \u00e9co-con\u00e7us\"}]},{\"@type\":\"WebSite\",\"@id\":\"https:\/\/www.emballagedigest.fr\/#website\",\"url\":\"https:\/\/www.emballagedigest.fr\/\",\"name\":\"Emballage Digest\",\"description\":\"Revue professionnelle sur les emballages\",\"publisher\":{\"@id\":\"https:\/\/www.emballagedigest.fr\/#organization\"},\"potentialAction\":[{\"@type\":\"SearchAction\",\"target\":{\"@type\":\"EntryPoint\",\"urlTemplate\":\"https:\/\/www.emballagedigest.fr\/?s={search_term_string}\"},\"query-input\":{\"@type\":\"PropertyValueSpecification\",\"valueRequired\":true,\"valueName\":\"search_term_string\"}}],\"inLanguage\":\"en-GB\"},{\"@type\":\"Organization\",\"@id\":\"https:\/\/www.emballagedigest.fr\/#organization\",\"name\":\"Emballage Digest\",\"url\":\"https:\/\/www.emballagedigest.fr\/\",\"logo\":{\"@type\":\"ImageObject\",\"inLanguage\":\"en-GB\",\"@id\":\"https:\/\/www.emballagedigest.fr\/#\/schema\/logo\/image\/\",\"url\":\"https:\/\/www.emballagedigest.fr\/wp-content\/uploads\/2022\/07\/logo-ed.png\",\"contentUrl\":\"https:\/\/www.emballagedigest.fr\/wp-content\/uploads\/2022\/07\/logo-ed.png\",\"width\":379,\"height\":75,\"caption\":\"Emballage Digest\"},\"image\":{\"@id\":\"https:\/\/www.emballagedigest.fr\/#\/schema\/logo\/image\/\"}},{\"@type\":\"Person\",\"@id\":\"https:\/\/www.emballagedigest.fr\/#\/schema\/person\/76abe9f2b2ee4d3d520594c7a35da59f\",\"name\":\"Karine Duval\",\"image\":{\"@type\":\"ImageObject\",\"inLanguage\":\"en-GB\",\"@id\":\"https:\/\/www.emballagedigest.fr\/#\/schema\/person\/image\/\",\"url\":\"https:\/\/secure.gravatar.com\/avatar\/f552799261cdd2e076e6677d780ef07bdb13aa4c196ab75b39abcbcdcae2d4e5?s=96&d=mm&r=g\",\"contentUrl\":\"https:\/\/secure.gravatar.com\/avatar\/f552799261cdd2e076e6677d780ef07bdb13aa4c196ab75b39abcbcdcae2d4e5?s=96&d=mm&r=g\",\"caption\":\"Karine Duval\"},\"url\":\"https:\/\/www.emballagedigest.fr\/en\/author\/admin_karduv\/\"}]}<\/script>\n<!-- \/ Yoast SEO plugin. -->","yoast_head_json":{"title":"Amorim Top Series pr\u00e9sente sa gamme de bouchons \u00e0 t\u00eate \u00e9co-con\u00e7us - Emballage Digest","robots":{"index":"index","follow":"follow","max-snippet":"max-snippet:-1","max-image-preview":"max-image-preview:large","max-video-preview":"max-video-preview:-1"},"canonical":"https:\/\/www.emballagedigest.fr\/en\/amorim-top-series-presente-sa-gamme-de-bouchons-a-tete-eco-concus\/","og_locale":"en_GB","og_type":"article","og_title":"Amorim Top Series pr\u00e9sente sa gamme de bouchons \u00e0 t\u00eate \u00e9co-con\u00e7us - Emballage Digest","og_description":"Sur le prochaine salon Luxe Pack Monaco, Amorim Top Series d\u00e9voilera trois nouvelles r\u00e9f\u00e9rences FullCork, Re.Cork et Re.Wood dans sa Collection Durable. Une gamme con\u00e7ue pour r\u00e9duire les d\u00e9chets, r\u00e9cup\u00e9rer et r\u00e9utiliser les mat\u00e9riaux et qui encourage la r\u00e9duction du plastique vierge issu des combustibles fossiles. Le fabricant de bouchons a \u00e9galement investi r\u00e9cemment sur [&hellip;]","og_url":"https:\/\/www.emballagedigest.fr\/en\/amorim-top-series-presente-sa-gamme-de-bouchons-a-tete-eco-concus\/","og_site_name":"Emballage Digest","article_published_time":"2025-09-04T22:49:42+00:00","article_modified_time":"2025-09-08T08:03:08+00:00","og_image":[{"width":800,"height":533,"url":"https:\/\/www.emballagedigest.fr\/wp-content\/uploads\/2025\/09\/Amorim1.jpg","type":"image\/jpeg"}],"author":"Karine Duval","twitter_card":"summary_large_image","twitter_misc":{"Written by":"Karine Duval","Estimated reading time":"3 minutes"},"schema":{"@context":"https:\/\/schema.org","@graph":[{"@type":"Article","@id":"https:\/\/www.emballagedigest.fr\/amorim-top-series-presente-sa-gamme-de-bouchons-a-tete-eco-concus\/#article","isPartOf":{"@id":"https:\/\/www.emballagedigest.fr\/amorim-top-series-presente-sa-gamme-de-bouchons-a-tete-eco-concus\/"},"author":{"name":"Karine Duval","@id":"https:\/\/www.emballagedigest.fr\/#\/schema\/person\/76abe9f2b2ee4d3d520594c7a35da59f"},"headline":"Amorim Top Series pr\u00e9sente sa gamme de bouchons \u00e0 t\u00eate \u00e9co-con\u00e7us","datePublished":"2025-09-04T22:49:42+00:00","dateModified":"2025-09-08T08:03:08+00:00","mainEntityOfPage":{"@id":"https:\/\/www.emballagedigest.fr\/amorim-top-series-presente-sa-gamme-de-bouchons-a-tete-eco-concus\/"},"wordCount":505,"publisher":{"@id":"https:\/\/www.emballagedigest.fr\/#organization"},"image":{"@id":"https:\/\/www.emballagedigest.fr\/amorim-top-series-presente-sa-gamme-de-bouchons-a-tete-eco-concus\/#primaryimage"},"thumbnailUrl":"https:\/\/www.emballagedigest.fr\/wp-content\/uploads\/2025\/09\/Amorim1.jpg","articleSection":["Alimentaire","Article entier","Packaging"],"inLanguage":"en-GB"},{"@type":"WebPage","@id":"https:\/\/www.emballagedigest.fr\/amorim-top-series-presente-sa-gamme-de-bouchons-a-tete-eco-concus\/","url":"https:\/\/www.emballagedigest.fr\/amorim-top-series-presente-sa-gamme-de-bouchons-a-tete-eco-concus\/","name":"Amorim Top Series pr\u00e9sente sa gamme de bouchons \u00e0 t\u00eate \u00e9co-con\u00e7us - Emballage Digest","isPartOf":{"@id":"https:\/\/www.emballagedigest.fr\/#website"},"primaryImageOfPage":{"@id":"https:\/\/www.emballagedigest.fr\/amorim-top-series-presente-sa-gamme-de-bouchons-a-tete-eco-concus\/#primaryimage"},"image":{"@id":"https:\/\/www.emballagedigest.fr\/amorim-top-series-presente-sa-gamme-de-bouchons-a-tete-eco-concus\/#primaryimage"},"thumbnailUrl":"https:\/\/www.emballagedigest.fr\/wp-content\/uploads\/2025\/09\/Amorim1.jpg","datePublished":"2025-09-04T22:49:42+00:00","dateModified":"2025-09-08T08:03:08+00:00","breadcrumb":{"@id":"https:\/\/www.emballagedigest.fr\/amorim-top-series-presente-sa-gamme-de-bouchons-a-tete-eco-concus\/#breadcrumb"},"inLanguage":"en-GB","potentialAction":[{"@type":"ReadAction","target":["https:\/\/www.emballagedigest.fr\/amorim-top-series-presente-sa-gamme-de-bouchons-a-tete-eco-concus\/"]}]},{"@type":"ImageObject","inLanguage":"en-GB","@id":"https:\/\/www.emballagedigest.fr\/amorim-top-series-presente-sa-gamme-de-bouchons-a-tete-eco-concus\/#primaryimage","url":"https:\/\/www.emballagedigest.fr\/wp-content\/uploads\/2025\/09\/Amorim1.jpg","contentUrl":"https:\/\/www.emballagedigest.fr\/wp-content\/uploads\/2025\/09\/Amorim1.jpg","width":800,"height":533},{"@type":"BreadcrumbList","@id":"https:\/\/www.emballagedigest.fr\/amorim-top-series-presente-sa-gamme-de-bouchons-a-tete-eco-concus\/#breadcrumb","itemListElement":[{"@type":"ListItem","position":1,"name":"Accueil","item":"https:\/\/www.emballagedigest.fr\/"},{"@type":"ListItem","position":2,"name":"Amorim Top Series pr\u00e9sente sa gamme de bouchons \u00e0 t\u00eate \u00e9co-con\u00e7us"}]},{"@type":"WebSite","@id":"https:\/\/www.emballagedigest.fr\/#website","url":"https:\/\/www.emballagedigest.fr\/","name":"Emballage Digest","description":"Revue professionnelle sur les emballages","publisher":{"@id":"https:\/\/www.emballagedigest.fr\/#organization"},"potentialAction":[{"@type":"SearchAction","target":{"@type":"EntryPoint","urlTemplate":"https:\/\/www.emballagedigest.fr\/?s={search_term_string}"},"query-input":{"@type":"PropertyValueSpecification","valueRequired":true,"valueName":"search_term_string"}}],"inLanguage":"en-GB"},{"@type":"Organization","@id":"https:\/\/www.emballagedigest.fr\/#organization","name":"Emballage Digest","url":"https:\/\/www.emballagedigest.fr\/","logo":{"@type":"ImageObject","inLanguage":"en-GB","@id":"https:\/\/www.emballagedigest.fr\/#\/schema\/logo\/image\/","url":"https:\/\/www.emballagedigest.fr\/wp-content\/uploads\/2022\/07\/logo-ed.png","contentUrl":"https:\/\/www.emballagedigest.fr\/wp-content\/uploads\/2022\/07\/logo-ed.png","width":379,"height":75,"caption":"Emballage Digest"},"image":{"@id":"https:\/\/www.emballagedigest.fr\/#\/schema\/logo\/image\/"}},{"@type":"Person","@id":"https:\/\/www.emballagedigest.fr\/#\/schema\/person\/76abe9f2b2ee4d3d520594c7a35da59f","name":"Karine Duval","image":{"@type":"ImageObject","inLanguage":"en-GB","@id":"https:\/\/www.emballagedigest.fr\/#\/schema\/person\/image\/","url":"https:\/\/secure.gravatar.com\/avatar\/f552799261cdd2e076e6677d780ef07bdb13aa4c196ab75b39abcbcdcae2d4e5?s=96&d=mm&r=g","contentUrl":"https:\/\/secure.gravatar.com\/avatar\/f552799261cdd2e076e6677d780ef07bdb13aa4c196ab75b39abcbcdcae2d4e5?s=96&d=mm&r=g","caption":"Karine Duval"},"url":"https:\/\/www.emballagedigest.fr\/en\/author\/admin_karduv\/"}]}},"_links":{"self":[{"href":"https:\/\/www.emballagedigest.fr\/en\/wp-json\/wp\/v2\/posts\/45419","targetHints":{"allow":["GET"]}}],"collection":[{"href":"https:\/\/www.emballagedigest.fr\/en\/wp-json\/wp\/v2\/posts"}],"about":[{"href":"https:\/\/www.emballagedigest.fr\/en\/wp-json\/wp\/v2\/types\/post"}],"author":[{"embeddable":true,"href":"https:\/\/www.emballagedigest.fr\/en\/wp-json\/wp\/v2\/users\/2"}],"replies":[{"embeddable":true,"href":"https:\/\/www.emballagedigest.fr\/en\/wp-json\/wp\/v2\/comments?post=45419"}],"version-history":[{"count":1,"href":"https:\/\/www.emballagedigest.fr\/en\/wp-json\/wp\/v2\/posts\/45419\/revisions"}],"predecessor-version":[{"id":45423,"href":"https:\/\/www.emballagedigest.fr\/en\/wp-json\/wp\/v2\/posts\/45419\/revisions\/45423"}],"wp:featuredmedia":[{"embeddable":true,"href":"https:\/\/www.emballagedigest.fr\/en\/wp-json\/wp\/v2\/media\/45420"}],"wp:attachment":[{"href":"https:\/\/www.emballagedigest.fr\/en\/wp-json\/wp\/v2\/media?parent=45419"}],"wp:term":[{"taxonomy":"category","embeddable":true,"href":"https:\/\/www.emballagedigest.fr\/en\/wp-json\/wp\/v2\/categories?post=45419"},{"taxonomy":"post_tag","embeddable":true,"href":"https:\/\/www.emballagedigest.fr\/en\/wp-json\/wp\/v2\/tags?post=45419"}],"curies":[{"name":"wp","href":"https:\/\/api.w.org\/{rel}","templated":true}]}}