{"id":45429,"date":"2025-09-08T10:04:09","date_gmt":"2025-09-08T08:04:09","guid":{"rendered":"https:\/\/www.emballagedigest.fr\/?p=45429"},"modified":"2025-09-09T00:09:46","modified_gmt":"2025-09-08T22:09:46","slug":"bulteau-developpement-reprend-cpl-op-emballages","status":"publish","type":"post","link":"https:\/\/www.emballagedigest.fr\/en\/bulteau-developpement-reprend-cpl-op-emballages\/","title":{"rendered":"Bulteau D\u00e9veloppement reprend CPL-OP Emballages"},"content":{"rendered":"<p><strong>CPL-OP Emballages (Cartonnerie des Pays de la Loire &amp; Ondul\u2019Pack), expert du carton grand format et des solutions sur mesure, rejoint Bulteau D\u00e9veloppement.&nbsp; Ce rachat pr\u00e9serve l\u2019identit\u00e9 et l\u2019ancrage territorial de la soci\u00e9t\u00e9, bas\u00e9e en Loire Atlantique et en Sarthe, tout en activant de nouvelles synergies. Il s\u2019accompagne d\u2019un programme de modernisation, destin\u00e9 \u00e0 renforcer les capacit\u00e9s de production, transformer l\u2019outil industriel et assurer une croissance ma\u00eetris\u00e9e.<\/strong><\/p>\n\n\n\n<p>La transmission de CPL-OP Emballages fait suite au d\u00e9part en retraite de son fondateur, Thierry Gicquel. Elle vise \u00e0 garantir la continuit\u00e9 du projet industriel et \u00e0 pr\u00e9server l\u2019identit\u00e9 qui a fa\u00e7onn\u00e9 son succ\u00e8s. \u00ab&nbsp;Je m\u2019en vais vers d\u2019autres horizons et de nouveaux projets, en laissant les r\u00eanes de CPL et OP au groupe familial fran\u00e7ais Bulteau D\u00e9veloppement. Je suis convaincu que leur vision, coupl\u00e9e \u00e0 un niveau d\u2019exigence acquis par les personnes qui font CPL et OP au quotidien depuis toutes ces ann\u00e9es, feront grandir les soci\u00e9t\u00e9s pour toujours mieux accompagner nos clients dans leurs projets de packaging&nbsp;\u00bb, a d\u00e9clar\u00e9 le dirigeant.<\/p>\n\n\n\n<figure class=\"wp-block-image size-full is-resized\"><img loading=\"lazy\" decoding=\"async\" width=\"800\" height=\"336\" src=\"https:\/\/www.emballagedigest.fr\/wp-content\/uploads\/2025\/09\/BULTEAU2.jpg\" alt=\"\" class=\"wp-image-45430\" style=\"width:840px;height:auto\" srcset=\"https:\/\/www.emballagedigest.fr\/wp-content\/uploads\/2025\/09\/BULTEAU2.jpg 800w, https:\/\/www.emballagedigest.fr\/wp-content\/uploads\/2025\/09\/BULTEAU2-300x126.jpg 300w, https:\/\/www.emballagedigest.fr\/wp-content\/uploads\/2025\/09\/BULTEAU2-768x323.jpg 768w, https:\/\/www.emballagedigest.fr\/wp-content\/uploads\/2025\/09\/BULTEAU2-18x8.jpg 18w\" sizes=\"auto, (max-width: 800px) 100vw, 800px\" \/><\/figure>\n\n\n\n<p>Suite \u00e0 la reprise, Ga\u00ebtan Castrale a \u00e9t\u00e9 nomm\u00e9 directeur g\u00e9n\u00e9ral apr\u00e8s avoir exerc\u00e9 plusieurs responsabilit\u00e9s op\u00e9rationnelles au sein de la soci\u00e9t\u00e9. Il s\u2019appuie sur un comit\u00e9 de direction d\u00e9j\u00e0 en place depuis plusieurs ann\u00e9es. \u00ab&nbsp;Ce rapprochement enrichit l\u2019expertise du groupe dans l\u2019emballage carton grand format (double et triple cannelure, kits palettes et solutions sur mesure). L\u2019ancrage historique de CPL-OP dans le Grand Ouest vient \u00e9galement consolider notre maillage territorial et \u00e9largir l\u2019offre propos\u00e9e \u00e0 nos clients&nbsp;\u00bb, ajoute erv\u00e9 Marchand, directeur g\u00e9n\u00e9ral du groupe Bulteau D\u00e9veloppement.<\/p>\n\n\n\n<p>L\u2019ann\u00e9e 2024 marque un jalon majeur pour CPL-OP Emballages avec la mise en service d\u2019une ligne de production de derni\u00e8re g\u00e9n\u00e9ration, unique en Europe. Con\u00e7ue pour conjuguer cadence et r\u00e9gularit\u00e9, elle permet de produire plusieurs types d\u2019emballages en un seul passage. Les premiers r\u00e9sultats sont imm\u00e9diats : hausse de productivit\u00e9, fiabilit\u00e9 accrue et performance renforc\u00e9e, garantissant aux clients une production stable et ma\u00eetris\u00e9e dans le temps. Cette modernisation s\u2019ajoute \u00e0 l\u2019int\u00e9gration d\u2019\u00e9quipements compl\u00e9mentaires : palettiseur multiposes, margeur automatique et table \u00e9l\u00e9vatrice. En janvier 2025, CPL-OP franchit une nouvelle \u00e9tape avec la migration vers un ERP de nouvelle g\u00e9n\u00e9ration, coupl\u00e9 \u00e0 un CRM de pilotage commercial. Objectif : affiner la planification, optimiser le suivi client et anticiper plus finement les besoins du march\u00e9. Cette dynamique s\u2019inscrit dans un plan d\u2019investissement ambitieux avec l\u2019objectif de doubler la capacit\u00e9 de production d\u2019ici quatre ans.<\/p>","protected":false},"excerpt":{"rendered":"<p>CPL-OP Emballages (Cartonnerie des Pays de la Loire &amp; Ondul\u2019Pack), expert du carton grand format et des solutions sur mesure, rejoint Bulteau D\u00e9veloppement.&nbsp; Ce rachat pr\u00e9serve l\u2019identit\u00e9 et l\u2019ancrage territorial de la soci\u00e9t\u00e9, bas\u00e9e en Loire Atlantique et en Sarthe, tout en activant de nouvelles synergies. Il s\u2019accompagne d\u2019un programme de modernisation, destin\u00e9 \u00e0 renforcer [&hellip;]<\/p>","protected":false},"author":2,"featured_media":45435,"comment_status":"closed","ping_status":"closed","sticky":false,"template":"","format":"standard","meta":{"_acf_changed":false,"inline_featured_image":false,"iawp_total_views":23,"footnotes":""},"categories":[28,11,8],"tags":[],"class_list":["post-45429","post","type-post","status-publish","format-standard","has-post-thumbnail","hentry","category-article-entier","category-emballages","category-industrie"],"acf":[],"yoast_head":"<!-- This site is optimized with the Yoast SEO plugin v24.4 - https:\/\/yoast.com\/wordpress\/plugins\/seo\/ -->\n<title>Bulteau D\u00e9veloppement reprend CPL-OP Emballages - Emballage Digest<\/title>\n<meta name=\"robots\" content=\"index, follow, max-snippet:-1, max-image-preview:large, max-video-preview:-1\" \/>\n<link rel=\"canonical\" href=\"https:\/\/www.emballagedigest.fr\/en\/bulteau-developpement-reprend-cpl-op-emballages\/\" \/>\n<meta property=\"og:locale\" content=\"en_GB\" \/>\n<meta property=\"og:type\" content=\"article\" \/>\n<meta property=\"og:title\" content=\"Bulteau D\u00e9veloppement reprend CPL-OP Emballages - Emballage Digest\" \/>\n<meta property=\"og:description\" content=\"CPL-OP Emballages (Cartonnerie des Pays de la Loire &amp; Ondul\u2019Pack), expert du carton grand format et des solutions sur mesure, rejoint Bulteau D\u00e9veloppement.&nbsp; Ce rachat pr\u00e9serve l\u2019identit\u00e9 et l\u2019ancrage territorial de la soci\u00e9t\u00e9, bas\u00e9e en Loire Atlantique et en Sarthe, tout en activant de nouvelles synergies. Il s\u2019accompagne d\u2019un programme de modernisation, destin\u00e9 \u00e0 renforcer [&hellip;]\" \/>\n<meta property=\"og:url\" content=\"https:\/\/www.emballagedigest.fr\/en\/bulteau-developpement-reprend-cpl-op-emballages\/\" \/>\n<meta property=\"og:site_name\" content=\"Emballage Digest\" \/>\n<meta property=\"article:published_time\" content=\"2025-09-08T08:04:09+00:00\" \/>\n<meta property=\"article:modified_time\" content=\"2025-09-08T22:09:46+00:00\" \/>\n<meta property=\"og:image\" content=\"https:\/\/www.emballagedigest.fr\/wp-content\/uploads\/2025\/09\/BULTEAU1.jpg\" \/>\n\t<meta property=\"og:image:width\" content=\"800\" \/>\n\t<meta property=\"og:image:height\" content=\"600\" \/>\n\t<meta property=\"og:image:type\" content=\"image\/jpeg\" \/>\n<meta name=\"author\" content=\"Karine Duval\" \/>\n<meta name=\"twitter:card\" content=\"summary_large_image\" \/>\n<meta name=\"twitter:label1\" content=\"Written by\" \/>\n\t<meta name=\"twitter:data1\" content=\"Karine Duval\" \/>\n\t<meta name=\"twitter:label2\" content=\"Estimated reading time\" \/>\n\t<meta name=\"twitter:data2\" content=\"3 minutes\" \/>\n<script type=\"application\/ld+json\" class=\"yoast-schema-graph\">{\"@context\":\"https:\/\/schema.org\",\"@graph\":[{\"@type\":\"Article\",\"@id\":\"https:\/\/www.emballagedigest.fr\/bulteau-developpement-reprend-cpl-op-emballages\/#article\",\"isPartOf\":{\"@id\":\"https:\/\/www.emballagedigest.fr\/bulteau-developpement-reprend-cpl-op-emballages\/\"},\"author\":{\"name\":\"Karine Duval\",\"@id\":\"https:\/\/www.emballagedigest.fr\/#\/schema\/person\/76abe9f2b2ee4d3d520594c7a35da59f\"},\"headline\":\"Bulteau D\u00e9veloppement reprend CPL-OP Emballages\",\"datePublished\":\"2025-09-08T08:04:09+00:00\",\"dateModified\":\"2025-09-08T22:09:46+00:00\",\"mainEntityOfPage\":{\"@id\":\"https:\/\/www.emballagedigest.fr\/bulteau-developpement-reprend-cpl-op-emballages\/\"},\"wordCount\":468,\"publisher\":{\"@id\":\"https:\/\/www.emballagedigest.fr\/#organization\"},\"image\":{\"@id\":\"https:\/\/www.emballagedigest.fr\/bulteau-developpement-reprend-cpl-op-emballages\/#primaryimage\"},\"thumbnailUrl\":\"https:\/\/www.emballagedigest.fr\/wp-content\/uploads\/2025\/09\/BULTEAU1.jpg\",\"articleSection\":[\"Article entier\",\"Emballages\",\"Industrie\"],\"inLanguage\":\"en-GB\"},{\"@type\":\"WebPage\",\"@id\":\"https:\/\/www.emballagedigest.fr\/bulteau-developpement-reprend-cpl-op-emballages\/\",\"url\":\"https:\/\/www.emballagedigest.fr\/bulteau-developpement-reprend-cpl-op-emballages\/\",\"name\":\"Bulteau D\u00e9veloppement reprend CPL-OP Emballages - Emballage Digest\",\"isPartOf\":{\"@id\":\"https:\/\/www.emballagedigest.fr\/#website\"},\"primaryImageOfPage\":{\"@id\":\"https:\/\/www.emballagedigest.fr\/bulteau-developpement-reprend-cpl-op-emballages\/#primaryimage\"},\"image\":{\"@id\":\"https:\/\/www.emballagedigest.fr\/bulteau-developpement-reprend-cpl-op-emballages\/#primaryimage\"},\"thumbnailUrl\":\"https:\/\/www.emballagedigest.fr\/wp-content\/uploads\/2025\/09\/BULTEAU1.jpg\",\"datePublished\":\"2025-09-08T08:04:09+00:00\",\"dateModified\":\"2025-09-08T22:09:46+00:00\",\"breadcrumb\":{\"@id\":\"https:\/\/www.emballagedigest.fr\/bulteau-developpement-reprend-cpl-op-emballages\/#breadcrumb\"},\"inLanguage\":\"en-GB\",\"potentialAction\":[{\"@type\":\"ReadAction\",\"target\":[\"https:\/\/www.emballagedigest.fr\/bulteau-developpement-reprend-cpl-op-emballages\/\"]}]},{\"@type\":\"ImageObject\",\"inLanguage\":\"en-GB\",\"@id\":\"https:\/\/www.emballagedigest.fr\/bulteau-developpement-reprend-cpl-op-emballages\/#primaryimage\",\"url\":\"https:\/\/www.emballagedigest.fr\/wp-content\/uploads\/2025\/09\/BULTEAU1.jpg\",\"contentUrl\":\"https:\/\/www.emballagedigest.fr\/wp-content\/uploads\/2025\/09\/BULTEAU1.jpg\",\"width\":800,\"height\":600},{\"@type\":\"BreadcrumbList\",\"@id\":\"https:\/\/www.emballagedigest.fr\/bulteau-developpement-reprend-cpl-op-emballages\/#breadcrumb\",\"itemListElement\":[{\"@type\":\"ListItem\",\"position\":1,\"name\":\"Accueil\",\"item\":\"https:\/\/www.emballagedigest.fr\/\"},{\"@type\":\"ListItem\",\"position\":2,\"name\":\"Bulteau D\u00e9veloppement reprend CPL-OP Emballages\"}]},{\"@type\":\"WebSite\",\"@id\":\"https:\/\/www.emballagedigest.fr\/#website\",\"url\":\"https:\/\/www.emballagedigest.fr\/\",\"name\":\"Emballage Digest\",\"description\":\"Revue professionnelle sur les emballages\",\"publisher\":{\"@id\":\"https:\/\/www.emballagedigest.fr\/#organization\"},\"potentialAction\":[{\"@type\":\"SearchAction\",\"target\":{\"@type\":\"EntryPoint\",\"urlTemplate\":\"https:\/\/www.emballagedigest.fr\/?s={search_term_string}\"},\"query-input\":{\"@type\":\"PropertyValueSpecification\",\"valueRequired\":true,\"valueName\":\"search_term_string\"}}],\"inLanguage\":\"en-GB\"},{\"@type\":\"Organization\",\"@id\":\"https:\/\/www.emballagedigest.fr\/#organization\",\"name\":\"Emballage Digest\",\"url\":\"https:\/\/www.emballagedigest.fr\/\",\"logo\":{\"@type\":\"ImageObject\",\"inLanguage\":\"en-GB\",\"@id\":\"https:\/\/www.emballagedigest.fr\/#\/schema\/logo\/image\/\",\"url\":\"https:\/\/www.emballagedigest.fr\/wp-content\/uploads\/2022\/07\/logo-ed.png\",\"contentUrl\":\"https:\/\/www.emballagedigest.fr\/wp-content\/uploads\/2022\/07\/logo-ed.png\",\"width\":379,\"height\":75,\"caption\":\"Emballage Digest\"},\"image\":{\"@id\":\"https:\/\/www.emballagedigest.fr\/#\/schema\/logo\/image\/\"}},{\"@type\":\"Person\",\"@id\":\"https:\/\/www.emballagedigest.fr\/#\/schema\/person\/76abe9f2b2ee4d3d520594c7a35da59f\",\"name\":\"Karine Duval\",\"image\":{\"@type\":\"ImageObject\",\"inLanguage\":\"en-GB\",\"@id\":\"https:\/\/www.emballagedigest.fr\/#\/schema\/person\/image\/\",\"url\":\"https:\/\/secure.gravatar.com\/avatar\/f552799261cdd2e076e6677d780ef07bdb13aa4c196ab75b39abcbcdcae2d4e5?s=96&d=mm&r=g\",\"contentUrl\":\"https:\/\/secure.gravatar.com\/avatar\/f552799261cdd2e076e6677d780ef07bdb13aa4c196ab75b39abcbcdcae2d4e5?s=96&d=mm&r=g\",\"caption\":\"Karine Duval\"},\"url\":\"https:\/\/www.emballagedigest.fr\/en\/author\/admin_karduv\/\"}]}<\/script>\n<!-- \/ Yoast SEO plugin. -->","yoast_head_json":{"title":"Bulteau D\u00e9veloppement reprend CPL-OP Emballages - Emballage Digest","robots":{"index":"index","follow":"follow","max-snippet":"max-snippet:-1","max-image-preview":"max-image-preview:large","max-video-preview":"max-video-preview:-1"},"canonical":"https:\/\/www.emballagedigest.fr\/en\/bulteau-developpement-reprend-cpl-op-emballages\/","og_locale":"en_GB","og_type":"article","og_title":"Bulteau D\u00e9veloppement reprend CPL-OP Emballages - Emballage Digest","og_description":"CPL-OP Emballages (Cartonnerie des Pays de la Loire &amp; Ondul\u2019Pack), expert du carton grand format et des solutions sur mesure, rejoint Bulteau D\u00e9veloppement.&nbsp; Ce rachat pr\u00e9serve l\u2019identit\u00e9 et l\u2019ancrage territorial de la soci\u00e9t\u00e9, bas\u00e9e en Loire Atlantique et en Sarthe, tout en activant de nouvelles synergies. Il s\u2019accompagne d\u2019un programme de modernisation, destin\u00e9 \u00e0 renforcer [&hellip;]","og_url":"https:\/\/www.emballagedigest.fr\/en\/bulteau-developpement-reprend-cpl-op-emballages\/","og_site_name":"Emballage Digest","article_published_time":"2025-09-08T08:04:09+00:00","article_modified_time":"2025-09-08T22:09:46+00:00","og_image":[{"width":800,"height":600,"url":"https:\/\/www.emballagedigest.fr\/wp-content\/uploads\/2025\/09\/BULTEAU1.jpg","type":"image\/jpeg"}],"author":"Karine Duval","twitter_card":"summary_large_image","twitter_misc":{"Written by":"Karine Duval","Estimated reading time":"3 minutes"},"schema":{"@context":"https:\/\/schema.org","@graph":[{"@type":"Article","@id":"https:\/\/www.emballagedigest.fr\/bulteau-developpement-reprend-cpl-op-emballages\/#article","isPartOf":{"@id":"https:\/\/www.emballagedigest.fr\/bulteau-developpement-reprend-cpl-op-emballages\/"},"author":{"name":"Karine Duval","@id":"https:\/\/www.emballagedigest.fr\/#\/schema\/person\/76abe9f2b2ee4d3d520594c7a35da59f"},"headline":"Bulteau D\u00e9veloppement reprend CPL-OP Emballages","datePublished":"2025-09-08T08:04:09+00:00","dateModified":"2025-09-08T22:09:46+00:00","mainEntityOfPage":{"@id":"https:\/\/www.emballagedigest.fr\/bulteau-developpement-reprend-cpl-op-emballages\/"},"wordCount":468,"publisher":{"@id":"https:\/\/www.emballagedigest.fr\/#organization"},"image":{"@id":"https:\/\/www.emballagedigest.fr\/bulteau-developpement-reprend-cpl-op-emballages\/#primaryimage"},"thumbnailUrl":"https:\/\/www.emballagedigest.fr\/wp-content\/uploads\/2025\/09\/BULTEAU1.jpg","articleSection":["Article entier","Emballages","Industrie"],"inLanguage":"en-GB"},{"@type":"WebPage","@id":"https:\/\/www.emballagedigest.fr\/bulteau-developpement-reprend-cpl-op-emballages\/","url":"https:\/\/www.emballagedigest.fr\/bulteau-developpement-reprend-cpl-op-emballages\/","name":"Bulteau D\u00e9veloppement reprend CPL-OP Emballages - Emballage Digest","isPartOf":{"@id":"https:\/\/www.emballagedigest.fr\/#website"},"primaryImageOfPage":{"@id":"https:\/\/www.emballagedigest.fr\/bulteau-developpement-reprend-cpl-op-emballages\/#primaryimage"},"image":{"@id":"https:\/\/www.emballagedigest.fr\/bulteau-developpement-reprend-cpl-op-emballages\/#primaryimage"},"thumbnailUrl":"https:\/\/www.emballagedigest.fr\/wp-content\/uploads\/2025\/09\/BULTEAU1.jpg","datePublished":"2025-09-08T08:04:09+00:00","dateModified":"2025-09-08T22:09:46+00:00","breadcrumb":{"@id":"https:\/\/www.emballagedigest.fr\/bulteau-developpement-reprend-cpl-op-emballages\/#breadcrumb"},"inLanguage":"en-GB","potentialAction":[{"@type":"ReadAction","target":["https:\/\/www.emballagedigest.fr\/bulteau-developpement-reprend-cpl-op-emballages\/"]}]},{"@type":"ImageObject","inLanguage":"en-GB","@id":"https:\/\/www.emballagedigest.fr\/bulteau-developpement-reprend-cpl-op-emballages\/#primaryimage","url":"https:\/\/www.emballagedigest.fr\/wp-content\/uploads\/2025\/09\/BULTEAU1.jpg","contentUrl":"https:\/\/www.emballagedigest.fr\/wp-content\/uploads\/2025\/09\/BULTEAU1.jpg","width":800,"height":600},{"@type":"BreadcrumbList","@id":"https:\/\/www.emballagedigest.fr\/bulteau-developpement-reprend-cpl-op-emballages\/#breadcrumb","itemListElement":[{"@type":"ListItem","position":1,"name":"Accueil","item":"https:\/\/www.emballagedigest.fr\/"},{"@type":"ListItem","position":2,"name":"Bulteau D\u00e9veloppement reprend CPL-OP Emballages"}]},{"@type":"WebSite","@id":"https:\/\/www.emballagedigest.fr\/#website","url":"https:\/\/www.emballagedigest.fr\/","name":"Emballage Digest","description":"Revue professionnelle sur les emballages","publisher":{"@id":"https:\/\/www.emballagedigest.fr\/#organization"},"potentialAction":[{"@type":"SearchAction","target":{"@type":"EntryPoint","urlTemplate":"https:\/\/www.emballagedigest.fr\/?s={search_term_string}"},"query-input":{"@type":"PropertyValueSpecification","valueRequired":true,"valueName":"search_term_string"}}],"inLanguage":"en-GB"},{"@type":"Organization","@id":"https:\/\/www.emballagedigest.fr\/#organization","name":"Emballage Digest","url":"https:\/\/www.emballagedigest.fr\/","logo":{"@type":"ImageObject","inLanguage":"en-GB","@id":"https:\/\/www.emballagedigest.fr\/#\/schema\/logo\/image\/","url":"https:\/\/www.emballagedigest.fr\/wp-content\/uploads\/2022\/07\/logo-ed.png","contentUrl":"https:\/\/www.emballagedigest.fr\/wp-content\/uploads\/2022\/07\/logo-ed.png","width":379,"height":75,"caption":"Emballage Digest"},"image":{"@id":"https:\/\/www.emballagedigest.fr\/#\/schema\/logo\/image\/"}},{"@type":"Person","@id":"https:\/\/www.emballagedigest.fr\/#\/schema\/person\/76abe9f2b2ee4d3d520594c7a35da59f","name":"Karine Duval","image":{"@type":"ImageObject","inLanguage":"en-GB","@id":"https:\/\/www.emballagedigest.fr\/#\/schema\/person\/image\/","url":"https:\/\/secure.gravatar.com\/avatar\/f552799261cdd2e076e6677d780ef07bdb13aa4c196ab75b39abcbcdcae2d4e5?s=96&d=mm&r=g","contentUrl":"https:\/\/secure.gravatar.com\/avatar\/f552799261cdd2e076e6677d780ef07bdb13aa4c196ab75b39abcbcdcae2d4e5?s=96&d=mm&r=g","caption":"Karine Duval"},"url":"https:\/\/www.emballagedigest.fr\/en\/author\/admin_karduv\/"}]}},"_links":{"self":[{"href":"https:\/\/www.emballagedigest.fr\/en\/wp-json\/wp\/v2\/posts\/45429","targetHints":{"allow":["GET"]}}],"collection":[{"href":"https:\/\/www.emballagedigest.fr\/en\/wp-json\/wp\/v2\/posts"}],"about":[{"href":"https:\/\/www.emballagedigest.fr\/en\/wp-json\/wp\/v2\/types\/post"}],"author":[{"embeddable":true,"href":"https:\/\/www.emballagedigest.fr\/en\/wp-json\/wp\/v2\/users\/2"}],"replies":[{"embeddable":true,"href":"https:\/\/www.emballagedigest.fr\/en\/wp-json\/wp\/v2\/comments?post=45429"}],"version-history":[{"count":1,"href":"https:\/\/www.emballagedigest.fr\/en\/wp-json\/wp\/v2\/posts\/45429\/revisions"}],"predecessor-version":[{"id":45431,"href":"https:\/\/www.emballagedigest.fr\/en\/wp-json\/wp\/v2\/posts\/45429\/revisions\/45431"}],"wp:featuredmedia":[{"embeddable":true,"href":"https:\/\/www.emballagedigest.fr\/en\/wp-json\/wp\/v2\/media\/45435"}],"wp:attachment":[{"href":"https:\/\/www.emballagedigest.fr\/en\/wp-json\/wp\/v2\/media?parent=45429"}],"wp:term":[{"taxonomy":"category","embeddable":true,"href":"https:\/\/www.emballagedigest.fr\/en\/wp-json\/wp\/v2\/categories?post=45429"},{"taxonomy":"post_tag","embeddable":true,"href":"https:\/\/www.emballagedigest.fr\/en\/wp-json\/wp\/v2\/tags?post=45429"}],"curies":[{"name":"wp","href":"https:\/\/api.w.org\/{rel}","templated":true}]}}