{"id":45439,"date":"2025-09-09T00:10:54","date_gmt":"2025-09-08T22:10:54","guid":{"rendered":"https:\/\/www.emballagedigest.fr\/?p=45439"},"modified":"2025-09-10T08:06:26","modified_gmt":"2025-09-10T06:06:26","slug":"barcodis-annonce-lacquisition-de-lorge","status":"publish","type":"post","link":"https:\/\/www.emballagedigest.fr\/en\/barcodis-annonce-lacquisition-de-lorge\/","title":{"rendered":"Barcodis annonce l\u2019acquisition de Lorge"},"content":{"rendered":"<p><strong>Barcodis, sp\u00e9cialiste fran\u00e7ais des solutions d\u2019identification automatique et de tra\u00e7abilit\u00e9, reprend Lorge, entreprise lyonnaise reconnue pour la fabrication d\u2019\u00e9tiquettes adh\u00e9sives imprim\u00e9es. Cette nouvelle acquisition permet \u00e0 Barcodis de renforcer son offre avec un savoir-faire de pointe dans le domaine des \u00e9tiquettes adh\u00e9sives et r\u00e9f\u00e9rentes du \u00ab r\u00e9emploi\/lavable \u00bb, adapt\u00e9es aux exigences de nombreux secteurs d\u2019activit\u00e9s r\u00e9glement\u00e9s.<\/strong><\/p>\n\n\n\n<p>Un an apr\u00e8s l\u2019acquisition d\u2019E-Dentic, cette op\u00e9ration strat\u00e9gique marque une nouvelle \u00e9tape dans la croissance de Barcodis et dans la consolidation de son offre unique sur le march\u00e9. Bas\u00e9e \u00e0 V\u00e9nissieux, Lorge est une entreprise centenaire, ancienne \u201cimprimerie de labeur\u201d elle a \u00e9dit\u00e9 le Journal de Guignol en 1916. Sp\u00e9cialis\u00e9e dans la fabrication d\u2019\u00e9tiquettes adh\u00e9sives en petites, moyennes et grandes s\u00e9ries, et forte d\u2019un savoir-faire sp\u00e9cifique, d\u2019un parc machine de pointe (impression flexographique et num\u00e9rique), d\u2019une \u00e9quipe de 55 collaborateurs, Lorge allie excellence technique, certifications qualit\u00e9 de haut niveau et souplesse de production. Pionni\u00e8re des \u00e9tiquettes 100 % repositionnables \/ lavables, Lorge est devenue le \u201cr\u00e9f\u00e9rent du lavable\u201d, l\u2019entreprise participe \u00e0 l\u2019essor du r\u00e9emploi des contenants dans les fili\u00e8res agroalimentaire et boisson.<\/p>\n\n\n\n<p>Ce rapprochement vient renforcer l\u2019offre de Barcodis dans des domaines tr\u00e8s techniques comme la colorim\u00e9trie, la cr\u00e9ation graphique certifi\u00e9e (normes INCO, EU102012&#8230;), ou encore l\u2019identification des contenants r\u00e9utilisables. Il consolide la position de l\u2019entreprise dans les secteurs exigeants de la pharmacie et de la chimie, en lui permettant de proposer une offre \u00e0 la fois compl\u00e8te et hautement sp\u00e9cialis\u00e9e. Gr\u00e2ce \u00e0 sa force de vente nationale, Barcodis pourra d\u00e9ployer l\u2019offre Lorge \u00e0 grande \u00e9chelle et ouvrir de nouvelles perspectives commerciales, tout en valorisant le savoir-faire unique de l\u2019entreprise lyonnaise.<\/p>\n\n\n\n<p>\u00ab En int\u00e9grant Lorge, nous renfor\u00e7ons notre position de leader fran\u00e7ais de la tra\u00e7abilit\u00e9 et de l\u2019\u00e9tiquetage, avec une offre compl\u00e8te, durable, comp\u00e9titive et de tr\u00e8s haute qualit\u00e9. Nous construisons ainsi une cha\u00eene de valeur unique sur le march\u00e9, qui conjugue innovation, production int\u00e9gr\u00e9e, et excellence industrielle \u00bb, commente Fabrice Coevoet, pr\u00e9sident de Barcodis<\/p>\n\n\n\n<p>Fond\u00e9e il y a plus de 40 ans, Barcodis accompagne les plus grandes entreprises et industriels fran\u00e7ais dans l\u2019optimisation et la s\u00e9curisation de leurs flux logistiques et de leurs donn\u00e9es. L\u2019entreprise con\u00e7oit, fabrique et commercialise des solutions end-to-end en combinant : mat\u00e9riels, logiciels et expertise de pointe. L\u2019offre compl\u00e8te et int\u00e9gr\u00e9e de Barcodis comprend notamment : machines impression- pose, logiciels, consommables (\u00e9tiquettes, films transfert) audit &amp; maintenance, services WIFI, RFID et nouvelles technologies. Aujourd\u2019hui, Barcodis regroupe 150 collaborateurs et plus de 5 000 clients dans le retail, l\u2019agroalimentaire, le transport, l\u2019e-commerce, le luxe et la pharma-cosm\u00e9tique.<\/p>","protected":false},"excerpt":{"rendered":"<p>Barcodis, sp\u00e9cialiste fran\u00e7ais des solutions d\u2019identification automatique et de tra\u00e7abilit\u00e9, reprend Lorge, entreprise lyonnaise reconnue pour la fabrication d\u2019\u00e9tiquettes adh\u00e9sives imprim\u00e9es. Cette nouvelle acquisition permet \u00e0 Barcodis de renforcer son offre avec un savoir-faire de pointe dans le domaine des \u00e9tiquettes adh\u00e9sives et r\u00e9f\u00e9rentes du \u00ab r\u00e9emploi\/lavable \u00bb, adapt\u00e9es aux exigences de nombreux secteurs d\u2019activit\u00e9s [&hellip;]<\/p>","protected":false},"author":2,"featured_media":45441,"comment_status":"closed","ping_status":"closed","sticky":false,"template":"","format":"standard","meta":{"_acf_changed":false,"inline_featured_image":false,"iawp_total_views":2,"footnotes":""},"categories":[28,9],"tags":[],"class_list":["post-45439","post","type-post","status-publish","format-standard","has-post-thumbnail","hentry","category-article-entier","category-materiel"],"acf":[],"yoast_head":"<!-- This site is optimized with the Yoast SEO plugin v24.4 - https:\/\/yoast.com\/wordpress\/plugins\/seo\/ -->\n<title>Barcodis annonce l\u2019acquisition de Lorge - Emballage Digest<\/title>\n<meta name=\"robots\" content=\"index, follow, max-snippet:-1, max-image-preview:large, max-video-preview:-1\" \/>\n<link rel=\"canonical\" href=\"https:\/\/www.emballagedigest.fr\/en\/barcodis-annonce-lacquisition-de-lorge\/\" \/>\n<meta property=\"og:locale\" content=\"en_GB\" \/>\n<meta property=\"og:type\" content=\"article\" \/>\n<meta property=\"og:title\" content=\"Barcodis annonce l\u2019acquisition de Lorge - Emballage Digest\" \/>\n<meta property=\"og:description\" content=\"Barcodis, sp\u00e9cialiste fran\u00e7ais des solutions d\u2019identification automatique et de tra\u00e7abilit\u00e9, reprend Lorge, entreprise lyonnaise reconnue pour la fabrication d\u2019\u00e9tiquettes adh\u00e9sives imprim\u00e9es. Cette nouvelle acquisition permet \u00e0 Barcodis de renforcer son offre avec un savoir-faire de pointe dans le domaine des \u00e9tiquettes adh\u00e9sives et r\u00e9f\u00e9rentes du \u00ab r\u00e9emploi\/lavable \u00bb, adapt\u00e9es aux exigences de nombreux secteurs d\u2019activit\u00e9s [&hellip;]\" \/>\n<meta property=\"og:url\" content=\"https:\/\/www.emballagedigest.fr\/en\/barcodis-annonce-lacquisition-de-lorge\/\" \/>\n<meta property=\"og:site_name\" content=\"Emballage Digest\" \/>\n<meta property=\"article:published_time\" content=\"2025-09-08T22:10:54+00:00\" \/>\n<meta property=\"article:modified_time\" content=\"2025-09-10T06:06:26+00:00\" \/>\n<meta property=\"og:image\" content=\"https:\/\/www.emballagedigest.fr\/wp-content\/uploads\/2025\/09\/LORGE-BARCODIS2.jpg\" \/>\n\t<meta property=\"og:image:width\" content=\"798\" \/>\n\t<meta property=\"og:image:height\" content=\"600\" \/>\n\t<meta property=\"og:image:type\" content=\"image\/jpeg\" \/>\n<meta name=\"author\" content=\"Karine Duval\" \/>\n<meta name=\"twitter:card\" content=\"summary_large_image\" \/>\n<meta name=\"twitter:label1\" content=\"Written by\" \/>\n\t<meta name=\"twitter:data1\" content=\"Karine Duval\" \/>\n\t<meta name=\"twitter:label2\" content=\"Estimated reading time\" \/>\n\t<meta name=\"twitter:data2\" content=\"3 minutes\" \/>\n<script type=\"application\/ld+json\" class=\"yoast-schema-graph\">{\"@context\":\"https:\/\/schema.org\",\"@graph\":[{\"@type\":\"Article\",\"@id\":\"https:\/\/www.emballagedigest.fr\/barcodis-annonce-lacquisition-de-lorge\/#article\",\"isPartOf\":{\"@id\":\"https:\/\/www.emballagedigest.fr\/barcodis-annonce-lacquisition-de-lorge\/\"},\"author\":{\"name\":\"Karine Duval\",\"@id\":\"https:\/\/www.emballagedigest.fr\/#\/schema\/person\/76abe9f2b2ee4d3d520594c7a35da59f\"},\"headline\":\"Barcodis annonce l\u2019acquisition de Lorge\",\"datePublished\":\"2025-09-08T22:10:54+00:00\",\"dateModified\":\"2025-09-10T06:06:26+00:00\",\"mainEntityOfPage\":{\"@id\":\"https:\/\/www.emballagedigest.fr\/barcodis-annonce-lacquisition-de-lorge\/\"},\"wordCount\":486,\"publisher\":{\"@id\":\"https:\/\/www.emballagedigest.fr\/#organization\"},\"image\":{\"@id\":\"https:\/\/www.emballagedigest.fr\/barcodis-annonce-lacquisition-de-lorge\/#primaryimage\"},\"thumbnailUrl\":\"https:\/\/www.emballagedigest.fr\/wp-content\/uploads\/2025\/09\/LORGE-BARCODIS2.jpg\",\"articleSection\":[\"Article entier\",\"Mat\u00e9riel\"],\"inLanguage\":\"en-GB\"},{\"@type\":\"WebPage\",\"@id\":\"https:\/\/www.emballagedigest.fr\/barcodis-annonce-lacquisition-de-lorge\/\",\"url\":\"https:\/\/www.emballagedigest.fr\/barcodis-annonce-lacquisition-de-lorge\/\",\"name\":\"Barcodis annonce l\u2019acquisition de Lorge - Emballage Digest\",\"isPartOf\":{\"@id\":\"https:\/\/www.emballagedigest.fr\/#website\"},\"primaryImageOfPage\":{\"@id\":\"https:\/\/www.emballagedigest.fr\/barcodis-annonce-lacquisition-de-lorge\/#primaryimage\"},\"image\":{\"@id\":\"https:\/\/www.emballagedigest.fr\/barcodis-annonce-lacquisition-de-lorge\/#primaryimage\"},\"thumbnailUrl\":\"https:\/\/www.emballagedigest.fr\/wp-content\/uploads\/2025\/09\/LORGE-BARCODIS2.jpg\",\"datePublished\":\"2025-09-08T22:10:54+00:00\",\"dateModified\":\"2025-09-10T06:06:26+00:00\",\"breadcrumb\":{\"@id\":\"https:\/\/www.emballagedigest.fr\/barcodis-annonce-lacquisition-de-lorge\/#breadcrumb\"},\"inLanguage\":\"en-GB\",\"potentialAction\":[{\"@type\":\"ReadAction\",\"target\":[\"https:\/\/www.emballagedigest.fr\/barcodis-annonce-lacquisition-de-lorge\/\"]}]},{\"@type\":\"ImageObject\",\"inLanguage\":\"en-GB\",\"@id\":\"https:\/\/www.emballagedigest.fr\/barcodis-annonce-lacquisition-de-lorge\/#primaryimage\",\"url\":\"https:\/\/www.emballagedigest.fr\/wp-content\/uploads\/2025\/09\/LORGE-BARCODIS2.jpg\",\"contentUrl\":\"https:\/\/www.emballagedigest.fr\/wp-content\/uploads\/2025\/09\/LORGE-BARCODIS2.jpg\",\"width\":798,\"height\":600},{\"@type\":\"BreadcrumbList\",\"@id\":\"https:\/\/www.emballagedigest.fr\/barcodis-annonce-lacquisition-de-lorge\/#breadcrumb\",\"itemListElement\":[{\"@type\":\"ListItem\",\"position\":1,\"name\":\"Accueil\",\"item\":\"https:\/\/www.emballagedigest.fr\/\"},{\"@type\":\"ListItem\",\"position\":2,\"name\":\"Barcodis annonce l\u2019acquisition de Lorge\"}]},{\"@type\":\"WebSite\",\"@id\":\"https:\/\/www.emballagedigest.fr\/#website\",\"url\":\"https:\/\/www.emballagedigest.fr\/\",\"name\":\"Emballage Digest\",\"description\":\"Revue professionnelle sur les emballages\",\"publisher\":{\"@id\":\"https:\/\/www.emballagedigest.fr\/#organization\"},\"potentialAction\":[{\"@type\":\"SearchAction\",\"target\":{\"@type\":\"EntryPoint\",\"urlTemplate\":\"https:\/\/www.emballagedigest.fr\/?s={search_term_string}\"},\"query-input\":{\"@type\":\"PropertyValueSpecification\",\"valueRequired\":true,\"valueName\":\"search_term_string\"}}],\"inLanguage\":\"en-GB\"},{\"@type\":\"Organization\",\"@id\":\"https:\/\/www.emballagedigest.fr\/#organization\",\"name\":\"Emballage Digest\",\"url\":\"https:\/\/www.emballagedigest.fr\/\",\"logo\":{\"@type\":\"ImageObject\",\"inLanguage\":\"en-GB\",\"@id\":\"https:\/\/www.emballagedigest.fr\/#\/schema\/logo\/image\/\",\"url\":\"https:\/\/www.emballagedigest.fr\/wp-content\/uploads\/2022\/07\/logo-ed.png\",\"contentUrl\":\"https:\/\/www.emballagedigest.fr\/wp-content\/uploads\/2022\/07\/logo-ed.png\",\"width\":379,\"height\":75,\"caption\":\"Emballage Digest\"},\"image\":{\"@id\":\"https:\/\/www.emballagedigest.fr\/#\/schema\/logo\/image\/\"}},{\"@type\":\"Person\",\"@id\":\"https:\/\/www.emballagedigest.fr\/#\/schema\/person\/76abe9f2b2ee4d3d520594c7a35da59f\",\"name\":\"Karine Duval\",\"image\":{\"@type\":\"ImageObject\",\"inLanguage\":\"en-GB\",\"@id\":\"https:\/\/www.emballagedigest.fr\/#\/schema\/person\/image\/\",\"url\":\"https:\/\/secure.gravatar.com\/avatar\/f552799261cdd2e076e6677d780ef07bdb13aa4c196ab75b39abcbcdcae2d4e5?s=96&d=mm&r=g\",\"contentUrl\":\"https:\/\/secure.gravatar.com\/avatar\/f552799261cdd2e076e6677d780ef07bdb13aa4c196ab75b39abcbcdcae2d4e5?s=96&d=mm&r=g\",\"caption\":\"Karine Duval\"},\"url\":\"https:\/\/www.emballagedigest.fr\/en\/author\/admin_karduv\/\"}]}<\/script>\n<!-- \/ Yoast SEO plugin. -->","yoast_head_json":{"title":"Barcodis annonce l\u2019acquisition de Lorge - Emballage Digest","robots":{"index":"index","follow":"follow","max-snippet":"max-snippet:-1","max-image-preview":"max-image-preview:large","max-video-preview":"max-video-preview:-1"},"canonical":"https:\/\/www.emballagedigest.fr\/en\/barcodis-annonce-lacquisition-de-lorge\/","og_locale":"en_GB","og_type":"article","og_title":"Barcodis annonce l\u2019acquisition de Lorge - Emballage Digest","og_description":"Barcodis, sp\u00e9cialiste fran\u00e7ais des solutions d\u2019identification automatique et de tra\u00e7abilit\u00e9, reprend Lorge, entreprise lyonnaise reconnue pour la fabrication d\u2019\u00e9tiquettes adh\u00e9sives imprim\u00e9es. Cette nouvelle acquisition permet \u00e0 Barcodis de renforcer son offre avec un savoir-faire de pointe dans le domaine des \u00e9tiquettes adh\u00e9sives et r\u00e9f\u00e9rentes du \u00ab r\u00e9emploi\/lavable \u00bb, adapt\u00e9es aux exigences de nombreux secteurs d\u2019activit\u00e9s [&hellip;]","og_url":"https:\/\/www.emballagedigest.fr\/en\/barcodis-annonce-lacquisition-de-lorge\/","og_site_name":"Emballage Digest","article_published_time":"2025-09-08T22:10:54+00:00","article_modified_time":"2025-09-10T06:06:26+00:00","og_image":[{"width":798,"height":600,"url":"https:\/\/www.emballagedigest.fr\/wp-content\/uploads\/2025\/09\/LORGE-BARCODIS2.jpg","type":"image\/jpeg"}],"author":"Karine Duval","twitter_card":"summary_large_image","twitter_misc":{"Written by":"Karine Duval","Estimated reading time":"3 minutes"},"schema":{"@context":"https:\/\/schema.org","@graph":[{"@type":"Article","@id":"https:\/\/www.emballagedigest.fr\/barcodis-annonce-lacquisition-de-lorge\/#article","isPartOf":{"@id":"https:\/\/www.emballagedigest.fr\/barcodis-annonce-lacquisition-de-lorge\/"},"author":{"name":"Karine Duval","@id":"https:\/\/www.emballagedigest.fr\/#\/schema\/person\/76abe9f2b2ee4d3d520594c7a35da59f"},"headline":"Barcodis annonce l\u2019acquisition de Lorge","datePublished":"2025-09-08T22:10:54+00:00","dateModified":"2025-09-10T06:06:26+00:00","mainEntityOfPage":{"@id":"https:\/\/www.emballagedigest.fr\/barcodis-annonce-lacquisition-de-lorge\/"},"wordCount":486,"publisher":{"@id":"https:\/\/www.emballagedigest.fr\/#organization"},"image":{"@id":"https:\/\/www.emballagedigest.fr\/barcodis-annonce-lacquisition-de-lorge\/#primaryimage"},"thumbnailUrl":"https:\/\/www.emballagedigest.fr\/wp-content\/uploads\/2025\/09\/LORGE-BARCODIS2.jpg","articleSection":["Article entier","Mat\u00e9riel"],"inLanguage":"en-GB"},{"@type":"WebPage","@id":"https:\/\/www.emballagedigest.fr\/barcodis-annonce-lacquisition-de-lorge\/","url":"https:\/\/www.emballagedigest.fr\/barcodis-annonce-lacquisition-de-lorge\/","name":"Barcodis annonce l\u2019acquisition de Lorge - Emballage Digest","isPartOf":{"@id":"https:\/\/www.emballagedigest.fr\/#website"},"primaryImageOfPage":{"@id":"https:\/\/www.emballagedigest.fr\/barcodis-annonce-lacquisition-de-lorge\/#primaryimage"},"image":{"@id":"https:\/\/www.emballagedigest.fr\/barcodis-annonce-lacquisition-de-lorge\/#primaryimage"},"thumbnailUrl":"https:\/\/www.emballagedigest.fr\/wp-content\/uploads\/2025\/09\/LORGE-BARCODIS2.jpg","datePublished":"2025-09-08T22:10:54+00:00","dateModified":"2025-09-10T06:06:26+00:00","breadcrumb":{"@id":"https:\/\/www.emballagedigest.fr\/barcodis-annonce-lacquisition-de-lorge\/#breadcrumb"},"inLanguage":"en-GB","potentialAction":[{"@type":"ReadAction","target":["https:\/\/www.emballagedigest.fr\/barcodis-annonce-lacquisition-de-lorge\/"]}]},{"@type":"ImageObject","inLanguage":"en-GB","@id":"https:\/\/www.emballagedigest.fr\/barcodis-annonce-lacquisition-de-lorge\/#primaryimage","url":"https:\/\/www.emballagedigest.fr\/wp-content\/uploads\/2025\/09\/LORGE-BARCODIS2.jpg","contentUrl":"https:\/\/www.emballagedigest.fr\/wp-content\/uploads\/2025\/09\/LORGE-BARCODIS2.jpg","width":798,"height":600},{"@type":"BreadcrumbList","@id":"https:\/\/www.emballagedigest.fr\/barcodis-annonce-lacquisition-de-lorge\/#breadcrumb","itemListElement":[{"@type":"ListItem","position":1,"name":"Accueil","item":"https:\/\/www.emballagedigest.fr\/"},{"@type":"ListItem","position":2,"name":"Barcodis annonce l\u2019acquisition de Lorge"}]},{"@type":"WebSite","@id":"https:\/\/www.emballagedigest.fr\/#website","url":"https:\/\/www.emballagedigest.fr\/","name":"Emballage Digest","description":"Revue professionnelle sur les emballages","publisher":{"@id":"https:\/\/www.emballagedigest.fr\/#organization"},"potentialAction":[{"@type":"SearchAction","target":{"@type":"EntryPoint","urlTemplate":"https:\/\/www.emballagedigest.fr\/?s={search_term_string}"},"query-input":{"@type":"PropertyValueSpecification","valueRequired":true,"valueName":"search_term_string"}}],"inLanguage":"en-GB"},{"@type":"Organization","@id":"https:\/\/www.emballagedigest.fr\/#organization","name":"Emballage Digest","url":"https:\/\/www.emballagedigest.fr\/","logo":{"@type":"ImageObject","inLanguage":"en-GB","@id":"https:\/\/www.emballagedigest.fr\/#\/schema\/logo\/image\/","url":"https:\/\/www.emballagedigest.fr\/wp-content\/uploads\/2022\/07\/logo-ed.png","contentUrl":"https:\/\/www.emballagedigest.fr\/wp-content\/uploads\/2022\/07\/logo-ed.png","width":379,"height":75,"caption":"Emballage Digest"},"image":{"@id":"https:\/\/www.emballagedigest.fr\/#\/schema\/logo\/image\/"}},{"@type":"Person","@id":"https:\/\/www.emballagedigest.fr\/#\/schema\/person\/76abe9f2b2ee4d3d520594c7a35da59f","name":"Karine Duval","image":{"@type":"ImageObject","inLanguage":"en-GB","@id":"https:\/\/www.emballagedigest.fr\/#\/schema\/person\/image\/","url":"https:\/\/secure.gravatar.com\/avatar\/f552799261cdd2e076e6677d780ef07bdb13aa4c196ab75b39abcbcdcae2d4e5?s=96&d=mm&r=g","contentUrl":"https:\/\/secure.gravatar.com\/avatar\/f552799261cdd2e076e6677d780ef07bdb13aa4c196ab75b39abcbcdcae2d4e5?s=96&d=mm&r=g","caption":"Karine Duval"},"url":"https:\/\/www.emballagedigest.fr\/en\/author\/admin_karduv\/"}]}},"_links":{"self":[{"href":"https:\/\/www.emballagedigest.fr\/en\/wp-json\/wp\/v2\/posts\/45439","targetHints":{"allow":["GET"]}}],"collection":[{"href":"https:\/\/www.emballagedigest.fr\/en\/wp-json\/wp\/v2\/posts"}],"about":[{"href":"https:\/\/www.emballagedigest.fr\/en\/wp-json\/wp\/v2\/types\/post"}],"author":[{"embeddable":true,"href":"https:\/\/www.emballagedigest.fr\/en\/wp-json\/wp\/v2\/users\/2"}],"replies":[{"embeddable":true,"href":"https:\/\/www.emballagedigest.fr\/en\/wp-json\/wp\/v2\/comments?post=45439"}],"version-history":[{"count":2,"href":"https:\/\/www.emballagedigest.fr\/en\/wp-json\/wp\/v2\/posts\/45439\/revisions"}],"predecessor-version":[{"id":45449,"href":"https:\/\/www.emballagedigest.fr\/en\/wp-json\/wp\/v2\/posts\/45439\/revisions\/45449"}],"wp:featuredmedia":[{"embeddable":true,"href":"https:\/\/www.emballagedigest.fr\/en\/wp-json\/wp\/v2\/media\/45441"}],"wp:attachment":[{"href":"https:\/\/www.emballagedigest.fr\/en\/wp-json\/wp\/v2\/media?parent=45439"}],"wp:term":[{"taxonomy":"category","embeddable":true,"href":"https:\/\/www.emballagedigest.fr\/en\/wp-json\/wp\/v2\/categories?post=45439"},{"taxonomy":"post_tag","embeddable":true,"href":"https:\/\/www.emballagedigest.fr\/en\/wp-json\/wp\/v2\/tags?post=45439"}],"curies":[{"name":"wp","href":"https:\/\/api.w.org\/{rel}","templated":true}]}}