{"id":45450,"date":"2025-09-10T08:07:39","date_gmt":"2025-09-10T06:07:39","guid":{"rendered":"https:\/\/www.emballagedigest.fr\/?p=45450"},"modified":"2025-09-11T00:04:18","modified_gmt":"2025-09-10T22:04:18","slug":"inotec-et-reutec-collaborent-pour-un-emballage-reutilisable-et-tracable","status":"publish","type":"post","link":"https:\/\/www.emballagedigest.fr\/en\/inotec-et-reutec-collaborent-pour-un-emballage-reutilisable-et-tracable\/","title":{"rendered":"inotec et R\u00e9utec collaborent pour un emballage r\u00e9utilisable et tra\u00e7able"},"content":{"rendered":"<p><strong>Dans un secteur logistique en pleine mutation, R\u00e9utec, jeune entreprise innovante sp\u00e9cialis\u00e9e dans les colis r\u00e9utilisables, et inotec, acteur europ\u00e9en reconnu dans le domaine de l\u2019identification durable et de la tra\u00e7abilit\u00e9, sp\u00e9cialis\u00e9 dans la fabrication d\u2019\u00e9tiquettes d\u00e9ploient une solution \u00e0 la fois technique et pratique, pour faire de la logistique circulaire une r\u00e9alit\u00e9 accessible et mesurable.<\/strong><\/p>\n\n\n\n<p>R\u00e9utec a pour ambition de remplacer les emballages jetables par des emballages textiles r\u00e9utilisables, dans une logique de circuit ferm\u00e9. Pour accompagner cette transition, l\u2019enterprise a structur\u00e9 son offre autour de trois piliers. Le conseil, pour aider les entreprises \u00e0 identifier les bons flux logistiques \u00e9ligibles au r\u00e9emploi, calculer les retours sur investissement et structurer les op\u00e9rations. Le produit, avec la conception et la fabrication d\u2019emballages r\u00e9utilisables adapt\u00e9s aux contraintes des clients. Et les services, incluant la gestion des retours, le nettoyage, la r\u00e9paration et le suivi logistique.<\/p>\n\n\n\n<p>inotec, sp\u00e9cialiste de l\u2019\u00e9tiquetage industriel, a \u00e9t\u00e9 choisi pour d\u00e9velopper une \u00e9tiquette adh\u00e9sive souple, r\u00e9sistante, multisurface, capable d\u2019\u00eatre appliqu\u00e9e sur tissu, polypropyl\u00e8ne, mati\u00e8re non-tiss\u00e9e ou mat\u00e9riaux composites. Les \u00e9tiquettes sont imprim\u00e9es en s\u00e9rie, de cinq \u00e0 dix mille exemplaires, puis appos\u00e9es une \u00e0 une sur les emballages. L\u2019\u00e9tiquette fournie par inotec remplit trois fonctions cl\u00e9s dans le dispositif con\u00e7u par R\u00e9utec.<\/p>\n\n\n\n<figure class=\"wp-block-image size-full\"><img loading=\"lazy\" decoding=\"async\" width=\"800\" height=\"350\" src=\"https:\/\/www.emballagedigest.fr\/wp-content\/uploads\/2025\/09\/Inotec2.jpg\" alt=\"\" class=\"wp-image-45452\" srcset=\"https:\/\/www.emballagedigest.fr\/wp-content\/uploads\/2025\/09\/Inotec2.jpg 800w, https:\/\/www.emballagedigest.fr\/wp-content\/uploads\/2025\/09\/Inotec2-300x131.jpg 300w, https:\/\/www.emballagedigest.fr\/wp-content\/uploads\/2025\/09\/Inotec2-768x336.jpg 768w, https:\/\/www.emballagedigest.fr\/wp-content\/uploads\/2025\/09\/Inotec2-18x8.jpg 18w\" sizes=\"auto, (max-width: 800px) 100vw, 800px\" \/><\/figure>\n\n\n\n<p>D\u2019abord, elle permet une identification unitaire. Chaque emballage est unique, porteur d\u2019un num\u00e9ro de s\u00e9rie gr\u00e2ce \u00e0 son Qr code. Ce suivi permet de conna\u00eetre son emplacement, sa dur\u00e9e de rotation, son nombre de cycles et le type de flux auquel il est associ\u00e9, que ce soit en e-commerce, en logistique intersites ou en r\u00e9assort magasin.<\/p>\n\n\n\n<p>Elle permet ensuite la tra\u00e7abilit\u00e9 logistique. Les donn\u00e9es collect\u00e9es via les QR codes alimentent un logiciel d\u00e9velopp\u00e9 par R\u00e9utec. L\u2019entreprise et ses clients peuvent ainsi piloter leur flotte, anticiper les besoins, analyser les performances et am\u00e9liorer le taux de retour.<\/p>\n\n\n\n<p>Enfin, l\u2019\u00e9tiquette ouvre un aspect p\u00e9dagogique. En scannant le QR code, le destinataire acc\u00e8de \u00e0 une page web ou une interface d\u00e9di\u00e9e contenant les informations que la marque souhaite transmettre : engagement environnemental, consignes de retour, message personnalis\u00e9 ou contenu marketing. Cette interface est modifiable \u00e0 distance, ce qui permet \u00e0 l\u2019entreprise de personnaliser son message \u00e0 tout moment.<\/p>\n\n\n\n<p>\u00c0 ce jour, plus de 15 000 pochettes et box r\u00e9employables circulent d\u00e9j\u00e0 dans le syst\u00e8me R\u00e9utec et 30 000 nouveaux emballages sont d\u00e9j\u00e0 en commande. Avec des projections de durabilit\u00e9 au-del\u00e0 des 100 cycles d\u2019utilisation selon les supports et leur usage, l\u2019\u00e9tiquette inotec est con\u00e7ue pour accompagner ces rythmes d\u2019exploitation sans se d\u00e9t\u00e9riorer. Le syst\u00e8me fonctionne en boucle ferm\u00e9e. Les emballages sont livr\u00e9s \u00e0 chaque client, qui les utilise pour ses exp\u00e9ditions. Une fois r\u00e9ceptionn\u00e9s, les emballages sont repli\u00e9s et retourn\u00e9s \u00e0 R\u00e9utec via La Poste, gr\u00e2ce \u00e0 un contrat national. Une fois r\u00e9cup\u00e9r\u00e9s, ils sont nettoy\u00e9s, r\u00e9par\u00e9s si besoin, reconditionn\u00e9s et remis dans le circuit.<\/p>\n\n\n\n<p>D\u2019autres modes de retour sont en cours de structuration, notamment via les points relais, les consignes de proximit\u00e9, les retours en boutique ou la collecte mutualis\u00e9e dans les entreprises.<\/p>\n\n\n\n<p>\u00ab&nbsp;Ce partenariat avec inotec d\u00e9passe la simple fourniture de consommables. Il s\u2019inscrit dans une logique RSE, d\u2019accompagnement technique, d\u2019\u00e9coute terrain et d\u2019adaptation continue. L\u2019\u00e9tiquette est au c\u0153ur du dispositif. Elle relie l\u2019objet physique \u00e0 son cycle de vie, \u00e0 ses donn\u00e9es et \u00e0 son potentiel de r\u00e9emploi \u00bb, confie Baptiste P\u00e9ru, Co-fondateur et Directeur de R\u00e9utec. \u00ab&nbsp;En structurant une solution d\u2019\u00e9tiquetage robuste, compatible avec tous les types de mat\u00e9riaux, inotec permet \u00e0 R\u00e9utec de garantir la tra\u00e7abilit\u00e9 de ses pochettes et colis r\u00e9utilisables, tout en simplifiant la gestion quotidienne de ses clients&nbsp;\u00bb, ajoute Serge Lanot, Directeur Commercial France chez inotec.<\/p>","protected":false},"excerpt":{"rendered":"<p>Dans un secteur logistique en pleine mutation, R\u00e9utec, jeune entreprise innovante sp\u00e9cialis\u00e9e dans les colis r\u00e9utilisables, et inotec, acteur europ\u00e9en reconnu dans le domaine de l\u2019identification durable et de la tra\u00e7abilit\u00e9, sp\u00e9cialis\u00e9 dans la fabrication d\u2019\u00e9tiquettes d\u00e9ploient une solution \u00e0 la fois technique et pratique, pour faire de la logistique circulaire une r\u00e9alit\u00e9 accessible et [&hellip;]<\/p>","protected":false},"author":2,"featured_media":45451,"comment_status":"closed","ping_status":"closed","sticky":false,"template":"","format":"standard","meta":{"_acf_changed":false,"inline_featured_image":false,"iawp_total_views":2,"footnotes":""},"categories":[28,11,8],"tags":[],"class_list":["post-45450","post","type-post","status-publish","format-standard","has-post-thumbnail","hentry","category-article-entier","category-emballages","category-industrie"],"acf":[],"yoast_head":"<!-- This site is optimized with the Yoast SEO plugin v24.4 - https:\/\/yoast.com\/wordpress\/plugins\/seo\/ -->\n<title>inotec et R\u00e9utec collaborent pour un emballage r\u00e9utilisable et tra\u00e7able - Emballage Digest<\/title>\n<meta name=\"robots\" content=\"index, follow, max-snippet:-1, max-image-preview:large, max-video-preview:-1\" \/>\n<link rel=\"canonical\" href=\"https:\/\/www.emballagedigest.fr\/en\/inotec-et-reutec-collaborent-pour-un-emballage-reutilisable-et-tracable\/\" \/>\n<meta property=\"og:locale\" content=\"en_GB\" \/>\n<meta property=\"og:type\" content=\"article\" \/>\n<meta property=\"og:title\" content=\"inotec et R\u00e9utec collaborent pour un emballage r\u00e9utilisable et tra\u00e7able - Emballage Digest\" \/>\n<meta property=\"og:description\" content=\"Dans un secteur logistique en pleine mutation, R\u00e9utec, jeune entreprise innovante sp\u00e9cialis\u00e9e dans les colis r\u00e9utilisables, et inotec, acteur europ\u00e9en reconnu dans le domaine de l\u2019identification durable et de la tra\u00e7abilit\u00e9, sp\u00e9cialis\u00e9 dans la fabrication d\u2019\u00e9tiquettes d\u00e9ploient une solution \u00e0 la fois technique et pratique, pour faire de la logistique circulaire une r\u00e9alit\u00e9 accessible et [&hellip;]\" \/>\n<meta property=\"og:url\" content=\"https:\/\/www.emballagedigest.fr\/en\/inotec-et-reutec-collaborent-pour-un-emballage-reutilisable-et-tracable\/\" \/>\n<meta property=\"og:site_name\" content=\"Emballage Digest\" \/>\n<meta property=\"article:published_time\" content=\"2025-09-10T06:07:39+00:00\" \/>\n<meta property=\"article:modified_time\" content=\"2025-09-10T22:04:18+00:00\" \/>\n<meta property=\"og:image\" content=\"https:\/\/www.emballagedigest.fr\/wp-content\/uploads\/2025\/09\/Inotec1.jpg\" \/>\n\t<meta property=\"og:image:width\" content=\"800\" \/>\n\t<meta property=\"og:image:height\" content=\"540\" \/>\n\t<meta property=\"og:image:type\" content=\"image\/jpeg\" \/>\n<meta name=\"author\" content=\"Karine Duval\" \/>\n<meta name=\"twitter:card\" content=\"summary_large_image\" \/>\n<meta name=\"twitter:label1\" content=\"Written by\" \/>\n\t<meta name=\"twitter:data1\" content=\"Karine Duval\" \/>\n\t<meta name=\"twitter:label2\" content=\"Estimated reading time\" \/>\n\t<meta name=\"twitter:data2\" content=\"4 minutes\" \/>\n<script type=\"application\/ld+json\" class=\"yoast-schema-graph\">{\"@context\":\"https:\/\/schema.org\",\"@graph\":[{\"@type\":\"Article\",\"@id\":\"https:\/\/www.emballagedigest.fr\/inotec-et-reutec-collaborent-pour-un-emballage-reutilisable-et-tracable\/#article\",\"isPartOf\":{\"@id\":\"https:\/\/www.emballagedigest.fr\/inotec-et-reutec-collaborent-pour-un-emballage-reutilisable-et-tracable\/\"},\"author\":{\"name\":\"Karine Duval\",\"@id\":\"https:\/\/www.emballagedigest.fr\/#\/schema\/person\/76abe9f2b2ee4d3d520594c7a35da59f\"},\"headline\":\"inotec et R\u00e9utec collaborent pour un emballage r\u00e9utilisable et tra\u00e7able\",\"datePublished\":\"2025-09-10T06:07:39+00:00\",\"dateModified\":\"2025-09-10T22:04:18+00:00\",\"mainEntityOfPage\":{\"@id\":\"https:\/\/www.emballagedigest.fr\/inotec-et-reutec-collaborent-pour-un-emballage-reutilisable-et-tracable\/\"},\"wordCount\":694,\"publisher\":{\"@id\":\"https:\/\/www.emballagedigest.fr\/#organization\"},\"image\":{\"@id\":\"https:\/\/www.emballagedigest.fr\/inotec-et-reutec-collaborent-pour-un-emballage-reutilisable-et-tracable\/#primaryimage\"},\"thumbnailUrl\":\"https:\/\/www.emballagedigest.fr\/wp-content\/uploads\/2025\/09\/Inotec1.jpg\",\"articleSection\":[\"Article entier\",\"Emballages\",\"Industrie\"],\"inLanguage\":\"en-GB\"},{\"@type\":\"WebPage\",\"@id\":\"https:\/\/www.emballagedigest.fr\/inotec-et-reutec-collaborent-pour-un-emballage-reutilisable-et-tracable\/\",\"url\":\"https:\/\/www.emballagedigest.fr\/inotec-et-reutec-collaborent-pour-un-emballage-reutilisable-et-tracable\/\",\"name\":\"inotec et R\u00e9utec collaborent pour un emballage r\u00e9utilisable et tra\u00e7able - Emballage Digest\",\"isPartOf\":{\"@id\":\"https:\/\/www.emballagedigest.fr\/#website\"},\"primaryImageOfPage\":{\"@id\":\"https:\/\/www.emballagedigest.fr\/inotec-et-reutec-collaborent-pour-un-emballage-reutilisable-et-tracable\/#primaryimage\"},\"image\":{\"@id\":\"https:\/\/www.emballagedigest.fr\/inotec-et-reutec-collaborent-pour-un-emballage-reutilisable-et-tracable\/#primaryimage\"},\"thumbnailUrl\":\"https:\/\/www.emballagedigest.fr\/wp-content\/uploads\/2025\/09\/Inotec1.jpg\",\"datePublished\":\"2025-09-10T06:07:39+00:00\",\"dateModified\":\"2025-09-10T22:04:18+00:00\",\"breadcrumb\":{\"@id\":\"https:\/\/www.emballagedigest.fr\/inotec-et-reutec-collaborent-pour-un-emballage-reutilisable-et-tracable\/#breadcrumb\"},\"inLanguage\":\"en-GB\",\"potentialAction\":[{\"@type\":\"ReadAction\",\"target\":[\"https:\/\/www.emballagedigest.fr\/inotec-et-reutec-collaborent-pour-un-emballage-reutilisable-et-tracable\/\"]}]},{\"@type\":\"ImageObject\",\"inLanguage\":\"en-GB\",\"@id\":\"https:\/\/www.emballagedigest.fr\/inotec-et-reutec-collaborent-pour-un-emballage-reutilisable-et-tracable\/#primaryimage\",\"url\":\"https:\/\/www.emballagedigest.fr\/wp-content\/uploads\/2025\/09\/Inotec1.jpg\",\"contentUrl\":\"https:\/\/www.emballagedigest.fr\/wp-content\/uploads\/2025\/09\/Inotec1.jpg\",\"width\":800,\"height\":540},{\"@type\":\"BreadcrumbList\",\"@id\":\"https:\/\/www.emballagedigest.fr\/inotec-et-reutec-collaborent-pour-un-emballage-reutilisable-et-tracable\/#breadcrumb\",\"itemListElement\":[{\"@type\":\"ListItem\",\"position\":1,\"name\":\"Accueil\",\"item\":\"https:\/\/www.emballagedigest.fr\/\"},{\"@type\":\"ListItem\",\"position\":2,\"name\":\"inotec et R\u00e9utec collaborent pour un emballage r\u00e9utilisable et tra\u00e7able\"}]},{\"@type\":\"WebSite\",\"@id\":\"https:\/\/www.emballagedigest.fr\/#website\",\"url\":\"https:\/\/www.emballagedigest.fr\/\",\"name\":\"Emballage Digest\",\"description\":\"Revue professionnelle sur les emballages\",\"publisher\":{\"@id\":\"https:\/\/www.emballagedigest.fr\/#organization\"},\"potentialAction\":[{\"@type\":\"SearchAction\",\"target\":{\"@type\":\"EntryPoint\",\"urlTemplate\":\"https:\/\/www.emballagedigest.fr\/?s={search_term_string}\"},\"query-input\":{\"@type\":\"PropertyValueSpecification\",\"valueRequired\":true,\"valueName\":\"search_term_string\"}}],\"inLanguage\":\"en-GB\"},{\"@type\":\"Organization\",\"@id\":\"https:\/\/www.emballagedigest.fr\/#organization\",\"name\":\"Emballage Digest\",\"url\":\"https:\/\/www.emballagedigest.fr\/\",\"logo\":{\"@type\":\"ImageObject\",\"inLanguage\":\"en-GB\",\"@id\":\"https:\/\/www.emballagedigest.fr\/#\/schema\/logo\/image\/\",\"url\":\"https:\/\/www.emballagedigest.fr\/wp-content\/uploads\/2022\/07\/logo-ed.png\",\"contentUrl\":\"https:\/\/www.emballagedigest.fr\/wp-content\/uploads\/2022\/07\/logo-ed.png\",\"width\":379,\"height\":75,\"caption\":\"Emballage Digest\"},\"image\":{\"@id\":\"https:\/\/www.emballagedigest.fr\/#\/schema\/logo\/image\/\"}},{\"@type\":\"Person\",\"@id\":\"https:\/\/www.emballagedigest.fr\/#\/schema\/person\/76abe9f2b2ee4d3d520594c7a35da59f\",\"name\":\"Karine Duval\",\"image\":{\"@type\":\"ImageObject\",\"inLanguage\":\"en-GB\",\"@id\":\"https:\/\/www.emballagedigest.fr\/#\/schema\/person\/image\/\",\"url\":\"https:\/\/secure.gravatar.com\/avatar\/f552799261cdd2e076e6677d780ef07bdb13aa4c196ab75b39abcbcdcae2d4e5?s=96&d=mm&r=g\",\"contentUrl\":\"https:\/\/secure.gravatar.com\/avatar\/f552799261cdd2e076e6677d780ef07bdb13aa4c196ab75b39abcbcdcae2d4e5?s=96&d=mm&r=g\",\"caption\":\"Karine Duval\"},\"url\":\"https:\/\/www.emballagedigest.fr\/en\/author\/admin_karduv\/\"}]}<\/script>\n<!-- \/ Yoast SEO plugin. -->","yoast_head_json":{"title":"inotec et R\u00e9utec collaborent pour un emballage r\u00e9utilisable et tra\u00e7able - Emballage Digest","robots":{"index":"index","follow":"follow","max-snippet":"max-snippet:-1","max-image-preview":"max-image-preview:large","max-video-preview":"max-video-preview:-1"},"canonical":"https:\/\/www.emballagedigest.fr\/en\/inotec-et-reutec-collaborent-pour-un-emballage-reutilisable-et-tracable\/","og_locale":"en_GB","og_type":"article","og_title":"inotec et R\u00e9utec collaborent pour un emballage r\u00e9utilisable et tra\u00e7able - Emballage Digest","og_description":"Dans un secteur logistique en pleine mutation, R\u00e9utec, jeune entreprise innovante sp\u00e9cialis\u00e9e dans les colis r\u00e9utilisables, et inotec, acteur europ\u00e9en reconnu dans le domaine de l\u2019identification durable et de la tra\u00e7abilit\u00e9, sp\u00e9cialis\u00e9 dans la fabrication d\u2019\u00e9tiquettes d\u00e9ploient une solution \u00e0 la fois technique et pratique, pour faire de la logistique circulaire une r\u00e9alit\u00e9 accessible et [&hellip;]","og_url":"https:\/\/www.emballagedigest.fr\/en\/inotec-et-reutec-collaborent-pour-un-emballage-reutilisable-et-tracable\/","og_site_name":"Emballage Digest","article_published_time":"2025-09-10T06:07:39+00:00","article_modified_time":"2025-09-10T22:04:18+00:00","og_image":[{"width":800,"height":540,"url":"https:\/\/www.emballagedigest.fr\/wp-content\/uploads\/2025\/09\/Inotec1.jpg","type":"image\/jpeg"}],"author":"Karine Duval","twitter_card":"summary_large_image","twitter_misc":{"Written by":"Karine Duval","Estimated reading time":"4 minutes"},"schema":{"@context":"https:\/\/schema.org","@graph":[{"@type":"Article","@id":"https:\/\/www.emballagedigest.fr\/inotec-et-reutec-collaborent-pour-un-emballage-reutilisable-et-tracable\/#article","isPartOf":{"@id":"https:\/\/www.emballagedigest.fr\/inotec-et-reutec-collaborent-pour-un-emballage-reutilisable-et-tracable\/"},"author":{"name":"Karine Duval","@id":"https:\/\/www.emballagedigest.fr\/#\/schema\/person\/76abe9f2b2ee4d3d520594c7a35da59f"},"headline":"inotec et R\u00e9utec collaborent pour un emballage r\u00e9utilisable et tra\u00e7able","datePublished":"2025-09-10T06:07:39+00:00","dateModified":"2025-09-10T22:04:18+00:00","mainEntityOfPage":{"@id":"https:\/\/www.emballagedigest.fr\/inotec-et-reutec-collaborent-pour-un-emballage-reutilisable-et-tracable\/"},"wordCount":694,"publisher":{"@id":"https:\/\/www.emballagedigest.fr\/#organization"},"image":{"@id":"https:\/\/www.emballagedigest.fr\/inotec-et-reutec-collaborent-pour-un-emballage-reutilisable-et-tracable\/#primaryimage"},"thumbnailUrl":"https:\/\/www.emballagedigest.fr\/wp-content\/uploads\/2025\/09\/Inotec1.jpg","articleSection":["Article entier","Emballages","Industrie"],"inLanguage":"en-GB"},{"@type":"WebPage","@id":"https:\/\/www.emballagedigest.fr\/inotec-et-reutec-collaborent-pour-un-emballage-reutilisable-et-tracable\/","url":"https:\/\/www.emballagedigest.fr\/inotec-et-reutec-collaborent-pour-un-emballage-reutilisable-et-tracable\/","name":"inotec et R\u00e9utec collaborent pour un emballage r\u00e9utilisable et tra\u00e7able - Emballage Digest","isPartOf":{"@id":"https:\/\/www.emballagedigest.fr\/#website"},"primaryImageOfPage":{"@id":"https:\/\/www.emballagedigest.fr\/inotec-et-reutec-collaborent-pour-un-emballage-reutilisable-et-tracable\/#primaryimage"},"image":{"@id":"https:\/\/www.emballagedigest.fr\/inotec-et-reutec-collaborent-pour-un-emballage-reutilisable-et-tracable\/#primaryimage"},"thumbnailUrl":"https:\/\/www.emballagedigest.fr\/wp-content\/uploads\/2025\/09\/Inotec1.jpg","datePublished":"2025-09-10T06:07:39+00:00","dateModified":"2025-09-10T22:04:18+00:00","breadcrumb":{"@id":"https:\/\/www.emballagedigest.fr\/inotec-et-reutec-collaborent-pour-un-emballage-reutilisable-et-tracable\/#breadcrumb"},"inLanguage":"en-GB","potentialAction":[{"@type":"ReadAction","target":["https:\/\/www.emballagedigest.fr\/inotec-et-reutec-collaborent-pour-un-emballage-reutilisable-et-tracable\/"]}]},{"@type":"ImageObject","inLanguage":"en-GB","@id":"https:\/\/www.emballagedigest.fr\/inotec-et-reutec-collaborent-pour-un-emballage-reutilisable-et-tracable\/#primaryimage","url":"https:\/\/www.emballagedigest.fr\/wp-content\/uploads\/2025\/09\/Inotec1.jpg","contentUrl":"https:\/\/www.emballagedigest.fr\/wp-content\/uploads\/2025\/09\/Inotec1.jpg","width":800,"height":540},{"@type":"BreadcrumbList","@id":"https:\/\/www.emballagedigest.fr\/inotec-et-reutec-collaborent-pour-un-emballage-reutilisable-et-tracable\/#breadcrumb","itemListElement":[{"@type":"ListItem","position":1,"name":"Accueil","item":"https:\/\/www.emballagedigest.fr\/"},{"@type":"ListItem","position":2,"name":"inotec et R\u00e9utec collaborent pour un emballage r\u00e9utilisable et tra\u00e7able"}]},{"@type":"WebSite","@id":"https:\/\/www.emballagedigest.fr\/#website","url":"https:\/\/www.emballagedigest.fr\/","name":"Emballage Digest","description":"Revue professionnelle sur les emballages","publisher":{"@id":"https:\/\/www.emballagedigest.fr\/#organization"},"potentialAction":[{"@type":"SearchAction","target":{"@type":"EntryPoint","urlTemplate":"https:\/\/www.emballagedigest.fr\/?s={search_term_string}"},"query-input":{"@type":"PropertyValueSpecification","valueRequired":true,"valueName":"search_term_string"}}],"inLanguage":"en-GB"},{"@type":"Organization","@id":"https:\/\/www.emballagedigest.fr\/#organization","name":"Emballage Digest","url":"https:\/\/www.emballagedigest.fr\/","logo":{"@type":"ImageObject","inLanguage":"en-GB","@id":"https:\/\/www.emballagedigest.fr\/#\/schema\/logo\/image\/","url":"https:\/\/www.emballagedigest.fr\/wp-content\/uploads\/2022\/07\/logo-ed.png","contentUrl":"https:\/\/www.emballagedigest.fr\/wp-content\/uploads\/2022\/07\/logo-ed.png","width":379,"height":75,"caption":"Emballage Digest"},"image":{"@id":"https:\/\/www.emballagedigest.fr\/#\/schema\/logo\/image\/"}},{"@type":"Person","@id":"https:\/\/www.emballagedigest.fr\/#\/schema\/person\/76abe9f2b2ee4d3d520594c7a35da59f","name":"Karine Duval","image":{"@type":"ImageObject","inLanguage":"en-GB","@id":"https:\/\/www.emballagedigest.fr\/#\/schema\/person\/image\/","url":"https:\/\/secure.gravatar.com\/avatar\/f552799261cdd2e076e6677d780ef07bdb13aa4c196ab75b39abcbcdcae2d4e5?s=96&d=mm&r=g","contentUrl":"https:\/\/secure.gravatar.com\/avatar\/f552799261cdd2e076e6677d780ef07bdb13aa4c196ab75b39abcbcdcae2d4e5?s=96&d=mm&r=g","caption":"Karine Duval"},"url":"https:\/\/www.emballagedigest.fr\/en\/author\/admin_karduv\/"}]}},"_links":{"self":[{"href":"https:\/\/www.emballagedigest.fr\/en\/wp-json\/wp\/v2\/posts\/45450","targetHints":{"allow":["GET"]}}],"collection":[{"href":"https:\/\/www.emballagedigest.fr\/en\/wp-json\/wp\/v2\/posts"}],"about":[{"href":"https:\/\/www.emballagedigest.fr\/en\/wp-json\/wp\/v2\/types\/post"}],"author":[{"embeddable":true,"href":"https:\/\/www.emballagedigest.fr\/en\/wp-json\/wp\/v2\/users\/2"}],"replies":[{"embeddable":true,"href":"https:\/\/www.emballagedigest.fr\/en\/wp-json\/wp\/v2\/comments?post=45450"}],"version-history":[{"count":1,"href":"https:\/\/www.emballagedigest.fr\/en\/wp-json\/wp\/v2\/posts\/45450\/revisions"}],"predecessor-version":[{"id":45453,"href":"https:\/\/www.emballagedigest.fr\/en\/wp-json\/wp\/v2\/posts\/45450\/revisions\/45453"}],"wp:featuredmedia":[{"embeddable":true,"href":"https:\/\/www.emballagedigest.fr\/en\/wp-json\/wp\/v2\/media\/45451"}],"wp:attachment":[{"href":"https:\/\/www.emballagedigest.fr\/en\/wp-json\/wp\/v2\/media?parent=45450"}],"wp:term":[{"taxonomy":"category","embeddable":true,"href":"https:\/\/www.emballagedigest.fr\/en\/wp-json\/wp\/v2\/categories?post=45450"},{"taxonomy":"post_tag","embeddable":true,"href":"https:\/\/www.emballagedigest.fr\/en\/wp-json\/wp\/v2\/tags?post=45450"}],"curies":[{"name":"wp","href":"https:\/\/api.w.org\/{rel}","templated":true}]}}